{"id":24622,"date":"2024-09-25T16:41:06","date_gmt":"2024-09-25T20:41:06","guid":{"rendered":"https:\/\/cenal.gob.ve\/?p=24622"},"modified":"2024-09-25T21:24:03","modified_gmt":"2024-09-26T01:24:03","slug":"coleccion-insurgencias-historicas-y-afroepistemologias-cimarronas-reivindica-luchas-historicas-de-afrodecendendientes","status":"publish","type":"post","link":"https:\/\/cenal.gob.ve\/?p=24622","title":{"rendered":"Colecci\u00f3n &#8220;Insurgencias hist\u00f3ricas y afroepistemolog\u00edas cimarronas&#8221; reivindica luchas de   afrodescendientes"},"content":{"rendered":"\n<p>El perro y la rana present\u00f3 en la 15.\u00aa Feria del Libro de Caracas la colecci\u00f3n Insurgencias hist\u00f3ricas y afroepistemolog\u00edas cimarronas, un conjunto de obras que buscan reivindicar las luchas hist\u00f3ricas y el pensamiento afrodescendiente.<\/p>\n\n\n\n<p>La colecci\u00f3n se present\u00f3 en el evento literario, instalado en la Galer\u00eda de Arte Nacional (GAN), con la participaci\u00f3n del viceministro de Fomento para la Econom\u00eda Cultural y presidente del Centro Nacional del Libro (Cenal) y de El perro y la rana, Ra\u00fal Cazal; acompa\u00f1ado por el director Ejecutivo de esta editorial, Elis Labrador, y la escritora, investigadora de la cultura afrovenezolana y diputada de la Asamblea Nacional Casimira Monasterios.<\/p>\n\n\n\n<p>Durante la actividad, el viceministro Cazal destac\u00f3 la importancia de esta colecci\u00f3n en la reconstrucci\u00f3n de una memoria hist\u00f3rica que ha sido invisibilizada durante siglos. <\/p>\n\n\n\n<figure class=\"wp-block-image size-large\"><img width=\"1024\" height=\"683\" src=\"https:\/\/cenal.gob.ve\/wp-content\/uploads\/2024\/09\/IMG_20240925_210753_030-1024x683.jpg\" alt=\"\" class=\"wp-image-24636\" srcset=\"https:\/\/cenal.gob.ve\/wp-content\/uploads\/2024\/09\/IMG_20240925_210753_030-1024x683.jpg 1024w, https:\/\/cenal.gob.ve\/wp-content\/uploads\/2024\/09\/IMG_20240925_210753_030-300x200.jpg 300w, https:\/\/cenal.gob.ve\/wp-content\/uploads\/2024\/09\/IMG_20240925_210753_030-768x512.jpg 768w, https:\/\/cenal.gob.ve\/wp-content\/uploads\/2024\/09\/IMG_20240925_210753_030-640x427.jpg 640w, https:\/\/cenal.gob.ve\/wp-content\/uploads\/2024\/09\/IMG_20240925_210753_030.jpg 1134w\" sizes=\"(max-width: 1024px) 100vw, 1024px\" \/><\/figure>\n\n\n\n<p>Subray\u00f3 el compromiso de El perro y la rana, adscrita al Ministerio del Poder Popular para la Cultura, con la difusi\u00f3n de textos en los movimientos afrodescendientes y su influencia en la construcci\u00f3n de nuestra identidad.<\/p>\n\n\n\n<p>Por su parte, Monasterios, quien es oriunda de Curiepe, localidad fundada por negros cimarrones, destac\u00f3 c\u00f3mo estas obras no solo rescatan la historia desde una perspectiva afrodescendiente, sino que tambi\u00e9n proponen nuevas maneras de entender la realidad a trav\u00e9s de lo que denomin\u00f3 afroepistemolog\u00edas cimarronas.  <\/p>\n\n\n\n<figure class=\"wp-block-image size-large\"><img width=\"1024\" height=\"683\" src=\"https:\/\/cenal.gob.ve\/wp-content\/uploads\/2024\/09\/IMG_20240925_211018_891-1024x683.jpg\" alt=\"\" class=\"wp-image-24635\" srcset=\"https:\/\/cenal.gob.ve\/wp-content\/uploads\/2024\/09\/IMG_20240925_211018_891-1024x683.jpg 1024w, https:\/\/cenal.gob.ve\/wp-content\/uploads\/2024\/09\/IMG_20240925_211018_891-300x200.jpg 300w, https:\/\/cenal.gob.ve\/wp-content\/uploads\/2024\/09\/IMG_20240925_211018_891-768x512.jpg 768w, https:\/\/cenal.gob.ve\/wp-content\/uploads\/2024\/09\/IMG_20240925_211018_891-640x427.jpg 640w, https:\/\/cenal.gob.ve\/wp-content\/uploads\/2024\/09\/IMG_20240925_211018_891.jpg 1134w\" sizes=\"(max-width: 1024px) 100vw, 1024px\" \/><\/figure>\n\n\n\n<p>Elis Labrador resalt\u00f3 que Insurgencias hist\u00f3ricas y afroepistemolog\u00edas cimarronas ofrece una perspectiva cr\u00edtica y profunda sobre la resistencia y la cultura de los pueblos afrodescendientes.<\/p>\n\n\n\n<p>La colecci\u00f3n incluye Pa\u00eds mantuano. Ensayos de filosof\u00eda del cimarronaje en clave de historia insurgente, de Lilia Ana M\u00e1rquez Ugueto; \u00c1frica y afrodescendientes en las Am\u00e9ricas y el Caribe, de Jes\u00fas &#8220;Chucho&#8221; Garc\u00eda; tambi\u00e9n de este autor est\u00e1 Cimarronaje, afroepistemolog\u00eda y soberan\u00eda intelectual.<\/p>\n\n\n\n<figure class=\"wp-block-image size-large\"><img width=\"1024\" height=\"683\" src=\"http:\/\/cenal.gob.ve\/wp-content\/uploads\/2024\/09\/IMG_20240925_210806_068-1-1024x683.jpg\" alt=\"\" class=\"wp-image-24639\" srcset=\"https:\/\/cenal.gob.ve\/wp-content\/uploads\/2024\/09\/IMG_20240925_210806_068-1-1024x683.jpg 1024w, https:\/\/cenal.gob.ve\/wp-content\/uploads\/2024\/09\/IMG_20240925_210806_068-1-300x200.jpg 300w, https:\/\/cenal.gob.ve\/wp-content\/uploads\/2024\/09\/IMG_20240925_210806_068-1-768x512.jpg 768w, https:\/\/cenal.gob.ve\/wp-content\/uploads\/2024\/09\/IMG_20240925_210806_068-1-640x427.jpg 640w, https:\/\/cenal.gob.ve\/wp-content\/uploads\/2024\/09\/IMG_20240925_210806_068-1.jpg 1134w\" sizes=\"(max-width: 1024px) 100vw, 1024px\" \/><\/figure>\n\n\n\n<p>Asimismo la integran los t\u00edtulos Cumbre, cumbe, cumbo, de Flor Alba Cabrera; La parter\u00eda afro, de Dionys Cecilia Rivas Armas e Ismenia de Lourdes Mercer\u00f3n; Barlovento de donde viene el viento, con textos de Luis Perdomo, Ibelice Nieves, Sixto Hern\u00e1ndez, Elsy Ch\u00e1vez, Aid\u00e9 Duarte, Ana Salazar y otros, compilados por Jes\u00fas &#8220;Chucho&#8221; Garc\u00eda y Luis Perdomo.<\/p>\n\n\n\n<p>Igualmente forma parte de la colecci\u00f3n Afrodescendientes festejando entre dioses y esp\u00edritus, con textos de Bety Mendoza, C\u00e9sar Escalona, Karina Estra\u00f1o, Gladys Quiroga, Gladys Olbemej\u00edas y otros, compilados por Di\u00f3genes D\u00edaz.<\/p>\n\n\n\n<p>Estos t\u00edtulos y muchos m\u00e1s pueden hallarse en el estand de Librer\u00edas del Sur.<\/p>\n\n\n\n<figure class=\"wp-block-image size-full\"><img width=\"1000\" height=\"750\" src=\"https:\/\/cenal.gob.ve\/wp-content\/uploads\/2024\/09\/IMG-20240925-WA0025.jpg\" alt=\"\" class=\"wp-image-24624\" srcset=\"https:\/\/cenal.gob.ve\/wp-content\/uploads\/2024\/09\/IMG-20240925-WA0025.jpg 1000w, https:\/\/cenal.gob.ve\/wp-content\/uploads\/2024\/09\/IMG-20240925-WA0025-300x225.jpg 300w, https:\/\/cenal.gob.ve\/wp-content\/uploads\/2024\/09\/IMG-20240925-WA0025-768x576.jpg 768w, https:\/\/cenal.gob.ve\/wp-content\/uploads\/2024\/09\/IMG-20240925-WA0025-640x480.jpg 640w\" sizes=\"(max-width: 1000px) 100vw, 1000px\" \/><\/figure>\n\n\n\n<p><\/p>\n","protected":false},"excerpt":{"rendered":"<p>El perro y la rana present\u00f3 en la 15.\u00aa Feria del Libro de Caracas la colecci\u00f3n Insurgencias hist\u00f3ricas y afroepistemolog\u00edas cimarronas, un conjunto de obras que buscan reivindicar las luchas [&hellip;]<\/p>\n","protected":false},"author":10,"featured_media":24637,"comment_status":"open","ping_status":"closed","sticky":false,"template":"","format":"standard","meta":{"spay_email":"","jetpack_publicize_message":"","jetpack_is_tweetstorm":false,"jetpack_publicize_feature_enabled":true},"categories":[2],"tags":[81,9],"yoast_head":"<!-- This site is optimized with the Yoast SEO plugin v19.8 - https:\/\/yoast.com\/wordpress\/plugins\/seo\/ -->\n<title>Colecci\u00f3n &quot;Insurgencias hist\u00f3ricas y afroepistemolog\u00edas cimarronas&quot; reivindica luchas de  afrodescendientes<\/title>\n<meta name=\"robots\" content=\"index, follow, max-snippet:-1, max-image-preview:large, max-video-preview:-1\" \/>\n<link rel=\"canonical\" href=\"https:\/\/cenal.gob.ve\/?p=24622\" \/>\n<meta property=\"og:locale\" content=\"es_ES\" \/>\n<meta property=\"og:type\" content=\"article\" \/>\n<meta property=\"og:title\" content=\"Colecci\u00f3n &quot;Insurgencias hist\u00f3ricas y afroepistemolog\u00edas cimarronas&quot; reivindica luchas de  afrodescendientes\" \/>\n<meta property=\"og:description\" content=\"El perro y la rana present\u00f3 en la 15.\u00aa Feria del Libro de Caracas la colecci\u00f3n Insurgencias hist\u00f3ricas y afroepistemolog\u00edas cimarronas, un conjunto de obras que buscan reivindicar las luchas [&hellip;]\" \/>\n<meta property=\"og:url\" content=\"https:\/\/cenal.gob.ve\/?p=24622\" \/>\n<meta property=\"og:site_name\" content=\"Cenal\" \/>\n<meta property=\"article:published_time\" content=\"2024-09-25T20:41:06+00:00\" \/>\n<meta property=\"article:modified_time\" content=\"2024-09-26T01:24:03+00:00\" \/>\n<meta property=\"og:image\" content=\"http:\/\/cenal.gob.ve\/wp-content\/uploads\/2024\/09\/IMG_20240925_210747_617.jpg\" \/>\n\t<meta property=\"og:image:width\" content=\"1134\" \/>\n\t<meta property=\"og:image:height\" content=\"756\" \/>\n\t<meta property=\"og:image:type\" content=\"image\/jpeg\" \/>\n<meta name=\"author\" content=\"Prensa Cenal\" \/>\n<meta name=\"twitter:card\" content=\"summary_large_image\" \/>\n<meta name=\"twitter:label1\" content=\"Written by\" \/>\n\t<meta name=\"twitter:data1\" content=\"Prensa Cenal\" \/>\n\t<meta name=\"twitter:label2\" content=\"Est. reading time\" \/>\n\t<meta name=\"twitter:data2\" content=\"3 minutos\" \/>\n<script type=\"application\/ld+json\" class=\"yoast-schema-graph\">{\"@context\":\"https:\/\/schema.org\",\"@graph\":[{\"@type\":\"Article\",\"@id\":\"https:\/\/cenal.gob.ve\/?p=24622#article\",\"isPartOf\":{\"@id\":\"https:\/\/cenal.gob.ve\/?p=24622\"},\"author\":{\"name\":\"Prensa Cenal\",\"@id\":\"https:\/\/cenal.gob.ve\/#\/schema\/person\/e3ed34623f400ffab8bc7a63b2f5533f\"},\"headline\":\"Colecci\u00f3n &#8220;Insurgencias hist\u00f3ricas y afroepistemolog\u00edas cimarronas&#8221; reivindica luchas de afrodescendientes\",\"datePublished\":\"2024-09-25T20:41:06+00:00\",\"dateModified\":\"2024-09-26T01:24:03+00:00\",\"mainEntityOfPage\":{\"@id\":\"https:\/\/cenal.gob.ve\/?p=24622\"},\"wordCount\":441,\"commentCount\":1,\"publisher\":{\"@id\":\"https:\/\/cenal.gob.ve\/#organization\"},\"keywords\":[\"Libros\",\"Noticias\"],\"articleSection\":[\"Cenal\"],\"inLanguage\":\"es\",\"potentialAction\":[{\"@type\":\"CommentAction\",\"name\":\"Comment\",\"target\":[\"https:\/\/cenal.gob.ve\/?p=24622#respond\"]}]},{\"@type\":\"WebPage\",\"@id\":\"https:\/\/cenal.gob.ve\/?p=24622\",\"url\":\"https:\/\/cenal.gob.ve\/?p=24622\",\"name\":\"Colecci\u00f3n \\\"Insurgencias hist\u00f3ricas y afroepistemolog\u00edas cimarronas\\\" reivindica luchas de afrodescendientes\",\"isPartOf\":{\"@id\":\"https:\/\/cenal.gob.ve\/#website\"},\"datePublished\":\"2024-09-25T20:41:06+00:00\",\"dateModified\":\"2024-09-26T01:24:03+00:00\",\"breadcrumb\":{\"@id\":\"https:\/\/cenal.gob.ve\/?p=24622#breadcrumb\"},\"inLanguage\":\"es\",\"potentialAction\":[{\"@type\":\"ReadAction\",\"target\":[\"https:\/\/cenal.gob.ve\/?p=24622\"]}]},{\"@type\":\"BreadcrumbList\",\"@id\":\"https:\/\/cenal.gob.ve\/?p=24622#breadcrumb\",\"itemListElement\":[{\"@type\":\"ListItem\",\"position\":1,\"name\":\"Home\",\"item\":\"https:\/\/cenal.gob.ve\/\"},{\"@type\":\"ListItem\",\"position\":2,\"name\":\"Colecci\u00f3n &#8220;Insurgencias hist\u00f3ricas y afroepistemolog\u00edas cimarronas&#8221; reivindica luchas de afrodescendientes\"}]},{\"@type\":\"WebSite\",\"@id\":\"https:\/\/cenal.gob.ve\/#website\",\"url\":\"https:\/\/cenal.gob.ve\/\",\"name\":\"Cenal\",\"description\":\"\",\"publisher\":{\"@id\":\"https:\/\/cenal.gob.ve\/#organization\"},\"potentialAction\":[{\"@type\":\"SearchAction\",\"target\":{\"@type\":\"EntryPoint\",\"urlTemplate\":\"https:\/\/cenal.gob.ve\/?s={search_term_string}\"},\"query-input\":\"required name=search_term_string\"}],\"inLanguage\":\"es\"},{\"@type\":\"Organization\",\"@id\":\"https:\/\/cenal.gob.ve\/#organization\",\"name\":\"CENAL\",\"url\":\"https:\/\/cenal.gob.ve\/\",\"sameAs\":[],\"logo\":{\"@type\":\"ImageObject\",\"inLanguage\":\"es\",\"@id\":\"https:\/\/cenal.gob.ve\/#\/schema\/logo\/image\/\",\"url\":\"https:\/\/i0.wp.com\/cenal.gob.ve\/wp-content\/uploads\/2022\/10\/cropped-images.jpg?fit=512%2C512\",\"contentUrl\":\"https:\/\/i0.wp.com\/cenal.gob.ve\/wp-content\/uploads\/2022\/10\/cropped-images.jpg?fit=512%2C512\",\"width\":512,\"height\":512,\"caption\":\"CENAL\"},\"image\":{\"@id\":\"https:\/\/cenal.gob.ve\/#\/schema\/logo\/image\/\"}},{\"@type\":\"Person\",\"@id\":\"https:\/\/cenal.gob.ve\/#\/schema\/person\/e3ed34623f400ffab8bc7a63b2f5533f\",\"name\":\"Prensa Cenal\",\"image\":{\"@type\":\"ImageObject\",\"inLanguage\":\"es\",\"@id\":\"https:\/\/cenal.gob.ve\/#\/schema\/person\/image\/\",\"url\":\"https:\/\/secure.gravatar.com\/avatar\/594b4ed34090910c619ac3679001d491?s=96&d=mm&r=g\",\"contentUrl\":\"https:\/\/secure.gravatar.com\/avatar\/594b4ed34090910c619ac3679001d491?s=96&d=mm&r=g\",\"caption\":\"Prensa Cenal\"},\"url\":\"https:\/\/cenal.gob.ve\/?author=10\"}]}<\/script>\n<!-- \/ Yoast SEO plugin. -->","yoast_head_json":{"title":"Colecci\u00f3n \"Insurgencias hist\u00f3ricas y afroepistemolog\u00edas cimarronas\" reivindica luchas de  afrodescendientes","robots":{"index":"index","follow":"follow","max-snippet":"max-snippet:-1","max-image-preview":"max-image-preview:large","max-video-preview":"max-video-preview:-1"},"canonical":"https:\/\/cenal.gob.ve\/?p=24622","og_locale":"es_ES","og_type":"article","og_title":"Colecci\u00f3n \"Insurgencias hist\u00f3ricas y afroepistemolog\u00edas cimarronas\" reivindica luchas de  afrodescendientes","og_description":"El perro y la rana present\u00f3 en la 15.\u00aa Feria del Libro de Caracas la colecci\u00f3n Insurgencias hist\u00f3ricas y afroepistemolog\u00edas cimarronas, un conjunto de obras que buscan reivindicar las luchas [&hellip;]","og_url":"https:\/\/cenal.gob.ve\/?p=24622","og_site_name":"Cenal","article_published_time":"2024-09-25T20:41:06+00:00","article_modified_time":"2024-09-26T01:24:03+00:00","og_image":[{"width":1134,"height":756,"url":"http:\/\/cenal.gob.ve\/wp-content\/uploads\/2024\/09\/IMG_20240925_210747_617.jpg","type":"image\/jpeg"}],"author":"Prensa Cenal","twitter_card":"summary_large_image","twitter_misc":{"Written by":"Prensa Cenal","Est. reading time":"3 minutos"},"schema":{"@context":"https:\/\/schema.org","@graph":[{"@type":"Article","@id":"https:\/\/cenal.gob.ve\/?p=24622#article","isPartOf":{"@id":"https:\/\/cenal.gob.ve\/?p=24622"},"author":{"name":"Prensa Cenal","@id":"https:\/\/cenal.gob.ve\/#\/schema\/person\/e3ed34623f400ffab8bc7a63b2f5533f"},"headline":"Colecci\u00f3n &#8220;Insurgencias hist\u00f3ricas y afroepistemolog\u00edas cimarronas&#8221; reivindica luchas de afrodescendientes","datePublished":"2024-09-25T20:41:06+00:00","dateModified":"2024-09-26T01:24:03+00:00","mainEntityOfPage":{"@id":"https:\/\/cenal.gob.ve\/?p=24622"},"wordCount":441,"commentCount":1,"publisher":{"@id":"https:\/\/cenal.gob.ve\/#organization"},"keywords":["Libros","Noticias"],"articleSection":["Cenal"],"inLanguage":"es","potentialAction":[{"@type":"CommentAction","name":"Comment","target":["https:\/\/cenal.gob.ve\/?p=24622#respond"]}]},{"@type":"WebPage","@id":"https:\/\/cenal.gob.ve\/?p=24622","url":"https:\/\/cenal.gob.ve\/?p=24622","name":"Colecci\u00f3n \"Insurgencias hist\u00f3ricas y afroepistemolog\u00edas cimarronas\" reivindica luchas de afrodescendientes","isPartOf":{"@id":"https:\/\/cenal.gob.ve\/#website"},"datePublished":"2024-09-25T20:41:06+00:00","dateModified":"2024-09-26T01:24:03+00:00","breadcrumb":{"@id":"https:\/\/cenal.gob.ve\/?p=24622#breadcrumb"},"inLanguage":"es","potentialAction":[{"@type":"ReadAction","target":["https:\/\/cenal.gob.ve\/?p=24622"]}]},{"@type":"BreadcrumbList","@id":"https:\/\/cenal.gob.ve\/?p=24622#breadcrumb","itemListElement":[{"@type":"ListItem","position":1,"name":"Home","item":"https:\/\/cenal.gob.ve\/"},{"@type":"ListItem","position":2,"name":"Colecci\u00f3n &#8220;Insurgencias hist\u00f3ricas y afroepistemolog\u00edas cimarronas&#8221; reivindica luchas de afrodescendientes"}]},{"@type":"WebSite","@id":"https:\/\/cenal.gob.ve\/#website","url":"https:\/\/cenal.gob.ve\/","name":"Cenal","description":"","publisher":{"@id":"https:\/\/cenal.gob.ve\/#organization"},"potentialAction":[{"@type":"SearchAction","target":{"@type":"EntryPoint","urlTemplate":"https:\/\/cenal.gob.ve\/?s={search_term_string}"},"query-input":"required name=search_term_string"}],"inLanguage":"es"},{"@type":"Organization","@id":"https:\/\/cenal.gob.ve\/#organization","name":"CENAL","url":"https:\/\/cenal.gob.ve\/","sameAs":[],"logo":{"@type":"ImageObject","inLanguage":"es","@id":"https:\/\/cenal.gob.ve\/#\/schema\/logo\/image\/","url":"https:\/\/i0.wp.com\/cenal.gob.ve\/wp-content\/uploads\/2022\/10\/cropped-images.jpg?fit=512%2C512","contentUrl":"https:\/\/i0.wp.com\/cenal.gob.ve\/wp-content\/uploads\/2022\/10\/cropped-images.jpg?fit=512%2C512","width":512,"height":512,"caption":"CENAL"},"image":{"@id":"https:\/\/cenal.gob.ve\/#\/schema\/logo\/image\/"}},{"@type":"Person","@id":"https:\/\/cenal.gob.ve\/#\/schema\/person\/e3ed34623f400ffab8bc7a63b2f5533f","name":"Prensa Cenal","image":{"@type":"ImageObject","inLanguage":"es","@id":"https:\/\/cenal.gob.ve\/#\/schema\/person\/image\/","url":"https:\/\/secure.gravatar.com\/avatar\/594b4ed34090910c619ac3679001d491?s=96&d=mm&r=g","contentUrl":"https:\/\/secure.gravatar.com\/avatar\/594b4ed34090910c619ac3679001d491?s=96&d=mm&r=g","caption":"Prensa Cenal"},"url":"https:\/\/cenal.gob.ve\/?author=10"}]}},"jetpack_featured_media_url":"https:\/\/cenal.gob.ve\/wp-content\/uploads\/2024\/09\/IMG_20240925_210747_617.jpg","jetpack_publicize_connections":[],"jetpack_shortlink":"https:\/\/wp.me\/p5FMhp-6p8","_links":{"self":[{"href":"https:\/\/cenal.gob.ve\/index.php?rest_route=\/wp\/v2\/posts\/24622"}],"collection":[{"href":"https:\/\/cenal.gob.ve\/index.php?rest_route=\/wp\/v2\/posts"}],"about":[{"href":"https:\/\/cenal.gob.ve\/index.php?rest_route=\/wp\/v2\/types\/post"}],"author":[{"embeddable":true,"href":"https:\/\/cenal.gob.ve\/index.php?rest_route=\/wp\/v2\/users\/10"}],"replies":[{"embeddable":true,"href":"https:\/\/cenal.gob.ve\/index.php?rest_route=%2Fwp%2Fv2%2Fcomments&post=24622"}],"version-history":[{"count":9,"href":"https:\/\/cenal.gob.ve\/index.php?rest_route=\/wp\/v2\/posts\/24622\/revisions"}],"predecessor-version":[{"id":24641,"href":"https:\/\/cenal.gob.ve\/index.php?rest_route=\/wp\/v2\/posts\/24622\/revisions\/24641"}],"wp:featuredmedia":[{"embeddable":true,"href":"https:\/\/cenal.gob.ve\/index.php?rest_route=\/wp\/v2\/media\/24637"}],"wp:attachment":[{"href":"https:\/\/cenal.gob.ve\/index.php?rest_route=%2Fwp%2Fv2%2Fmedia&parent=24622"}],"wp:term":[{"taxonomy":"category","embeddable":true,"href":"https:\/\/cenal.gob.ve\/index.php?rest_route=%2Fwp%2Fv2%2Fcategories&post=24622"},{"taxonomy":"post_tag","embeddable":true,"href":"https:\/\/cenal.gob.ve\/index.php?rest_route=%2Fwp%2Fv2%2Ftags&post=24622"}],"curies":[{"name":"wp","href":"https:\/\/api.w.org\/{rel}","templated":true}]}}