{"id":24667,"date":"2024-09-27T19:24:53","date_gmt":"2024-09-27T23:24:53","guid":{"rendered":"https:\/\/cenal.gob.ve\/?p=24667"},"modified":"2024-09-27T19:30:42","modified_gmt":"2024-09-27T23:30:42","slug":"luis-lira-ochoa-presento-su-primera-novela-pluma-negra-en-la-15-a-feria-del-libro-de-caracas","status":"publish","type":"post","link":"https:\/\/cenal.gob.ve\/?p=24667","title":{"rendered":"Luis Lira Ochoa present\u00f3 su primera novela Pluma Negra en la 15.\u00aa Feria del Libro de Caracas"},"content":{"rendered":"\n<p>El escritor Luis Lira Ochoa present\u00f3 su primera novela titulada Pluma Negra, publicada por la Editorial Fundaci\u00f3n Koey\u00fa Latinoamericano, durante la 15.\u00aa Feria del Libro de Caracas, que tiene lugar en la Galer\u00eda de Arte Nacional.<\/p>\n\n\n\n<p>Ochoa estuvo acompa\u00f1ado por el viceministro de Fomento para la Econom\u00eda Cultural y presidente del Centro Nacional del Libro (Cenal), Ra\u00fal Cazal, y el profesor de Letras y productor editorial Carlos Ortiz.<\/p>\n\n\n\n<p>El autor, quien es m\u00e9dico psiquiatra, explic\u00f3 que en Pluma Negra aborda las complejidades de la subjetividad humana a trav\u00e9s del estereotipo de la masculinidad hegem\u00f3nica rural.<\/p>\n\n\n\n<p>La novela revela el sufrimiento y la violencia inherentes a este rol, as\u00ed como las barreras psicosociales que dificultan el encuentro con la feminidad.<\/p>\n\n\n\n<p>Inicialmente concebido como un tercer poemario tras La isla que fuiste y Trazos l\u00edmbicos, el enfoque de Pluma Negra cambi\u00f3 durante una reuni\u00f3n familiar, coment\u00f3 Luis Lira Ochoa.<\/p>\n\n\n\n<figure class=\"wp-block-image size-large\"><img width=\"1024\" height=\"683\" src=\"https:\/\/cenal.gob.ve\/wp-content\/uploads\/2024\/09\/IMG_20240927_192151_922-1024x683.jpg\" alt=\"\" class=\"wp-image-24669\" srcset=\"https:\/\/cenal.gob.ve\/wp-content\/uploads\/2024\/09\/IMG_20240927_192151_922-1024x683.jpg 1024w, https:\/\/cenal.gob.ve\/wp-content\/uploads\/2024\/09\/IMG_20240927_192151_922-300x200.jpg 300w, https:\/\/cenal.gob.ve\/wp-content\/uploads\/2024\/09\/IMG_20240927_192151_922-768x512.jpg 768w, https:\/\/cenal.gob.ve\/wp-content\/uploads\/2024\/09\/IMG_20240927_192151_922-640x427.jpg 640w, https:\/\/cenal.gob.ve\/wp-content\/uploads\/2024\/09\/IMG_20240927_192151_922.jpg 1134w\" sizes=\"(max-width: 1024px) 100vw, 1024px\" \/><\/figure>\n\n\n\n<p>Las preguntas de los j\u00f3venes sobre las experiencias de sus abuelos evocaron recuerdos ancestrales que ahora se entrelazan en su narrativa.<\/p>\n\n\n\n<p>El viceministro Ra\u00fal Cazal agreg\u00f3 que Pluma Negra es una memoria que a veces est\u00e1 dormida, ya que todos han vivido algo similar.<\/p>\n\n\n\n<p>&#8220;Se cuentan los sue\u00f1os como si fueran experiencias vividas. Esa riqueza en el lenguaje, en los sue\u00f1os y memorias, es lo que hace que esta obra sea realmente vital. Por ello, se da la bienvenida a Luis en este g\u00e9nero llamado narrativa&#8221;, dijo Cazal.<\/p>\n\n\n\n<figure class=\"wp-block-image size-large\"><img width=\"1024\" height=\"683\" src=\"https:\/\/cenal.gob.ve\/wp-content\/uploads\/2024\/09\/IMG_20240927_192222_569-1024x683.jpg\" alt=\"\" class=\"wp-image-24670\" srcset=\"https:\/\/cenal.gob.ve\/wp-content\/uploads\/2024\/09\/IMG_20240927_192222_569-1024x683.jpg 1024w, https:\/\/cenal.gob.ve\/wp-content\/uploads\/2024\/09\/IMG_20240927_192222_569-300x200.jpg 300w, https:\/\/cenal.gob.ve\/wp-content\/uploads\/2024\/09\/IMG_20240927_192222_569-768x512.jpg 768w, https:\/\/cenal.gob.ve\/wp-content\/uploads\/2024\/09\/IMG_20240927_192222_569-640x427.jpg 640w, https:\/\/cenal.gob.ve\/wp-content\/uploads\/2024\/09\/IMG_20240927_192222_569.jpg 1134w\" sizes=\"(max-width: 1024px) 100vw, 1024px\" \/><\/figure>\n\n\n\n<p>Resalt\u00f3 que cuando finalmente ley\u00f3 el libro, le sorprendi\u00f3 desde el inicio. Las frases iniciales marcaban la narrativa y ofrec\u00edan un impulso desde el principio. A veces, pod\u00edan confundir, pero eran solo esas primeras l\u00edneas las que daban una pista.<\/p>\n\n\n\n<p>Cazal, tambi\u00e9n escritor y editor, confes\u00f3 que mientras le\u00eda el manuscrito se preguntaba c\u00f3mo era posible que en el siglo XXI se regresara a cuestiones tan profundas, y al terminar de leer, se dio cuenta de que tocaba un tema de una \u00e9poca, un momento y unas acciones que todos llevamos en el imaginario, aunque a veces no las veamos en las acciones.<\/p>\n\n\n\n<p>&#8220;Todos tenemos una opini\u00f3n sobre lo que se vive en ciertos pa\u00edses, especialmente aquellos con petr\u00f3leo, pero contar eso a trav\u00e9s de acciones y personajes es otra cosa. Ah\u00ed radica la fuerza de este libro, que nos coloca en un lugar, en lector, y eso se refleja en su manera de escribir&#8221;, sostuvo Cazal.<\/p>\n\n\n\n<p>Carlos Ortiz agreg\u00f3 que en Pluma Negra, aunque tal vez no parezca a simple vista, hay bastante de lo que se encuentra en los libros de poes\u00eda.<\/p>\n\n\n\n<p>&#8220;Creo que es importante reconocer esto, y no solo vale la pena leer este libro, sino tambi\u00e9n explorar los poemarios&#8221;.<\/p>\n\n\n\n<p>&#8220;Cuando le\u00ed Pluma Negra, me di cuenta de la potencia narrativa que hay en la isla que se describe. Se concreta y se desarrolla de una manera tan viva, atravesando situaciones muy din\u00e1micas e indirectas, y en algunos casos, incluso emocionantes. Me encontr\u00e9 con la capacidad de darle forma a un personaje y, al mismo tiempo, conectar a esos personajes con la tierra&#8221;, destac\u00f3 Ortiz.<\/p>\n\n\n\n<figure class=\"wp-block-image size-large\"><img width=\"1024\" height=\"683\" src=\"https:\/\/cenal.gob.ve\/wp-content\/uploads\/2024\/09\/IMG_20240927_192232_552-1024x683.jpg\" alt=\"\" class=\"wp-image-24671\" srcset=\"https:\/\/cenal.gob.ve\/wp-content\/uploads\/2024\/09\/IMG_20240927_192232_552-1024x683.jpg 1024w, https:\/\/cenal.gob.ve\/wp-content\/uploads\/2024\/09\/IMG_20240927_192232_552-300x200.jpg 300w, https:\/\/cenal.gob.ve\/wp-content\/uploads\/2024\/09\/IMG_20240927_192232_552-768x512.jpg 768w, https:\/\/cenal.gob.ve\/wp-content\/uploads\/2024\/09\/IMG_20240927_192232_552-640x427.jpg 640w, https:\/\/cenal.gob.ve\/wp-content\/uploads\/2024\/09\/IMG_20240927_192232_552.jpg 1134w\" sizes=\"(max-width: 1024px) 100vw, 1024px\" \/><\/figure>\n\n\n\n<p>Adicion\u00f3 que &#8220;en el relato hay mucho m\u00e1s peso, tambi\u00e9n es interesante c\u00f3mo ese pueblo est\u00e1 tan arraigado en su entorno. La tierra tiene una fuerza especial, especialmente el agua del r\u00edo, que pone a todos en peligro&#8221;.<\/p>\n\n\n\n<p>Ortiz puso atenci\u00f3n sobre los recursos simb\u00f3licos que est\u00e1n presentes, como el choque entre agua y tierra, &#8220;que sabemos que tiene mucha simbolog\u00eda.&#8221;<\/p>\n\n\n\n<p>&#8220;Esto me hace reflexionar sobre la primera sentencia del libro: el narrador dice que el protagonista vio un gallo y supo que con \u00e9l ganar\u00eda todas las peleas. Ah\u00ed se presentan confrontaciones que lo llevan a cuestionarse c\u00f3mo vivir o c\u00f3mo salir de la circunstancia en la que se encuentra&#8221;, indic\u00f3 Ortiz.<\/p>\n","protected":false},"excerpt":{"rendered":"<p>El escritor Luis Lira Ochoa present\u00f3 su primera novela titulada Pluma Negra, publicada por la Editorial Fundaci\u00f3n Koey\u00fa Latinoamericano, durante la 15.\u00aa Feria del Libro de Caracas, que tiene lugar [&hellip;]<\/p>\n","protected":false},"author":10,"featured_media":24668,"comment_status":"open","ping_status":"closed","sticky":false,"template":"","format":"standard","meta":{"spay_email":"","jetpack_publicize_message":"","jetpack_is_tweetstorm":false,"jetpack_publicize_feature_enabled":true},"categories":[2],"tags":[],"yoast_head":"<!-- This site is optimized with the Yoast SEO plugin v19.8 - https:\/\/yoast.com\/wordpress\/plugins\/seo\/ -->\n<title>Luis Lira Ochoa present\u00f3 su primera novela Pluma Negra en la 15.\u00aa Feria del Libro de Caracas<\/title>\n<meta name=\"robots\" content=\"index, follow, max-snippet:-1, max-image-preview:large, max-video-preview:-1\" \/>\n<link rel=\"canonical\" href=\"https:\/\/cenal.gob.ve\/?p=24667\" \/>\n<meta property=\"og:locale\" content=\"es_ES\" \/>\n<meta property=\"og:type\" content=\"article\" \/>\n<meta property=\"og:title\" content=\"Luis Lira Ochoa present\u00f3 su primera novela Pluma Negra en la 15.\u00aa Feria del Libro de Caracas\" \/>\n<meta property=\"og:description\" content=\"El escritor Luis Lira Ochoa present\u00f3 su primera novela titulada Pluma Negra, publicada por la Editorial Fundaci\u00f3n Koey\u00fa Latinoamericano, durante la 15.\u00aa Feria del Libro de Caracas, que tiene lugar [&hellip;]\" \/>\n<meta property=\"og:url\" content=\"https:\/\/cenal.gob.ve\/?p=24667\" \/>\n<meta property=\"og:site_name\" content=\"Cenal\" \/>\n<meta property=\"article:published_time\" content=\"2024-09-27T23:24:53+00:00\" \/>\n<meta property=\"article:modified_time\" content=\"2024-09-27T23:30:42+00:00\" \/>\n<meta property=\"og:image\" content=\"http:\/\/cenal.gob.ve\/wp-content\/uploads\/2024\/09\/IMG-20240927-WA0008.jpg\" \/>\n\t<meta property=\"og:image:width\" content=\"1080\" \/>\n\t<meta property=\"og:image:height\" content=\"720\" \/>\n\t<meta property=\"og:image:type\" content=\"image\/jpeg\" \/>\n<meta name=\"author\" content=\"Prensa Cenal\" \/>\n<meta name=\"twitter:card\" content=\"summary_large_image\" \/>\n<meta name=\"twitter:label1\" content=\"Written by\" \/>\n\t<meta name=\"twitter:data1\" content=\"Prensa Cenal\" \/>\n\t<meta name=\"twitter:label2\" content=\"Est. reading time\" \/>\n\t<meta name=\"twitter:data2\" content=\"4 minutos\" \/>\n<script type=\"application\/ld+json\" class=\"yoast-schema-graph\">{\"@context\":\"https:\/\/schema.org\",\"@graph\":[{\"@type\":\"Article\",\"@id\":\"https:\/\/cenal.gob.ve\/?p=24667#article\",\"isPartOf\":{\"@id\":\"https:\/\/cenal.gob.ve\/?p=24667\"},\"author\":{\"name\":\"Prensa Cenal\",\"@id\":\"https:\/\/cenal.gob.ve\/#\/schema\/person\/e3ed34623f400ffab8bc7a63b2f5533f\"},\"headline\":\"Luis Lira Ochoa present\u00f3 su primera novela Pluma Negra en la 15.\u00aa Feria del Libro de Caracas\",\"datePublished\":\"2024-09-27T23:24:53+00:00\",\"dateModified\":\"2024-09-27T23:30:42+00:00\",\"mainEntityOfPage\":{\"@id\":\"https:\/\/cenal.gob.ve\/?p=24667\"},\"wordCount\":671,\"commentCount\":0,\"publisher\":{\"@id\":\"https:\/\/cenal.gob.ve\/#organization\"},\"articleSection\":[\"Cenal\"],\"inLanguage\":\"es\",\"potentialAction\":[{\"@type\":\"CommentAction\",\"name\":\"Comment\",\"target\":[\"https:\/\/cenal.gob.ve\/?p=24667#respond\"]}]},{\"@type\":\"WebPage\",\"@id\":\"https:\/\/cenal.gob.ve\/?p=24667\",\"url\":\"https:\/\/cenal.gob.ve\/?p=24667\",\"name\":\"Luis Lira Ochoa present\u00f3 su primera novela Pluma Negra en la 15.\u00aa Feria del Libro de Caracas\",\"isPartOf\":{\"@id\":\"https:\/\/cenal.gob.ve\/#website\"},\"datePublished\":\"2024-09-27T23:24:53+00:00\",\"dateModified\":\"2024-09-27T23:30:42+00:00\",\"breadcrumb\":{\"@id\":\"https:\/\/cenal.gob.ve\/?p=24667#breadcrumb\"},\"inLanguage\":\"es\",\"potentialAction\":[{\"@type\":\"ReadAction\",\"target\":[\"https:\/\/cenal.gob.ve\/?p=24667\"]}]},{\"@type\":\"BreadcrumbList\",\"@id\":\"https:\/\/cenal.gob.ve\/?p=24667#breadcrumb\",\"itemListElement\":[{\"@type\":\"ListItem\",\"position\":1,\"name\":\"Home\",\"item\":\"https:\/\/cenal.gob.ve\/\"},{\"@type\":\"ListItem\",\"position\":2,\"name\":\"Luis Lira Ochoa present\u00f3 su primera novela Pluma Negra en la 15.\u00aa Feria del Libro de Caracas\"}]},{\"@type\":\"WebSite\",\"@id\":\"https:\/\/cenal.gob.ve\/#website\",\"url\":\"https:\/\/cenal.gob.ve\/\",\"name\":\"Cenal\",\"description\":\"\",\"publisher\":{\"@id\":\"https:\/\/cenal.gob.ve\/#organization\"},\"potentialAction\":[{\"@type\":\"SearchAction\",\"target\":{\"@type\":\"EntryPoint\",\"urlTemplate\":\"https:\/\/cenal.gob.ve\/?s={search_term_string}\"},\"query-input\":\"required name=search_term_string\"}],\"inLanguage\":\"es\"},{\"@type\":\"Organization\",\"@id\":\"https:\/\/cenal.gob.ve\/#organization\",\"name\":\"CENAL\",\"url\":\"https:\/\/cenal.gob.ve\/\",\"sameAs\":[],\"logo\":{\"@type\":\"ImageObject\",\"inLanguage\":\"es\",\"@id\":\"https:\/\/cenal.gob.ve\/#\/schema\/logo\/image\/\",\"url\":\"https:\/\/i0.wp.com\/cenal.gob.ve\/wp-content\/uploads\/2022\/10\/cropped-images.jpg?fit=512%2C512\",\"contentUrl\":\"https:\/\/i0.wp.com\/cenal.gob.ve\/wp-content\/uploads\/2022\/10\/cropped-images.jpg?fit=512%2C512\",\"width\":512,\"height\":512,\"caption\":\"CENAL\"},\"image\":{\"@id\":\"https:\/\/cenal.gob.ve\/#\/schema\/logo\/image\/\"}},{\"@type\":\"Person\",\"@id\":\"https:\/\/cenal.gob.ve\/#\/schema\/person\/e3ed34623f400ffab8bc7a63b2f5533f\",\"name\":\"Prensa Cenal\",\"image\":{\"@type\":\"ImageObject\",\"inLanguage\":\"es\",\"@id\":\"https:\/\/cenal.gob.ve\/#\/schema\/person\/image\/\",\"url\":\"https:\/\/secure.gravatar.com\/avatar\/594b4ed34090910c619ac3679001d491?s=96&d=mm&r=g\",\"contentUrl\":\"https:\/\/secure.gravatar.com\/avatar\/594b4ed34090910c619ac3679001d491?s=96&d=mm&r=g\",\"caption\":\"Prensa Cenal\"},\"url\":\"https:\/\/cenal.gob.ve\/?author=10\"}]}<\/script>\n<!-- \/ Yoast SEO plugin. -->","yoast_head_json":{"title":"Luis Lira Ochoa present\u00f3 su primera novela Pluma Negra en la 15.\u00aa Feria del Libro de Caracas","robots":{"index":"index","follow":"follow","max-snippet":"max-snippet:-1","max-image-preview":"max-image-preview:large","max-video-preview":"max-video-preview:-1"},"canonical":"https:\/\/cenal.gob.ve\/?p=24667","og_locale":"es_ES","og_type":"article","og_title":"Luis Lira Ochoa present\u00f3 su primera novela Pluma Negra en la 15.\u00aa Feria del Libro de Caracas","og_description":"El escritor Luis Lira Ochoa present\u00f3 su primera novela titulada Pluma Negra, publicada por la Editorial Fundaci\u00f3n Koey\u00fa Latinoamericano, durante la 15.\u00aa Feria del Libro de Caracas, que tiene lugar [&hellip;]","og_url":"https:\/\/cenal.gob.ve\/?p=24667","og_site_name":"Cenal","article_published_time":"2024-09-27T23:24:53+00:00","article_modified_time":"2024-09-27T23:30:42+00:00","og_image":[{"width":1080,"height":720,"url":"http:\/\/cenal.gob.ve\/wp-content\/uploads\/2024\/09\/IMG-20240927-WA0008.jpg","type":"image\/jpeg"}],"author":"Prensa Cenal","twitter_card":"summary_large_image","twitter_misc":{"Written by":"Prensa Cenal","Est. reading time":"4 minutos"},"schema":{"@context":"https:\/\/schema.org","@graph":[{"@type":"Article","@id":"https:\/\/cenal.gob.ve\/?p=24667#article","isPartOf":{"@id":"https:\/\/cenal.gob.ve\/?p=24667"},"author":{"name":"Prensa Cenal","@id":"https:\/\/cenal.gob.ve\/#\/schema\/person\/e3ed34623f400ffab8bc7a63b2f5533f"},"headline":"Luis Lira Ochoa present\u00f3 su primera novela Pluma Negra en la 15.\u00aa Feria del Libro de Caracas","datePublished":"2024-09-27T23:24:53+00:00","dateModified":"2024-09-27T23:30:42+00:00","mainEntityOfPage":{"@id":"https:\/\/cenal.gob.ve\/?p=24667"},"wordCount":671,"commentCount":0,"publisher":{"@id":"https:\/\/cenal.gob.ve\/#organization"},"articleSection":["Cenal"],"inLanguage":"es","potentialAction":[{"@type":"CommentAction","name":"Comment","target":["https:\/\/cenal.gob.ve\/?p=24667#respond"]}]},{"@type":"WebPage","@id":"https:\/\/cenal.gob.ve\/?p=24667","url":"https:\/\/cenal.gob.ve\/?p=24667","name":"Luis Lira Ochoa present\u00f3 su primera novela Pluma Negra en la 15.\u00aa Feria del Libro de Caracas","isPartOf":{"@id":"https:\/\/cenal.gob.ve\/#website"},"datePublished":"2024-09-27T23:24:53+00:00","dateModified":"2024-09-27T23:30:42+00:00","breadcrumb":{"@id":"https:\/\/cenal.gob.ve\/?p=24667#breadcrumb"},"inLanguage":"es","potentialAction":[{"@type":"ReadAction","target":["https:\/\/cenal.gob.ve\/?p=24667"]}]},{"@type":"BreadcrumbList","@id":"https:\/\/cenal.gob.ve\/?p=24667#breadcrumb","itemListElement":[{"@type":"ListItem","position":1,"name":"Home","item":"https:\/\/cenal.gob.ve\/"},{"@type":"ListItem","position":2,"name":"Luis Lira Ochoa present\u00f3 su primera novela Pluma Negra en la 15.\u00aa Feria del Libro de Caracas"}]},{"@type":"WebSite","@id":"https:\/\/cenal.gob.ve\/#website","url":"https:\/\/cenal.gob.ve\/","name":"Cenal","description":"","publisher":{"@id":"https:\/\/cenal.gob.ve\/#organization"},"potentialAction":[{"@type":"SearchAction","target":{"@type":"EntryPoint","urlTemplate":"https:\/\/cenal.gob.ve\/?s={search_term_string}"},"query-input":"required name=search_term_string"}],"inLanguage":"es"},{"@type":"Organization","@id":"https:\/\/cenal.gob.ve\/#organization","name":"CENAL","url":"https:\/\/cenal.gob.ve\/","sameAs":[],"logo":{"@type":"ImageObject","inLanguage":"es","@id":"https:\/\/cenal.gob.ve\/#\/schema\/logo\/image\/","url":"https:\/\/i0.wp.com\/cenal.gob.ve\/wp-content\/uploads\/2022\/10\/cropped-images.jpg?fit=512%2C512","contentUrl":"https:\/\/i0.wp.com\/cenal.gob.ve\/wp-content\/uploads\/2022\/10\/cropped-images.jpg?fit=512%2C512","width":512,"height":512,"caption":"CENAL"},"image":{"@id":"https:\/\/cenal.gob.ve\/#\/schema\/logo\/image\/"}},{"@type":"Person","@id":"https:\/\/cenal.gob.ve\/#\/schema\/person\/e3ed34623f400ffab8bc7a63b2f5533f","name":"Prensa Cenal","image":{"@type":"ImageObject","inLanguage":"es","@id":"https:\/\/cenal.gob.ve\/#\/schema\/person\/image\/","url":"https:\/\/secure.gravatar.com\/avatar\/594b4ed34090910c619ac3679001d491?s=96&d=mm&r=g","contentUrl":"https:\/\/secure.gravatar.com\/avatar\/594b4ed34090910c619ac3679001d491?s=96&d=mm&r=g","caption":"Prensa Cenal"},"url":"https:\/\/cenal.gob.ve\/?author=10"}]}},"jetpack_featured_media_url":"https:\/\/cenal.gob.ve\/wp-content\/uploads\/2024\/09\/IMG-20240927-WA0008.jpg","jetpack_publicize_connections":[],"jetpack_shortlink":"https:\/\/wp.me\/p5FMhp-6pR","_links":{"self":[{"href":"https:\/\/cenal.gob.ve\/index.php?rest_route=\/wp\/v2\/posts\/24667"}],"collection":[{"href":"https:\/\/cenal.gob.ve\/index.php?rest_route=\/wp\/v2\/posts"}],"about":[{"href":"https:\/\/cenal.gob.ve\/index.php?rest_route=\/wp\/v2\/types\/post"}],"author":[{"embeddable":true,"href":"https:\/\/cenal.gob.ve\/index.php?rest_route=\/wp\/v2\/users\/10"}],"replies":[{"embeddable":true,"href":"https:\/\/cenal.gob.ve\/index.php?rest_route=%2Fwp%2Fv2%2Fcomments&post=24667"}],"version-history":[{"count":2,"href":"https:\/\/cenal.gob.ve\/index.php?rest_route=\/wp\/v2\/posts\/24667\/revisions"}],"predecessor-version":[{"id":24673,"href":"https:\/\/cenal.gob.ve\/index.php?rest_route=\/wp\/v2\/posts\/24667\/revisions\/24673"}],"wp:featuredmedia":[{"embeddable":true,"href":"https:\/\/cenal.gob.ve\/index.php?rest_route=\/wp\/v2\/media\/24668"}],"wp:attachment":[{"href":"https:\/\/cenal.gob.ve\/index.php?rest_route=%2Fwp%2Fv2%2Fmedia&parent=24667"}],"wp:term":[{"taxonomy":"category","embeddable":true,"href":"https:\/\/cenal.gob.ve\/index.php?rest_route=%2Fwp%2Fv2%2Fcategories&post=24667"},{"taxonomy":"post_tag","embeddable":true,"href":"https:\/\/cenal.gob.ve\/index.php?rest_route=%2Fwp%2Fv2%2Ftags&post=24667"}],"curies":[{"name":"wp","href":"https:\/\/api.w.org\/{rel}","templated":true}]}}