{"id":24757,"date":"2024-10-04T13:18:42","date_gmt":"2024-10-04T17:18:42","guid":{"rendered":"https:\/\/cenal.gob.ve\/?p=24757"},"modified":"2024-10-04T13:18:50","modified_gmt":"2024-10-04T17:18:50","slug":"celebran-1er-encuentro-nacional-de-narradores-orales-en-aragua","status":"publish","type":"post","link":"https:\/\/cenal.gob.ve\/?p=24757","title":{"rendered":"Celebran 1er Encuentro Nacional de Narradores Orales en Aragua"},"content":{"rendered":"\n<p>Este jueves 3 de octubre se inaugur\u00f3 en la Base de Paz &#8220;Gran Tiuna&#8221; de Maracay, estado Aragua, el 1er Encuentro Nacional de Narradores Orales, Cuenteros Populares y Cacheros de Venezuela, en honor a Caim\u00e1n de Sanare, considerado en el pa\u00eds el &#8220;cuentacuentos mayor&#8221;.<\/p>\n\n\n\n<p>El evento, que se desarrollar\u00e1 hasta este domingo 6, re\u00fane a m\u00e1s de 90 participantes de toda Venezuela y busca exaltar la cultura oral del pa\u00eds que tambi\u00e9n forma parte de la identidad de los pueblos.<\/p>\n\n\n\n<figure class=\"wp-block-image size-large is-resized\"><img src=\"https:\/\/cenal.gob.ve\/wp-content\/uploads\/2024\/10\/IMG_20241004_131436_344-1024x683.jpg\" alt=\"\" class=\"wp-image-24762\" width=\"344\" height=\"229\" srcset=\"https:\/\/cenal.gob.ve\/wp-content\/uploads\/2024\/10\/IMG_20241004_131436_344-1024x683.jpg 1024w, https:\/\/cenal.gob.ve\/wp-content\/uploads\/2024\/10\/IMG_20241004_131436_344-300x200.jpg 300w, https:\/\/cenal.gob.ve\/wp-content\/uploads\/2024\/10\/IMG_20241004_131436_344-768x512.jpg 768w, https:\/\/cenal.gob.ve\/wp-content\/uploads\/2024\/10\/IMG_20241004_131436_344-640x427.jpg 640w, https:\/\/cenal.gob.ve\/wp-content\/uploads\/2024\/10\/IMG_20241004_131436_344.jpg 1134w\" sizes=\"(max-width: 344px) 100vw, 344px\" \/><\/figure>\n\n\n\n<p>Se trata de un encuentro que cuenta con el apoyo del Ministerio del Poder Popular para la Cultura (Mppc) a cargo del ministro Ernesto Villegas Poljak, mediante el Gabinete Estadal de Cultura en Aragua, y la Gobernaci\u00f3n de esta entidad que lidera la gobernadora Karina Carpio, a trav\u00e9s de la Secretar\u00eda de Cultura, adem\u00e1s de otros entes, como el Movimiento Futuro y las Alcald\u00edas de Sucre y Girardot.<\/p>\n\n\n\n<p>En representaci\u00f3n del Mppc, el acto de inauguraci\u00f3n cont\u00f3 con la presencia del viceministro de Fomento para la Econom\u00eda Cultural y presidente del Centro Nacional del Libro (Cenal), Ra\u00fal Cazal, quien explic\u00f3 que &#8220;esta iniciativa tiene un gran valor, porque es el rescate de las historias de nuestros pueblos originarios, afrodescendientes y de toda nuestra conformaci\u00f3n como Rep\u00fablica&#8221;.<\/p>\n\n\n\n<p>Agreg\u00f3 el viceministro Cazal que &#8220;todo est\u00e1 enlazado con la narraci\u00f3n oral, que procede muchas veces de lo escrito, pero que tiene un valor fundamental en esa puesta en escena que le generan los cuentacuentos y narradores orales &#8220;.<\/p>\n\n\n\n<figure class=\"wp-block-image size-large\"><img width=\"1024\" height=\"683\" src=\"https:\/\/cenal.gob.ve\/wp-content\/uploads\/2024\/10\/IMG_20241004_131439_488-1024x683.jpg\" alt=\"\" class=\"wp-image-24760\" srcset=\"https:\/\/cenal.gob.ve\/wp-content\/uploads\/2024\/10\/IMG_20241004_131439_488-1024x683.jpg 1024w, https:\/\/cenal.gob.ve\/wp-content\/uploads\/2024\/10\/IMG_20241004_131439_488-300x200.jpg 300w, https:\/\/cenal.gob.ve\/wp-content\/uploads\/2024\/10\/IMG_20241004_131439_488-768x512.jpg 768w, https:\/\/cenal.gob.ve\/wp-content\/uploads\/2024\/10\/IMG_20241004_131439_488-640x427.jpg 640w, https:\/\/cenal.gob.ve\/wp-content\/uploads\/2024\/10\/IMG_20241004_131439_488.jpg 1134w\" sizes=\"(max-width: 1024px) 100vw, 1024px\" \/><\/figure>\n\n\n\n<p>Indic\u00f3 que como parte del encuentro se llevan a cabo talleres y discusiones que tendr\u00e1n resultados concretos en funci\u00f3n de generar un movimiento que sea nacional.<\/p>\n\n\n\n<p>&#8220;La idea es que se realice tambi\u00e9n en otras regiones y hacer que los cuentacuentos formen parte de esta nueva forma de hacer literatura oral&#8221;, refiri\u00f3.<\/p>\n\n\n\n<p>Subray\u00f3 que ya existe un apartado en la Gran Misi\u00f3n Viva Venezuela mi Patria Querida para el registro de narradores orales, como parte de la din\u00e1mica del Ministerio del Poder Popular para la Cultura en apoyo a narradores orales y cuentacuentos y la generaci\u00f3n de pol\u00edticas en beneficio de este sector que integra la cultura. <\/p>\n\n\n\n<figure class=\"wp-block-image size-large\"><img width=\"1024\" height=\"683\" src=\"https:\/\/cenal.gob.ve\/wp-content\/uploads\/2024\/10\/IMG_20241004_131425_883-1024x683.jpg\" alt=\"\" class=\"wp-image-24761\" srcset=\"https:\/\/cenal.gob.ve\/wp-content\/uploads\/2024\/10\/IMG_20241004_131425_883-1024x683.jpg 1024w, https:\/\/cenal.gob.ve\/wp-content\/uploads\/2024\/10\/IMG_20241004_131425_883-300x200.jpg 300w, https:\/\/cenal.gob.ve\/wp-content\/uploads\/2024\/10\/IMG_20241004_131425_883-768x512.jpg 768w, https:\/\/cenal.gob.ve\/wp-content\/uploads\/2024\/10\/IMG_20241004_131425_883-640x427.jpg 640w, https:\/\/cenal.gob.ve\/wp-content\/uploads\/2024\/10\/IMG_20241004_131425_883.jpg 1134w\" sizes=\"(max-width: 1024px) 100vw, 1024px\" \/><\/figure>\n","protected":false},"excerpt":{"rendered":"<p>Este jueves 3 de octubre se inaugur\u00f3 en la Base de Paz &#8220;Gran Tiuna&#8221; de Maracay, estado Aragua, el 1er Encuentro Nacional de Narradores Orales, Cuenteros Populares y Cacheros de [&hellip;]<\/p>\n","protected":false},"author":10,"featured_media":24759,"comment_status":"open","ping_status":"closed","sticky":false,"template":"","format":"standard","meta":{"spay_email":"","jetpack_publicize_message":"","jetpack_is_tweetstorm":false,"jetpack_publicize_feature_enabled":true},"categories":[2],"tags":[],"yoast_head":"<!-- This site is optimized with the Yoast SEO plugin v19.8 - https:\/\/yoast.com\/wordpress\/plugins\/seo\/ -->\n<title>Celebran 1er Encuentro Nacional de Narradores Orales en Aragua<\/title>\n<meta name=\"robots\" content=\"index, follow, max-snippet:-1, max-image-preview:large, max-video-preview:-1\" \/>\n<link rel=\"canonical\" href=\"https:\/\/cenal.gob.ve\/?p=24757\" \/>\n<meta property=\"og:locale\" content=\"es_ES\" \/>\n<meta property=\"og:type\" content=\"article\" \/>\n<meta property=\"og:title\" content=\"Celebran 1er Encuentro Nacional de Narradores Orales en Aragua\" \/>\n<meta property=\"og:description\" content=\"Este jueves 3 de octubre se inaugur\u00f3 en la Base de Paz &#8220;Gran Tiuna&#8221; de Maracay, estado Aragua, el 1er Encuentro Nacional de Narradores Orales, Cuenteros Populares y Cacheros de [&hellip;]\" \/>\n<meta property=\"og:url\" content=\"https:\/\/cenal.gob.ve\/?p=24757\" \/>\n<meta property=\"og:site_name\" content=\"Cenal\" \/>\n<meta property=\"article:published_time\" content=\"2024-10-04T17:18:42+00:00\" \/>\n<meta property=\"article:modified_time\" content=\"2024-10-04T17:18:50+00:00\" \/>\n<meta property=\"og:image\" content=\"http:\/\/cenal.gob.ve\/wp-content\/uploads\/2024\/10\/IMG-20241004-WA0004.jpg\" \/>\n\t<meta property=\"og:image:width\" content=\"1080\" \/>\n\t<meta property=\"og:image:height\" content=\"719\" \/>\n\t<meta property=\"og:image:type\" content=\"image\/jpeg\" \/>\n<meta name=\"author\" content=\"Prensa Cenal\" \/>\n<meta name=\"twitter:card\" content=\"summary_large_image\" \/>\n<meta name=\"twitter:label1\" content=\"Written by\" \/>\n\t<meta name=\"twitter:data1\" content=\"Prensa Cenal\" \/>\n\t<meta name=\"twitter:label2\" content=\"Est. reading time\" \/>\n\t<meta name=\"twitter:data2\" content=\"3 minutos\" \/>\n<script type=\"application\/ld+json\" class=\"yoast-schema-graph\">{\"@context\":\"https:\/\/schema.org\",\"@graph\":[{\"@type\":\"Article\",\"@id\":\"https:\/\/cenal.gob.ve\/?p=24757#article\",\"isPartOf\":{\"@id\":\"https:\/\/cenal.gob.ve\/?p=24757\"},\"author\":{\"name\":\"Prensa Cenal\",\"@id\":\"https:\/\/cenal.gob.ve\/#\/schema\/person\/e3ed34623f400ffab8bc7a63b2f5533f\"},\"headline\":\"Celebran 1er Encuentro Nacional de Narradores Orales en Aragua\",\"datePublished\":\"2024-10-04T17:18:42+00:00\",\"dateModified\":\"2024-10-04T17:18:50+00:00\",\"mainEntityOfPage\":{\"@id\":\"https:\/\/cenal.gob.ve\/?p=24757\"},\"wordCount\":382,\"commentCount\":2,\"publisher\":{\"@id\":\"https:\/\/cenal.gob.ve\/#organization\"},\"articleSection\":[\"Cenal\"],\"inLanguage\":\"es\",\"potentialAction\":[{\"@type\":\"CommentAction\",\"name\":\"Comment\",\"target\":[\"https:\/\/cenal.gob.ve\/?p=24757#respond\"]}]},{\"@type\":\"WebPage\",\"@id\":\"https:\/\/cenal.gob.ve\/?p=24757\",\"url\":\"https:\/\/cenal.gob.ve\/?p=24757\",\"name\":\"Celebran 1er Encuentro Nacional de Narradores Orales en Aragua\",\"isPartOf\":{\"@id\":\"https:\/\/cenal.gob.ve\/#website\"},\"datePublished\":\"2024-10-04T17:18:42+00:00\",\"dateModified\":\"2024-10-04T17:18:50+00:00\",\"breadcrumb\":{\"@id\":\"https:\/\/cenal.gob.ve\/?p=24757#breadcrumb\"},\"inLanguage\":\"es\",\"potentialAction\":[{\"@type\":\"ReadAction\",\"target\":[\"https:\/\/cenal.gob.ve\/?p=24757\"]}]},{\"@type\":\"BreadcrumbList\",\"@id\":\"https:\/\/cenal.gob.ve\/?p=24757#breadcrumb\",\"itemListElement\":[{\"@type\":\"ListItem\",\"position\":1,\"name\":\"Home\",\"item\":\"https:\/\/cenal.gob.ve\/\"},{\"@type\":\"ListItem\",\"position\":2,\"name\":\"Celebran 1er Encuentro Nacional de Narradores Orales en Aragua\"}]},{\"@type\":\"WebSite\",\"@id\":\"https:\/\/cenal.gob.ve\/#website\",\"url\":\"https:\/\/cenal.gob.ve\/\",\"name\":\"Cenal\",\"description\":\"\",\"publisher\":{\"@id\":\"https:\/\/cenal.gob.ve\/#organization\"},\"potentialAction\":[{\"@type\":\"SearchAction\",\"target\":{\"@type\":\"EntryPoint\",\"urlTemplate\":\"https:\/\/cenal.gob.ve\/?s={search_term_string}\"},\"query-input\":\"required name=search_term_string\"}],\"inLanguage\":\"es\"},{\"@type\":\"Organization\",\"@id\":\"https:\/\/cenal.gob.ve\/#organization\",\"name\":\"CENAL\",\"url\":\"https:\/\/cenal.gob.ve\/\",\"sameAs\":[],\"logo\":{\"@type\":\"ImageObject\",\"inLanguage\":\"es\",\"@id\":\"https:\/\/cenal.gob.ve\/#\/schema\/logo\/image\/\",\"url\":\"https:\/\/i0.wp.com\/cenal.gob.ve\/wp-content\/uploads\/2022\/10\/cropped-images.jpg?fit=512%2C512\",\"contentUrl\":\"https:\/\/i0.wp.com\/cenal.gob.ve\/wp-content\/uploads\/2022\/10\/cropped-images.jpg?fit=512%2C512\",\"width\":512,\"height\":512,\"caption\":\"CENAL\"},\"image\":{\"@id\":\"https:\/\/cenal.gob.ve\/#\/schema\/logo\/image\/\"}},{\"@type\":\"Person\",\"@id\":\"https:\/\/cenal.gob.ve\/#\/schema\/person\/e3ed34623f400ffab8bc7a63b2f5533f\",\"name\":\"Prensa Cenal\",\"image\":{\"@type\":\"ImageObject\",\"inLanguage\":\"es\",\"@id\":\"https:\/\/cenal.gob.ve\/#\/schema\/person\/image\/\",\"url\":\"https:\/\/secure.gravatar.com\/avatar\/594b4ed34090910c619ac3679001d491?s=96&d=mm&r=g\",\"contentUrl\":\"https:\/\/secure.gravatar.com\/avatar\/594b4ed34090910c619ac3679001d491?s=96&d=mm&r=g\",\"caption\":\"Prensa Cenal\"},\"url\":\"https:\/\/cenal.gob.ve\/?author=10\"}]}<\/script>\n<!-- \/ Yoast SEO plugin. -->","yoast_head_json":{"title":"Celebran 1er Encuentro Nacional de Narradores Orales en Aragua","robots":{"index":"index","follow":"follow","max-snippet":"max-snippet:-1","max-image-preview":"max-image-preview:large","max-video-preview":"max-video-preview:-1"},"canonical":"https:\/\/cenal.gob.ve\/?p=24757","og_locale":"es_ES","og_type":"article","og_title":"Celebran 1er Encuentro Nacional de Narradores Orales en Aragua","og_description":"Este jueves 3 de octubre se inaugur\u00f3 en la Base de Paz &#8220;Gran Tiuna&#8221; de Maracay, estado Aragua, el 1er Encuentro Nacional de Narradores Orales, Cuenteros Populares y Cacheros de [&hellip;]","og_url":"https:\/\/cenal.gob.ve\/?p=24757","og_site_name":"Cenal","article_published_time":"2024-10-04T17:18:42+00:00","article_modified_time":"2024-10-04T17:18:50+00:00","og_image":[{"width":1080,"height":719,"url":"http:\/\/cenal.gob.ve\/wp-content\/uploads\/2024\/10\/IMG-20241004-WA0004.jpg","type":"image\/jpeg"}],"author":"Prensa Cenal","twitter_card":"summary_large_image","twitter_misc":{"Written by":"Prensa Cenal","Est. reading time":"3 minutos"},"schema":{"@context":"https:\/\/schema.org","@graph":[{"@type":"Article","@id":"https:\/\/cenal.gob.ve\/?p=24757#article","isPartOf":{"@id":"https:\/\/cenal.gob.ve\/?p=24757"},"author":{"name":"Prensa Cenal","@id":"https:\/\/cenal.gob.ve\/#\/schema\/person\/e3ed34623f400ffab8bc7a63b2f5533f"},"headline":"Celebran 1er Encuentro Nacional de Narradores Orales en Aragua","datePublished":"2024-10-04T17:18:42+00:00","dateModified":"2024-10-04T17:18:50+00:00","mainEntityOfPage":{"@id":"https:\/\/cenal.gob.ve\/?p=24757"},"wordCount":382,"commentCount":2,"publisher":{"@id":"https:\/\/cenal.gob.ve\/#organization"},"articleSection":["Cenal"],"inLanguage":"es","potentialAction":[{"@type":"CommentAction","name":"Comment","target":["https:\/\/cenal.gob.ve\/?p=24757#respond"]}]},{"@type":"WebPage","@id":"https:\/\/cenal.gob.ve\/?p=24757","url":"https:\/\/cenal.gob.ve\/?p=24757","name":"Celebran 1er Encuentro Nacional de Narradores Orales en Aragua","isPartOf":{"@id":"https:\/\/cenal.gob.ve\/#website"},"datePublished":"2024-10-04T17:18:42+00:00","dateModified":"2024-10-04T17:18:50+00:00","breadcrumb":{"@id":"https:\/\/cenal.gob.ve\/?p=24757#breadcrumb"},"inLanguage":"es","potentialAction":[{"@type":"ReadAction","target":["https:\/\/cenal.gob.ve\/?p=24757"]}]},{"@type":"BreadcrumbList","@id":"https:\/\/cenal.gob.ve\/?p=24757#breadcrumb","itemListElement":[{"@type":"ListItem","position":1,"name":"Home","item":"https:\/\/cenal.gob.ve\/"},{"@type":"ListItem","position":2,"name":"Celebran 1er Encuentro Nacional de Narradores Orales en Aragua"}]},{"@type":"WebSite","@id":"https:\/\/cenal.gob.ve\/#website","url":"https:\/\/cenal.gob.ve\/","name":"Cenal","description":"","publisher":{"@id":"https:\/\/cenal.gob.ve\/#organization"},"potentialAction":[{"@type":"SearchAction","target":{"@type":"EntryPoint","urlTemplate":"https:\/\/cenal.gob.ve\/?s={search_term_string}"},"query-input":"required name=search_term_string"}],"inLanguage":"es"},{"@type":"Organization","@id":"https:\/\/cenal.gob.ve\/#organization","name":"CENAL","url":"https:\/\/cenal.gob.ve\/","sameAs":[],"logo":{"@type":"ImageObject","inLanguage":"es","@id":"https:\/\/cenal.gob.ve\/#\/schema\/logo\/image\/","url":"https:\/\/i0.wp.com\/cenal.gob.ve\/wp-content\/uploads\/2022\/10\/cropped-images.jpg?fit=512%2C512","contentUrl":"https:\/\/i0.wp.com\/cenal.gob.ve\/wp-content\/uploads\/2022\/10\/cropped-images.jpg?fit=512%2C512","width":512,"height":512,"caption":"CENAL"},"image":{"@id":"https:\/\/cenal.gob.ve\/#\/schema\/logo\/image\/"}},{"@type":"Person","@id":"https:\/\/cenal.gob.ve\/#\/schema\/person\/e3ed34623f400ffab8bc7a63b2f5533f","name":"Prensa Cenal","image":{"@type":"ImageObject","inLanguage":"es","@id":"https:\/\/cenal.gob.ve\/#\/schema\/person\/image\/","url":"https:\/\/secure.gravatar.com\/avatar\/594b4ed34090910c619ac3679001d491?s=96&d=mm&r=g","contentUrl":"https:\/\/secure.gravatar.com\/avatar\/594b4ed34090910c619ac3679001d491?s=96&d=mm&r=g","caption":"Prensa Cenal"},"url":"https:\/\/cenal.gob.ve\/?author=10"}]}},"jetpack_featured_media_url":"https:\/\/cenal.gob.ve\/wp-content\/uploads\/2024\/10\/IMG-20241004-WA0004.jpg","jetpack_publicize_connections":[],"jetpack_shortlink":"https:\/\/wp.me\/p5FMhp-6rj","_links":{"self":[{"href":"https:\/\/cenal.gob.ve\/index.php?rest_route=\/wp\/v2\/posts\/24757"}],"collection":[{"href":"https:\/\/cenal.gob.ve\/index.php?rest_route=\/wp\/v2\/posts"}],"about":[{"href":"https:\/\/cenal.gob.ve\/index.php?rest_route=\/wp\/v2\/types\/post"}],"author":[{"embeddable":true,"href":"https:\/\/cenal.gob.ve\/index.php?rest_route=\/wp\/v2\/users\/10"}],"replies":[{"embeddable":true,"href":"https:\/\/cenal.gob.ve\/index.php?rest_route=%2Fwp%2Fv2%2Fcomments&post=24757"}],"version-history":[{"count":2,"href":"https:\/\/cenal.gob.ve\/index.php?rest_route=\/wp\/v2\/posts\/24757\/revisions"}],"predecessor-version":[{"id":24763,"href":"https:\/\/cenal.gob.ve\/index.php?rest_route=\/wp\/v2\/posts\/24757\/revisions\/24763"}],"wp:featuredmedia":[{"embeddable":true,"href":"https:\/\/cenal.gob.ve\/index.php?rest_route=\/wp\/v2\/media\/24759"}],"wp:attachment":[{"href":"https:\/\/cenal.gob.ve\/index.php?rest_route=%2Fwp%2Fv2%2Fmedia&parent=24757"}],"wp:term":[{"taxonomy":"category","embeddable":true,"href":"https:\/\/cenal.gob.ve\/index.php?rest_route=%2Fwp%2Fv2%2Fcategories&post=24757"},{"taxonomy":"post_tag","embeddable":true,"href":"https:\/\/cenal.gob.ve\/index.php?rest_route=%2Fwp%2Fv2%2Ftags&post=24757"}],"curies":[{"name":"wp","href":"https:\/\/api.w.org\/{rel}","templated":true}]}}