{"id":24787,"date":"2024-10-13T15:00:58","date_gmt":"2024-10-13T19:00:58","guid":{"rendered":"https:\/\/cenal.gob.ve\/?p=24787"},"modified":"2024-10-14T16:24:47","modified_gmt":"2024-10-14T20:24:47","slug":"inaugurada-la-20-a-filven-cojedes","status":"publish","type":"post","link":"https:\/\/cenal.gob.ve\/?p=24787","title":{"rendered":"Inaugurada la 20.\u00aa Filven Cojedes"},"content":{"rendered":"\n<p>Fue inaugurada este viernes 11 de octubre la 20.\u00aa Filven Cojedes en el Complejo Cultural Mauricio P\u00e9rez Lazo, situado en San Carlos, en donde estar\u00e1 abierta al p\u00fablico hasta el domingo 13 de octubre, para encuentro de escritores, lectores, promotores de lectura, editoriales y dem\u00e1s agentes relacionados con el libro en este estado, bajo el lema \u201cLeer transforma\u201d.<\/p>\n\n\n\n<figure class=\"wp-block-image\"><img src=\"https:\/\/filven.com\/wp-content\/uploads\/2024\/10\/IMG_20241011_131714_196-1024x682.jpg\" alt=\"\" class=\"wp-image-20172\"\/><\/figure>\n\n\n\n<p>El acto inaugural estuvo encabezado por la directora general del Gabinete Estadal de Cultura de Cojedes, Karina Rojas, en compa\u00f1\u00eda de la escritora regional homenajeada, Deibi D\u00edaz, y la escritora Invitada Edy Barboza.<\/p>\n\n\n\n<p>La inauguraci\u00f3n comenz\u00f3 con la presentaci\u00f3n de la agrupaci\u00f3n de viol\u00edn \u201cCipriano Blanco\u201d y posteriormente se present\u00f3 \u201cLa Uni\u00f3n Zamorana\u201d.<\/p>\n\n\n\n<p>Durante su intervenci\u00f3n, Karina Rojas agradeci\u00f3 a escritores y a todos los involucrados con la Filven Cojedes por sumarse a esta fiesta literaria para todos los cojede\u00f1os.<\/p>\n\n\n\n<figure class=\"wp-block-image\"><img src=\"https:\/\/filven.com\/wp-content\/uploads\/2024\/10\/IMG_20241011_131721_946-1024x682.jpg\" alt=\"\" class=\"wp-image-20173\"\/><\/figure>\n\n\n\n<p>El encuentro con las letras tambi\u00e9n cuenta con el tradicional pabell\u00f3n infantil para las ni\u00f1as y ni\u00f1os, quienes con sus sonrisas llenaron de alegr\u00eda el acto de inauguraci\u00f3n. Ah\u00ed pueden leer, realizar dibujos, compartir, escuchar parrandas, cuentacuentos, entre otras actividades recreativas y culturales.<\/p>\n\n\n\n<p>\u201cPor aqu\u00ed tambi\u00e9n est\u00e1n unos compa\u00f1eros emprendedores que se han sumado, pero, sobre todo, una gama de poetas, escritores, que se han sumado a esta gran feria del libro. Al equipo del Centro Nacional del Libro (Cenal) un fuerte aplauso\u201d, expres\u00f3 Rojas.<\/p>\n\n\n\n<p><strong>Reconocimiento al talento regional<\/strong><\/p>\n\n\n\n<p>Por su parte, la escritora homenajeada en esta edici\u00f3n regional de la Filven, Deibi D\u00edaz, mostr\u00f3 su gratitud con los organizadores de la feria por elogiarla en este evento tras a\u00f1os de trayectoria literaria.<\/p>\n\n\n\n<figure class=\"wp-block-image\"><img src=\"https:\/\/filven.com\/wp-content\/uploads\/2024\/10\/IMG_8770-1024x682.jpeg\" alt=\"\" class=\"wp-image-20161\"\/><\/figure>\n\n\n\n<p>\u201cPara m\u00ed es un honor y un orgullo estar siendo reconocida aqu\u00ed en esta Filven 2024, en el estado Cojedes. Estoy desde los a\u00f1os 90 participando como escritora en el estado y es muy satisfactorio que reconozcan tu trabajo\u201d, declar\u00f3.<\/p>\n\n\n\n<p>Asimismo, agradeci\u00f3 al Gobierno Bolivariano por brindar apoyo a la literatura y promover la lectura con estos encuentros.<\/p>\n\n\n\n<p>En ese sentido, Deibi D\u00edaz resalt\u00f3 el apoyo en Cojedes de la Fundaci\u00f3n Editorial El perro y la rana, adscrita al Ministerio del Poder Popular para la Cultura, lo cual ha permitido descubrir nuevos talentos de la escritura.<\/p>\n\n\n\n<p>De acuerdo con D\u00edaz, muchos cojede\u00f1os se han entusiasmado en materia literaria y se ha evidenciado una cantidad de temas en la escritura cojede\u00f1a \u201cque te hablan del llano, de sus mismas vivencias, de su historia local, de su historia nacional, de la llaneridad\u201d.<\/p>\n\n\n\n<figure class=\"wp-block-image\"><img src=\"https:\/\/filven.com\/wp-content\/uploads\/2024\/10\/IMG_8769-1024x662.jpeg\" alt=\"\" class=\"wp-image-20162\"\/><\/figure>\n\n\n\n<p>D\u00edaz es autora de \u201cAntolog\u00eda de mi palabra ausente\u201d, poemario que se puede adquirir durante los tres d\u00edas de la Filven Cojedes.<\/p>\n\n\n\n<p>Adem\u00e1s, escribi\u00f3 \u201cDama de noche\u201d, un libro de dramaturgia, y \u201cDe San Carlos a la Victoria\u201d, para narrar la historia del Libertador Sim\u00f3n Bol\u00edvar cuando estuvo en Cojedes en 1811.<\/p>\n\n\n\n<p><strong>\u201cPies de verano\u201d en San Carlos<\/strong><\/p>\n\n\n\n<p>Por otra parte, la escritora invitada Edy Barboza, proveniente del estado Yaracuy, y quien presenta en Filven Cojedes su poemario Pies de verano (El perro y la rana), inst\u00f3 a visitar la feria para impulsar la lectura y el encuentro entre los ciudadanos.<\/p>\n\n\n\n<figure class=\"wp-block-image\"><img src=\"https:\/\/filven.com\/wp-content\/uploads\/2024\/10\/IMG_8767-1024x682.jpeg\" alt=\"\" class=\"wp-image-20165\"\/><\/figure>\n\n\n\n<p>\u201cLa feria es un camino que se traza, una ruta para que leamos m\u00e1s, para que conversemos m\u00e1s, porque cuando leemos m\u00e1s, tenemos m\u00e1s temas de conversaci\u00f3n\u201d, resalt\u00f3 Barboza.<\/p>\n\n\n\n<p>La escritora tambi\u00e9n estar\u00e1 en la feria para presentar por Monte \u00c1vila el libro \u201cLa caja de los truenos, de Benito Yrady, escritor nacional homenajeado de la 20.\u00aa Filven.<\/p>\n\n\n\n<p>Durante la jornada inaugural, el Gabinete Estadal de Cultura de Cojedes entreg\u00f3 diplomas de reconocimiento a las escritoras Deibi D\u00edaz, homenajeada; Edy Barboza, invitada nacional; al m\u00fasico Cipriano Blanco y a la agrupaci\u00f3n musical \u201cLa Uni\u00f3n Zamorana\u201d, que engalan\u00f3 la actividad junto a su director Ricardo Cuba.<\/p>\n\n\n\n<figure class=\"wp-block-image\"><img src=\"https:\/\/filven.com\/wp-content\/uploads\/2024\/10\/IMG_20241011_131707_117-1024x682.jpg\" alt=\"\" class=\"wp-image-20175\"\/><\/figure>\n\n\n\n<p class=\"has-medium-font-size\"><strong>Lee tambi\u00e9n:<\/strong><\/p>\n\n\n\n<div class=\"wp-container-69f0e62b02c25 wp-block-buttons\">\n<div class=\"wp-block-button has-custom-width wp-block-button__width-100 has-custom-font-size is-style-fill has-small-font-size\"><a class=\"wp-block-button__link has-white-color has-text-color has-background\" href=\"https:\/\/filven.com\/en-filven-cojedes-resaltan-la-poesia-como-herramienta-liberadora\/\" style=\"border-radius:12px;background:linear-gradient(135deg,rgb(254,205,165) 0%,rgb(254,45,45) 0%,rgb(107,0,62) 0%)\" target=\"_blank\" rel=\"noreferrer noopener\">En Filven Cojedes resaltan la poes\u00eda como herramienta liberadora<\/a><\/div>\n\n\n\n<div class=\"wp-block-button has-custom-width wp-block-button__width-100 has-custom-font-size has-small-font-size\"><a class=\"wp-block-button__link has-white-color has-text-color has-background\" href=\"https:\/\/filven.com\/filven-cojedes-reivindica-la-resistencia-indigena-a-532-anos-de-la-colonizacion-espanola\/\" style=\"border-radius:12px;background:linear-gradient(135deg,rgb(254,205,165) 0%,rgb(254,45,45) 0%,rgb(107,0,62) 0%)\" target=\"_blank\" rel=\"noreferrer noopener\">Filven Cojedes reivindica la resistencia ind\u00edgena a 532 a\u00f1os de la colonizaci\u00f3n espa\u00f1ola<\/a><\/div>\n\n\n\n<div class=\"wp-block-button has-custom-width wp-block-button__width-100 has-custom-font-size has-small-font-size\"><a class=\"wp-block-button__link has-white-color has-text-color has-background\" href=\"https:\/\/filven.com\/presentaron-coleccion-de-libros-sobre-la-afrovenezolanidad-en-la-filven-cojedes\/\" style=\"border-radius:12px;background:linear-gradient(135deg,rgb(254,205,165) 0%,rgb(254,45,45) 0%,rgb(107,0,62) 0%)\" target=\"_blank\" rel=\"noreferrer noopener\">Presentaron colecci\u00f3n de libros sobre la afrovenezolanidad en la Filven Cojedes<\/a><\/div>\n\n\n\n<div class=\"wp-block-button has-custom-width wp-block-button__width-100 has-custom-font-size has-small-font-size\"><a class=\"wp-block-button__link has-white-color has-text-color has-background\" href=\"https:\/\/filven.com\/realizan-lanzamiento-de-ii-coherte-de-diplomado-vida-y-obra-del-libertador-simon-bolivar-en-filven-cojedes\/\" style=\"border-radius:12px;background:linear-gradient(135deg,rgb(254,205,165) 0%,rgb(254,45,45) 0%,rgb(107,0,62) 0%)\" target=\"_blank\" rel=\"noreferrer noopener\">Realizan lanzamiento de II Cohorte de diplomado \u201cVida y obra del Libertador Sim\u00f3n Bol\u00edvar\u201d en Filven Cojedes<\/a><\/div>\n\n\n\n<div class=\"wp-block-button has-custom-width wp-block-button__width-100 has-custom-font-size has-small-font-size\"><a class=\"wp-block-button__link has-white-color has-text-color has-background\" href=\"https:\/\/filven.com\/presentaron-con-filven-en-san-carlos-el-libro-cojedes-de-siempre\/\" style=\"border-radius:12px;background:linear-gradient(135deg,rgb(254,205,165) 0%,rgb(254,45,45) 0%,rgb(107,0,62) 0%)\" target=\"_blank\" rel=\"noreferrer noopener\">Presentaron con Filven en San Carlos el libro \u201cCojedes de siempre\u201d<\/a><\/div>\n\n\n\n<div class=\"wp-block-button has-custom-width wp-block-button__width-100 has-custom-font-size has-small-font-size\"><a class=\"wp-block-button__link has-white-color has-text-color has-background\" href=\"https:\/\/filven.com\/con-literatura-sobre-la-cultura-afrodescendiente-y-leyendas-llaneras-culmino-la-20-a-filven-cojedes\/\" style=\"border-radius:12px;background:linear-gradient(135deg,rgb(254,205,165) 0%,rgb(254,45,45) 0%,rgb(107,0,62) 0%)\" target=\"_blank\" rel=\"noreferrer noopener\">Con literatura sobre la cultura afrodescendiente y leyendas llaneras culmin\u00f3 la 20.\u00aa Filven Cojedes<\/a><\/div>\n<\/div>\n\n\n\n<p><\/p>\n","protected":false},"excerpt":{"rendered":"<p>Fue inaugurada este viernes 11 de octubre la 20.\u00aa Filven Cojedes en el Complejo Cultural Mauricio P\u00e9rez Lazo, situado en San Carlos, en donde estar\u00e1 abierta al p\u00fablico hasta el [&hellip;]<\/p>\n","protected":false},"author":10,"featured_media":24789,"comment_status":"open","ping_status":"closed","sticky":false,"template":"","format":"standard","meta":{"spay_email":"","jetpack_publicize_message":"","jetpack_is_tweetstorm":false,"jetpack_publicize_feature_enabled":true},"categories":[12],"tags":[79,81,9],"yoast_head":"<!-- This site is optimized with the Yoast SEO plugin v19.8 - https:\/\/yoast.com\/wordpress\/plugins\/seo\/ -->\n<title>Inaugurada la 20.\u00aa Filven Cojedes<\/title>\n<meta name=\"robots\" content=\"index, follow, max-snippet:-1, max-image-preview:large, max-video-preview:-1\" \/>\n<link rel=\"canonical\" href=\"https:\/\/cenal.gob.ve\/?p=24787\" \/>\n<meta property=\"og:locale\" content=\"es_ES\" \/>\n<meta property=\"og:type\" content=\"article\" \/>\n<meta property=\"og:title\" content=\"Inaugurada la 20.\u00aa Filven Cojedes\" \/>\n<meta property=\"og:description\" content=\"Fue inaugurada este viernes 11 de octubre la 20.\u00aa Filven Cojedes en el Complejo Cultural Mauricio P\u00e9rez Lazo, situado en San Carlos, en donde estar\u00e1 abierta al p\u00fablico hasta el [&hellip;]\" \/>\n<meta property=\"og:url\" content=\"https:\/\/cenal.gob.ve\/?p=24787\" \/>\n<meta property=\"og:site_name\" content=\"Cenal\" \/>\n<meta property=\"article:published_time\" content=\"2024-10-13T19:00:58+00:00\" \/>\n<meta property=\"article:modified_time\" content=\"2024-10-14T20:24:47+00:00\" \/>\n<meta property=\"og:image\" content=\"http:\/\/cenal.gob.ve\/wp-content\/uploads\/2024\/10\/sasa.jpeg\" \/>\n\t<meta property=\"og:image:width\" content=\"1280\" \/>\n\t<meta property=\"og:image:height\" content=\"853\" \/>\n\t<meta property=\"og:image:type\" content=\"image\/jpeg\" \/>\n<meta name=\"author\" content=\"Prensa Cenal\" \/>\n<meta name=\"twitter:card\" content=\"summary_large_image\" \/>\n<meta name=\"twitter:label1\" content=\"Written by\" \/>\n\t<meta name=\"twitter:data1\" content=\"Prensa Cenal\" \/>\n\t<meta name=\"twitter:label2\" content=\"Est. reading time\" \/>\n\t<meta name=\"twitter:data2\" content=\"5 minutos\" \/>\n<script type=\"application\/ld+json\" class=\"yoast-schema-graph\">{\"@context\":\"https:\/\/schema.org\",\"@graph\":[{\"@type\":\"Article\",\"@id\":\"https:\/\/cenal.gob.ve\/?p=24787#article\",\"isPartOf\":{\"@id\":\"https:\/\/cenal.gob.ve\/?p=24787\"},\"author\":{\"name\":\"Prensa Cenal\",\"@id\":\"https:\/\/cenal.gob.ve\/#\/schema\/person\/e3ed34623f400ffab8bc7a63b2f5533f\"},\"headline\":\"Inaugurada la 20.\u00aa Filven Cojedes\",\"datePublished\":\"2024-10-13T19:00:58+00:00\",\"dateModified\":\"2024-10-14T20:24:47+00:00\",\"mainEntityOfPage\":{\"@id\":\"https:\/\/cenal.gob.ve\/?p=24787\"},\"wordCount\":734,\"commentCount\":0,\"publisher\":{\"@id\":\"https:\/\/cenal.gob.ve\/#organization\"},\"keywords\":[\"FILVEN\",\"Libros\",\"Noticias\"],\"articleSection\":[\"Filven\"],\"inLanguage\":\"es\",\"potentialAction\":[{\"@type\":\"CommentAction\",\"name\":\"Comment\",\"target\":[\"https:\/\/cenal.gob.ve\/?p=24787#respond\"]}]},{\"@type\":\"WebPage\",\"@id\":\"https:\/\/cenal.gob.ve\/?p=24787\",\"url\":\"https:\/\/cenal.gob.ve\/?p=24787\",\"name\":\"Inaugurada la 20.\u00aa Filven Cojedes\",\"isPartOf\":{\"@id\":\"https:\/\/cenal.gob.ve\/#website\"},\"datePublished\":\"2024-10-13T19:00:58+00:00\",\"dateModified\":\"2024-10-14T20:24:47+00:00\",\"breadcrumb\":{\"@id\":\"https:\/\/cenal.gob.ve\/?p=24787#breadcrumb\"},\"inLanguage\":\"es\",\"potentialAction\":[{\"@type\":\"ReadAction\",\"target\":[\"https:\/\/cenal.gob.ve\/?p=24787\"]}]},{\"@type\":\"BreadcrumbList\",\"@id\":\"https:\/\/cenal.gob.ve\/?p=24787#breadcrumb\",\"itemListElement\":[{\"@type\":\"ListItem\",\"position\":1,\"name\":\"Home\",\"item\":\"https:\/\/cenal.gob.ve\/\"},{\"@type\":\"ListItem\",\"position\":2,\"name\":\"Inaugurada la 20.\u00aa Filven Cojedes\"}]},{\"@type\":\"WebSite\",\"@id\":\"https:\/\/cenal.gob.ve\/#website\",\"url\":\"https:\/\/cenal.gob.ve\/\",\"name\":\"Cenal\",\"description\":\"\",\"publisher\":{\"@id\":\"https:\/\/cenal.gob.ve\/#organization\"},\"potentialAction\":[{\"@type\":\"SearchAction\",\"target\":{\"@type\":\"EntryPoint\",\"urlTemplate\":\"https:\/\/cenal.gob.ve\/?s={search_term_string}\"},\"query-input\":\"required name=search_term_string\"}],\"inLanguage\":\"es\"},{\"@type\":\"Organization\",\"@id\":\"https:\/\/cenal.gob.ve\/#organization\",\"name\":\"CENAL\",\"url\":\"https:\/\/cenal.gob.ve\/\",\"sameAs\":[],\"logo\":{\"@type\":\"ImageObject\",\"inLanguage\":\"es\",\"@id\":\"https:\/\/cenal.gob.ve\/#\/schema\/logo\/image\/\",\"url\":\"https:\/\/i0.wp.com\/cenal.gob.ve\/wp-content\/uploads\/2022\/10\/cropped-images.jpg?fit=512%2C512\",\"contentUrl\":\"https:\/\/i0.wp.com\/cenal.gob.ve\/wp-content\/uploads\/2022\/10\/cropped-images.jpg?fit=512%2C512\",\"width\":512,\"height\":512,\"caption\":\"CENAL\"},\"image\":{\"@id\":\"https:\/\/cenal.gob.ve\/#\/schema\/logo\/image\/\"}},{\"@type\":\"Person\",\"@id\":\"https:\/\/cenal.gob.ve\/#\/schema\/person\/e3ed34623f400ffab8bc7a63b2f5533f\",\"name\":\"Prensa Cenal\",\"image\":{\"@type\":\"ImageObject\",\"inLanguage\":\"es\",\"@id\":\"https:\/\/cenal.gob.ve\/#\/schema\/person\/image\/\",\"url\":\"https:\/\/secure.gravatar.com\/avatar\/594b4ed34090910c619ac3679001d491?s=96&d=mm&r=g\",\"contentUrl\":\"https:\/\/secure.gravatar.com\/avatar\/594b4ed34090910c619ac3679001d491?s=96&d=mm&r=g\",\"caption\":\"Prensa Cenal\"},\"url\":\"https:\/\/cenal.gob.ve\/?author=10\"}]}<\/script>\n<!-- \/ Yoast SEO plugin. -->","yoast_head_json":{"title":"Inaugurada la 20.\u00aa Filven Cojedes","robots":{"index":"index","follow":"follow","max-snippet":"max-snippet:-1","max-image-preview":"max-image-preview:large","max-video-preview":"max-video-preview:-1"},"canonical":"https:\/\/cenal.gob.ve\/?p=24787","og_locale":"es_ES","og_type":"article","og_title":"Inaugurada la 20.\u00aa Filven Cojedes","og_description":"Fue inaugurada este viernes 11 de octubre la 20.\u00aa Filven Cojedes en el Complejo Cultural Mauricio P\u00e9rez Lazo, situado en San Carlos, en donde estar\u00e1 abierta al p\u00fablico hasta el [&hellip;]","og_url":"https:\/\/cenal.gob.ve\/?p=24787","og_site_name":"Cenal","article_published_time":"2024-10-13T19:00:58+00:00","article_modified_time":"2024-10-14T20:24:47+00:00","og_image":[{"width":1280,"height":853,"url":"http:\/\/cenal.gob.ve\/wp-content\/uploads\/2024\/10\/sasa.jpeg","type":"image\/jpeg"}],"author":"Prensa Cenal","twitter_card":"summary_large_image","twitter_misc":{"Written by":"Prensa Cenal","Est. reading time":"5 minutos"},"schema":{"@context":"https:\/\/schema.org","@graph":[{"@type":"Article","@id":"https:\/\/cenal.gob.ve\/?p=24787#article","isPartOf":{"@id":"https:\/\/cenal.gob.ve\/?p=24787"},"author":{"name":"Prensa Cenal","@id":"https:\/\/cenal.gob.ve\/#\/schema\/person\/e3ed34623f400ffab8bc7a63b2f5533f"},"headline":"Inaugurada la 20.\u00aa Filven Cojedes","datePublished":"2024-10-13T19:00:58+00:00","dateModified":"2024-10-14T20:24:47+00:00","mainEntityOfPage":{"@id":"https:\/\/cenal.gob.ve\/?p=24787"},"wordCount":734,"commentCount":0,"publisher":{"@id":"https:\/\/cenal.gob.ve\/#organization"},"keywords":["FILVEN","Libros","Noticias"],"articleSection":["Filven"],"inLanguage":"es","potentialAction":[{"@type":"CommentAction","name":"Comment","target":["https:\/\/cenal.gob.ve\/?p=24787#respond"]}]},{"@type":"WebPage","@id":"https:\/\/cenal.gob.ve\/?p=24787","url":"https:\/\/cenal.gob.ve\/?p=24787","name":"Inaugurada la 20.\u00aa Filven Cojedes","isPartOf":{"@id":"https:\/\/cenal.gob.ve\/#website"},"datePublished":"2024-10-13T19:00:58+00:00","dateModified":"2024-10-14T20:24:47+00:00","breadcrumb":{"@id":"https:\/\/cenal.gob.ve\/?p=24787#breadcrumb"},"inLanguage":"es","potentialAction":[{"@type":"ReadAction","target":["https:\/\/cenal.gob.ve\/?p=24787"]}]},{"@type":"BreadcrumbList","@id":"https:\/\/cenal.gob.ve\/?p=24787#breadcrumb","itemListElement":[{"@type":"ListItem","position":1,"name":"Home","item":"https:\/\/cenal.gob.ve\/"},{"@type":"ListItem","position":2,"name":"Inaugurada la 20.\u00aa Filven Cojedes"}]},{"@type":"WebSite","@id":"https:\/\/cenal.gob.ve\/#website","url":"https:\/\/cenal.gob.ve\/","name":"Cenal","description":"","publisher":{"@id":"https:\/\/cenal.gob.ve\/#organization"},"potentialAction":[{"@type":"SearchAction","target":{"@type":"EntryPoint","urlTemplate":"https:\/\/cenal.gob.ve\/?s={search_term_string}"},"query-input":"required name=search_term_string"}],"inLanguage":"es"},{"@type":"Organization","@id":"https:\/\/cenal.gob.ve\/#organization","name":"CENAL","url":"https:\/\/cenal.gob.ve\/","sameAs":[],"logo":{"@type":"ImageObject","inLanguage":"es","@id":"https:\/\/cenal.gob.ve\/#\/schema\/logo\/image\/","url":"https:\/\/i0.wp.com\/cenal.gob.ve\/wp-content\/uploads\/2022\/10\/cropped-images.jpg?fit=512%2C512","contentUrl":"https:\/\/i0.wp.com\/cenal.gob.ve\/wp-content\/uploads\/2022\/10\/cropped-images.jpg?fit=512%2C512","width":512,"height":512,"caption":"CENAL"},"image":{"@id":"https:\/\/cenal.gob.ve\/#\/schema\/logo\/image\/"}},{"@type":"Person","@id":"https:\/\/cenal.gob.ve\/#\/schema\/person\/e3ed34623f400ffab8bc7a63b2f5533f","name":"Prensa Cenal","image":{"@type":"ImageObject","inLanguage":"es","@id":"https:\/\/cenal.gob.ve\/#\/schema\/person\/image\/","url":"https:\/\/secure.gravatar.com\/avatar\/594b4ed34090910c619ac3679001d491?s=96&d=mm&r=g","contentUrl":"https:\/\/secure.gravatar.com\/avatar\/594b4ed34090910c619ac3679001d491?s=96&d=mm&r=g","caption":"Prensa Cenal"},"url":"https:\/\/cenal.gob.ve\/?author=10"}]}},"jetpack_featured_media_url":"https:\/\/cenal.gob.ve\/wp-content\/uploads\/2024\/10\/sasa.jpeg","jetpack_publicize_connections":[],"jetpack_shortlink":"https:\/\/wp.me\/p5FMhp-6rN","_links":{"self":[{"href":"https:\/\/cenal.gob.ve\/index.php?rest_route=\/wp\/v2\/posts\/24787"}],"collection":[{"href":"https:\/\/cenal.gob.ve\/index.php?rest_route=\/wp\/v2\/posts"}],"about":[{"href":"https:\/\/cenal.gob.ve\/index.php?rest_route=\/wp\/v2\/types\/post"}],"author":[{"embeddable":true,"href":"https:\/\/cenal.gob.ve\/index.php?rest_route=\/wp\/v2\/users\/10"}],"replies":[{"embeddable":true,"href":"https:\/\/cenal.gob.ve\/index.php?rest_route=%2Fwp%2Fv2%2Fcomments&post=24787"}],"version-history":[{"count":4,"href":"https:\/\/cenal.gob.ve\/index.php?rest_route=\/wp\/v2\/posts\/24787\/revisions"}],"predecessor-version":[{"id":24797,"href":"https:\/\/cenal.gob.ve\/index.php?rest_route=\/wp\/v2\/posts\/24787\/revisions\/24797"}],"wp:featuredmedia":[{"embeddable":true,"href":"https:\/\/cenal.gob.ve\/index.php?rest_route=\/wp\/v2\/media\/24789"}],"wp:attachment":[{"href":"https:\/\/cenal.gob.ve\/index.php?rest_route=%2Fwp%2Fv2%2Fmedia&parent=24787"}],"wp:term":[{"taxonomy":"category","embeddable":true,"href":"https:\/\/cenal.gob.ve\/index.php?rest_route=%2Fwp%2Fv2%2Fcategories&post=24787"},{"taxonomy":"post_tag","embeddable":true,"href":"https:\/\/cenal.gob.ve\/index.php?rest_route=%2Fwp%2Fv2%2Ftags&post=24787"}],"curies":[{"name":"wp","href":"https:\/\/api.w.org\/{rel}","templated":true}]}}