{"id":24822,"date":"2024-10-28T15:10:51","date_gmt":"2024-10-28T19:10:51","guid":{"rendered":"https:\/\/cenal.gob.ve\/?p=24822"},"modified":"2024-10-28T15:51:47","modified_gmt":"2024-10-28T19:51:47","slug":"rolando-jose-graterol-guzman-gano-la-vii-bienal-nacional-de-literatura-argimiro-gabaldon","status":"publish","type":"post","link":"https:\/\/cenal.gob.ve\/?p=24822","title":{"rendered":"Rolando Jos\u00e9 Graterol Guzm\u00e1n gan\u00f3 la VII Bienal Nacional de Literatura Argimiro Gabald\u00f3n"},"content":{"rendered":"\n<p>El escritor larense Rolando Jos\u00e9 Graterol Guzm\u00e1n gan\u00f3 la VII Bienal Nacional de Literatura Argimiro Gabald\u00f3n, menci\u00f3n Ensayo, con su obra &#8220;Petr\u00f3leo y poder: la injerencia extranjera en Venezuela 1902-1958&#8221;.<\/p>\n\n\n\n<p>El jurado designado por el Centro Nacional del Libro (Cenal), integrado por Diana P\u00e9rez, Christiane Valles y C\u00f3simo Mandrillo, decidi\u00f3 por unanimidad declarar ganadora la citada obra firmada con el seud\u00f3nimo Salvador Aguilar y que, una vez abierta la plica, correspondi\u00f3 a Rolando Jos\u00e9 Graterol Guzm\u00e1n.<\/p>\n\n\n\n<p>De acuerdo con el veredicto del jurado, el trabajo de Graterol Guzm\u00e1n fue seleccionado &#8220;por su agudo an\u00e1lisis del desarrollo hist\u00f3rico de la industria petrolera nacional, la cual se documenta con suficientes fuentes documentales&#8221;.<\/p>\n\n\n\n<p>Adem\u00e1s, agrega el veredicto, &#8220;el ensayo tiene la ventaja de estar escrito en un lenguaje de f\u00e1cil comprensi\u00f3n, lo que pondr\u00e1 al alcance de un amplio p\u00fablico lector un tema de inter\u00e9s para cada venezolano y de absoluta pertinencia en la actual coyuntura pol\u00edtica y econ\u00f3mica del pa\u00eds&#8221;.<\/p>\n\n\n\n<p>Este ensayo fue escogido entre 52 documentos recibidos por el comit\u00e9 evaluador. P\u00e9rez, Valles y Mandrillo resaltaron la excepcional calidad del conjunto de trabajos examinados, &#8220;lo que pone de manifiesto el vigor del pensamiento y la escritura en Venezuela, as\u00ed como la diversidad de l\u00edneas reflexivas y de investigaci\u00f3n que revelan una densa din\u00e1mica intelectual en todo el territorio, en correspondencia con la trayectoria humanista de Argimiro Gabald\u00f3n&#8221;.<\/p>\n\n\n\n<p>Graterol Guzm\u00e1n recibir\u00e1 como premio cien mil bol\u00edvares (Bs 100.000,oo) y la publicaci\u00f3n de su obra por Monte \u00c1vila Editores.<\/p>\n\n\n\n<p>Este autor, nacido en El Tocuyo (1975), es un escritor e historiador con una amplia experiencia en el estudio de la historia local, nacional y de Am\u00e9rica Latina. Tiene una trayectoria de m\u00e1s de 25 a\u00f1os en la investigaci\u00f3n y la docencia en la que cuenta su participaci\u00f3n en diversos congresos y seminarios sobre historia y cultura.<\/p>\n\n\n\n<p>Ha publicado ensayos y art\u00edculos en revistas especializadas. Entre sus obras destacan La Guerrilla de Fabricio Ojeda Frente \u201cRudas Mezzone\u201d (2009);<br>Colonialidad de la Historia Local. Reflexiones desde la Historia Local de El Tocuyo Colonial (2023); Pedro Le\u00f3n Torres arroyo humano, obra ganadora del primer lugar del Concurso Nacional sobre la Trayectoria Hist\u00f3rica del General de Divisi\u00f3n Pedro Le\u00f3n Torres (2022), y Expansionismo, Doctrina Monroe y Destino Manifiesto: Un an\u00e1lisis hist\u00f3rico (2023), con la cual gan\u00f3 el Concurso de Ensayos Hist\u00f3ricos Bolivarianismo vs Monroismo: 200 a\u00f1os de la Doctrina Monroe, convocado por el Centro de<br>Estudios Sim\u00f3n Bol\u00edvar.<\/p>\n\n\n\n<p>Actualmente se desempe\u00f1a como cronista del municipio Moran, al sur del estado Lara, y realiza investigaciones sobre diversas tem\u00e1ticas hist\u00f3ricas y pol\u00edticas de Venezuela y Am\u00e9rica Latina.<\/p>\n\n\n\n<p>La Bienal Nacional de Literatura Argimiro Gabald\u00f3n es impulsada por el Ministerio del Poder Popular para la Cultura (MPPC), a trav\u00e9s del Cenal, y est\u00e1 dirigida a escritores venezolanos o extranjeros residenciados en el pa\u00eds que deseen participar con sus obras in\u00e9ditas.<\/p>\n","protected":false},"excerpt":{"rendered":"<p>El escritor larense Rolando Jos\u00e9 Graterol Guzm\u00e1n gan\u00f3 la VII Bienal Nacional de Literatura Argimiro Gabald\u00f3n, menci\u00f3n Ensayo, con su obra &#8220;Petr\u00f3leo y poder: la injerencia extranjera en Venezuela 1902-1958&#8221;. [&hellip;]<\/p>\n","protected":false},"author":10,"featured_media":24825,"comment_status":"open","ping_status":"closed","sticky":false,"template":"","format":"standard","meta":{"spay_email":"","jetpack_publicize_message":"","jetpack_is_tweetstorm":false,"jetpack_publicize_feature_enabled":true},"categories":[19,2],"tags":[],"yoast_head":"<!-- This site is optimized with the Yoast SEO plugin v19.8 - https:\/\/yoast.com\/wordpress\/plugins\/seo\/ -->\n<title>Rolando Jos\u00e9 Graterol Guzm\u00e1n gan\u00f3 la VII Bienal Nacional de Literatura Argimiro Gabald\u00f3n<\/title>\n<meta name=\"robots\" content=\"index, follow, max-snippet:-1, max-image-preview:large, max-video-preview:-1\" \/>\n<link rel=\"canonical\" href=\"https:\/\/cenal.gob.ve\/?p=24822\" \/>\n<meta property=\"og:locale\" content=\"es_ES\" \/>\n<meta property=\"og:type\" content=\"article\" \/>\n<meta property=\"og:title\" content=\"Rolando Jos\u00e9 Graterol Guzm\u00e1n gan\u00f3 la VII Bienal Nacional de Literatura Argimiro Gabald\u00f3n\" \/>\n<meta property=\"og:description\" content=\"El escritor larense Rolando Jos\u00e9 Graterol Guzm\u00e1n gan\u00f3 la VII Bienal Nacional de Literatura Argimiro Gabald\u00f3n, menci\u00f3n Ensayo, con su obra &#8220;Petr\u00f3leo y poder: la injerencia extranjera en Venezuela 1902-1958&#8221;. [&hellip;]\" \/>\n<meta property=\"og:url\" content=\"https:\/\/cenal.gob.ve\/?p=24822\" \/>\n<meta property=\"og:site_name\" content=\"Cenal\" \/>\n<meta property=\"article:published_time\" content=\"2024-10-28T19:10:51+00:00\" \/>\n<meta property=\"article:modified_time\" content=\"2024-10-28T19:51:47+00:00\" \/>\n<meta property=\"og:image\" content=\"http:\/\/cenal.gob.ve\/wp-content\/uploads\/2024\/10\/IMG-20241028-WA0004-1.jpg\" \/>\n\t<meta property=\"og:image:width\" content=\"1080\" \/>\n\t<meta property=\"og:image:height\" content=\"1019\" \/>\n\t<meta property=\"og:image:type\" content=\"image\/jpeg\" \/>\n<meta name=\"author\" content=\"Prensa Cenal\" \/>\n<meta name=\"twitter:card\" content=\"summary_large_image\" \/>\n<meta name=\"twitter:label1\" content=\"Written by\" \/>\n\t<meta name=\"twitter:data1\" content=\"Prensa Cenal\" \/>\n\t<meta name=\"twitter:label2\" content=\"Est. reading time\" \/>\n\t<meta name=\"twitter:data2\" content=\"3 minutos\" \/>\n<script type=\"application\/ld+json\" class=\"yoast-schema-graph\">{\"@context\":\"https:\/\/schema.org\",\"@graph\":[{\"@type\":\"Article\",\"@id\":\"https:\/\/cenal.gob.ve\/?p=24822#article\",\"isPartOf\":{\"@id\":\"https:\/\/cenal.gob.ve\/?p=24822\"},\"author\":{\"name\":\"Prensa Cenal\",\"@id\":\"https:\/\/cenal.gob.ve\/#\/schema\/person\/e3ed34623f400ffab8bc7a63b2f5533f\"},\"headline\":\"Rolando Jos\u00e9 Graterol Guzm\u00e1n gan\u00f3 la VII Bienal Nacional de Literatura Argimiro Gabald\u00f3n\",\"datePublished\":\"2024-10-28T19:10:51+00:00\",\"dateModified\":\"2024-10-28T19:51:47+00:00\",\"mainEntityOfPage\":{\"@id\":\"https:\/\/cenal.gob.ve\/?p=24822\"},\"wordCount\":528,\"commentCount\":2,\"publisher\":{\"@id\":\"https:\/\/cenal.gob.ve\/#organization\"},\"articleSection\":[\"Bienales\",\"Cenal\"],\"inLanguage\":\"es\",\"potentialAction\":[{\"@type\":\"CommentAction\",\"name\":\"Comment\",\"target\":[\"https:\/\/cenal.gob.ve\/?p=24822#respond\"]}]},{\"@type\":\"WebPage\",\"@id\":\"https:\/\/cenal.gob.ve\/?p=24822\",\"url\":\"https:\/\/cenal.gob.ve\/?p=24822\",\"name\":\"Rolando Jos\u00e9 Graterol Guzm\u00e1n gan\u00f3 la VII Bienal Nacional de Literatura Argimiro Gabald\u00f3n\",\"isPartOf\":{\"@id\":\"https:\/\/cenal.gob.ve\/#website\"},\"datePublished\":\"2024-10-28T19:10:51+00:00\",\"dateModified\":\"2024-10-28T19:51:47+00:00\",\"breadcrumb\":{\"@id\":\"https:\/\/cenal.gob.ve\/?p=24822#breadcrumb\"},\"inLanguage\":\"es\",\"potentialAction\":[{\"@type\":\"ReadAction\",\"target\":[\"https:\/\/cenal.gob.ve\/?p=24822\"]}]},{\"@type\":\"BreadcrumbList\",\"@id\":\"https:\/\/cenal.gob.ve\/?p=24822#breadcrumb\",\"itemListElement\":[{\"@type\":\"ListItem\",\"position\":1,\"name\":\"Home\",\"item\":\"https:\/\/cenal.gob.ve\/\"},{\"@type\":\"ListItem\",\"position\":2,\"name\":\"Rolando Jos\u00e9 Graterol Guzm\u00e1n gan\u00f3 la VII Bienal Nacional de Literatura Argimiro Gabald\u00f3n\"}]},{\"@type\":\"WebSite\",\"@id\":\"https:\/\/cenal.gob.ve\/#website\",\"url\":\"https:\/\/cenal.gob.ve\/\",\"name\":\"Cenal\",\"description\":\"\",\"publisher\":{\"@id\":\"https:\/\/cenal.gob.ve\/#organization\"},\"potentialAction\":[{\"@type\":\"SearchAction\",\"target\":{\"@type\":\"EntryPoint\",\"urlTemplate\":\"https:\/\/cenal.gob.ve\/?s={search_term_string}\"},\"query-input\":\"required name=search_term_string\"}],\"inLanguage\":\"es\"},{\"@type\":\"Organization\",\"@id\":\"https:\/\/cenal.gob.ve\/#organization\",\"name\":\"CENAL\",\"url\":\"https:\/\/cenal.gob.ve\/\",\"sameAs\":[],\"logo\":{\"@type\":\"ImageObject\",\"inLanguage\":\"es\",\"@id\":\"https:\/\/cenal.gob.ve\/#\/schema\/logo\/image\/\",\"url\":\"https:\/\/i0.wp.com\/cenal.gob.ve\/wp-content\/uploads\/2022\/10\/cropped-images.jpg?fit=512%2C512\",\"contentUrl\":\"https:\/\/i0.wp.com\/cenal.gob.ve\/wp-content\/uploads\/2022\/10\/cropped-images.jpg?fit=512%2C512\",\"width\":512,\"height\":512,\"caption\":\"CENAL\"},\"image\":{\"@id\":\"https:\/\/cenal.gob.ve\/#\/schema\/logo\/image\/\"}},{\"@type\":\"Person\",\"@id\":\"https:\/\/cenal.gob.ve\/#\/schema\/person\/e3ed34623f400ffab8bc7a63b2f5533f\",\"name\":\"Prensa Cenal\",\"image\":{\"@type\":\"ImageObject\",\"inLanguage\":\"es\",\"@id\":\"https:\/\/cenal.gob.ve\/#\/schema\/person\/image\/\",\"url\":\"https:\/\/secure.gravatar.com\/avatar\/594b4ed34090910c619ac3679001d491?s=96&d=mm&r=g\",\"contentUrl\":\"https:\/\/secure.gravatar.com\/avatar\/594b4ed34090910c619ac3679001d491?s=96&d=mm&r=g\",\"caption\":\"Prensa Cenal\"},\"url\":\"https:\/\/cenal.gob.ve\/?author=10\"}]}<\/script>\n<!-- \/ Yoast SEO plugin. -->","yoast_head_json":{"title":"Rolando Jos\u00e9 Graterol Guzm\u00e1n gan\u00f3 la VII Bienal Nacional de Literatura Argimiro Gabald\u00f3n","robots":{"index":"index","follow":"follow","max-snippet":"max-snippet:-1","max-image-preview":"max-image-preview:large","max-video-preview":"max-video-preview:-1"},"canonical":"https:\/\/cenal.gob.ve\/?p=24822","og_locale":"es_ES","og_type":"article","og_title":"Rolando Jos\u00e9 Graterol Guzm\u00e1n gan\u00f3 la VII Bienal Nacional de Literatura Argimiro Gabald\u00f3n","og_description":"El escritor larense Rolando Jos\u00e9 Graterol Guzm\u00e1n gan\u00f3 la VII Bienal Nacional de Literatura Argimiro Gabald\u00f3n, menci\u00f3n Ensayo, con su obra &#8220;Petr\u00f3leo y poder: la injerencia extranjera en Venezuela 1902-1958&#8221;. [&hellip;]","og_url":"https:\/\/cenal.gob.ve\/?p=24822","og_site_name":"Cenal","article_published_time":"2024-10-28T19:10:51+00:00","article_modified_time":"2024-10-28T19:51:47+00:00","og_image":[{"width":1080,"height":1019,"url":"http:\/\/cenal.gob.ve\/wp-content\/uploads\/2024\/10\/IMG-20241028-WA0004-1.jpg","type":"image\/jpeg"}],"author":"Prensa Cenal","twitter_card":"summary_large_image","twitter_misc":{"Written by":"Prensa Cenal","Est. reading time":"3 minutos"},"schema":{"@context":"https:\/\/schema.org","@graph":[{"@type":"Article","@id":"https:\/\/cenal.gob.ve\/?p=24822#article","isPartOf":{"@id":"https:\/\/cenal.gob.ve\/?p=24822"},"author":{"name":"Prensa Cenal","@id":"https:\/\/cenal.gob.ve\/#\/schema\/person\/e3ed34623f400ffab8bc7a63b2f5533f"},"headline":"Rolando Jos\u00e9 Graterol Guzm\u00e1n gan\u00f3 la VII Bienal Nacional de Literatura Argimiro Gabald\u00f3n","datePublished":"2024-10-28T19:10:51+00:00","dateModified":"2024-10-28T19:51:47+00:00","mainEntityOfPage":{"@id":"https:\/\/cenal.gob.ve\/?p=24822"},"wordCount":528,"commentCount":2,"publisher":{"@id":"https:\/\/cenal.gob.ve\/#organization"},"articleSection":["Bienales","Cenal"],"inLanguage":"es","potentialAction":[{"@type":"CommentAction","name":"Comment","target":["https:\/\/cenal.gob.ve\/?p=24822#respond"]}]},{"@type":"WebPage","@id":"https:\/\/cenal.gob.ve\/?p=24822","url":"https:\/\/cenal.gob.ve\/?p=24822","name":"Rolando Jos\u00e9 Graterol Guzm\u00e1n gan\u00f3 la VII Bienal Nacional de Literatura Argimiro Gabald\u00f3n","isPartOf":{"@id":"https:\/\/cenal.gob.ve\/#website"},"datePublished":"2024-10-28T19:10:51+00:00","dateModified":"2024-10-28T19:51:47+00:00","breadcrumb":{"@id":"https:\/\/cenal.gob.ve\/?p=24822#breadcrumb"},"inLanguage":"es","potentialAction":[{"@type":"ReadAction","target":["https:\/\/cenal.gob.ve\/?p=24822"]}]},{"@type":"BreadcrumbList","@id":"https:\/\/cenal.gob.ve\/?p=24822#breadcrumb","itemListElement":[{"@type":"ListItem","position":1,"name":"Home","item":"https:\/\/cenal.gob.ve\/"},{"@type":"ListItem","position":2,"name":"Rolando Jos\u00e9 Graterol Guzm\u00e1n gan\u00f3 la VII Bienal Nacional de Literatura Argimiro Gabald\u00f3n"}]},{"@type":"WebSite","@id":"https:\/\/cenal.gob.ve\/#website","url":"https:\/\/cenal.gob.ve\/","name":"Cenal","description":"","publisher":{"@id":"https:\/\/cenal.gob.ve\/#organization"},"potentialAction":[{"@type":"SearchAction","target":{"@type":"EntryPoint","urlTemplate":"https:\/\/cenal.gob.ve\/?s={search_term_string}"},"query-input":"required name=search_term_string"}],"inLanguage":"es"},{"@type":"Organization","@id":"https:\/\/cenal.gob.ve\/#organization","name":"CENAL","url":"https:\/\/cenal.gob.ve\/","sameAs":[],"logo":{"@type":"ImageObject","inLanguage":"es","@id":"https:\/\/cenal.gob.ve\/#\/schema\/logo\/image\/","url":"https:\/\/i0.wp.com\/cenal.gob.ve\/wp-content\/uploads\/2022\/10\/cropped-images.jpg?fit=512%2C512","contentUrl":"https:\/\/i0.wp.com\/cenal.gob.ve\/wp-content\/uploads\/2022\/10\/cropped-images.jpg?fit=512%2C512","width":512,"height":512,"caption":"CENAL"},"image":{"@id":"https:\/\/cenal.gob.ve\/#\/schema\/logo\/image\/"}},{"@type":"Person","@id":"https:\/\/cenal.gob.ve\/#\/schema\/person\/e3ed34623f400ffab8bc7a63b2f5533f","name":"Prensa Cenal","image":{"@type":"ImageObject","inLanguage":"es","@id":"https:\/\/cenal.gob.ve\/#\/schema\/person\/image\/","url":"https:\/\/secure.gravatar.com\/avatar\/594b4ed34090910c619ac3679001d491?s=96&d=mm&r=g","contentUrl":"https:\/\/secure.gravatar.com\/avatar\/594b4ed34090910c619ac3679001d491?s=96&d=mm&r=g","caption":"Prensa Cenal"},"url":"https:\/\/cenal.gob.ve\/?author=10"}]}},"jetpack_featured_media_url":"https:\/\/cenal.gob.ve\/wp-content\/uploads\/2024\/10\/IMG-20241028-WA0004-1.jpg","jetpack_publicize_connections":[],"jetpack_shortlink":"https:\/\/wp.me\/p5FMhp-6sm","_links":{"self":[{"href":"https:\/\/cenal.gob.ve\/index.php?rest_route=\/wp\/v2\/posts\/24822"}],"collection":[{"href":"https:\/\/cenal.gob.ve\/index.php?rest_route=\/wp\/v2\/posts"}],"about":[{"href":"https:\/\/cenal.gob.ve\/index.php?rest_route=\/wp\/v2\/types\/post"}],"author":[{"embeddable":true,"href":"https:\/\/cenal.gob.ve\/index.php?rest_route=\/wp\/v2\/users\/10"}],"replies":[{"embeddable":true,"href":"https:\/\/cenal.gob.ve\/index.php?rest_route=%2Fwp%2Fv2%2Fcomments&post=24822"}],"version-history":[{"count":4,"href":"https:\/\/cenal.gob.ve\/index.php?rest_route=\/wp\/v2\/posts\/24822\/revisions"}],"predecessor-version":[{"id":25049,"href":"https:\/\/cenal.gob.ve\/index.php?rest_route=\/wp\/v2\/posts\/24822\/revisions\/25049"}],"wp:featuredmedia":[{"embeddable":true,"href":"https:\/\/cenal.gob.ve\/index.php?rest_route=\/wp\/v2\/media\/24825"}],"wp:attachment":[{"href":"https:\/\/cenal.gob.ve\/index.php?rest_route=%2Fwp%2Fv2%2Fmedia&parent=24822"}],"wp:term":[{"taxonomy":"category","embeddable":true,"href":"https:\/\/cenal.gob.ve\/index.php?rest_route=%2Fwp%2Fv2%2Fcategories&post=24822"},{"taxonomy":"post_tag","embeddable":true,"href":"https:\/\/cenal.gob.ve\/index.php?rest_route=%2Fwp%2Fv2%2Ftags&post=24822"}],"curies":[{"name":"wp","href":"https:\/\/api.w.org\/{rel}","templated":true}]}}