{"id":24904,"date":"2024-11-17T07:01:00","date_gmt":"2024-11-17T11:01:00","guid":{"rendered":"https:\/\/cenal.gob.ve\/?p=24904"},"modified":"2024-11-18T02:43:03","modified_gmt":"2024-11-18T06:43:03","slug":"la-intriga-detras-de-la-formula","status":"publish","type":"post","link":"https:\/\/cenal.gob.ve\/?p=24904","title":{"rendered":"La intriga detr\u00e1s de la f\u00f3rmula"},"content":{"rendered":"\n<p class=\"has-drop-cap\">Los ep\u00edgrafes generalmente son faros que los autores colocan al inicio de sus textos para iluminar el camino que va a recorrer el lector. A veces a un ep\u00edgrafe lo acompa\u00f1a otro para que la iluminaci\u00f3n tenga mayor intensidad. Cuando son m\u00e1s de dos, es momento de preocuparse, porque tantos faros en vez de ayudar, enceguecen.<\/p>\n\n\n\n<p>Ninguno de estos casos tiene que ver la novela <em>La \u00faltima vez<\/em> (2022) del escritor argentino Guillermo Mart\u00ednez, porque carece de ep\u00edgrafes. Sin embargo, tiene por subt\u00edtulo \u201cuna intriga literaria\u201d, que al lector puede darle alg\u00fan indicio. Pero la ilustraci\u00f3n de un cuaderno de notas que cae al fondo de una piscina es un detalle m\u00e1s que ilustrativo.<\/p>\n\n\n\n<p>Subt\u00edtulo e ilustraci\u00f3n podr\u00edan ser los ep\u00edgrafes innecesarios, porque al final de cuentas el lector se encontrar\u00e1 con citas, personajes y obras en una ficci\u00f3n que funciona como un reloj.<\/p>\n\n\n\n<figure class=\"wp-block-image size-large\"><img width=\"1024\" height=\"576\" src=\"http:\/\/cenal.gob.ve\/wp-content\/uploads\/2024\/11\/La-ultima-vez-intriga-literaria-Guillermo-Marti\u0301nez-1024x576.png\" alt=\"\" class=\"wp-image-24911\" srcset=\"https:\/\/cenal.gob.ve\/wp-content\/uploads\/2024\/11\/La-ultima-vez-intriga-literaria-Guillermo-Marti\u0301nez-1024x576.png 1024w, https:\/\/cenal.gob.ve\/wp-content\/uploads\/2024\/11\/La-ultima-vez-intriga-literaria-Guillermo-Marti\u0301nez-300x169.png 300w, https:\/\/cenal.gob.ve\/wp-content\/uploads\/2024\/11\/La-ultima-vez-intriga-literaria-Guillermo-Marti\u0301nez-768x432.png 768w, https:\/\/cenal.gob.ve\/wp-content\/uploads\/2024\/11\/La-ultima-vez-intriga-literaria-Guillermo-Marti\u0301nez-1536x864.png 1536w, https:\/\/cenal.gob.ve\/wp-content\/uploads\/2024\/11\/La-ultima-vez-intriga-literaria-Guillermo-Marti\u0301nez-640x360.png 640w, https:\/\/cenal.gob.ve\/wp-content\/uploads\/2024\/11\/La-ultima-vez-intriga-literaria-Guillermo-Marti\u0301nez.png 1920w\" sizes=\"(max-width: 1024px) 100vw, 1024px\" \/><\/figure>\n\n\n\n<p>Esta es la historia inconclusa, literariamente hablando, de un cr\u00edtico literario y un \u201cescritor argentino abrumadoramente famoso\u201d que se llama A. Es necesario acotar que Guillermo Mart\u00ednez es matem\u00e1tico y el narrador de la novela, tambi\u00e9n. Si no fueran matem\u00e1ticos, el escritor se llamar\u00eda X.&nbsp;<\/p>\n\n\n\n<p>Antes de llegar a <em>esta novela de intriga literaria<\/em>, Mart\u00ednez obtuvo en 1989 el premio del Fondo Nacional de las Artes por el libro de cuentos <em>Infierno grande<\/em>. En 2003 gana el Premio Planeta Argentina con la novela <em>Cr\u00edmenes imperceptibles<\/em>, que en 2008 fue llevada al cine por el espa\u00f1ol Alex de la Iglesia bajo el t\u00edtulo <em>Los cr\u00edmenes de Oxford<\/em>. A partir de la exhibici\u00f3n de este film, las ediciones posteriores del libro pasaron a tener el t\u00edtulo de la pel\u00edcula. Tambi\u00e9n ha sido merecedor del Nadal de novela 2019 por <em>Los cr\u00edmenes de Alicia<\/em>.<\/p>\n\n\n\n<p>La novela <em>La \u00faltima vez<\/em> no tiene por referente la canci\u00f3n de un tango o milonga como sugiere el t\u00edtulo, aunque podr\u00eda tener sentido por las tribulaciones de A debido a la incomprensi\u00f3n de los lectores de sus libros. Sin embargo, es el cuento \u201c<a href=\"https:\/\/www.literatura.us\/idiomas\/james\/vez.html\" target=\"_blank\" rel=\"noreferrer noopener\">La pr\u00f3xima vez<\/a>\u201d (1895), de Henry James, que presenta como un juego de sus personajes y tambi\u00e9n de palabras.<\/p>\n\n\n\n<p>Otro de los autores, entre muchos que refiere la novela y que el lector podr\u00e1 disfrutar c\u00f3mo el narrador va desenredando los acertijos literarios, es el escritor chileno Jos\u00e9 Donoso con la novela <em>El jard\u00edn de al lado<\/em> (1981). De esta toma el personaje de la agente literaria Nuria Moncl\u00fas y menciona a Marcelo Chiriboga, un escritor ecuatoriano ficticio que forma parte del <em>boom<\/em> latinoamericano.<\/p>\n\n\n\n<p>As\u00ed como Donoso juega en <em>El jard\u00edn de al lado<\/em> con \u201c\u00bfnovela-documento que, aunque ya rechazada una vez por la formidable Nuria Moncl\u00fas, yo estaba seguro de poder transformar en una obra maestra superior a esa literatura de consumo, hoy tan de moda, que ha encumbrado a falsos dioses como Garc\u00eda M\u00e1rquez, Marcelo Chiriboga y Carlos Fuentes?\u201d.<\/p>\n\n\n\n<p>Tambi\u00e9n Mart\u00ednez hace lo propio en <em>La \u00faltima vez<\/em>: \u201cA la pregunta de cu\u00e1l era su autor favorito entre los del <em>boom<\/em>, A hab\u00eda respondido, como una <em>boutade<\/em>, que Marcelo Chiriboga, \u00abaunque no tanto por <em>La l\u00ednea imaginaria<\/em>, que le parec\u00eda sobrevalorada\u201d.<\/p>\n\n\n\n<p>Entre los escritores del <em>boom<\/em> se encuentra Donoso por su novela <em>El obsceno p\u00e1jaro de la noche<\/em>, que en <em>La \u00faltima vez<\/em>, se menciona tangencialmente en la descripci\u00f3n de la esposa de A: \u201cSobreviv\u00eda sin embargo, imp\u00fadica, desatada, como la \u00fanica pasi\u00f3n en pie, la exaltaci\u00f3n sexual, el obsceno p\u00e1jaro de la noche\u201d.<\/p>\n\n\n\n<p>Entonces, como lectores dejamos de ser pasivos \u2014dir\u00eda Julio Cort\u00e1zar\u2014 y nos convertimos en detectives literarios, ya que de intriga se trata la novela. Vamos a la b\u00fasqueda de la obra de Jos\u00e9 Donoso y el ep\u00edgrafe resulta ser de Henry James.<\/p>\n\n\n\n<p>Pareciera que todo cobra sentido si tomamos por cierto que los libros de los autores, como los de A, tienen patrones que se repiten, \u201caunque de formas ligeramente distintas: a veces es dos m\u00e1s dos m\u00e1s tres, a veces es cinco m\u00e1s dos, a veces es tres m\u00e1s cuatro\u201d.<\/p>\n\n\n\n<p>La literatura, como la de Guillermo Mart\u00ednez, contienen f\u00f3rmulas imperceptibles. Ricardo Piglia en una entrevista, cuando recibi\u00f3 el Premio R\u00f3mulo Gallegos en 2011, dijo que los patrones eran comparables con \u201cciertas reiteraciones de motivos en la m\u00fasica\u201d. Son como las repeticiones de Charlie Parker que surgen como improvisaciones, porque tocaba como si fuera la \u00faltima vez.<\/p>\n","protected":false},"excerpt":{"rendered":"<p>Los ep\u00edgrafes generalmente son faros que los autores colocan al inicio de sus textos para iluminar el camino que va a recorrer el lector. A veces a un ep\u00edgrafe lo acompa\u00f1a otro para que la iluminaci\u00f3n tenga mayor intensidad. Cuando son m\u00e1s de dos, es momento de preocuparse, porque tantos faros en vez de ayudar, enceguecen.<\/p>\n","protected":false},"author":9,"featured_media":24901,"comment_status":"open","ping_status":"open","sticky":false,"template":"","format":"standard","meta":{"spay_email":"","jetpack_publicize_message":"","jetpack_is_tweetstorm":false,"jetpack_publicize_feature_enabled":true},"categories":[53,69],"tags":[211,216],"yoast_head":"<!-- This site is optimized with the Yoast SEO plugin v19.8 - https:\/\/yoast.com\/wordpress\/plugins\/seo\/ -->\n<title>La intriga detr\u00e1s de la f\u00f3rmula<\/title>\n<meta name=\"description\" content=\"Los ep\u00edgrafes generalmente son faros que los autores colocan al inicio de sus textos para iluminar el camino que va a recorrer el lector. A veces a un ep\u00edgrafe lo acompa\u00f1a otro para que la iluminaci\u00f3n tenga mayor intensidad. Cuando son m\u00e1s de dos, es momento de preocuparse, porque tantos faros en vez de ayudar, enceguecen.\" \/>\n<meta name=\"robots\" content=\"index, follow, max-snippet:-1, max-image-preview:large, max-video-preview:-1\" \/>\n<link rel=\"canonical\" href=\"https:\/\/cenal.gob.ve\/?p=24904\" \/>\n<meta property=\"og:locale\" content=\"es_ES\" \/>\n<meta property=\"og:type\" content=\"article\" \/>\n<meta property=\"og:title\" content=\"\u00a0La intriga detr\u00e1s de la f\u00f3rmula | Ra\u00fal Cazal\" \/>\n<meta property=\"og:description\" content=\"Los ep\u00edgrafes generalmente son faros que los autores colocan al inicio de sus textos para iluminar el camino que va a recorrer el lector. A veces a un ep\u00edgrafe lo acompa\u00f1a otro para que la iluminaci\u00f3n tenga mayor intensidad. Cuando son m\u00e1s de dos, es momento de preocuparse, porque tantos faros en vez de ayudar, enceguecen.\" \/>\n<meta property=\"og:url\" content=\"https:\/\/cenal.gob.ve\/?p=24904\" \/>\n<meta property=\"og:site_name\" content=\"Cenal\" \/>\n<meta property=\"article:published_time\" content=\"2024-11-17T11:01:00+00:00\" \/>\n<meta property=\"article:modified_time\" content=\"2024-11-18T06:43:03+00:00\" \/>\n<meta property=\"og:image\" content=\"http:\/\/cenal.gob.ve\/wp-content\/uploads\/2024\/11\/portada_la-ultima-vez_guillermo-martinez_202204271631.jpg\" \/>\n\t<meta property=\"og:image:width\" content=\"702\" \/>\n\t<meta property=\"og:image:height\" content=\"1200\" \/>\n\t<meta property=\"og:image:type\" content=\"image\/jpeg\" \/>\n<meta name=\"author\" content=\"Ra\u00fal Cazal\" \/>\n<meta name=\"twitter:card\" content=\"summary_large_image\" \/>\n<meta name=\"twitter:title\" content=\"\u00a0La intriga detr\u00e1s de la f\u00f3rmula | Ra\u00fal Cazal\" \/>\n<meta name=\"twitter:description\" content=\"Los ep\u00edgrafes generalmente son faros que los autores colocan al inicio de sus textos para iluminar el camino que va a recorrer el lector. A veces a un ep\u00edgrafe lo acompa\u00f1a otro para que la iluminaci\u00f3n tenga mayor intensidad. Cuando son m\u00e1s de dos, es momento de preocuparse, porque tantos faros en vez de ayudar, enceguecen.\" \/>\n<meta name=\"twitter:image\" content=\"https:\/\/cenal.gob.ve\/wp-content\/uploads\/2024\/11\/portada_la-ultima-vez_guillermo-martinez_202204271631.jpg\" \/>\n<meta name=\"twitter:label1\" content=\"Written by\" \/>\n\t<meta name=\"twitter:data1\" content=\"Ra\u00fal Cazal\" \/>\n\t<meta name=\"twitter:label2\" content=\"Est. reading time\" \/>\n\t<meta name=\"twitter:data2\" content=\"4 minutos\" \/>\n<script type=\"application\/ld+json\" class=\"yoast-schema-graph\">{\"@context\":\"https:\/\/schema.org\",\"@graph\":[{\"@type\":\"Article\",\"@id\":\"https:\/\/cenal.gob.ve\/?p=24904#article\",\"isPartOf\":{\"@id\":\"https:\/\/cenal.gob.ve\/?p=24904\"},\"author\":{\"name\":\"Ra\u00fal Cazal\",\"@id\":\"https:\/\/cenal.gob.ve\/#\/schema\/person\/a6db8b0bfca231546dc925c41aead319\"},\"headline\":\"La intriga detr\u00e1s de la f\u00f3rmula\",\"datePublished\":\"2024-11-17T11:01:00+00:00\",\"dateModified\":\"2024-11-18T06:43:03+00:00\",\"mainEntityOfPage\":{\"@id\":\"https:\/\/cenal.gob.ve\/?p=24904\"},\"wordCount\":783,\"commentCount\":0,\"publisher\":{\"@id\":\"https:\/\/cenal.gob.ve\/#organization\"},\"keywords\":[\"Literatura\",\"Novelas\"],\"articleSection\":[\"Lecturas\",\"Ojo por hoja\"],\"inLanguage\":\"es\",\"potentialAction\":[{\"@type\":\"CommentAction\",\"name\":\"Comment\",\"target\":[\"https:\/\/cenal.gob.ve\/?p=24904#respond\"]}]},{\"@type\":\"WebPage\",\"@id\":\"https:\/\/cenal.gob.ve\/?p=24904\",\"url\":\"https:\/\/cenal.gob.ve\/?p=24904\",\"name\":\"La intriga detr\u00e1s de la f\u00f3rmula\",\"isPartOf\":{\"@id\":\"https:\/\/cenal.gob.ve\/#website\"},\"datePublished\":\"2024-11-17T11:01:00+00:00\",\"dateModified\":\"2024-11-18T06:43:03+00:00\",\"description\":\"Los ep\u00edgrafes generalmente son faros que los autores colocan al inicio de sus textos para iluminar el camino que va a recorrer el lector. A veces a un ep\u00edgrafe lo acompa\u00f1a otro para que la iluminaci\u00f3n tenga mayor intensidad. Cuando son m\u00e1s de dos, es momento de preocuparse, porque tantos faros en vez de ayudar, enceguecen.\",\"breadcrumb\":{\"@id\":\"https:\/\/cenal.gob.ve\/?p=24904#breadcrumb\"},\"inLanguage\":\"es\",\"potentialAction\":[{\"@type\":\"ReadAction\",\"target\":[\"https:\/\/cenal.gob.ve\/?p=24904\"]}]},{\"@type\":\"BreadcrumbList\",\"@id\":\"https:\/\/cenal.gob.ve\/?p=24904#breadcrumb\",\"itemListElement\":[{\"@type\":\"ListItem\",\"position\":1,\"name\":\"Home\",\"item\":\"https:\/\/cenal.gob.ve\/\"},{\"@type\":\"ListItem\",\"position\":2,\"name\":\"La intriga detr\u00e1s de la f\u00f3rmula\"}]},{\"@type\":\"WebSite\",\"@id\":\"https:\/\/cenal.gob.ve\/#website\",\"url\":\"https:\/\/cenal.gob.ve\/\",\"name\":\"Cenal\",\"description\":\"\",\"publisher\":{\"@id\":\"https:\/\/cenal.gob.ve\/#organization\"},\"potentialAction\":[{\"@type\":\"SearchAction\",\"target\":{\"@type\":\"EntryPoint\",\"urlTemplate\":\"https:\/\/cenal.gob.ve\/?s={search_term_string}\"},\"query-input\":\"required name=search_term_string\"}],\"inLanguage\":\"es\"},{\"@type\":\"Organization\",\"@id\":\"https:\/\/cenal.gob.ve\/#organization\",\"name\":\"CENAL\",\"url\":\"https:\/\/cenal.gob.ve\/\",\"sameAs\":[],\"logo\":{\"@type\":\"ImageObject\",\"inLanguage\":\"es\",\"@id\":\"https:\/\/cenal.gob.ve\/#\/schema\/logo\/image\/\",\"url\":\"https:\/\/i0.wp.com\/cenal.gob.ve\/wp-content\/uploads\/2022\/10\/cropped-images.jpg?fit=512%2C512\",\"contentUrl\":\"https:\/\/i0.wp.com\/cenal.gob.ve\/wp-content\/uploads\/2022\/10\/cropped-images.jpg?fit=512%2C512\",\"width\":512,\"height\":512,\"caption\":\"CENAL\"},\"image\":{\"@id\":\"https:\/\/cenal.gob.ve\/#\/schema\/logo\/image\/\"}},{\"@type\":\"Person\",\"@id\":\"https:\/\/cenal.gob.ve\/#\/schema\/person\/a6db8b0bfca231546dc925c41aead319\",\"name\":\"Ra\u00fal Cazal\",\"image\":{\"@type\":\"ImageObject\",\"inLanguage\":\"es\",\"@id\":\"https:\/\/cenal.gob.ve\/#\/schema\/person\/image\/\",\"url\":\"https:\/\/secure.gravatar.com\/avatar\/efcec262923fa6cdb1746d5c7c9fb742?s=96&d=mm&r=g\",\"contentUrl\":\"https:\/\/secure.gravatar.com\/avatar\/efcec262923fa6cdb1746d5c7c9fb742?s=96&d=mm&r=g\",\"caption\":\"Ra\u00fal Cazal\"},\"description\":\"Escritor, periodista y editor. Presidente del Centro Nacional del Libro desde noviembre de 2018. En febrero de 2019 asume la Direcci\u00f3n General de la Fundaci\u00f3n Editorial El perro y la rana y en agosto es nombrado Viceministro de Fomento para la Econom\u00eda Cultural. Es autor de los libros\u00a0de cuentos El bolero se baila pegadito (1988), Todo tiene su final (1992) y de poes\u00eda Algunas cuestiones sin importancia (1994). Es coautor con Freddy Fern\u00e1ndez del ensayo A qui\u00e9n le importa la opini\u00f3n de un ciego (2006). Gracias, medios de comunicaci\u00f3n (2018) fue merecedor del Premio Nacional de Periodismo en 2019, menci\u00f3n Libro. Actualmente dirige y conduce Las formas del libro.\",\"url\":\"https:\/\/cenal.gob.ve\/?author=9\"}]}<\/script>\n<!-- \/ Yoast SEO plugin. -->","yoast_head_json":{"title":"La intriga detr\u00e1s de la f\u00f3rmula","description":"Los ep\u00edgrafes generalmente son faros que los autores colocan al inicio de sus textos para iluminar el camino que va a recorrer el lector. A veces a un ep\u00edgrafe lo acompa\u00f1a otro para que la iluminaci\u00f3n tenga mayor intensidad. Cuando son m\u00e1s de dos, es momento de preocuparse, porque tantos faros en vez de ayudar, enceguecen.","robots":{"index":"index","follow":"follow","max-snippet":"max-snippet:-1","max-image-preview":"max-image-preview:large","max-video-preview":"max-video-preview:-1"},"canonical":"https:\/\/cenal.gob.ve\/?p=24904","og_locale":"es_ES","og_type":"article","og_title":"\u00a0La intriga detr\u00e1s de la f\u00f3rmula | Ra\u00fal Cazal","og_description":"Los ep\u00edgrafes generalmente son faros que los autores colocan al inicio de sus textos para iluminar el camino que va a recorrer el lector. A veces a un ep\u00edgrafe lo acompa\u00f1a otro para que la iluminaci\u00f3n tenga mayor intensidad. Cuando son m\u00e1s de dos, es momento de preocuparse, porque tantos faros en vez de ayudar, enceguecen.","og_url":"https:\/\/cenal.gob.ve\/?p=24904","og_site_name":"Cenal","article_published_time":"2024-11-17T11:01:00+00:00","article_modified_time":"2024-11-18T06:43:03+00:00","og_image":[{"width":702,"height":1200,"url":"http:\/\/cenal.gob.ve\/wp-content\/uploads\/2024\/11\/portada_la-ultima-vez_guillermo-martinez_202204271631.jpg","type":"image\/jpeg"}],"author":"Ra\u00fal Cazal","twitter_card":"summary_large_image","twitter_title":"\u00a0La intriga detr\u00e1s de la f\u00f3rmula | Ra\u00fal Cazal","twitter_description":"Los ep\u00edgrafes generalmente son faros que los autores colocan al inicio de sus textos para iluminar el camino que va a recorrer el lector. A veces a un ep\u00edgrafe lo acompa\u00f1a otro para que la iluminaci\u00f3n tenga mayor intensidad. Cuando son m\u00e1s de dos, es momento de preocuparse, porque tantos faros en vez de ayudar, enceguecen.","twitter_image":"https:\/\/cenal.gob.ve\/wp-content\/uploads\/2024\/11\/portada_la-ultima-vez_guillermo-martinez_202204271631.jpg","twitter_misc":{"Written by":"Ra\u00fal Cazal","Est. reading time":"4 minutos"},"schema":{"@context":"https:\/\/schema.org","@graph":[{"@type":"Article","@id":"https:\/\/cenal.gob.ve\/?p=24904#article","isPartOf":{"@id":"https:\/\/cenal.gob.ve\/?p=24904"},"author":{"name":"Ra\u00fal Cazal","@id":"https:\/\/cenal.gob.ve\/#\/schema\/person\/a6db8b0bfca231546dc925c41aead319"},"headline":"La intriga detr\u00e1s de la f\u00f3rmula","datePublished":"2024-11-17T11:01:00+00:00","dateModified":"2024-11-18T06:43:03+00:00","mainEntityOfPage":{"@id":"https:\/\/cenal.gob.ve\/?p=24904"},"wordCount":783,"commentCount":0,"publisher":{"@id":"https:\/\/cenal.gob.ve\/#organization"},"keywords":["Literatura","Novelas"],"articleSection":["Lecturas","Ojo por hoja"],"inLanguage":"es","potentialAction":[{"@type":"CommentAction","name":"Comment","target":["https:\/\/cenal.gob.ve\/?p=24904#respond"]}]},{"@type":"WebPage","@id":"https:\/\/cenal.gob.ve\/?p=24904","url":"https:\/\/cenal.gob.ve\/?p=24904","name":"La intriga detr\u00e1s de la f\u00f3rmula","isPartOf":{"@id":"https:\/\/cenal.gob.ve\/#website"},"datePublished":"2024-11-17T11:01:00+00:00","dateModified":"2024-11-18T06:43:03+00:00","description":"Los ep\u00edgrafes generalmente son faros que los autores colocan al inicio de sus textos para iluminar el camino que va a recorrer el lector. A veces a un ep\u00edgrafe lo acompa\u00f1a otro para que la iluminaci\u00f3n tenga mayor intensidad. Cuando son m\u00e1s de dos, es momento de preocuparse, porque tantos faros en vez de ayudar, enceguecen.","breadcrumb":{"@id":"https:\/\/cenal.gob.ve\/?p=24904#breadcrumb"},"inLanguage":"es","potentialAction":[{"@type":"ReadAction","target":["https:\/\/cenal.gob.ve\/?p=24904"]}]},{"@type":"BreadcrumbList","@id":"https:\/\/cenal.gob.ve\/?p=24904#breadcrumb","itemListElement":[{"@type":"ListItem","position":1,"name":"Home","item":"https:\/\/cenal.gob.ve\/"},{"@type":"ListItem","position":2,"name":"La intriga detr\u00e1s de la f\u00f3rmula"}]},{"@type":"WebSite","@id":"https:\/\/cenal.gob.ve\/#website","url":"https:\/\/cenal.gob.ve\/","name":"Cenal","description":"","publisher":{"@id":"https:\/\/cenal.gob.ve\/#organization"},"potentialAction":[{"@type":"SearchAction","target":{"@type":"EntryPoint","urlTemplate":"https:\/\/cenal.gob.ve\/?s={search_term_string}"},"query-input":"required name=search_term_string"}],"inLanguage":"es"},{"@type":"Organization","@id":"https:\/\/cenal.gob.ve\/#organization","name":"CENAL","url":"https:\/\/cenal.gob.ve\/","sameAs":[],"logo":{"@type":"ImageObject","inLanguage":"es","@id":"https:\/\/cenal.gob.ve\/#\/schema\/logo\/image\/","url":"https:\/\/i0.wp.com\/cenal.gob.ve\/wp-content\/uploads\/2022\/10\/cropped-images.jpg?fit=512%2C512","contentUrl":"https:\/\/i0.wp.com\/cenal.gob.ve\/wp-content\/uploads\/2022\/10\/cropped-images.jpg?fit=512%2C512","width":512,"height":512,"caption":"CENAL"},"image":{"@id":"https:\/\/cenal.gob.ve\/#\/schema\/logo\/image\/"}},{"@type":"Person","@id":"https:\/\/cenal.gob.ve\/#\/schema\/person\/a6db8b0bfca231546dc925c41aead319","name":"Ra\u00fal Cazal","image":{"@type":"ImageObject","inLanguage":"es","@id":"https:\/\/cenal.gob.ve\/#\/schema\/person\/image\/","url":"https:\/\/secure.gravatar.com\/avatar\/efcec262923fa6cdb1746d5c7c9fb742?s=96&d=mm&r=g","contentUrl":"https:\/\/secure.gravatar.com\/avatar\/efcec262923fa6cdb1746d5c7c9fb742?s=96&d=mm&r=g","caption":"Ra\u00fal Cazal"},"description":"Escritor, periodista y editor. Presidente del Centro Nacional del Libro desde noviembre de 2018. En febrero de 2019 asume la Direcci\u00f3n General de la Fundaci\u00f3n Editorial El perro y la rana y en agosto es nombrado Viceministro de Fomento para la Econom\u00eda Cultural. Es autor de los libros\u00a0de cuentos El bolero se baila pegadito (1988), Todo tiene su final (1992) y de poes\u00eda Algunas cuestiones sin importancia (1994). Es coautor con Freddy Fern\u00e1ndez del ensayo A qui\u00e9n le importa la opini\u00f3n de un ciego (2006). Gracias, medios de comunicaci\u00f3n (2018) fue merecedor del Premio Nacional de Periodismo en 2019, menci\u00f3n Libro. Actualmente dirige y conduce Las formas del libro.","url":"https:\/\/cenal.gob.ve\/?author=9"}]}},"jetpack_featured_media_url":"https:\/\/cenal.gob.ve\/wp-content\/uploads\/2024\/11\/libro-piscina.jpg","jetpack_publicize_connections":[],"jetpack_shortlink":"https:\/\/wp.me\/p5FMhp-6tG","_links":{"self":[{"href":"https:\/\/cenal.gob.ve\/index.php?rest_route=\/wp\/v2\/posts\/24904"}],"collection":[{"href":"https:\/\/cenal.gob.ve\/index.php?rest_route=\/wp\/v2\/posts"}],"about":[{"href":"https:\/\/cenal.gob.ve\/index.php?rest_route=\/wp\/v2\/types\/post"}],"author":[{"embeddable":true,"href":"https:\/\/cenal.gob.ve\/index.php?rest_route=\/wp\/v2\/users\/9"}],"replies":[{"embeddable":true,"href":"https:\/\/cenal.gob.ve\/index.php?rest_route=%2Fwp%2Fv2%2Fcomments&post=24904"}],"version-history":[{"count":9,"href":"https:\/\/cenal.gob.ve\/index.php?rest_route=\/wp\/v2\/posts\/24904\/revisions"}],"predecessor-version":[{"id":24924,"href":"https:\/\/cenal.gob.ve\/index.php?rest_route=\/wp\/v2\/posts\/24904\/revisions\/24924"}],"wp:featuredmedia":[{"embeddable":true,"href":"https:\/\/cenal.gob.ve\/index.php?rest_route=\/wp\/v2\/media\/24901"}],"wp:attachment":[{"href":"https:\/\/cenal.gob.ve\/index.php?rest_route=%2Fwp%2Fv2%2Fmedia&parent=24904"}],"wp:term":[{"taxonomy":"category","embeddable":true,"href":"https:\/\/cenal.gob.ve\/index.php?rest_route=%2Fwp%2Fv2%2Fcategories&post=24904"},{"taxonomy":"post_tag","embeddable":true,"href":"https:\/\/cenal.gob.ve\/index.php?rest_route=%2Fwp%2Fv2%2Ftags&post=24904"}],"curies":[{"name":"wp","href":"https:\/\/api.w.org\/{rel}","templated":true}]}}