{"id":24955,"date":"2024-12-02T08:56:43","date_gmt":"2024-12-02T12:56:43","guid":{"rendered":"https:\/\/cenal.gob.ve\/?p=24955"},"modified":"2024-12-02T12:43:21","modified_gmt":"2024-12-02T16:43:21","slug":"se-hizo-viral-reel-de-las-formas-del-libro-sobre-simon-bolivar","status":"publish","type":"post","link":"https:\/\/cenal.gob.ve\/?p=24955","title":{"rendered":"Se hizo viral reel de Las formas del libro sobre Sim\u00f3n Bol\u00edvar"},"content":{"rendered":"\n<p>El programa <strong>Las formas del libro<\/strong>, dirigido y conducido por el periodista Ra\u00fal Cazal, estren\u00f3 su episodio 50 con el que celebra tres a\u00f1os al aire y en poco tiempo la promo de este especial publicada en <strong>TikTok se hizo viral<\/strong>.<\/p>\n\n\n\n<figure class=\"wp-block-image size-large\"><img width=\"1024\" height=\"683\" src=\"https:\/\/cenal.gob.ve\/wp-content\/uploads\/2024\/12\/MG_3208-1024x683.jpg\" alt=\"\" class=\"wp-image-24968\" srcset=\"https:\/\/cenal.gob.ve\/wp-content\/uploads\/2024\/12\/MG_3208-1024x683.jpg 1024w, https:\/\/cenal.gob.ve\/wp-content\/uploads\/2024\/12\/MG_3208-300x200.jpg 300w, https:\/\/cenal.gob.ve\/wp-content\/uploads\/2024\/12\/MG_3208-768x512.jpg 768w, https:\/\/cenal.gob.ve\/wp-content\/uploads\/2024\/12\/MG_3208-1536x1024.jpg 1536w, https:\/\/cenal.gob.ve\/wp-content\/uploads\/2024\/12\/MG_3208-2048x1365.jpg 2048w, https:\/\/cenal.gob.ve\/wp-content\/uploads\/2024\/12\/MG_3208-640x427.jpg 640w\" sizes=\"(max-width: 1024px) 100vw, 1024px\" \/><\/figure>\n\n\n\n<p>El reel <em><a href=\"https:\/\/www.tiktok.com\/t\/ZP8N1yGyt\/\" target=\"_blank\" rel=\"noreferrer noopener nofollow\">https:\/\/www.tiktok.com\/t\/<\/a><a href=\"https:\/\/www.tiktok.com\/t\/ZP8N1yGyt\/\">ZP8N1yGyt<\/a><a href=\"https:\/\/www.tiktok.com\/t\/ZP8N1yGyt\/\" target=\"_blank\" rel=\"noreferrer noopener nofollow\">\/<\/a><\/em> que muestra un extracto del episodio con Ferm\u00edn Go\u00f1i en la cuenta de TikTok, alcanz\u00f3 m\u00e1s de 90 mil visualizaciones en dos d\u00edas, desde su publicaci\u00f3n el 27 de noviembre, un hito consider\u00e1ndose una cuenta peque\u00f1a que de momento mantiene 2 mil 660 seguidores.<\/p>\n\n\n\n<p>Adem\u00e1s, el reel tiene m\u00e1s de 13.500 me gusta y cerca de 1.200 comentarios.<\/p>\n\n\n\n<figure class=\"wp-block-image size-large\"><img width=\"1024\" height=\"683\" src=\"https:\/\/cenal.gob.ve\/wp-content\/uploads\/2024\/12\/MG_3196-1024x683.jpg\" alt=\"\" class=\"wp-image-24970\" srcset=\"https:\/\/cenal.gob.ve\/wp-content\/uploads\/2024\/12\/MG_3196-1024x683.jpg 1024w, https:\/\/cenal.gob.ve\/wp-content\/uploads\/2024\/12\/MG_3196-300x200.jpg 300w, https:\/\/cenal.gob.ve\/wp-content\/uploads\/2024\/12\/MG_3196-768x512.jpg 768w, https:\/\/cenal.gob.ve\/wp-content\/uploads\/2024\/12\/MG_3196-1536x1024.jpg 1536w, https:\/\/cenal.gob.ve\/wp-content\/uploads\/2024\/12\/MG_3196-2048x1365.jpg 2048w, https:\/\/cenal.gob.ve\/wp-content\/uploads\/2024\/12\/MG_3196-640x427.jpg 640w\" sizes=\"(max-width: 1024px) 100vw, 1024px\" \/><\/figure>\n\n\n\n<p>En el cap\u00edtulo 50, el escritor nacido en Pamplona, Navarra, Ferm\u00edn Go\u00f1i con su libro <em>Todo llevar\u00e1 su nombre<\/em> (FCE) conversa sobre Sim\u00f3n Bol\u00edvar, sus \u00faltimos d\u00edas y las batallas que se libraron para lograr la independencia de Venezuela del yugo espa\u00f1ol, hace doscientos a\u00f1os. A Go\u00f1i, quien se declara admirador de Bol\u00edvar, le tom\u00f3 10 a\u00f1os revisar todos los documentos y cartas del Libertador, leer biograf\u00edas de historiadores venezolanos e internacionales, adem\u00e1s de cotejar estrategias militares y visitar los lugares en donde \u00e9l estuvo durante la gesta libertadora.<\/p>\n\n\n\n<p>El cap\u00edtulo completo con la entrevista a Ferm\u00edn Go\u00f1i puede apreciarse en el siguiente enlace: <a href=\"https:\/\/youtu.be\/zwOhr6aXtuE\" target=\"_blank\" rel=\"noreferrer noopener\">https:\/\/youtu.be\/zwOhr6aXtuE<\/a><\/p>\n\n\n\n<figure class=\"wp-block-embed is-type-video is-provider-youtube wp-block-embed-youtube wp-embed-aspect-16-9 wp-has-aspect-ratio\"><div class=\"wp-block-embed__wrapper\">\n<div class=\"jetpack-video-wrapper\"><iframe title=\"Ferm\u00edn Go\u00f1i | Las formas del libro | Episodio 50\" width=\"640\" height=\"360\" src=\"https:\/\/www.youtube.com\/embed\/zwOhr6aXtuE?feature=oembed\" frameborder=\"0\" allow=\"accelerometer; autoplay; clipboard-write; encrypted-media; gyroscope; picture-in-picture; web-share\" referrerpolicy=\"strict-origin-when-cross-origin\" allowfullscreen><\/iframe><\/div>\n<\/div><\/figure>\n\n\n\n<p>Las formas del libro es producido por el Centro Nacional del Libro (Cenal), ente adscrito al Ministerio del Poder Popular para la Cultura, y recibi\u00f3 menci\u00f3n especial del Premio Nacional de Periodismo Sim\u00f3n Bol\u00edvar 2023 en la categor\u00eda Periodismo Cultural.<\/p>\n\n\n\n<figure class=\"wp-block-image size-large\"><img width=\"1024\" height=\"683\" src=\"https:\/\/cenal.gob.ve\/wp-content\/uploads\/2024\/12\/MG_3215-1024x683.jpg\" alt=\"\" class=\"wp-image-24973\" srcset=\"https:\/\/cenal.gob.ve\/wp-content\/uploads\/2024\/12\/MG_3215-1024x683.jpg 1024w, https:\/\/cenal.gob.ve\/wp-content\/uploads\/2024\/12\/MG_3215-300x200.jpg 300w, https:\/\/cenal.gob.ve\/wp-content\/uploads\/2024\/12\/MG_3215-768x512.jpg 768w, https:\/\/cenal.gob.ve\/wp-content\/uploads\/2024\/12\/MG_3215-1536x1024.jpg 1536w, https:\/\/cenal.gob.ve\/wp-content\/uploads\/2024\/12\/MG_3215-2048x1365.jpg 2048w, https:\/\/cenal.gob.ve\/wp-content\/uploads\/2024\/12\/MG_3215-640x427.jpg 640w\" sizes=\"(max-width: 1024px) 100vw, 1024px\" \/><\/figure>\n\n\n\n<p>Los episodios del programa se transmiten en el canal de YouTube y el sitio lasformasdellibro.com. Tambi\u00e9n son televisados por ANTV y ViveTV, en Venezuela, y por Multivision y Canal Educativo, en Cuba.<\/p>\n","protected":false},"excerpt":{"rendered":"<p>El programa Las formas del libro, dirigido y conducido por el periodista Ra\u00fal Cazal, estren\u00f3 su episodio 50 con el que celebra tres a\u00f1os al aire y en poco tiempo la promo de este especial publicada en TikTok se hizo viral<\/p>\n","protected":false},"author":10,"featured_media":24932,"comment_status":"open","ping_status":"open","sticky":false,"template":"","format":"standard","meta":{"spay_email":"","jetpack_publicize_message":"","jetpack_is_tweetstorm":false,"jetpack_publicize_feature_enabled":true},"categories":[2],"tags":[122],"yoast_head":"<!-- This site is optimized with the Yoast SEO plugin v19.8 - https:\/\/yoast.com\/wordpress\/plugins\/seo\/ -->\n<title>Se hizo viral reel de Las formas del libro sobre Sim\u00f3n Bol\u00edvar<\/title>\n<meta name=\"description\" content=\"El programa Las formas del libro, dirigido y conducido por el periodista Ra\u00fal Cazal, estren\u00f3 su episodio 50 con el que celebra tres a\u00f1os al aire y en poco tiempo la promo de este especial publicada en TikTok se hizo viral\" \/>\n<meta name=\"robots\" content=\"index, follow, max-snippet:-1, max-image-preview:large, max-video-preview:-1\" \/>\n<link rel=\"canonical\" href=\"https:\/\/cenal.gob.ve\/?p=24955\" \/>\n<meta property=\"og:locale\" content=\"es_ES\" \/>\n<meta property=\"og:type\" content=\"article\" \/>\n<meta property=\"og:title\" content=\"Se hizo viral reel de Las formas del libro sobre Sim\u00f3n Bol\u00edvar\" \/>\n<meta property=\"og:description\" content=\"El programa Las formas del libro, dirigido y conducido por el periodista Ra\u00fal Cazal, estren\u00f3 su episodio 50 con el que celebra tres a\u00f1os al aire y en poco tiempo la promo de este especial publicada en TikTok se hizo viral\" \/>\n<meta property=\"og:url\" content=\"https:\/\/cenal.gob.ve\/?p=24955\" \/>\n<meta property=\"og:site_name\" content=\"Cenal\" \/>\n<meta property=\"article:published_time\" content=\"2024-12-02T12:56:43+00:00\" \/>\n<meta property=\"article:modified_time\" content=\"2024-12-02T16:43:21+00:00\" \/>\n<meta property=\"og:image\" content=\"http:\/\/cenal.gob.ve\/wp-content\/uploads\/2024\/11\/Fermin-Goni-scaled.jpg\" \/>\n\t<meta property=\"og:image:width\" content=\"2560\" \/>\n\t<meta property=\"og:image:height\" content=\"1707\" \/>\n\t<meta property=\"og:image:type\" content=\"image\/jpeg\" \/>\n<meta name=\"author\" content=\"Prensa Cenal\" \/>\n<meta name=\"twitter:card\" content=\"summary_large_image\" \/>\n<meta name=\"twitter:title\" content=\"Se hizo viral reel de Las formas del libro sobre Sim\u00f3n Bol\u00edvar\" \/>\n<meta name=\"twitter:description\" content=\"El programa Las formas del libro, dirigido y conducido por el periodista Ra\u00fal Cazal, estren\u00f3 su episodio 50 con el que celebra tres a\u00f1os al aire y en poco tiempo la promo de este especial publicada en TikTok se hizo viral\" \/>\n<meta name=\"twitter:image\" content=\"https:\/\/cenal.gob.ve\/wp-content\/uploads\/2024\/11\/Fermin-Goni-scaled.jpg\" \/>\n<meta name=\"twitter:label1\" content=\"Written by\" \/>\n\t<meta name=\"twitter:data1\" content=\"Prensa Cenal\" \/>\n\t<meta name=\"twitter:label2\" content=\"Est. reading time\" \/>\n\t<meta name=\"twitter:data2\" content=\"2 minutos\" \/>\n<script type=\"application\/ld+json\" class=\"yoast-schema-graph\">{\"@context\":\"https:\/\/schema.org\",\"@graph\":[{\"@type\":\"Article\",\"@id\":\"https:\/\/cenal.gob.ve\/?p=24955#article\",\"isPartOf\":{\"@id\":\"https:\/\/cenal.gob.ve\/?p=24955\"},\"author\":{\"name\":\"Prensa Cenal\",\"@id\":\"https:\/\/cenal.gob.ve\/#\/schema\/person\/e3ed34623f400ffab8bc7a63b2f5533f\"},\"headline\":\"Se hizo viral reel de Las formas del libro sobre Sim\u00f3n Bol\u00edvar\",\"datePublished\":\"2024-12-02T12:56:43+00:00\",\"dateModified\":\"2024-12-02T16:43:21+00:00\",\"mainEntityOfPage\":{\"@id\":\"https:\/\/cenal.gob.ve\/?p=24955\"},\"wordCount\":332,\"commentCount\":1,\"publisher\":{\"@id\":\"https:\/\/cenal.gob.ve\/#organization\"},\"keywords\":[\"Las formas del libro\"],\"articleSection\":[\"Cenal\"],\"inLanguage\":\"es\",\"potentialAction\":[{\"@type\":\"CommentAction\",\"name\":\"Comment\",\"target\":[\"https:\/\/cenal.gob.ve\/?p=24955#respond\"]}]},{\"@type\":\"WebPage\",\"@id\":\"https:\/\/cenal.gob.ve\/?p=24955\",\"url\":\"https:\/\/cenal.gob.ve\/?p=24955\",\"name\":\"Se hizo viral reel de Las formas del libro sobre Sim\u00f3n Bol\u00edvar\",\"isPartOf\":{\"@id\":\"https:\/\/cenal.gob.ve\/#website\"},\"datePublished\":\"2024-12-02T12:56:43+00:00\",\"dateModified\":\"2024-12-02T16:43:21+00:00\",\"description\":\"El programa Las formas del libro, dirigido y conducido por el periodista Ra\u00fal Cazal, estren\u00f3 su episodio 50 con el que celebra tres a\u00f1os al aire y en poco tiempo la promo de este especial publicada en TikTok se hizo viral\",\"breadcrumb\":{\"@id\":\"https:\/\/cenal.gob.ve\/?p=24955#breadcrumb\"},\"inLanguage\":\"es\",\"potentialAction\":[{\"@type\":\"ReadAction\",\"target\":[\"https:\/\/cenal.gob.ve\/?p=24955\"]}]},{\"@type\":\"BreadcrumbList\",\"@id\":\"https:\/\/cenal.gob.ve\/?p=24955#breadcrumb\",\"itemListElement\":[{\"@type\":\"ListItem\",\"position\":1,\"name\":\"Home\",\"item\":\"https:\/\/cenal.gob.ve\/\"},{\"@type\":\"ListItem\",\"position\":2,\"name\":\"Se hizo viral reel de Las formas del libro sobre Sim\u00f3n Bol\u00edvar\"}]},{\"@type\":\"WebSite\",\"@id\":\"https:\/\/cenal.gob.ve\/#website\",\"url\":\"https:\/\/cenal.gob.ve\/\",\"name\":\"Cenal\",\"description\":\"\",\"publisher\":{\"@id\":\"https:\/\/cenal.gob.ve\/#organization\"},\"potentialAction\":[{\"@type\":\"SearchAction\",\"target\":{\"@type\":\"EntryPoint\",\"urlTemplate\":\"https:\/\/cenal.gob.ve\/?s={search_term_string}\"},\"query-input\":\"required name=search_term_string\"}],\"inLanguage\":\"es\"},{\"@type\":\"Organization\",\"@id\":\"https:\/\/cenal.gob.ve\/#organization\",\"name\":\"CENAL\",\"url\":\"https:\/\/cenal.gob.ve\/\",\"sameAs\":[],\"logo\":{\"@type\":\"ImageObject\",\"inLanguage\":\"es\",\"@id\":\"https:\/\/cenal.gob.ve\/#\/schema\/logo\/image\/\",\"url\":\"https:\/\/i0.wp.com\/cenal.gob.ve\/wp-content\/uploads\/2022\/10\/cropped-images.jpg?fit=512%2C512\",\"contentUrl\":\"https:\/\/i0.wp.com\/cenal.gob.ve\/wp-content\/uploads\/2022\/10\/cropped-images.jpg?fit=512%2C512\",\"width\":512,\"height\":512,\"caption\":\"CENAL\"},\"image\":{\"@id\":\"https:\/\/cenal.gob.ve\/#\/schema\/logo\/image\/\"}},{\"@type\":\"Person\",\"@id\":\"https:\/\/cenal.gob.ve\/#\/schema\/person\/e3ed34623f400ffab8bc7a63b2f5533f\",\"name\":\"Prensa Cenal\",\"image\":{\"@type\":\"ImageObject\",\"inLanguage\":\"es\",\"@id\":\"https:\/\/cenal.gob.ve\/#\/schema\/person\/image\/\",\"url\":\"https:\/\/secure.gravatar.com\/avatar\/594b4ed34090910c619ac3679001d491?s=96&d=mm&r=g\",\"contentUrl\":\"https:\/\/secure.gravatar.com\/avatar\/594b4ed34090910c619ac3679001d491?s=96&d=mm&r=g\",\"caption\":\"Prensa Cenal\"},\"url\":\"https:\/\/cenal.gob.ve\/?author=10\"}]}<\/script>\n<!-- \/ Yoast SEO plugin. -->","yoast_head_json":{"title":"Se hizo viral reel de Las formas del libro sobre Sim\u00f3n Bol\u00edvar","description":"El programa Las formas del libro, dirigido y conducido por el periodista Ra\u00fal Cazal, estren\u00f3 su episodio 50 con el que celebra tres a\u00f1os al aire y en poco tiempo la promo de este especial publicada en TikTok se hizo viral","robots":{"index":"index","follow":"follow","max-snippet":"max-snippet:-1","max-image-preview":"max-image-preview:large","max-video-preview":"max-video-preview:-1"},"canonical":"https:\/\/cenal.gob.ve\/?p=24955","og_locale":"es_ES","og_type":"article","og_title":"Se hizo viral reel de Las formas del libro sobre Sim\u00f3n Bol\u00edvar","og_description":"El programa Las formas del libro, dirigido y conducido por el periodista Ra\u00fal Cazal, estren\u00f3 su episodio 50 con el que celebra tres a\u00f1os al aire y en poco tiempo la promo de este especial publicada en TikTok se hizo viral","og_url":"https:\/\/cenal.gob.ve\/?p=24955","og_site_name":"Cenal","article_published_time":"2024-12-02T12:56:43+00:00","article_modified_time":"2024-12-02T16:43:21+00:00","og_image":[{"width":2560,"height":1707,"url":"http:\/\/cenal.gob.ve\/wp-content\/uploads\/2024\/11\/Fermin-Goni-scaled.jpg","type":"image\/jpeg"}],"author":"Prensa Cenal","twitter_card":"summary_large_image","twitter_title":"Se hizo viral reel de Las formas del libro sobre Sim\u00f3n Bol\u00edvar","twitter_description":"El programa Las formas del libro, dirigido y conducido por el periodista Ra\u00fal Cazal, estren\u00f3 su episodio 50 con el que celebra tres a\u00f1os al aire y en poco tiempo la promo de este especial publicada en TikTok se hizo viral","twitter_image":"https:\/\/cenal.gob.ve\/wp-content\/uploads\/2024\/11\/Fermin-Goni-scaled.jpg","twitter_misc":{"Written by":"Prensa Cenal","Est. reading time":"2 minutos"},"schema":{"@context":"https:\/\/schema.org","@graph":[{"@type":"Article","@id":"https:\/\/cenal.gob.ve\/?p=24955#article","isPartOf":{"@id":"https:\/\/cenal.gob.ve\/?p=24955"},"author":{"name":"Prensa Cenal","@id":"https:\/\/cenal.gob.ve\/#\/schema\/person\/e3ed34623f400ffab8bc7a63b2f5533f"},"headline":"Se hizo viral reel de Las formas del libro sobre Sim\u00f3n Bol\u00edvar","datePublished":"2024-12-02T12:56:43+00:00","dateModified":"2024-12-02T16:43:21+00:00","mainEntityOfPage":{"@id":"https:\/\/cenal.gob.ve\/?p=24955"},"wordCount":332,"commentCount":1,"publisher":{"@id":"https:\/\/cenal.gob.ve\/#organization"},"keywords":["Las formas del libro"],"articleSection":["Cenal"],"inLanguage":"es","potentialAction":[{"@type":"CommentAction","name":"Comment","target":["https:\/\/cenal.gob.ve\/?p=24955#respond"]}]},{"@type":"WebPage","@id":"https:\/\/cenal.gob.ve\/?p=24955","url":"https:\/\/cenal.gob.ve\/?p=24955","name":"Se hizo viral reel de Las formas del libro sobre Sim\u00f3n Bol\u00edvar","isPartOf":{"@id":"https:\/\/cenal.gob.ve\/#website"},"datePublished":"2024-12-02T12:56:43+00:00","dateModified":"2024-12-02T16:43:21+00:00","description":"El programa Las formas del libro, dirigido y conducido por el periodista Ra\u00fal Cazal, estren\u00f3 su episodio 50 con el que celebra tres a\u00f1os al aire y en poco tiempo la promo de este especial publicada en TikTok se hizo viral","breadcrumb":{"@id":"https:\/\/cenal.gob.ve\/?p=24955#breadcrumb"},"inLanguage":"es","potentialAction":[{"@type":"ReadAction","target":["https:\/\/cenal.gob.ve\/?p=24955"]}]},{"@type":"BreadcrumbList","@id":"https:\/\/cenal.gob.ve\/?p=24955#breadcrumb","itemListElement":[{"@type":"ListItem","position":1,"name":"Home","item":"https:\/\/cenal.gob.ve\/"},{"@type":"ListItem","position":2,"name":"Se hizo viral reel de Las formas del libro sobre Sim\u00f3n Bol\u00edvar"}]},{"@type":"WebSite","@id":"https:\/\/cenal.gob.ve\/#website","url":"https:\/\/cenal.gob.ve\/","name":"Cenal","description":"","publisher":{"@id":"https:\/\/cenal.gob.ve\/#organization"},"potentialAction":[{"@type":"SearchAction","target":{"@type":"EntryPoint","urlTemplate":"https:\/\/cenal.gob.ve\/?s={search_term_string}"},"query-input":"required name=search_term_string"}],"inLanguage":"es"},{"@type":"Organization","@id":"https:\/\/cenal.gob.ve\/#organization","name":"CENAL","url":"https:\/\/cenal.gob.ve\/","sameAs":[],"logo":{"@type":"ImageObject","inLanguage":"es","@id":"https:\/\/cenal.gob.ve\/#\/schema\/logo\/image\/","url":"https:\/\/i0.wp.com\/cenal.gob.ve\/wp-content\/uploads\/2022\/10\/cropped-images.jpg?fit=512%2C512","contentUrl":"https:\/\/i0.wp.com\/cenal.gob.ve\/wp-content\/uploads\/2022\/10\/cropped-images.jpg?fit=512%2C512","width":512,"height":512,"caption":"CENAL"},"image":{"@id":"https:\/\/cenal.gob.ve\/#\/schema\/logo\/image\/"}},{"@type":"Person","@id":"https:\/\/cenal.gob.ve\/#\/schema\/person\/e3ed34623f400ffab8bc7a63b2f5533f","name":"Prensa Cenal","image":{"@type":"ImageObject","inLanguage":"es","@id":"https:\/\/cenal.gob.ve\/#\/schema\/person\/image\/","url":"https:\/\/secure.gravatar.com\/avatar\/594b4ed34090910c619ac3679001d491?s=96&d=mm&r=g","contentUrl":"https:\/\/secure.gravatar.com\/avatar\/594b4ed34090910c619ac3679001d491?s=96&d=mm&r=g","caption":"Prensa Cenal"},"url":"https:\/\/cenal.gob.ve\/?author=10"}]}},"jetpack_featured_media_url":"https:\/\/cenal.gob.ve\/wp-content\/uploads\/2024\/11\/Fermin-Goni-scaled.jpg","jetpack_publicize_connections":[],"jetpack_shortlink":"https:\/\/wp.me\/p5FMhp-6uv","_links":{"self":[{"href":"https:\/\/cenal.gob.ve\/index.php?rest_route=\/wp\/v2\/posts\/24955"}],"collection":[{"href":"https:\/\/cenal.gob.ve\/index.php?rest_route=\/wp\/v2\/posts"}],"about":[{"href":"https:\/\/cenal.gob.ve\/index.php?rest_route=\/wp\/v2\/types\/post"}],"author":[{"embeddable":true,"href":"https:\/\/cenal.gob.ve\/index.php?rest_route=\/wp\/v2\/users\/10"}],"replies":[{"embeddable":true,"href":"https:\/\/cenal.gob.ve\/index.php?rest_route=%2Fwp%2Fv2%2Fcomments&post=24955"}],"version-history":[{"count":6,"href":"https:\/\/cenal.gob.ve\/index.php?rest_route=\/wp\/v2\/posts\/24955\/revisions"}],"predecessor-version":[{"id":24977,"href":"https:\/\/cenal.gob.ve\/index.php?rest_route=\/wp\/v2\/posts\/24955\/revisions\/24977"}],"wp:featuredmedia":[{"embeddable":true,"href":"https:\/\/cenal.gob.ve\/index.php?rest_route=\/wp\/v2\/media\/24932"}],"wp:attachment":[{"href":"https:\/\/cenal.gob.ve\/index.php?rest_route=%2Fwp%2Fv2%2Fmedia&parent=24955"}],"wp:term":[{"taxonomy":"category","embeddable":true,"href":"https:\/\/cenal.gob.ve\/index.php?rest_route=%2Fwp%2Fv2%2Fcategories&post=24955"},{"taxonomy":"post_tag","embeddable":true,"href":"https:\/\/cenal.gob.ve\/index.php?rest_route=%2Fwp%2Fv2%2Ftags&post=24955"}],"curies":[{"name":"wp","href":"https:\/\/api.w.org\/{rel}","templated":true}]}}