{"id":24989,"date":"2024-12-12T12:58:08","date_gmt":"2024-12-12T16:58:08","guid":{"rendered":"https:\/\/cenal.gob.ve\/?p=24989"},"modified":"2024-12-12T12:58:18","modified_gmt":"2024-12-12T16:58:18","slug":"20-a-filven-en-tovar-mostro-riqueza-literaria-y-cultural-de-meridenos","status":"publish","type":"post","link":"https:\/\/cenal.gob.ve\/?p=24989","title":{"rendered":"20.\u00aa Filven en Tovar mostr\u00f3 riqueza literaria y cultural de meride\u00f1os"},"content":{"rendered":"\n<p>La 20.\u00aa Filven M\u00e9rida celebrada en el municipio Tovar, del 5 al 7 de diciembre, reuni\u00f3 a escritores, artesanos y cultores en una cita hist\u00f3rica al realizarse por primera vez en esta localidad la m\u00e1xima fiesta literaria del pa\u00eds, siendo cuna de escritores y artistas.<\/p>\n\n\n\n<p>As\u00ed lo asegur\u00f3 karelyn Buena\u00f1o, especialista del libro y la lectura del Gabinete Estadal de Cultura de M\u00e9rida. \u201cUn logro posible gracias al apoyo incondicional de diversas instituciones, entre ellas el Gabinete de Cultura M\u00e9rida, Gobernaci\u00f3n del Estado M\u00e9rida, Misi\u00f3n Cultura, Alcald\u00eda del Municipio Tovar\u201d.<\/p>\n\n\n\n<figure class=\"wp-block-image\"><img src=\"https:\/\/filven.com\/wp-content\/uploads\/2024\/12\/IMG_20241207_230724_567-1024x682.jpg\" alt=\"\" class=\"wp-image-20957\"\/><\/figure>\n\n\n\n<p>\u201cQueremos extender un agradecimiento muy especial a nuestro alcalde, Iv\u00e1n Pulitti, quien no solo camin\u00f3 junto a nosotros durante la feria, sino que tambi\u00e9n comparti\u00f3 momentos inolvidables al leer poemas y participar activamente en la experiencia cultural con su pueblo\u201d, agreg\u00f3.<\/p>\n\n\n\n<p>Se\u00f1ala Karelyn Buena\u00f1o que las actividades se desarrollaron en las salas llamadas Giandom\u00e9nico Puliti y Carmen Delia Bencomo, escritores a los que se les rindi\u00f3 homenaje por la huella imborrable que dejaron en el acervo cultural del estado M\u00e9rida; y en la sala de Carmen Delia Bencomo se celebr\u00f3 el cierre de este evento cultural.<\/p>\n\n\n\n<figure class=\"wp-block-image\"><img src=\"https:\/\/filven.com\/wp-content\/uploads\/2024\/12\/IMG_20241207_230750_558-1024x682.jpg\" alt=\"\" class=\"wp-image-20958\"\/><\/figure>\n\n\n\n<p>Este a\u00f1o, la feria destac\u00f3 por su rica programaci\u00f3n literaria. Se realizaron varios conversatorios, talleres, charlas y presentaciones de libros, donde hubo intercambios de ideas entre los escritores, presentadores y el p\u00fablico. Adem\u00e1s se abri\u00f3 una sala para la exposici\u00f3n de obras de arte.<\/p>\n\n\n\n<p><strong>Presentaci\u00f3n de t\u00edtulos<\/strong><\/p>\n\n\n\n<p>Se presentaron los libros \u201cLa fugaz noche del poeta\u201d de la homenajeada Esmeralda Gonz\u00e1lez; \u201cL\u00edrica Hispana: Mujer Gesti\u00f3n Editorial\u201d de Kristel Guirado; \u201cLa parteria afro. Saberes colectivos-compartidos-entretejido de las mujeres afrovenezolanas\u201d de Dionys Rivas e Ismenia de Lourdes Mercer\u00f3n; \u201cMahmud Darwish: Palestina en el coraz\u00f3n\u201d; \u201cCumbre, cumbe, cumbo\u201d de Flor Alba Cabrera; Colecci\u00f3n Gertrudis Moreno del sistema nacional de las imprentas, M\u00e9rida; \u201cPeregrinaciones de una paria\u201d de Flora Trist\u00e1n, todos editados por la Fundaci\u00f3n Editorial El perro y la rana.<\/p>\n\n\n\n<p>Adem\u00e1s presentaron el libro p\u00f3stumo de Giandom\u00e9nico Puliti titulado \u201cAlmenar\u201d, como parte del homenaje a su vida y legado. Fue presentado por su hermano Yv\u00e1n Puliti, Enrique Plata, Pausides Reyes, H\u00e9ctor Molina, Miguel Marrufo y Marin\u0117s Puliti.<\/p>\n\n\n\n<p>Se present\u00f3 \u201cSi acaso me contradigo\u201d Antolog\u00eda po\u00e9tica de Sor Juana In\u00e9s de la Cruz, editado por Nila ediciones. Presentaron la l\u00ednea editorial Antibloqueo, \u201cCine en clave ecofeminista\u201d de Aminta Bele\u00f1o; \u201cCr\u00edtica de la relaci\u00f3n sociedad y cultura\u201d y \u201cDescolonizar para emancipar\u201d por la fundaci\u00f3n trinchera del s\u00e9ptimo arte.<\/p>\n\n\n\n<p>Presentaron el libro \u201cEn primera\u201d de Ennio Tucci por Monte \u00c1vila Editores; \u201cMi bosque sorprend\u00eddo\u201d de Carmen Delia Bencomo, Fondo Editorial Carmen Delia Bencomo; \u201cI Antolog\u00eda de escritores del municipio Campo El\u00edas\u201d por ediciones Catajarria; \u201cEl libro de Cruz Quinal\u201d de Benito Yrady por Fundarte; \u201cLos Sum Sum Verdi de Carlos \u00c1ngulo editorial Oikos.<\/p>\n\n\n\n<p>Realizaron una ofrenda floral a Carmen Delia Bencomo en la plaza de los escritores de Tovar, donde pueden apreciarse monumentos a escritores como Don Claudio Vivas, Anastasia Guti\u00e9rrez de Ru\u00edz, Gianfomenico Puliti y Elbano M\u00e9ndez Osuna.<\/p>\n\n\n\n<figure class=\"wp-block-image\"><img src=\"https:\/\/filven.com\/wp-content\/uploads\/2024\/12\/IMG_20241207_230555_774-1024x682.jpg\" alt=\"\" class=\"wp-image-20973\"\/><\/figure>\n\n\n\n<figure class=\"wp-block-image\"><img src=\"https:\/\/filven.com\/wp-content\/uploads\/2024\/12\/IMG_20241207_230839_851-1024x682.jpg\" alt=\"\" class=\"wp-image-20974\"\/><\/figure>\n\n\n\n<figure class=\"wp-block-image\"><img src=\"https:\/\/filven.com\/wp-content\/uploads\/2024\/12\/IMG_20241207_230905_870-1024x682.jpg\" alt=\"\" class=\"wp-image-20975\"\/><\/figure>\n\n\n\n<figure class=\"wp-block-image\"><img src=\"https:\/\/filven.com\/wp-content\/uploads\/2024\/12\/IMG_20241207_211443_887-1-1024x682.jpg\" alt=\"\" class=\"wp-image-20976\"\/><\/figure>\n\n\n\n<figure class=\"wp-block-image\"><img src=\"https:\/\/filven.com\/wp-content\/uploads\/2024\/12\/IMG_20241205_195320_030-1-1024x682.jpg\" alt=\"\" class=\"wp-image-20978\"\/><\/figure>\n\n\n\n<figure class=\"wp-block-image\"><img src=\"https:\/\/filven.com\/wp-content\/uploads\/2024\/12\/IMG_20241205_195313_637-1-1024x682.jpg\" alt=\"\" class=\"wp-image-20979\"\/><\/figure>\n\n\n\n<figure class=\"wp-block-image\"><img src=\"https:\/\/filven.com\/wp-content\/uploads\/2024\/12\/IMG_20241207_231037_445-1024x682.jpg\" alt=\"\" class=\"wp-image-20983\"\/><\/figure>\n\n\n\n<p><strong>Lee tambi\u00e9n: <\/strong><\/p>\n\n\n\n<p><a href=\"https:\/\/filven.com\/la-fugaz-noche-del-poeta-presento-joven-escritora-esmeralda-gonzalez-en-la-20-a-filven-merida\/\">\u201cLa fugaz noche del poeta\u201d present\u00f3 joven escritora Esmeralda Gonz\u00e1lez en la 20.\u00aa Filven M\u00e9rida<\/a><\/p>\n\n\n\n<p><a href=\"https:\/\/filven.com\/kristel-guirado-presento-en-filven-merida-libro-lirica-hispana-mujer-y-gestion-editorial\/\">Kristel Guirado present\u00f3 en Filven M\u00e9rida libro \u201cL\u00edrica Hispana: Mujer y Gesti\u00f3n Editorial\u201d<\/a><\/p>\n\n\n\n<p><a href=\"https:\/\/filven.com\/presentaron-en-filven-merida-nueva-edicion-de-peregrinaciones-de-una-paria-de-flora-tristan\/\">Presentaron en Filven M\u00e9rida nueva edici\u00f3n de \u201cPeregrinaciones de una paria\u201d de Flora Trist\u00e1n<\/a><\/p>\n\n\n\n<p><a href=\"https:\/\/filven.com\/destacaron-saberes-colectivos-de-afrovenezolanas-en-la-20-a-filven-merida\/\">Destacaron saberes colectivos de afrovenezolanas en la 20.\u00aa Filven M\u00e9rida<\/a><\/p>\n\n\n\n<p><a href=\"https:\/\/filven.com\/poesia-del-palestino-mahmoud-darwish-llego-a-corazones-de-meridenos-con-la-filven\/\">Poes\u00eda del palestino Mahmoud Darwish lleg\u00f3 a corazones de meride\u00f1os con la Filven<\/a><\/p>\n","protected":false},"excerpt":{"rendered":"<p>La 20.\u00aa Filven M\u00e9rida celebrada en el municipio Tovar, del 5 al 7 de diciembre, reuni\u00f3 a escritores, artesanos y cultores en una cita hist\u00f3rica al realizarse por primera vez [&hellip;]<\/p>\n","protected":false},"author":10,"featured_media":24990,"comment_status":"open","ping_status":"closed","sticky":false,"template":"","format":"standard","meta":{"spay_email":"","jetpack_publicize_message":"","jetpack_is_tweetstorm":false,"jetpack_publicize_feature_enabled":true},"categories":[12],"tags":[],"yoast_head":"<!-- This site is optimized with the Yoast SEO plugin v19.8 - https:\/\/yoast.com\/wordpress\/plugins\/seo\/ -->\n<title>20.\u00aa Filven en Tovar mostr\u00f3 riqueza literaria y cultural de meride\u00f1os<\/title>\n<meta name=\"robots\" content=\"index, follow, max-snippet:-1, max-image-preview:large, max-video-preview:-1\" \/>\n<link rel=\"canonical\" href=\"https:\/\/cenal.gob.ve\/?p=24989\" \/>\n<meta property=\"og:locale\" content=\"es_ES\" \/>\n<meta property=\"og:type\" content=\"article\" \/>\n<meta property=\"og:title\" content=\"20.\u00aa Filven en Tovar mostr\u00f3 riqueza literaria y cultural de meride\u00f1os\" \/>\n<meta property=\"og:description\" content=\"La 20.\u00aa Filven M\u00e9rida celebrada en el municipio Tovar, del 5 al 7 de diciembre, reuni\u00f3 a escritores, artesanos y cultores en una cita hist\u00f3rica al realizarse por primera vez [&hellip;]\" \/>\n<meta property=\"og:url\" content=\"https:\/\/cenal.gob.ve\/?p=24989\" \/>\n<meta property=\"og:site_name\" content=\"Cenal\" \/>\n<meta property=\"article:published_time\" content=\"2024-12-12T16:58:08+00:00\" \/>\n<meta property=\"article:modified_time\" content=\"2024-12-12T16:58:18+00:00\" \/>\n<meta property=\"og:image\" content=\"http:\/\/cenal.gob.ve\/wp-content\/uploads\/2024\/12\/IMG_20241207_230714_728-1-1024x682-1.jpg\" \/>\n\t<meta property=\"og:image:width\" content=\"1024\" \/>\n\t<meta property=\"og:image:height\" content=\"682\" \/>\n\t<meta property=\"og:image:type\" content=\"image\/jpeg\" \/>\n<meta name=\"author\" content=\"Prensa Cenal\" \/>\n<meta name=\"twitter:card\" content=\"summary_large_image\" \/>\n<meta name=\"twitter:label1\" content=\"Written by\" \/>\n\t<meta name=\"twitter:data1\" content=\"Prensa Cenal\" \/>\n\t<meta name=\"twitter:label2\" content=\"Est. reading time\" \/>\n\t<meta name=\"twitter:data2\" content=\"5 minutos\" \/>\n<script type=\"application\/ld+json\" class=\"yoast-schema-graph\">{\"@context\":\"https:\/\/schema.org\",\"@graph\":[{\"@type\":\"Article\",\"@id\":\"https:\/\/cenal.gob.ve\/?p=24989#article\",\"isPartOf\":{\"@id\":\"https:\/\/cenal.gob.ve\/?p=24989\"},\"author\":{\"name\":\"Prensa Cenal\",\"@id\":\"https:\/\/cenal.gob.ve\/#\/schema\/person\/e3ed34623f400ffab8bc7a63b2f5533f\"},\"headline\":\"20.\u00aa Filven en Tovar mostr\u00f3 riqueza literaria y cultural de meride\u00f1os\",\"datePublished\":\"2024-12-12T16:58:08+00:00\",\"dateModified\":\"2024-12-12T16:58:18+00:00\",\"mainEntityOfPage\":{\"@id\":\"https:\/\/cenal.gob.ve\/?p=24989\"},\"wordCount\":628,\"commentCount\":0,\"publisher\":{\"@id\":\"https:\/\/cenal.gob.ve\/#organization\"},\"articleSection\":[\"Filven\"],\"inLanguage\":\"es\",\"potentialAction\":[{\"@type\":\"CommentAction\",\"name\":\"Comment\",\"target\":[\"https:\/\/cenal.gob.ve\/?p=24989#respond\"]}]},{\"@type\":\"WebPage\",\"@id\":\"https:\/\/cenal.gob.ve\/?p=24989\",\"url\":\"https:\/\/cenal.gob.ve\/?p=24989\",\"name\":\"20.\u00aa Filven en Tovar mostr\u00f3 riqueza literaria y cultural de meride\u00f1os\",\"isPartOf\":{\"@id\":\"https:\/\/cenal.gob.ve\/#website\"},\"datePublished\":\"2024-12-12T16:58:08+00:00\",\"dateModified\":\"2024-12-12T16:58:18+00:00\",\"breadcrumb\":{\"@id\":\"https:\/\/cenal.gob.ve\/?p=24989#breadcrumb\"},\"inLanguage\":\"es\",\"potentialAction\":[{\"@type\":\"ReadAction\",\"target\":[\"https:\/\/cenal.gob.ve\/?p=24989\"]}]},{\"@type\":\"BreadcrumbList\",\"@id\":\"https:\/\/cenal.gob.ve\/?p=24989#breadcrumb\",\"itemListElement\":[{\"@type\":\"ListItem\",\"position\":1,\"name\":\"Home\",\"item\":\"https:\/\/cenal.gob.ve\/\"},{\"@type\":\"ListItem\",\"position\":2,\"name\":\"20.\u00aa Filven en Tovar mostr\u00f3 riqueza literaria y cultural de meride\u00f1os\"}]},{\"@type\":\"WebSite\",\"@id\":\"https:\/\/cenal.gob.ve\/#website\",\"url\":\"https:\/\/cenal.gob.ve\/\",\"name\":\"Cenal\",\"description\":\"\",\"publisher\":{\"@id\":\"https:\/\/cenal.gob.ve\/#organization\"},\"potentialAction\":[{\"@type\":\"SearchAction\",\"target\":{\"@type\":\"EntryPoint\",\"urlTemplate\":\"https:\/\/cenal.gob.ve\/?s={search_term_string}\"},\"query-input\":\"required name=search_term_string\"}],\"inLanguage\":\"es\"},{\"@type\":\"Organization\",\"@id\":\"https:\/\/cenal.gob.ve\/#organization\",\"name\":\"CENAL\",\"url\":\"https:\/\/cenal.gob.ve\/\",\"sameAs\":[],\"logo\":{\"@type\":\"ImageObject\",\"inLanguage\":\"es\",\"@id\":\"https:\/\/cenal.gob.ve\/#\/schema\/logo\/image\/\",\"url\":\"https:\/\/i0.wp.com\/cenal.gob.ve\/wp-content\/uploads\/2022\/10\/cropped-images.jpg?fit=512%2C512\",\"contentUrl\":\"https:\/\/i0.wp.com\/cenal.gob.ve\/wp-content\/uploads\/2022\/10\/cropped-images.jpg?fit=512%2C512\",\"width\":512,\"height\":512,\"caption\":\"CENAL\"},\"image\":{\"@id\":\"https:\/\/cenal.gob.ve\/#\/schema\/logo\/image\/\"}},{\"@type\":\"Person\",\"@id\":\"https:\/\/cenal.gob.ve\/#\/schema\/person\/e3ed34623f400ffab8bc7a63b2f5533f\",\"name\":\"Prensa Cenal\",\"image\":{\"@type\":\"ImageObject\",\"inLanguage\":\"es\",\"@id\":\"https:\/\/cenal.gob.ve\/#\/schema\/person\/image\/\",\"url\":\"https:\/\/secure.gravatar.com\/avatar\/594b4ed34090910c619ac3679001d491?s=96&d=mm&r=g\",\"contentUrl\":\"https:\/\/secure.gravatar.com\/avatar\/594b4ed34090910c619ac3679001d491?s=96&d=mm&r=g\",\"caption\":\"Prensa Cenal\"},\"url\":\"https:\/\/cenal.gob.ve\/?author=10\"}]}<\/script>\n<!-- \/ Yoast SEO plugin. -->","yoast_head_json":{"title":"20.\u00aa Filven en Tovar mostr\u00f3 riqueza literaria y cultural de meride\u00f1os","robots":{"index":"index","follow":"follow","max-snippet":"max-snippet:-1","max-image-preview":"max-image-preview:large","max-video-preview":"max-video-preview:-1"},"canonical":"https:\/\/cenal.gob.ve\/?p=24989","og_locale":"es_ES","og_type":"article","og_title":"20.\u00aa Filven en Tovar mostr\u00f3 riqueza literaria y cultural de meride\u00f1os","og_description":"La 20.\u00aa Filven M\u00e9rida celebrada en el municipio Tovar, del 5 al 7 de diciembre, reuni\u00f3 a escritores, artesanos y cultores en una cita hist\u00f3rica al realizarse por primera vez [&hellip;]","og_url":"https:\/\/cenal.gob.ve\/?p=24989","og_site_name":"Cenal","article_published_time":"2024-12-12T16:58:08+00:00","article_modified_time":"2024-12-12T16:58:18+00:00","og_image":[{"width":1024,"height":682,"url":"http:\/\/cenal.gob.ve\/wp-content\/uploads\/2024\/12\/IMG_20241207_230714_728-1-1024x682-1.jpg","type":"image\/jpeg"}],"author":"Prensa Cenal","twitter_card":"summary_large_image","twitter_misc":{"Written by":"Prensa Cenal","Est. reading time":"5 minutos"},"schema":{"@context":"https:\/\/schema.org","@graph":[{"@type":"Article","@id":"https:\/\/cenal.gob.ve\/?p=24989#article","isPartOf":{"@id":"https:\/\/cenal.gob.ve\/?p=24989"},"author":{"name":"Prensa Cenal","@id":"https:\/\/cenal.gob.ve\/#\/schema\/person\/e3ed34623f400ffab8bc7a63b2f5533f"},"headline":"20.\u00aa Filven en Tovar mostr\u00f3 riqueza literaria y cultural de meride\u00f1os","datePublished":"2024-12-12T16:58:08+00:00","dateModified":"2024-12-12T16:58:18+00:00","mainEntityOfPage":{"@id":"https:\/\/cenal.gob.ve\/?p=24989"},"wordCount":628,"commentCount":0,"publisher":{"@id":"https:\/\/cenal.gob.ve\/#organization"},"articleSection":["Filven"],"inLanguage":"es","potentialAction":[{"@type":"CommentAction","name":"Comment","target":["https:\/\/cenal.gob.ve\/?p=24989#respond"]}]},{"@type":"WebPage","@id":"https:\/\/cenal.gob.ve\/?p=24989","url":"https:\/\/cenal.gob.ve\/?p=24989","name":"20.\u00aa Filven en Tovar mostr\u00f3 riqueza literaria y cultural de meride\u00f1os","isPartOf":{"@id":"https:\/\/cenal.gob.ve\/#website"},"datePublished":"2024-12-12T16:58:08+00:00","dateModified":"2024-12-12T16:58:18+00:00","breadcrumb":{"@id":"https:\/\/cenal.gob.ve\/?p=24989#breadcrumb"},"inLanguage":"es","potentialAction":[{"@type":"ReadAction","target":["https:\/\/cenal.gob.ve\/?p=24989"]}]},{"@type":"BreadcrumbList","@id":"https:\/\/cenal.gob.ve\/?p=24989#breadcrumb","itemListElement":[{"@type":"ListItem","position":1,"name":"Home","item":"https:\/\/cenal.gob.ve\/"},{"@type":"ListItem","position":2,"name":"20.\u00aa Filven en Tovar mostr\u00f3 riqueza literaria y cultural de meride\u00f1os"}]},{"@type":"WebSite","@id":"https:\/\/cenal.gob.ve\/#website","url":"https:\/\/cenal.gob.ve\/","name":"Cenal","description":"","publisher":{"@id":"https:\/\/cenal.gob.ve\/#organization"},"potentialAction":[{"@type":"SearchAction","target":{"@type":"EntryPoint","urlTemplate":"https:\/\/cenal.gob.ve\/?s={search_term_string}"},"query-input":"required name=search_term_string"}],"inLanguage":"es"},{"@type":"Organization","@id":"https:\/\/cenal.gob.ve\/#organization","name":"CENAL","url":"https:\/\/cenal.gob.ve\/","sameAs":[],"logo":{"@type":"ImageObject","inLanguage":"es","@id":"https:\/\/cenal.gob.ve\/#\/schema\/logo\/image\/","url":"https:\/\/i0.wp.com\/cenal.gob.ve\/wp-content\/uploads\/2022\/10\/cropped-images.jpg?fit=512%2C512","contentUrl":"https:\/\/i0.wp.com\/cenal.gob.ve\/wp-content\/uploads\/2022\/10\/cropped-images.jpg?fit=512%2C512","width":512,"height":512,"caption":"CENAL"},"image":{"@id":"https:\/\/cenal.gob.ve\/#\/schema\/logo\/image\/"}},{"@type":"Person","@id":"https:\/\/cenal.gob.ve\/#\/schema\/person\/e3ed34623f400ffab8bc7a63b2f5533f","name":"Prensa Cenal","image":{"@type":"ImageObject","inLanguage":"es","@id":"https:\/\/cenal.gob.ve\/#\/schema\/person\/image\/","url":"https:\/\/secure.gravatar.com\/avatar\/594b4ed34090910c619ac3679001d491?s=96&d=mm&r=g","contentUrl":"https:\/\/secure.gravatar.com\/avatar\/594b4ed34090910c619ac3679001d491?s=96&d=mm&r=g","caption":"Prensa Cenal"},"url":"https:\/\/cenal.gob.ve\/?author=10"}]}},"jetpack_featured_media_url":"https:\/\/cenal.gob.ve\/wp-content\/uploads\/2024\/12\/IMG_20241207_230714_728-1-1024x682-1.jpg","jetpack_publicize_connections":[],"jetpack_shortlink":"https:\/\/wp.me\/p5FMhp-6v3","_links":{"self":[{"href":"https:\/\/cenal.gob.ve\/index.php?rest_route=\/wp\/v2\/posts\/24989"}],"collection":[{"href":"https:\/\/cenal.gob.ve\/index.php?rest_route=\/wp\/v2\/posts"}],"about":[{"href":"https:\/\/cenal.gob.ve\/index.php?rest_route=\/wp\/v2\/types\/post"}],"author":[{"embeddable":true,"href":"https:\/\/cenal.gob.ve\/index.php?rest_route=\/wp\/v2\/users\/10"}],"replies":[{"embeddable":true,"href":"https:\/\/cenal.gob.ve\/index.php?rest_route=%2Fwp%2Fv2%2Fcomments&post=24989"}],"version-history":[{"count":2,"href":"https:\/\/cenal.gob.ve\/index.php?rest_route=\/wp\/v2\/posts\/24989\/revisions"}],"predecessor-version":[{"id":24996,"href":"https:\/\/cenal.gob.ve\/index.php?rest_route=\/wp\/v2\/posts\/24989\/revisions\/24996"}],"wp:featuredmedia":[{"embeddable":true,"href":"https:\/\/cenal.gob.ve\/index.php?rest_route=\/wp\/v2\/media\/24990"}],"wp:attachment":[{"href":"https:\/\/cenal.gob.ve\/index.php?rest_route=%2Fwp%2Fv2%2Fmedia&parent=24989"}],"wp:term":[{"taxonomy":"category","embeddable":true,"href":"https:\/\/cenal.gob.ve\/index.php?rest_route=%2Fwp%2Fv2%2Fcategories&post=24989"},{"taxonomy":"post_tag","embeddable":true,"href":"https:\/\/cenal.gob.ve\/index.php?rest_route=%2Fwp%2Fv2%2Ftags&post=24989"}],"curies":[{"name":"wp","href":"https:\/\/api.w.org\/{rel}","templated":true}]}}