{"id":24992,"date":"2024-12-12T13:26:53","date_gmt":"2024-12-12T17:26:53","guid":{"rendered":"https:\/\/cenal.gob.ve\/?p=24992"},"modified":"2024-12-12T13:27:10","modified_gmt":"2024-12-12T17:27:10","slug":"20-a-filven-falcon-ofrecio-presentaciones-literarias-en-coro","status":"publish","type":"post","link":"https:\/\/cenal.gob.ve\/?p=24992","title":{"rendered":"20.\u00aa Filven Falc\u00f3n ofreci\u00f3 presentaciones literarias en Coro"},"content":{"rendered":"\n<p>La 20.\u00aa Filven Falc\u00f3n con epicentro del 4 al 7 de diciembre en Punto Fijo, en el Ateneo Rub\u00e9n Ismael Padilla, cont\u00f3 con una extensi\u00f3n en Coro, capital de la entidad.<\/p>\n\n\n\n<p>En el marco de esta fiesta literaria, se efectu\u00f3 en el emblem\u00e1tico Balc\u00f3n de Los Arcaya, en el coraz\u00f3n del Centro Hist\u00f3rico de Coro, un encuentro con escritores, acad\u00e9micos y estudiantes de la Escuela Nacional de Poes\u00eda Juan Calzadilla.<\/p>\n\n\n\n<p>Ah\u00ed se presentaron obras del Fondo Editorial de la Universidad Nacional Experimental Francisco de Miranda (UNEFM) que exploran diferentes tem\u00e1ticas y g\u00e9neros literarios.<\/p>\n\n\n\n<figure class=\"wp-block-image\"><img src=\"https:\/\/filven.com\/wp-content\/uploads\/2024\/12\/IMG-20241208-WA0011-1024x768.jpg\" alt=\"\" class=\"wp-image-21012\"\/><\/figure>\n\n\n\n<p>Entre los t\u00edtulos de la UNEFM dados a conocer se encuentran Memorias del barro y otras nostalgias, de Jos\u00e9 Nava, una emotiva obra que reflexiona sobre la vida y la memoria; La ira de los buenos, de Wilmem Borges, una novela que promete cautivar a los lectores con su trama intrigante; Antolog\u00eda po\u00e9tica del municipio Sucre, de Melissa Su\u00e1rez, una compilaci\u00f3n que recoge la riqueza po\u00e9tica de la regi\u00f3n falconiana; La esquina de la casa quemada, de Calixto Guti\u00e9rrez, una obra que invita a explorar los rincones m\u00e1s profundos del alma.<\/p>\n\n\n\n<p>Tambi\u00e9n desde este espacio autores y amantes de la lectura se dieron cita para celebrar la palabra escrita con las presentaciones de obras literarias que exploran la riqueza hist\u00f3rica y cultural de la regi\u00f3n, entre ellas Serran\u00eda de los Jirajaras y Afrodescendientes, de Fulvia Polanco, Reina \u00c1lvarez, William Perozo y Juan Ram\u00f3n Lugo (EI perro y la rana); Subalternaci\u00f3n africana y resignificaci\u00f3n de sus memorias en la Sierra de Coro, de Nereyda Ferrer (EI perro y la rana); Trata con duendes, de Rafael Jos\u00e9 (El perro y la rana); Signos del pasado. Petroglifos de Venezuela, de Eva Hofle (Fondo Editorial de la UNEFM), y Hugo Ch\u00e1vez. Convocante de la Patria Liberada, de lremu-Fensur.<\/p>\n\n\n\n<p>La Filven Falc\u00f3n fue posible a trav\u00e9s del trabajo coordinado entre la Gobernaci\u00f3n de la entidad y el Instituto de Cultura del Estado Falc\u00f3n (Incudef) con el Ministerio del Poder Popular para la Cultura (MPPC) y el Centro Nacional del Libro (Cenal).<\/p>\n\n\n\n<figure class=\"wp-block-image\"><img src=\"https:\/\/filven.com\/wp-content\/uploads\/2024\/12\/IMG-20241208-WA0026.jpg\" alt=\"\" class=\"wp-image-21018\"\/><\/figure>\n\n\n\n<figure class=\"wp-block-image\"><img src=\"https:\/\/filven.com\/wp-content\/uploads\/2024\/12\/IMG-20241208-WA0027-1024x576.jpg\" alt=\"\" class=\"wp-image-21020\"\/><\/figure>\n\n\n\n<p><strong>Lee tambi\u00e9n:<\/strong> <\/p>\n\n\n\n<p><a href=\"https:\/\/filven.com\/presentaron-antologia-poetica-de-jovenes-falconianos-con-la-20-a-filven-en-punto-fijo\/\">Presentaron Antolog\u00eda Po\u00e9tica de j\u00f3venes falconianos con la 20.\u00aa Filven en Punto Fijo<\/a><\/p>\n\n\n\n<p><a href=\"https:\/\/filven.com\/presentaron-en-20-a-filven-falcon-la-coleccion-insurgencias-historicas-y-afroepistemologias-cimarronas\/\">Presentaron en 20.\u00aa Filven Falc\u00f3n la colecci\u00f3n \u201cInsurgencias hist\u00f3ricas y afroepistemolog\u00edas<\/a> <a href=\"https:\/\/filven.com\/presentaron-en-20-a-filven-falcon-la-coleccion-insurgencias-historicas-y-afroepistemologias-cimarronas\/\">cimarronas\u201d<\/a><\/p>\n\n\n\n<p><a href=\"https:\/\/filven.com\/celebraron-en-judibana-encuentro-de-jovenes-poetas-en-el-marco-de-la-20-a-filven-falcon\/\">Celebraron en Judibana encuentro de j\u00f3venes poetas en el marco de la 20.\u00aa Filven Falc\u00f3n<\/a><\/p>\n\n\n\n<p><a href=\"https:\/\/filven.com\/luis-britto-garcia-afirmo-que-narrar-es-un-placer-durante-la-20-a-filven-falcon\/\">Luis Britto Garc\u00eda afirm\u00f3 que \u201cNarrar es un placer\u201d durante la 20.\u00aa Filven Falc\u00f3n<\/a><\/p>\n","protected":false},"excerpt":{"rendered":"<p>La 20.\u00aa Filven Falc\u00f3n con epicentro del 4 al 7 de diciembre en Punto Fijo, en el Ateneo Rub\u00e9n Ismael Padilla, cont\u00f3 con una extensi\u00f3n en Coro, capital de la [&hellip;]<\/p>\n","protected":false},"author":10,"featured_media":24997,"comment_status":"open","ping_status":"closed","sticky":false,"template":"","format":"standard","meta":{"spay_email":"","jetpack_publicize_message":"","jetpack_is_tweetstorm":false,"jetpack_publicize_feature_enabled":true},"categories":[12],"tags":[],"yoast_head":"<!-- This site is optimized with the Yoast SEO plugin v19.8 - https:\/\/yoast.com\/wordpress\/plugins\/seo\/ -->\n<title>20.\u00aa Filven Falc\u00f3n ofreci\u00f3 presentaciones literarias en Coro<\/title>\n<meta name=\"robots\" content=\"index, follow, max-snippet:-1, max-image-preview:large, max-video-preview:-1\" \/>\n<link rel=\"canonical\" href=\"https:\/\/cenal.gob.ve\/?p=24992\" \/>\n<meta property=\"og:locale\" content=\"es_ES\" \/>\n<meta property=\"og:type\" content=\"article\" \/>\n<meta property=\"og:title\" content=\"20.\u00aa Filven Falc\u00f3n ofreci\u00f3 presentaciones literarias en Coro\" \/>\n<meta property=\"og:description\" content=\"La 20.\u00aa Filven Falc\u00f3n con epicentro del 4 al 7 de diciembre en Punto Fijo, en el Ateneo Rub\u00e9n Ismael Padilla, cont\u00f3 con una extensi\u00f3n en Coro, capital de la [&hellip;]\" \/>\n<meta property=\"og:url\" content=\"https:\/\/cenal.gob.ve\/?p=24992\" \/>\n<meta property=\"og:site_name\" content=\"Cenal\" \/>\n<meta property=\"article:published_time\" content=\"2024-12-12T17:26:53+00:00\" \/>\n<meta property=\"article:modified_time\" content=\"2024-12-12T17:27:10+00:00\" \/>\n<meta property=\"og:image\" content=\"http:\/\/cenal.gob.ve\/wp-content\/uploads\/2024\/12\/IMG-20241208-WA0028-1024x576-1.jpg\" \/>\n\t<meta property=\"og:image:width\" content=\"1024\" \/>\n\t<meta property=\"og:image:height\" content=\"576\" \/>\n\t<meta property=\"og:image:type\" content=\"image\/jpeg\" \/>\n<meta name=\"author\" content=\"Prensa Cenal\" \/>\n<meta name=\"twitter:card\" content=\"summary_large_image\" \/>\n<meta name=\"twitter:label1\" content=\"Written by\" \/>\n\t<meta name=\"twitter:data1\" content=\"Prensa Cenal\" \/>\n\t<meta name=\"twitter:label2\" content=\"Est. reading time\" \/>\n\t<meta name=\"twitter:data2\" content=\"3 minutos\" \/>\n<script type=\"application\/ld+json\" class=\"yoast-schema-graph\">{\"@context\":\"https:\/\/schema.org\",\"@graph\":[{\"@type\":\"Article\",\"@id\":\"https:\/\/cenal.gob.ve\/?p=24992#article\",\"isPartOf\":{\"@id\":\"https:\/\/cenal.gob.ve\/?p=24992\"},\"author\":{\"name\":\"Prensa Cenal\",\"@id\":\"https:\/\/cenal.gob.ve\/#\/schema\/person\/e3ed34623f400ffab8bc7a63b2f5533f\"},\"headline\":\"20.\u00aa Filven Falc\u00f3n ofreci\u00f3 presentaciones literarias en Coro\",\"datePublished\":\"2024-12-12T17:26:53+00:00\",\"dateModified\":\"2024-12-12T17:27:10+00:00\",\"mainEntityOfPage\":{\"@id\":\"https:\/\/cenal.gob.ve\/?p=24992\"},\"wordCount\":440,\"commentCount\":0,\"publisher\":{\"@id\":\"https:\/\/cenal.gob.ve\/#organization\"},\"articleSection\":[\"Filven\"],\"inLanguage\":\"es\",\"potentialAction\":[{\"@type\":\"CommentAction\",\"name\":\"Comment\",\"target\":[\"https:\/\/cenal.gob.ve\/?p=24992#respond\"]}]},{\"@type\":\"WebPage\",\"@id\":\"https:\/\/cenal.gob.ve\/?p=24992\",\"url\":\"https:\/\/cenal.gob.ve\/?p=24992\",\"name\":\"20.\u00aa Filven Falc\u00f3n ofreci\u00f3 presentaciones literarias en Coro\",\"isPartOf\":{\"@id\":\"https:\/\/cenal.gob.ve\/#website\"},\"datePublished\":\"2024-12-12T17:26:53+00:00\",\"dateModified\":\"2024-12-12T17:27:10+00:00\",\"breadcrumb\":{\"@id\":\"https:\/\/cenal.gob.ve\/?p=24992#breadcrumb\"},\"inLanguage\":\"es\",\"potentialAction\":[{\"@type\":\"ReadAction\",\"target\":[\"https:\/\/cenal.gob.ve\/?p=24992\"]}]},{\"@type\":\"BreadcrumbList\",\"@id\":\"https:\/\/cenal.gob.ve\/?p=24992#breadcrumb\",\"itemListElement\":[{\"@type\":\"ListItem\",\"position\":1,\"name\":\"Home\",\"item\":\"https:\/\/cenal.gob.ve\/\"},{\"@type\":\"ListItem\",\"position\":2,\"name\":\"20.\u00aa Filven Falc\u00f3n ofreci\u00f3 presentaciones literarias en Coro\"}]},{\"@type\":\"WebSite\",\"@id\":\"https:\/\/cenal.gob.ve\/#website\",\"url\":\"https:\/\/cenal.gob.ve\/\",\"name\":\"Cenal\",\"description\":\"\",\"publisher\":{\"@id\":\"https:\/\/cenal.gob.ve\/#organization\"},\"potentialAction\":[{\"@type\":\"SearchAction\",\"target\":{\"@type\":\"EntryPoint\",\"urlTemplate\":\"https:\/\/cenal.gob.ve\/?s={search_term_string}\"},\"query-input\":\"required name=search_term_string\"}],\"inLanguage\":\"es\"},{\"@type\":\"Organization\",\"@id\":\"https:\/\/cenal.gob.ve\/#organization\",\"name\":\"CENAL\",\"url\":\"https:\/\/cenal.gob.ve\/\",\"sameAs\":[],\"logo\":{\"@type\":\"ImageObject\",\"inLanguage\":\"es\",\"@id\":\"https:\/\/cenal.gob.ve\/#\/schema\/logo\/image\/\",\"url\":\"https:\/\/i0.wp.com\/cenal.gob.ve\/wp-content\/uploads\/2022\/10\/cropped-images.jpg?fit=512%2C512\",\"contentUrl\":\"https:\/\/i0.wp.com\/cenal.gob.ve\/wp-content\/uploads\/2022\/10\/cropped-images.jpg?fit=512%2C512\",\"width\":512,\"height\":512,\"caption\":\"CENAL\"},\"image\":{\"@id\":\"https:\/\/cenal.gob.ve\/#\/schema\/logo\/image\/\"}},{\"@type\":\"Person\",\"@id\":\"https:\/\/cenal.gob.ve\/#\/schema\/person\/e3ed34623f400ffab8bc7a63b2f5533f\",\"name\":\"Prensa Cenal\",\"image\":{\"@type\":\"ImageObject\",\"inLanguage\":\"es\",\"@id\":\"https:\/\/cenal.gob.ve\/#\/schema\/person\/image\/\",\"url\":\"https:\/\/secure.gravatar.com\/avatar\/594b4ed34090910c619ac3679001d491?s=96&d=mm&r=g\",\"contentUrl\":\"https:\/\/secure.gravatar.com\/avatar\/594b4ed34090910c619ac3679001d491?s=96&d=mm&r=g\",\"caption\":\"Prensa Cenal\"},\"url\":\"https:\/\/cenal.gob.ve\/?author=10\"}]}<\/script>\n<!-- \/ Yoast SEO plugin. -->","yoast_head_json":{"title":"20.\u00aa Filven Falc\u00f3n ofreci\u00f3 presentaciones literarias en Coro","robots":{"index":"index","follow":"follow","max-snippet":"max-snippet:-1","max-image-preview":"max-image-preview:large","max-video-preview":"max-video-preview:-1"},"canonical":"https:\/\/cenal.gob.ve\/?p=24992","og_locale":"es_ES","og_type":"article","og_title":"20.\u00aa Filven Falc\u00f3n ofreci\u00f3 presentaciones literarias en Coro","og_description":"La 20.\u00aa Filven Falc\u00f3n con epicentro del 4 al 7 de diciembre en Punto Fijo, en el Ateneo Rub\u00e9n Ismael Padilla, cont\u00f3 con una extensi\u00f3n en Coro, capital de la [&hellip;]","og_url":"https:\/\/cenal.gob.ve\/?p=24992","og_site_name":"Cenal","article_published_time":"2024-12-12T17:26:53+00:00","article_modified_time":"2024-12-12T17:27:10+00:00","og_image":[{"width":1024,"height":576,"url":"http:\/\/cenal.gob.ve\/wp-content\/uploads\/2024\/12\/IMG-20241208-WA0028-1024x576-1.jpg","type":"image\/jpeg"}],"author":"Prensa Cenal","twitter_card":"summary_large_image","twitter_misc":{"Written by":"Prensa Cenal","Est. reading time":"3 minutos"},"schema":{"@context":"https:\/\/schema.org","@graph":[{"@type":"Article","@id":"https:\/\/cenal.gob.ve\/?p=24992#article","isPartOf":{"@id":"https:\/\/cenal.gob.ve\/?p=24992"},"author":{"name":"Prensa Cenal","@id":"https:\/\/cenal.gob.ve\/#\/schema\/person\/e3ed34623f400ffab8bc7a63b2f5533f"},"headline":"20.\u00aa Filven Falc\u00f3n ofreci\u00f3 presentaciones literarias en Coro","datePublished":"2024-12-12T17:26:53+00:00","dateModified":"2024-12-12T17:27:10+00:00","mainEntityOfPage":{"@id":"https:\/\/cenal.gob.ve\/?p=24992"},"wordCount":440,"commentCount":0,"publisher":{"@id":"https:\/\/cenal.gob.ve\/#organization"},"articleSection":["Filven"],"inLanguage":"es","potentialAction":[{"@type":"CommentAction","name":"Comment","target":["https:\/\/cenal.gob.ve\/?p=24992#respond"]}]},{"@type":"WebPage","@id":"https:\/\/cenal.gob.ve\/?p=24992","url":"https:\/\/cenal.gob.ve\/?p=24992","name":"20.\u00aa Filven Falc\u00f3n ofreci\u00f3 presentaciones literarias en Coro","isPartOf":{"@id":"https:\/\/cenal.gob.ve\/#website"},"datePublished":"2024-12-12T17:26:53+00:00","dateModified":"2024-12-12T17:27:10+00:00","breadcrumb":{"@id":"https:\/\/cenal.gob.ve\/?p=24992#breadcrumb"},"inLanguage":"es","potentialAction":[{"@type":"ReadAction","target":["https:\/\/cenal.gob.ve\/?p=24992"]}]},{"@type":"BreadcrumbList","@id":"https:\/\/cenal.gob.ve\/?p=24992#breadcrumb","itemListElement":[{"@type":"ListItem","position":1,"name":"Home","item":"https:\/\/cenal.gob.ve\/"},{"@type":"ListItem","position":2,"name":"20.\u00aa Filven Falc\u00f3n ofreci\u00f3 presentaciones literarias en Coro"}]},{"@type":"WebSite","@id":"https:\/\/cenal.gob.ve\/#website","url":"https:\/\/cenal.gob.ve\/","name":"Cenal","description":"","publisher":{"@id":"https:\/\/cenal.gob.ve\/#organization"},"potentialAction":[{"@type":"SearchAction","target":{"@type":"EntryPoint","urlTemplate":"https:\/\/cenal.gob.ve\/?s={search_term_string}"},"query-input":"required name=search_term_string"}],"inLanguage":"es"},{"@type":"Organization","@id":"https:\/\/cenal.gob.ve\/#organization","name":"CENAL","url":"https:\/\/cenal.gob.ve\/","sameAs":[],"logo":{"@type":"ImageObject","inLanguage":"es","@id":"https:\/\/cenal.gob.ve\/#\/schema\/logo\/image\/","url":"https:\/\/i0.wp.com\/cenal.gob.ve\/wp-content\/uploads\/2022\/10\/cropped-images.jpg?fit=512%2C512","contentUrl":"https:\/\/i0.wp.com\/cenal.gob.ve\/wp-content\/uploads\/2022\/10\/cropped-images.jpg?fit=512%2C512","width":512,"height":512,"caption":"CENAL"},"image":{"@id":"https:\/\/cenal.gob.ve\/#\/schema\/logo\/image\/"}},{"@type":"Person","@id":"https:\/\/cenal.gob.ve\/#\/schema\/person\/e3ed34623f400ffab8bc7a63b2f5533f","name":"Prensa Cenal","image":{"@type":"ImageObject","inLanguage":"es","@id":"https:\/\/cenal.gob.ve\/#\/schema\/person\/image\/","url":"https:\/\/secure.gravatar.com\/avatar\/594b4ed34090910c619ac3679001d491?s=96&d=mm&r=g","contentUrl":"https:\/\/secure.gravatar.com\/avatar\/594b4ed34090910c619ac3679001d491?s=96&d=mm&r=g","caption":"Prensa Cenal"},"url":"https:\/\/cenal.gob.ve\/?author=10"}]}},"jetpack_featured_media_url":"https:\/\/cenal.gob.ve\/wp-content\/uploads\/2024\/12\/IMG-20241208-WA0028-1024x576-1.jpg","jetpack_publicize_connections":[],"jetpack_shortlink":"https:\/\/wp.me\/p5FMhp-6v6","_links":{"self":[{"href":"https:\/\/cenal.gob.ve\/index.php?rest_route=\/wp\/v2\/posts\/24992"}],"collection":[{"href":"https:\/\/cenal.gob.ve\/index.php?rest_route=\/wp\/v2\/posts"}],"about":[{"href":"https:\/\/cenal.gob.ve\/index.php?rest_route=\/wp\/v2\/types\/post"}],"author":[{"embeddable":true,"href":"https:\/\/cenal.gob.ve\/index.php?rest_route=\/wp\/v2\/users\/10"}],"replies":[{"embeddable":true,"href":"https:\/\/cenal.gob.ve\/index.php?rest_route=%2Fwp%2Fv2%2Fcomments&post=24992"}],"version-history":[{"count":2,"href":"https:\/\/cenal.gob.ve\/index.php?rest_route=\/wp\/v2\/posts\/24992\/revisions"}],"predecessor-version":[{"id":24998,"href":"https:\/\/cenal.gob.ve\/index.php?rest_route=\/wp\/v2\/posts\/24992\/revisions\/24998"}],"wp:featuredmedia":[{"embeddable":true,"href":"https:\/\/cenal.gob.ve\/index.php?rest_route=\/wp\/v2\/media\/24997"}],"wp:attachment":[{"href":"https:\/\/cenal.gob.ve\/index.php?rest_route=%2Fwp%2Fv2%2Fmedia&parent=24992"}],"wp:term":[{"taxonomy":"category","embeddable":true,"href":"https:\/\/cenal.gob.ve\/index.php?rest_route=%2Fwp%2Fv2%2Fcategories&post=24992"},{"taxonomy":"post_tag","embeddable":true,"href":"https:\/\/cenal.gob.ve\/index.php?rest_route=%2Fwp%2Fv2%2Ftags&post=24992"}],"curies":[{"name":"wp","href":"https:\/\/api.w.org\/{rel}","templated":true}]}}