{"id":25010,"date":"2024-12-18T10:48:27","date_gmt":"2024-12-18T14:48:27","guid":{"rendered":"https:\/\/cenal.gob.ve\/?p=25010"},"modified":"2024-12-18T10:48:30","modified_gmt":"2024-12-18T14:48:30","slug":"edgar-rubio-gano-la-xi-bienal-nacional-de-literatura-orlando-araujo","status":"publish","type":"post","link":"https:\/\/cenal.gob.ve\/?p=25010","title":{"rendered":"Edgar Rubio gan\u00f3 la XI Bienal Nacional de Literatura Orlando Araujo"},"content":{"rendered":"\n<p>El escritor zuliano Edgar Rubio gan\u00f3 con su obra\u00a0Noche de ronda la XI Bienal Nacional de Literatura Orlando Araujo menci\u00f3n Narrativa breve, convocada por el Ministerio del Poder Popular para la Cultura a trav\u00e9s del Centro Nacional del Libro (Cenal) y dirigida a escritores venezolanos o extranjeros residenciados en el pa\u00eds con trabajos in\u00e9ditos.<\/p>\n\n\n\n<p>As\u00ed lo indica el veredicto del jurado integrado por Jes\u00fas Ernesto Parra, Miguel \u00c1ngel P\u00e9rez Pirela y Esmeralda Torres, el cual, tras la evaluaci\u00f3n de 94 manuscritos concursantes, decidi\u00f3&nbsp;otorgar&nbsp;el premio a la referida obra, presentada con el seud\u00f3nimo&nbsp;Carapaica y que, una vez abierta la plica, result\u00f3 ser de&nbsp;Edgar Rubio.<\/p>\n\n\n\n<p>De acuerdo con Parra, P\u00e9rez Pirela y Torres, se trata de un compilado de relatos provisto de un ecosistema propio que recrea desde esta singular propuesta una atm\u00f3sfera envolvente, sin socavar la autonom\u00eda de las piezas que lo componen.<\/p>\n\n\n\n<p>&#8220;Estamos frente a una obra que se inscribe en la mejor tradici\u00f3n literaria latinoamericana, demostrando amplia maestr\u00eda en el manejo de la teor\u00eda quiroguiana del relato. Noche de ronda, desde una notable po\u00e9tica de la crueldad y las &#8216;situaciones l\u00edmites&#8217;, destaca por una probidad en el uso del espacio redaccional y el lenguaje:&nbsp;una literatura di\u00e1fana, que no redunda en explicaciones, im\u00e1genes o adjetivos&#8221;, se\u00f1ala el veredicto.<\/p>\n\n\n\n<p>El jurado tambi\u00e9n destaca de la obra &#8220;un sorprendente uso del recurso de la trama y una bien lograda confecci\u00f3n de los cierres dram\u00e1ticos. A partir de este estilo, Noche de ronda abre una inusitada ventana a nuestra literatura, sin pretensiones ni tremendismos:&nbsp;\u00fanicamente con una literatura directa y poderosa&#8221;.<br>&nbsp;<br>El autor de la obra ganadora recibir\u00e1 certificado y un premio de cien mil bol\u00edvares (Bs 100.000,00), otorgado por Cenal, y la publicaci\u00f3n del libro por Monte \u00c1vila Editores<br>(impreso y digital).<\/p>\n\n\n\n<p>Edgar Rubio, nacido en Maracaibo, estado Zulia, ha publicado El libro del Augur (relatos, 1996) y Alicia y otras cuestiones (novela corta, 2013). Gan\u00f3 los concursos literarios de la Universidad de los Andes en 1989 y 1993 y el Premio Nacional Alfredo Armas Alfonzo de narrativa en 1992. Obtuvo la menci\u00f3n publicaci\u00f3n en 2012 del Premio Nacional de Novela Corta del Fondo Editorial del Caribe.<\/p>\n\n\n\n<p>La XI Bienal Orlando Araujo, junto a otras seis bienales nacionales de literatura convocadas tambi\u00e9n por el Ministerio del Poder Popular para la Cultura en 2024, forma parte de las pol\u00edticas culturales del Gobierno Bolivariano orientadas a incentivar el desarrollo de autores.<\/p>\n","protected":false},"excerpt":{"rendered":"<p>El escritor zuliano Edgar Rubio gan\u00f3 con su obra\u00a0Noche de ronda la XI Bienal Nacional de Literatura Orlando Araujo menci\u00f3n Narrativa breve, convocada por el Ministerio del Poder Popular para [&hellip;]<\/p>\n","protected":false},"author":10,"featured_media":25011,"comment_status":"open","ping_status":"closed","sticky":false,"template":"","format":"standard","meta":{"spay_email":"","jetpack_publicize_message":"","jetpack_is_tweetstorm":false,"jetpack_publicize_feature_enabled":true},"categories":[19,2],"tags":[],"yoast_head":"<!-- This site is optimized with the Yoast SEO plugin v19.8 - https:\/\/yoast.com\/wordpress\/plugins\/seo\/ -->\n<title>Edgar Rubio gan\u00f3 la XI Bienal Nacional de Literatura Orlando Araujo<\/title>\n<meta name=\"robots\" content=\"index, follow, max-snippet:-1, max-image-preview:large, max-video-preview:-1\" \/>\n<link rel=\"canonical\" href=\"https:\/\/cenal.gob.ve\/?p=25010\" \/>\n<meta property=\"og:locale\" content=\"es_ES\" \/>\n<meta property=\"og:type\" content=\"article\" \/>\n<meta property=\"og:title\" content=\"Edgar Rubio gan\u00f3 la XI Bienal Nacional de Literatura Orlando Araujo\" \/>\n<meta property=\"og:description\" content=\"El escritor zuliano Edgar Rubio gan\u00f3 con su obra\u00a0Noche de ronda la XI Bienal Nacional de Literatura Orlando Araujo menci\u00f3n Narrativa breve, convocada por el Ministerio del Poder Popular para [&hellip;]\" \/>\n<meta property=\"og:url\" content=\"https:\/\/cenal.gob.ve\/?p=25010\" \/>\n<meta property=\"og:site_name\" content=\"Cenal\" \/>\n<meta property=\"article:published_time\" content=\"2024-12-18T14:48:27+00:00\" \/>\n<meta property=\"article:modified_time\" content=\"2024-12-18T14:48:30+00:00\" \/>\n<meta property=\"og:image\" content=\"http:\/\/cenal.gob.ve\/wp-content\/uploads\/2024\/12\/IMG-20241218-WA0006.jpg\" \/>\n\t<meta property=\"og:image:width\" content=\"1080\" \/>\n\t<meta property=\"og:image:height\" content=\"799\" \/>\n\t<meta property=\"og:image:type\" content=\"image\/jpeg\" \/>\n<meta name=\"author\" content=\"Prensa Cenal\" \/>\n<meta name=\"twitter:card\" content=\"summary_large_image\" \/>\n<meta name=\"twitter:label1\" content=\"Written by\" \/>\n\t<meta name=\"twitter:data1\" content=\"Prensa Cenal\" \/>\n\t<meta name=\"twitter:label2\" content=\"Est. reading time\" \/>\n\t<meta name=\"twitter:data2\" content=\"2 minutos\" \/>\n<script type=\"application\/ld+json\" class=\"yoast-schema-graph\">{\"@context\":\"https:\/\/schema.org\",\"@graph\":[{\"@type\":\"Article\",\"@id\":\"https:\/\/cenal.gob.ve\/?p=25010#article\",\"isPartOf\":{\"@id\":\"https:\/\/cenal.gob.ve\/?p=25010\"},\"author\":{\"name\":\"Prensa Cenal\",\"@id\":\"https:\/\/cenal.gob.ve\/#\/schema\/person\/e3ed34623f400ffab8bc7a63b2f5533f\"},\"headline\":\"Edgar Rubio gan\u00f3 la XI Bienal Nacional de Literatura Orlando Araujo\",\"datePublished\":\"2024-12-18T14:48:27+00:00\",\"dateModified\":\"2024-12-18T14:48:30+00:00\",\"mainEntityOfPage\":{\"@id\":\"https:\/\/cenal.gob.ve\/?p=25010\"},\"wordCount\":440,\"commentCount\":0,\"publisher\":{\"@id\":\"https:\/\/cenal.gob.ve\/#organization\"},\"articleSection\":[\"Bienales\",\"Cenal\"],\"inLanguage\":\"es\",\"potentialAction\":[{\"@type\":\"CommentAction\",\"name\":\"Comment\",\"target\":[\"https:\/\/cenal.gob.ve\/?p=25010#respond\"]}]},{\"@type\":\"WebPage\",\"@id\":\"https:\/\/cenal.gob.ve\/?p=25010\",\"url\":\"https:\/\/cenal.gob.ve\/?p=25010\",\"name\":\"Edgar Rubio gan\u00f3 la XI Bienal Nacional de Literatura Orlando Araujo\",\"isPartOf\":{\"@id\":\"https:\/\/cenal.gob.ve\/#website\"},\"datePublished\":\"2024-12-18T14:48:27+00:00\",\"dateModified\":\"2024-12-18T14:48:30+00:00\",\"breadcrumb\":{\"@id\":\"https:\/\/cenal.gob.ve\/?p=25010#breadcrumb\"},\"inLanguage\":\"es\",\"potentialAction\":[{\"@type\":\"ReadAction\",\"target\":[\"https:\/\/cenal.gob.ve\/?p=25010\"]}]},{\"@type\":\"BreadcrumbList\",\"@id\":\"https:\/\/cenal.gob.ve\/?p=25010#breadcrumb\",\"itemListElement\":[{\"@type\":\"ListItem\",\"position\":1,\"name\":\"Home\",\"item\":\"https:\/\/cenal.gob.ve\/\"},{\"@type\":\"ListItem\",\"position\":2,\"name\":\"Edgar Rubio gan\u00f3 la XI Bienal Nacional de Literatura Orlando Araujo\"}]},{\"@type\":\"WebSite\",\"@id\":\"https:\/\/cenal.gob.ve\/#website\",\"url\":\"https:\/\/cenal.gob.ve\/\",\"name\":\"Cenal\",\"description\":\"\",\"publisher\":{\"@id\":\"https:\/\/cenal.gob.ve\/#organization\"},\"potentialAction\":[{\"@type\":\"SearchAction\",\"target\":{\"@type\":\"EntryPoint\",\"urlTemplate\":\"https:\/\/cenal.gob.ve\/?s={search_term_string}\"},\"query-input\":\"required name=search_term_string\"}],\"inLanguage\":\"es\"},{\"@type\":\"Organization\",\"@id\":\"https:\/\/cenal.gob.ve\/#organization\",\"name\":\"CENAL\",\"url\":\"https:\/\/cenal.gob.ve\/\",\"sameAs\":[],\"logo\":{\"@type\":\"ImageObject\",\"inLanguage\":\"es\",\"@id\":\"https:\/\/cenal.gob.ve\/#\/schema\/logo\/image\/\",\"url\":\"https:\/\/i0.wp.com\/cenal.gob.ve\/wp-content\/uploads\/2022\/10\/cropped-images.jpg?fit=512%2C512\",\"contentUrl\":\"https:\/\/i0.wp.com\/cenal.gob.ve\/wp-content\/uploads\/2022\/10\/cropped-images.jpg?fit=512%2C512\",\"width\":512,\"height\":512,\"caption\":\"CENAL\"},\"image\":{\"@id\":\"https:\/\/cenal.gob.ve\/#\/schema\/logo\/image\/\"}},{\"@type\":\"Person\",\"@id\":\"https:\/\/cenal.gob.ve\/#\/schema\/person\/e3ed34623f400ffab8bc7a63b2f5533f\",\"name\":\"Prensa Cenal\",\"image\":{\"@type\":\"ImageObject\",\"inLanguage\":\"es\",\"@id\":\"https:\/\/cenal.gob.ve\/#\/schema\/person\/image\/\",\"url\":\"https:\/\/secure.gravatar.com\/avatar\/594b4ed34090910c619ac3679001d491?s=96&d=mm&r=g\",\"contentUrl\":\"https:\/\/secure.gravatar.com\/avatar\/594b4ed34090910c619ac3679001d491?s=96&d=mm&r=g\",\"caption\":\"Prensa Cenal\"},\"url\":\"https:\/\/cenal.gob.ve\/?author=10\"}]}<\/script>\n<!-- \/ Yoast SEO plugin. -->","yoast_head_json":{"title":"Edgar Rubio gan\u00f3 la XI Bienal Nacional de Literatura Orlando Araujo","robots":{"index":"index","follow":"follow","max-snippet":"max-snippet:-1","max-image-preview":"max-image-preview:large","max-video-preview":"max-video-preview:-1"},"canonical":"https:\/\/cenal.gob.ve\/?p=25010","og_locale":"es_ES","og_type":"article","og_title":"Edgar Rubio gan\u00f3 la XI Bienal Nacional de Literatura Orlando Araujo","og_description":"El escritor zuliano Edgar Rubio gan\u00f3 con su obra\u00a0Noche de ronda la XI Bienal Nacional de Literatura Orlando Araujo menci\u00f3n Narrativa breve, convocada por el Ministerio del Poder Popular para [&hellip;]","og_url":"https:\/\/cenal.gob.ve\/?p=25010","og_site_name":"Cenal","article_published_time":"2024-12-18T14:48:27+00:00","article_modified_time":"2024-12-18T14:48:30+00:00","og_image":[{"width":1080,"height":799,"url":"http:\/\/cenal.gob.ve\/wp-content\/uploads\/2024\/12\/IMG-20241218-WA0006.jpg","type":"image\/jpeg"}],"author":"Prensa Cenal","twitter_card":"summary_large_image","twitter_misc":{"Written by":"Prensa Cenal","Est. reading time":"2 minutos"},"schema":{"@context":"https:\/\/schema.org","@graph":[{"@type":"Article","@id":"https:\/\/cenal.gob.ve\/?p=25010#article","isPartOf":{"@id":"https:\/\/cenal.gob.ve\/?p=25010"},"author":{"name":"Prensa Cenal","@id":"https:\/\/cenal.gob.ve\/#\/schema\/person\/e3ed34623f400ffab8bc7a63b2f5533f"},"headline":"Edgar Rubio gan\u00f3 la XI Bienal Nacional de Literatura Orlando Araujo","datePublished":"2024-12-18T14:48:27+00:00","dateModified":"2024-12-18T14:48:30+00:00","mainEntityOfPage":{"@id":"https:\/\/cenal.gob.ve\/?p=25010"},"wordCount":440,"commentCount":0,"publisher":{"@id":"https:\/\/cenal.gob.ve\/#organization"},"articleSection":["Bienales","Cenal"],"inLanguage":"es","potentialAction":[{"@type":"CommentAction","name":"Comment","target":["https:\/\/cenal.gob.ve\/?p=25010#respond"]}]},{"@type":"WebPage","@id":"https:\/\/cenal.gob.ve\/?p=25010","url":"https:\/\/cenal.gob.ve\/?p=25010","name":"Edgar Rubio gan\u00f3 la XI Bienal Nacional de Literatura Orlando Araujo","isPartOf":{"@id":"https:\/\/cenal.gob.ve\/#website"},"datePublished":"2024-12-18T14:48:27+00:00","dateModified":"2024-12-18T14:48:30+00:00","breadcrumb":{"@id":"https:\/\/cenal.gob.ve\/?p=25010#breadcrumb"},"inLanguage":"es","potentialAction":[{"@type":"ReadAction","target":["https:\/\/cenal.gob.ve\/?p=25010"]}]},{"@type":"BreadcrumbList","@id":"https:\/\/cenal.gob.ve\/?p=25010#breadcrumb","itemListElement":[{"@type":"ListItem","position":1,"name":"Home","item":"https:\/\/cenal.gob.ve\/"},{"@type":"ListItem","position":2,"name":"Edgar Rubio gan\u00f3 la XI Bienal Nacional de Literatura Orlando Araujo"}]},{"@type":"WebSite","@id":"https:\/\/cenal.gob.ve\/#website","url":"https:\/\/cenal.gob.ve\/","name":"Cenal","description":"","publisher":{"@id":"https:\/\/cenal.gob.ve\/#organization"},"potentialAction":[{"@type":"SearchAction","target":{"@type":"EntryPoint","urlTemplate":"https:\/\/cenal.gob.ve\/?s={search_term_string}"},"query-input":"required name=search_term_string"}],"inLanguage":"es"},{"@type":"Organization","@id":"https:\/\/cenal.gob.ve\/#organization","name":"CENAL","url":"https:\/\/cenal.gob.ve\/","sameAs":[],"logo":{"@type":"ImageObject","inLanguage":"es","@id":"https:\/\/cenal.gob.ve\/#\/schema\/logo\/image\/","url":"https:\/\/i0.wp.com\/cenal.gob.ve\/wp-content\/uploads\/2022\/10\/cropped-images.jpg?fit=512%2C512","contentUrl":"https:\/\/i0.wp.com\/cenal.gob.ve\/wp-content\/uploads\/2022\/10\/cropped-images.jpg?fit=512%2C512","width":512,"height":512,"caption":"CENAL"},"image":{"@id":"https:\/\/cenal.gob.ve\/#\/schema\/logo\/image\/"}},{"@type":"Person","@id":"https:\/\/cenal.gob.ve\/#\/schema\/person\/e3ed34623f400ffab8bc7a63b2f5533f","name":"Prensa Cenal","image":{"@type":"ImageObject","inLanguage":"es","@id":"https:\/\/cenal.gob.ve\/#\/schema\/person\/image\/","url":"https:\/\/secure.gravatar.com\/avatar\/594b4ed34090910c619ac3679001d491?s=96&d=mm&r=g","contentUrl":"https:\/\/secure.gravatar.com\/avatar\/594b4ed34090910c619ac3679001d491?s=96&d=mm&r=g","caption":"Prensa Cenal"},"url":"https:\/\/cenal.gob.ve\/?author=10"}]}},"jetpack_featured_media_url":"https:\/\/cenal.gob.ve\/wp-content\/uploads\/2024\/12\/IMG-20241218-WA0006.jpg","jetpack_publicize_connections":[],"jetpack_shortlink":"https:\/\/wp.me\/p5FMhp-6vo","_links":{"self":[{"href":"https:\/\/cenal.gob.ve\/index.php?rest_route=\/wp\/v2\/posts\/25010"}],"collection":[{"href":"https:\/\/cenal.gob.ve\/index.php?rest_route=\/wp\/v2\/posts"}],"about":[{"href":"https:\/\/cenal.gob.ve\/index.php?rest_route=\/wp\/v2\/types\/post"}],"author":[{"embeddable":true,"href":"https:\/\/cenal.gob.ve\/index.php?rest_route=\/wp\/v2\/users\/10"}],"replies":[{"embeddable":true,"href":"https:\/\/cenal.gob.ve\/index.php?rest_route=%2Fwp%2Fv2%2Fcomments&post=25010"}],"version-history":[{"count":3,"href":"https:\/\/cenal.gob.ve\/index.php?rest_route=\/wp\/v2\/posts\/25010\/revisions"}],"predecessor-version":[{"id":25048,"href":"https:\/\/cenal.gob.ve\/index.php?rest_route=\/wp\/v2\/posts\/25010\/revisions\/25048"}],"wp:featuredmedia":[{"embeddable":true,"href":"https:\/\/cenal.gob.ve\/index.php?rest_route=\/wp\/v2\/media\/25011"}],"wp:attachment":[{"href":"https:\/\/cenal.gob.ve\/index.php?rest_route=%2Fwp%2Fv2%2Fmedia&parent=25010"}],"wp:term":[{"taxonomy":"category","embeddable":true,"href":"https:\/\/cenal.gob.ve\/index.php?rest_route=%2Fwp%2Fv2%2Fcategories&post=25010"},{"taxonomy":"post_tag","embeddable":true,"href":"https:\/\/cenal.gob.ve\/index.php?rest_route=%2Fwp%2Fv2%2Ftags&post=25010"}],"curies":[{"name":"wp","href":"https:\/\/api.w.org\/{rel}","templated":true}]}}