{"id":25032,"date":"2025-01-12T07:00:00","date_gmt":"2025-01-12T11:00:00","guid":{"rendered":"https:\/\/cenal.gob.ve\/?p=25032"},"modified":"2025-01-10T17:10:15","modified_gmt":"2025-01-10T21:10:15","slug":"historia-de-la-muerte-y-la-ceniza","status":"publish","type":"post","link":"https:\/\/cenal.gob.ve\/?p=25032","title":{"rendered":"Historia de la muerte y la ceniza"},"content":{"rendered":"\n<p class=\"has-drop-cap\">La forma y el tono de la novela policial depende de quien sea el detective, ese personaje que a lo largo del tiempo se ha revestido de ciertas caracter\u00edsticas que, al repetirse de un autor a otro, han terminado por conformar un arquetipo perfectamente reconocible, que los lectores esperan encontrar en cuanta novela les cae en las manos.<\/p>\n\n\n\n<p>Si tal es el caso del lector, cabe esperar que el dilema del escritor sea el opuesto: imaginar, y crear, un detective que escape de esa especie de molde prefabricado al construir su personaje.<\/p>\n\n\n\n<p>Puede decirse que Pablo De Santis juega fuerte en <em>La cabalgata de las valquirias<\/em> a la hora de crear a su comisario, Conrado Nebra, a quien env\u00edan a investigar un crimen en un remoto poblado. Personaje mucho m\u00e1s humano que ese arquetipo imperturbable de la novela policial, Nebra se descubre agudo, pero sin aires de infalibilidad; acosado por la figura de un padre que predica un modelo de conducta poco acorde con sus propios criterios; atado a una vida carente de cualquier rasgo \u00e9pico; y con una relaci\u00f3n adversa con el resto de los personajes. Conrado Nebra termina as\u00ed por encarnar a un ser humano cuya normalidad despierta, a un tiempo, admiraci\u00f3n, simpat\u00eda y, por momentos, una compasi\u00f3n solidaria hacia alguien atrapado en su circunstancia.<\/p>\n\n\n\n<figure class=\"wp-block-image size-large\"><img width=\"604\" height=\"1024\" src=\"http:\/\/cenal.gob.ve\/wp-content\/uploads\/2025\/01\/La-cabalgata-de-las-valquirias-portada-604x1024.jpg\" alt=\"\" class=\"wp-image-25033\" srcset=\"https:\/\/cenal.gob.ve\/wp-content\/uploads\/2025\/01\/La-cabalgata-de-las-valquirias-portada-604x1024.jpg 604w, https:\/\/cenal.gob.ve\/wp-content\/uploads\/2025\/01\/La-cabalgata-de-las-valquirias-portada-177x300.jpg 177w, https:\/\/cenal.gob.ve\/wp-content\/uploads\/2025\/01\/La-cabalgata-de-las-valquirias-portada-640x1085.jpg 640w, https:\/\/cenal.gob.ve\/wp-content\/uploads\/2025\/01\/La-cabalgata-de-las-valquirias-portada.jpg 755w\" sizes=\"(max-width: 604px) 100vw, 604px\" \/><\/figure>\n\n\n\n<p>Esa conformaci\u00f3n poco ortodoxa del detective est\u00e1 ligada, \u00bfc\u00f3mo no?, a una particular concepci\u00f3n del crimen.<\/p>\n\n\n\n<p>Alejada de todo manique\u00edsmo, <em>La cabalgata de las valquirias<\/em> carece tanto de malvados como de inocentes absolutos, lo que da a la trama una inesperada y a la vez sorprendente complejidad.<\/p>\n\n\n\n<p>El narrador, es decir, el propio comisario, expresa su experiencia con el crimen con lo que parece una reflexi\u00f3n filos\u00f3fica sobre la condici\u00f3n humana: \u201c\u2026se busca la encarnaci\u00f3n del mal y solo se obtiene la estupidez, el sinsentido y la locura.\u201d<\/p>\n\n\n\n<p>La estupidez, el sinsentido y la locura le abren paso a la iron\u00eda que ocupa un lugar de privilegio en muchas de las p\u00e1ginas de esta novela. La propia historia resulta ir\u00f3nica, dado que los supuestos criminales parecen estar guiados por lo que ellos mismos, y no pocos de quienes los rodean, conciben como prop\u00f3sitos nobles.<\/p>\n\n\n\n<p>La iron\u00eda, adem\u00e1s, suele estar presente en los di\u00e1logos. A trav\u00e9s de ellos se deja claro el modo como los individuos se relacionan a lo largo de la novela, a la vez que se pone en evidencia una ominosa hostilidad entre los humanos y de parte del propio ambiente en el que se desarrolla la historia.<\/p>\n\n\n\n<p>Di\u00e1logos cortantes que muestran, sin que medien explicaciones, una omnipresente antipat\u00eda:<\/p>\n\n\n\n<p>\u201c\u2014\u00bfUsted va al acto de la biblioteca, Valeri?<\/p>\n\n\n\n<p>\u2014No. Le cedo la dosis de color local que me corresponde a los visitantes ilustres como usted.\u201d<\/p>\n\n\n\n<p>La propensi\u00f3n a la intertextualidad propia de la novela contempor\u00e1nea, y que con tanta frecuencia se hace presente en estos tiempos, es com\u00fan en esta obra de De Santis. Abundan en <em>La cabalgata de las valquirias<\/em> las referencias a otros textos. As\u00ed, por ejemplo, la alusi\u00f3n a Hansel y Gretel, el cuento recopilado por los hermanos Grimm, le sirve al narrador para hacer una breve reflexi\u00f3n sobre los elementos y la estructura de las narraciones infantiles, g\u00e9nero que \u00e9l mismo cultiva.<\/p>\n\n\n\n<p>La intertextualidad sirve tambi\u00e9n para hacer conexiones tangenciales con otros autores de novela policial; alusiones de las cuales, como lectores, sospecharemos que se trata de las preferencias literarias del propio autor.<\/p>\n\n\n\n<p>Las referencias a otros libros sirven, finalmente, para desdecir del car\u00e1cter fidedigno de ese armado de mentiras que suele ser la novela.<\/p>\n\n\n\n<p>Al indagar sobre la v\u00edctima el comisario pregunta:<\/p>\n\n\n\n<p>\u201c\u2014\u00bfLe\u00eda libros?<\/p>\n\n\n\n<p>\u2014Le\u00eda el diario. Alg\u00fan libro de historia o biograf\u00edas. No le gustaban las novelas. Quer\u00eda leer cosas que fueran verdad.\u201d Con esos elementos que la individualizan, <em>La cabalgata de las valquirias<\/em> adquiere una real autonom\u00eda de vuelo en el mundo de la novela policial. A\u00f1\u00e1dase una an\u00e9cdota que se complica justo cuando el lector cree haber encontrado la salida del laberinto; un lenguaje lleno de reflexiones cargadas de cinismo y no poco humor, que le dan densidad a todo el relato; y, en fin, una lectura agradable y seductora que fluye sin tropiezos hasta la \u00faltima p\u00e1gina.<\/p>\n","protected":false},"excerpt":{"rendered":"<p>La forma y el tono de la novela policial depende de quien sea el detective, ese personaje que a lo largo del tiempo se ha revestido de ciertas caracter\u00edsticas que, al repetirse de un autor a otro, han terminado por conformar un arquetipo perfectamente reconocible, que los lectores esperan encontrar en cuanta novela les cae en las manos<\/p>\n","protected":false},"author":28,"featured_media":25034,"comment_status":"open","ping_status":"closed","sticky":false,"template":"","format":"standard","meta":{"spay_email":"","jetpack_publicize_message":"","jetpack_is_tweetstorm":false,"jetpack_publicize_feature_enabled":true},"categories":[215,53],"tags":[211,216],"yoast_head":"<!-- This site is optimized with the Yoast SEO plugin v19.8 - https:\/\/yoast.com\/wordpress\/plugins\/seo\/ -->\n<title>Historia de la muerte y la ceniza<\/title>\n<meta name=\"description\" content=\"La forma y el tono de la novela policial depende de quien sea el detective, ese personaje que a lo largo del tiempo se ha revestido de ciertas caracter\u00edsticas que, al repetirse de un autor a otro, han terminado por conformar un arquetipo perfectamente reconocible, que los lectores esperan encontrar en cuanta novela les cae en las manos\" \/>\n<meta name=\"robots\" content=\"index, follow, max-snippet:-1, max-image-preview:large, max-video-preview:-1\" \/>\n<link rel=\"canonical\" href=\"https:\/\/cenal.gob.ve\/?p=25032\" \/>\n<meta property=\"og:locale\" content=\"es_ES\" \/>\n<meta property=\"og:type\" content=\"article\" \/>\n<meta property=\"og:title\" content=\"Historia de la muerte y la ceniza | C\u00f3simo Mandrillo\" \/>\n<meta property=\"og:description\" content=\"La forma y el tono de la novela policial depende de quien sea el detective, ese personaje que a lo largo del tiempo se ha revestido de ciertas caracter\u00edsticas que, al repetirse de un autor a otro, han terminado por conformar un arquetipo perfectamente reconocible, que los lectores esperan encontrar en cuanta novela les cae en las manos.\" \/>\n<meta property=\"og:url\" content=\"https:\/\/cenal.gob.ve\/?p=25032\" \/>\n<meta property=\"og:site_name\" content=\"Cenal\" \/>\n<meta property=\"article:published_time\" content=\"2025-01-12T11:00:00+00:00\" \/>\n<meta property=\"article:modified_time\" content=\"2025-01-10T21:10:15+00:00\" \/>\n<meta property=\"og:image\" content=\"https:\/\/i0.wp.com\/cenal.gob.ve\/wp-content\/uploads\/2025\/01\/La-cabalgata-de-las-valquirias-portada.jpg?fit=755%2C1280&ssl=1\" \/>\n\t<meta property=\"og:image:width\" content=\"755\" \/>\n\t<meta property=\"og:image:height\" content=\"1280\" \/>\n\t<meta property=\"og:image:type\" content=\"image\/jpeg\" \/>\n<meta name=\"author\" content=\"C\u00f3simo Mandrillo\" \/>\n<meta name=\"twitter:card\" content=\"summary_large_image\" \/>\n<meta name=\"twitter:title\" content=\"Historia de la muerte y la ceniza | C\u00f3simo Mandrillo\" \/>\n<meta name=\"twitter:description\" content=\"La forma y el tono de la novela policial depende de quien sea el detective, ese personaje que a lo largo del tiempo se ha revestido de ciertas caracter\u00edsticas que, al repetirse de un autor a otro, han terminado por conformar un arquetipo perfectamente reconocible, que los lectores esperan encontrar en cuanta novela les cae en las manos.\" \/>\n<meta name=\"twitter:image\" content=\"https:\/\/cenal.gob.ve\/wp-content\/uploads\/2025\/01\/La-cabalgata-de-las-valquirias-portada.jpg\" \/>\n<meta name=\"twitter:label1\" content=\"Written by\" \/>\n\t<meta name=\"twitter:data1\" content=\"C\u00f3simo Mandrillo\" \/>\n\t<meta name=\"twitter:label2\" content=\"Est. reading time\" \/>\n\t<meta name=\"twitter:data2\" content=\"4 minutos\" \/>\n<script type=\"application\/ld+json\" class=\"yoast-schema-graph\">{\"@context\":\"https:\/\/schema.org\",\"@graph\":[{\"@type\":\"Article\",\"@id\":\"https:\/\/cenal.gob.ve\/?p=25032#article\",\"isPartOf\":{\"@id\":\"https:\/\/cenal.gob.ve\/?p=25032\"},\"author\":{\"name\":\"C\u00f3simo Mandrillo\",\"@id\":\"https:\/\/cenal.gob.ve\/#\/schema\/person\/03f2ed4aa0ac06c17c6f979c5d7db558\"},\"headline\":\"Historia de la muerte y la ceniza\",\"datePublished\":\"2025-01-12T11:00:00+00:00\",\"dateModified\":\"2025-01-10T21:10:15+00:00\",\"mainEntityOfPage\":{\"@id\":\"https:\/\/cenal.gob.ve\/?p=25032\"},\"wordCount\":744,\"commentCount\":0,\"publisher\":{\"@id\":\"https:\/\/cenal.gob.ve\/#organization\"},\"keywords\":[\"Literatura\",\"Novelas\"],\"articleSection\":[\"Lectura m\u00ednima\",\"Lecturas\"],\"inLanguage\":\"es\",\"potentialAction\":[{\"@type\":\"CommentAction\",\"name\":\"Comment\",\"target\":[\"https:\/\/cenal.gob.ve\/?p=25032#respond\"]}]},{\"@type\":\"WebPage\",\"@id\":\"https:\/\/cenal.gob.ve\/?p=25032\",\"url\":\"https:\/\/cenal.gob.ve\/?p=25032\",\"name\":\"Historia de la muerte y la ceniza\",\"isPartOf\":{\"@id\":\"https:\/\/cenal.gob.ve\/#website\"},\"datePublished\":\"2025-01-12T11:00:00+00:00\",\"dateModified\":\"2025-01-10T21:10:15+00:00\",\"description\":\"La forma y el tono de la novela policial depende de quien sea el detective, ese personaje que a lo largo del tiempo se ha revestido de ciertas caracter\u00edsticas que, al repetirse de un autor a otro, han terminado por conformar un arquetipo perfectamente reconocible, que los lectores esperan encontrar en cuanta novela les cae en las manos\",\"breadcrumb\":{\"@id\":\"https:\/\/cenal.gob.ve\/?p=25032#breadcrumb\"},\"inLanguage\":\"es\",\"potentialAction\":[{\"@type\":\"ReadAction\",\"target\":[\"https:\/\/cenal.gob.ve\/?p=25032\"]}]},{\"@type\":\"BreadcrumbList\",\"@id\":\"https:\/\/cenal.gob.ve\/?p=25032#breadcrumb\",\"itemListElement\":[{\"@type\":\"ListItem\",\"position\":1,\"name\":\"Home\",\"item\":\"https:\/\/cenal.gob.ve\/\"},{\"@type\":\"ListItem\",\"position\":2,\"name\":\"Historia de la muerte y la ceniza\"}]},{\"@type\":\"WebSite\",\"@id\":\"https:\/\/cenal.gob.ve\/#website\",\"url\":\"https:\/\/cenal.gob.ve\/\",\"name\":\"Cenal\",\"description\":\"\",\"publisher\":{\"@id\":\"https:\/\/cenal.gob.ve\/#organization\"},\"potentialAction\":[{\"@type\":\"SearchAction\",\"target\":{\"@type\":\"EntryPoint\",\"urlTemplate\":\"https:\/\/cenal.gob.ve\/?s={search_term_string}\"},\"query-input\":\"required name=search_term_string\"}],\"inLanguage\":\"es\"},{\"@type\":\"Organization\",\"@id\":\"https:\/\/cenal.gob.ve\/#organization\",\"name\":\"CENAL\",\"url\":\"https:\/\/cenal.gob.ve\/\",\"sameAs\":[],\"logo\":{\"@type\":\"ImageObject\",\"inLanguage\":\"es\",\"@id\":\"https:\/\/cenal.gob.ve\/#\/schema\/logo\/image\/\",\"url\":\"https:\/\/i0.wp.com\/cenal.gob.ve\/wp-content\/uploads\/2022\/10\/cropped-images.jpg?fit=512%2C512\",\"contentUrl\":\"https:\/\/i0.wp.com\/cenal.gob.ve\/wp-content\/uploads\/2022\/10\/cropped-images.jpg?fit=512%2C512\",\"width\":512,\"height\":512,\"caption\":\"CENAL\"},\"image\":{\"@id\":\"https:\/\/cenal.gob.ve\/#\/schema\/logo\/image\/\"}},{\"@type\":\"Person\",\"@id\":\"https:\/\/cenal.gob.ve\/#\/schema\/person\/03f2ed4aa0ac06c17c6f979c5d7db558\",\"name\":\"C\u00f3simo Mandrillo\",\"image\":{\"@type\":\"ImageObject\",\"inLanguage\":\"es\",\"@id\":\"https:\/\/cenal.gob.ve\/#\/schema\/person\/image\/\",\"url\":\"https:\/\/secure.gravatar.com\/avatar\/4bf48f2ee4391517938cc9a456a58c4f?s=96&d=mm&r=g\",\"contentUrl\":\"https:\/\/secure.gravatar.com\/avatar\/4bf48f2ee4391517938cc9a456a58c4f?s=96&d=mm&r=g\",\"caption\":\"C\u00f3simo Mandrillo\"},\"description\":\"Escritor, doctor en Literatura Hispanoamericana por la Universidad de Iowa, mag\u00edster en Literatura Latinoamericana y profesor jubilado de la Universidad del Zulia. Fue galardonado con el Premio Regional de Literatura Jes\u00fas Enrique Losada (2000). Asimismo, se hizo acreedor del segundo lugar del concurso Los ni\u00f1os del Mercosur, de la editorial Comunicarte (Argentina, 2007).\",\"url\":\"https:\/\/cenal.gob.ve\/?author=28\"}]}<\/script>\n<!-- \/ Yoast SEO plugin. -->","yoast_head_json":{"title":"Historia de la muerte y la ceniza","description":"La forma y el tono de la novela policial depende de quien sea el detective, ese personaje que a lo largo del tiempo se ha revestido de ciertas caracter\u00edsticas que, al repetirse de un autor a otro, han terminado por conformar un arquetipo perfectamente reconocible, que los lectores esperan encontrar en cuanta novela les cae en las manos","robots":{"index":"index","follow":"follow","max-snippet":"max-snippet:-1","max-image-preview":"max-image-preview:large","max-video-preview":"max-video-preview:-1"},"canonical":"https:\/\/cenal.gob.ve\/?p=25032","og_locale":"es_ES","og_type":"article","og_title":"Historia de la muerte y la ceniza | C\u00f3simo Mandrillo","og_description":"La forma y el tono de la novela policial depende de quien sea el detective, ese personaje que a lo largo del tiempo se ha revestido de ciertas caracter\u00edsticas que, al repetirse de un autor a otro, han terminado por conformar un arquetipo perfectamente reconocible, que los lectores esperan encontrar en cuanta novela les cae en las manos.","og_url":"https:\/\/cenal.gob.ve\/?p=25032","og_site_name":"Cenal","article_published_time":"2025-01-12T11:00:00+00:00","article_modified_time":"2025-01-10T21:10:15+00:00","og_image":[{"width":755,"height":1280,"url":"https:\/\/i0.wp.com\/cenal.gob.ve\/wp-content\/uploads\/2025\/01\/La-cabalgata-de-las-valquirias-portada.jpg?fit=755%2C1280&ssl=1","type":"image\/jpeg"}],"author":"C\u00f3simo Mandrillo","twitter_card":"summary_large_image","twitter_title":"Historia de la muerte y la ceniza | C\u00f3simo Mandrillo","twitter_description":"La forma y el tono de la novela policial depende de quien sea el detective, ese personaje que a lo largo del tiempo se ha revestido de ciertas caracter\u00edsticas que, al repetirse de un autor a otro, han terminado por conformar un arquetipo perfectamente reconocible, que los lectores esperan encontrar en cuanta novela les cae en las manos.","twitter_image":"https:\/\/cenal.gob.ve\/wp-content\/uploads\/2025\/01\/La-cabalgata-de-las-valquirias-portada.jpg","twitter_misc":{"Written by":"C\u00f3simo Mandrillo","Est. reading time":"4 minutos"},"schema":{"@context":"https:\/\/schema.org","@graph":[{"@type":"Article","@id":"https:\/\/cenal.gob.ve\/?p=25032#article","isPartOf":{"@id":"https:\/\/cenal.gob.ve\/?p=25032"},"author":{"name":"C\u00f3simo Mandrillo","@id":"https:\/\/cenal.gob.ve\/#\/schema\/person\/03f2ed4aa0ac06c17c6f979c5d7db558"},"headline":"Historia de la muerte y la ceniza","datePublished":"2025-01-12T11:00:00+00:00","dateModified":"2025-01-10T21:10:15+00:00","mainEntityOfPage":{"@id":"https:\/\/cenal.gob.ve\/?p=25032"},"wordCount":744,"commentCount":0,"publisher":{"@id":"https:\/\/cenal.gob.ve\/#organization"},"keywords":["Literatura","Novelas"],"articleSection":["Lectura m\u00ednima","Lecturas"],"inLanguage":"es","potentialAction":[{"@type":"CommentAction","name":"Comment","target":["https:\/\/cenal.gob.ve\/?p=25032#respond"]}]},{"@type":"WebPage","@id":"https:\/\/cenal.gob.ve\/?p=25032","url":"https:\/\/cenal.gob.ve\/?p=25032","name":"Historia de la muerte y la ceniza","isPartOf":{"@id":"https:\/\/cenal.gob.ve\/#website"},"datePublished":"2025-01-12T11:00:00+00:00","dateModified":"2025-01-10T21:10:15+00:00","description":"La forma y el tono de la novela policial depende de quien sea el detective, ese personaje que a lo largo del tiempo se ha revestido de ciertas caracter\u00edsticas que, al repetirse de un autor a otro, han terminado por conformar un arquetipo perfectamente reconocible, que los lectores esperan encontrar en cuanta novela les cae en las manos","breadcrumb":{"@id":"https:\/\/cenal.gob.ve\/?p=25032#breadcrumb"},"inLanguage":"es","potentialAction":[{"@type":"ReadAction","target":["https:\/\/cenal.gob.ve\/?p=25032"]}]},{"@type":"BreadcrumbList","@id":"https:\/\/cenal.gob.ve\/?p=25032#breadcrumb","itemListElement":[{"@type":"ListItem","position":1,"name":"Home","item":"https:\/\/cenal.gob.ve\/"},{"@type":"ListItem","position":2,"name":"Historia de la muerte y la ceniza"}]},{"@type":"WebSite","@id":"https:\/\/cenal.gob.ve\/#website","url":"https:\/\/cenal.gob.ve\/","name":"Cenal","description":"","publisher":{"@id":"https:\/\/cenal.gob.ve\/#organization"},"potentialAction":[{"@type":"SearchAction","target":{"@type":"EntryPoint","urlTemplate":"https:\/\/cenal.gob.ve\/?s={search_term_string}"},"query-input":"required name=search_term_string"}],"inLanguage":"es"},{"@type":"Organization","@id":"https:\/\/cenal.gob.ve\/#organization","name":"CENAL","url":"https:\/\/cenal.gob.ve\/","sameAs":[],"logo":{"@type":"ImageObject","inLanguage":"es","@id":"https:\/\/cenal.gob.ve\/#\/schema\/logo\/image\/","url":"https:\/\/i0.wp.com\/cenal.gob.ve\/wp-content\/uploads\/2022\/10\/cropped-images.jpg?fit=512%2C512","contentUrl":"https:\/\/i0.wp.com\/cenal.gob.ve\/wp-content\/uploads\/2022\/10\/cropped-images.jpg?fit=512%2C512","width":512,"height":512,"caption":"CENAL"},"image":{"@id":"https:\/\/cenal.gob.ve\/#\/schema\/logo\/image\/"}},{"@type":"Person","@id":"https:\/\/cenal.gob.ve\/#\/schema\/person\/03f2ed4aa0ac06c17c6f979c5d7db558","name":"C\u00f3simo Mandrillo","image":{"@type":"ImageObject","inLanguage":"es","@id":"https:\/\/cenal.gob.ve\/#\/schema\/person\/image\/","url":"https:\/\/secure.gravatar.com\/avatar\/4bf48f2ee4391517938cc9a456a58c4f?s=96&d=mm&r=g","contentUrl":"https:\/\/secure.gravatar.com\/avatar\/4bf48f2ee4391517938cc9a456a58c4f?s=96&d=mm&r=g","caption":"C\u00f3simo Mandrillo"},"description":"Escritor, doctor en Literatura Hispanoamericana por la Universidad de Iowa, mag\u00edster en Literatura Latinoamericana y profesor jubilado de la Universidad del Zulia. Fue galardonado con el Premio Regional de Literatura Jes\u00fas Enrique Losada (2000). Asimismo, se hizo acreedor del segundo lugar del concurso Los ni\u00f1os del Mercosur, de la editorial Comunicarte (Argentina, 2007).","url":"https:\/\/cenal.gob.ve\/?author=28"}]}},"jetpack_featured_media_url":"https:\/\/cenal.gob.ve\/wp-content\/uploads\/2025\/01\/neuquen-1.jpg","jetpack_publicize_connections":[],"jetpack_shortlink":"https:\/\/wp.me\/p5FMhp-6vK","_links":{"self":[{"href":"https:\/\/cenal.gob.ve\/index.php?rest_route=\/wp\/v2\/posts\/25032"}],"collection":[{"href":"https:\/\/cenal.gob.ve\/index.php?rest_route=\/wp\/v2\/posts"}],"about":[{"href":"https:\/\/cenal.gob.ve\/index.php?rest_route=\/wp\/v2\/types\/post"}],"author":[{"embeddable":true,"href":"https:\/\/cenal.gob.ve\/index.php?rest_route=\/wp\/v2\/users\/28"}],"replies":[{"embeddable":true,"href":"https:\/\/cenal.gob.ve\/index.php?rest_route=%2Fwp%2Fv2%2Fcomments&post=25032"}],"version-history":[{"count":1,"href":"https:\/\/cenal.gob.ve\/index.php?rest_route=\/wp\/v2\/posts\/25032\/revisions"}],"predecessor-version":[{"id":25035,"href":"https:\/\/cenal.gob.ve\/index.php?rest_route=\/wp\/v2\/posts\/25032\/revisions\/25035"}],"wp:featuredmedia":[{"embeddable":true,"href":"https:\/\/cenal.gob.ve\/index.php?rest_route=\/wp\/v2\/media\/25034"}],"wp:attachment":[{"href":"https:\/\/cenal.gob.ve\/index.php?rest_route=%2Fwp%2Fv2%2Fmedia&parent=25032"}],"wp:term":[{"taxonomy":"category","embeddable":true,"href":"https:\/\/cenal.gob.ve\/index.php?rest_route=%2Fwp%2Fv2%2Fcategories&post=25032"},{"taxonomy":"post_tag","embeddable":true,"href":"https:\/\/cenal.gob.ve\/index.php?rest_route=%2Fwp%2Fv2%2Ftags&post=25032"}],"curies":[{"name":"wp","href":"https:\/\/api.w.org\/{rel}","templated":true}]}}