{"id":25054,"date":"2025-01-16T14:07:18","date_gmt":"2025-01-16T18:07:18","guid":{"rendered":"https:\/\/cenal.gob.ve\/?p=25054"},"modified":"2025-01-16T14:12:07","modified_gmt":"2025-01-16T18:12:07","slug":"abierto-i-concurso-nacional-juvenil-de-literatura-teresa-de-la-parra","status":"publish","type":"post","link":"https:\/\/cenal.gob.ve\/?p=25054","title":{"rendered":"Abierto I Concurso Nacional Juvenil de Literatura Teresa de la Parra\u00a0"},"content":{"rendered":"\n<p>El Ministerio del Poder Popular para la Cultura (MPPC), por medio del Centro Nacional del Libro (Cenal), invita a las j\u00f3venes estudiantes de bachillerato en todo el pa\u00eds a participar, hasta el 15 de marzo de 2025, en el I Concurso Nacional Juvenil de Literatura Teresa de la Parra.<\/p>\n\n\n\n<p><br>Este concurso convocado por el MPPC&nbsp; tiene como misi\u00f3n esencial celebrar la vida y obra de quien es una de las m\u00e1s insignes representantes de la literatura venezolana, cuyo legado se mantiene vigente como una influencia insoslayable en la escritura de distintas generaciones de creadores en el pa\u00eds.<\/p>\n\n\n\n<p><br>Podr\u00e1n participar ni\u00f1as y adolescentes venezolanas o extranjeras residenciadas en el pa\u00eds&nbsp; de 12 a 14 a\u00f1os con cartas o cuentos y de 15 a 18 a\u00f1os con cuentos, cartas o ensayos.&nbsp;<\/p>\n\n\n\n<p><br>La tem\u00e1tica es libre y los textos deben ser in\u00e9ditos. Se recibir\u00e1n los trabajos por el correo electr\u00f3nico:&nbsp;<a href=\"mailto:concursoteresadelaparra@cenal.gob.ve\" target=\"_blank\" rel=\"noreferrer noopener\">concursoteresadelaparra@cenal.gob.ve<\/a>&nbsp;que cumplan con las bases publicadas en el sitio web&nbsp;<a href=\"http:\/\/www.cenal.gob.ve\/\" target=\"_blank\" rel=\"noreferrer noopener\">www.cenal.gob.ve<\/a>.<\/p>\n\n\n\n<p><br>El jurado seleccionar\u00e1 un cuento, una carta y un ensayo por estado, los cuales ser\u00e1n publicados en una antolog\u00eda por Monte \u00c1vila Editores (impreso y digital).<\/p>\n\n\n\n<p><br>Las autoras de las obras ganadoras recibir\u00e1n un certificado otorgado por el Centro Nacional del Libro (Cenal).<\/p>\n\n\n\n<p>Te invitamos a conocer las bases:<\/p>\n\n\n\n<p><a href=\"https:\/\/cenal.gob.ve\/?page_id=25050\">I Concurso Nacional Juvenil de Literatura Teresa de la Parra<\/a><\/p>\n","protected":false},"excerpt":{"rendered":"<p>El Ministerio del Poder Popular para la Cultura (MPPC), por medio del Centro Nacional del Libro (Cenal), invita a las j\u00f3venes estudiantes de bachillerato en todo el pa\u00eds a participar, [&hellip;]<\/p>\n","protected":false},"author":10,"featured_media":25055,"comment_status":"open","ping_status":"closed","sticky":false,"template":"","format":"standard","meta":{"spay_email":"","jetpack_publicize_message":"","jetpack_is_tweetstorm":false,"jetpack_publicize_feature_enabled":true},"categories":[2],"tags":[],"yoast_head":"<!-- This site is optimized with the Yoast SEO plugin v19.8 - https:\/\/yoast.com\/wordpress\/plugins\/seo\/ -->\n<title>Abierto I Concurso Nacional Juvenil de Literatura Teresa de la Parra\u00a0<\/title>\n<meta name=\"robots\" content=\"index, follow, max-snippet:-1, max-image-preview:large, max-video-preview:-1\" \/>\n<link rel=\"canonical\" href=\"https:\/\/cenal.gob.ve\/?p=25054\" \/>\n<meta property=\"og:locale\" content=\"es_ES\" \/>\n<meta property=\"og:type\" content=\"article\" \/>\n<meta property=\"og:title\" content=\"Abierto I Concurso Nacional Juvenil de Literatura Teresa de la Parra\u00a0\" \/>\n<meta property=\"og:description\" content=\"El Ministerio del Poder Popular para la Cultura (MPPC), por medio del Centro Nacional del Libro (Cenal), invita a las j\u00f3venes estudiantes de bachillerato en todo el pa\u00eds a participar, [&hellip;]\" \/>\n<meta property=\"og:url\" content=\"https:\/\/cenal.gob.ve\/?p=25054\" \/>\n<meta property=\"og:site_name\" content=\"Cenal\" \/>\n<meta property=\"article:published_time\" content=\"2025-01-16T18:07:18+00:00\" \/>\n<meta property=\"article:modified_time\" content=\"2025-01-16T18:12:07+00:00\" \/>\n<meta property=\"og:image\" content=\"http:\/\/cenal.gob.ve\/wp-content\/uploads\/2025\/01\/1737050699284-scaled.jpg\" \/>\n\t<meta property=\"og:image:width\" content=\"2560\" \/>\n\t<meta property=\"og:image:height\" content=\"2560\" \/>\n\t<meta property=\"og:image:type\" content=\"image\/jpeg\" \/>\n<meta name=\"author\" content=\"Prensa Cenal\" \/>\n<meta name=\"twitter:card\" content=\"summary_large_image\" \/>\n<meta name=\"twitter:label1\" content=\"Written by\" \/>\n\t<meta name=\"twitter:data1\" content=\"Prensa Cenal\" \/>\n\t<meta name=\"twitter:label2\" content=\"Est. reading time\" \/>\n\t<meta name=\"twitter:data2\" content=\"1 minuto\" \/>\n<script type=\"application\/ld+json\" class=\"yoast-schema-graph\">{\"@context\":\"https:\/\/schema.org\",\"@graph\":[{\"@type\":\"Article\",\"@id\":\"https:\/\/cenal.gob.ve\/?p=25054#article\",\"isPartOf\":{\"@id\":\"https:\/\/cenal.gob.ve\/?p=25054\"},\"author\":{\"name\":\"Prensa Cenal\",\"@id\":\"https:\/\/cenal.gob.ve\/#\/schema\/person\/e3ed34623f400ffab8bc7a63b2f5533f\"},\"headline\":\"Abierto I Concurso Nacional Juvenil de Literatura Teresa de la Parra\u00a0\",\"datePublished\":\"2025-01-16T18:07:18+00:00\",\"dateModified\":\"2025-01-16T18:12:07+00:00\",\"mainEntityOfPage\":{\"@id\":\"https:\/\/cenal.gob.ve\/?p=25054\"},\"wordCount\":252,\"commentCount\":31,\"publisher\":{\"@id\":\"https:\/\/cenal.gob.ve\/#organization\"},\"articleSection\":[\"Cenal\"],\"inLanguage\":\"es\",\"potentialAction\":[{\"@type\":\"CommentAction\",\"name\":\"Comment\",\"target\":[\"https:\/\/cenal.gob.ve\/?p=25054#respond\"]}]},{\"@type\":\"WebPage\",\"@id\":\"https:\/\/cenal.gob.ve\/?p=25054\",\"url\":\"https:\/\/cenal.gob.ve\/?p=25054\",\"name\":\"Abierto I Concurso Nacional Juvenil de Literatura Teresa de la Parra\u00a0\",\"isPartOf\":{\"@id\":\"https:\/\/cenal.gob.ve\/#website\"},\"datePublished\":\"2025-01-16T18:07:18+00:00\",\"dateModified\":\"2025-01-16T18:12:07+00:00\",\"breadcrumb\":{\"@id\":\"https:\/\/cenal.gob.ve\/?p=25054#breadcrumb\"},\"inLanguage\":\"es\",\"potentialAction\":[{\"@type\":\"ReadAction\",\"target\":[\"https:\/\/cenal.gob.ve\/?p=25054\"]}]},{\"@type\":\"BreadcrumbList\",\"@id\":\"https:\/\/cenal.gob.ve\/?p=25054#breadcrumb\",\"itemListElement\":[{\"@type\":\"ListItem\",\"position\":1,\"name\":\"Home\",\"item\":\"https:\/\/cenal.gob.ve\/\"},{\"@type\":\"ListItem\",\"position\":2,\"name\":\"Abierto I Concurso Nacional Juvenil de Literatura Teresa de la Parra\u00a0\"}]},{\"@type\":\"WebSite\",\"@id\":\"https:\/\/cenal.gob.ve\/#website\",\"url\":\"https:\/\/cenal.gob.ve\/\",\"name\":\"Cenal\",\"description\":\"\",\"publisher\":{\"@id\":\"https:\/\/cenal.gob.ve\/#organization\"},\"potentialAction\":[{\"@type\":\"SearchAction\",\"target\":{\"@type\":\"EntryPoint\",\"urlTemplate\":\"https:\/\/cenal.gob.ve\/?s={search_term_string}\"},\"query-input\":\"required name=search_term_string\"}],\"inLanguage\":\"es\"},{\"@type\":\"Organization\",\"@id\":\"https:\/\/cenal.gob.ve\/#organization\",\"name\":\"CENAL\",\"url\":\"https:\/\/cenal.gob.ve\/\",\"sameAs\":[],\"logo\":{\"@type\":\"ImageObject\",\"inLanguage\":\"es\",\"@id\":\"https:\/\/cenal.gob.ve\/#\/schema\/logo\/image\/\",\"url\":\"https:\/\/i0.wp.com\/cenal.gob.ve\/wp-content\/uploads\/2022\/10\/cropped-images.jpg?fit=512%2C512\",\"contentUrl\":\"https:\/\/i0.wp.com\/cenal.gob.ve\/wp-content\/uploads\/2022\/10\/cropped-images.jpg?fit=512%2C512\",\"width\":512,\"height\":512,\"caption\":\"CENAL\"},\"image\":{\"@id\":\"https:\/\/cenal.gob.ve\/#\/schema\/logo\/image\/\"}},{\"@type\":\"Person\",\"@id\":\"https:\/\/cenal.gob.ve\/#\/schema\/person\/e3ed34623f400ffab8bc7a63b2f5533f\",\"name\":\"Prensa Cenal\",\"image\":{\"@type\":\"ImageObject\",\"inLanguage\":\"es\",\"@id\":\"https:\/\/cenal.gob.ve\/#\/schema\/person\/image\/\",\"url\":\"https:\/\/secure.gravatar.com\/avatar\/594b4ed34090910c619ac3679001d491?s=96&d=mm&r=g\",\"contentUrl\":\"https:\/\/secure.gravatar.com\/avatar\/594b4ed34090910c619ac3679001d491?s=96&d=mm&r=g\",\"caption\":\"Prensa Cenal\"},\"url\":\"https:\/\/cenal.gob.ve\/?author=10\"}]}<\/script>\n<!-- \/ Yoast SEO plugin. -->","yoast_head_json":{"title":"Abierto I Concurso Nacional Juvenil de Literatura Teresa de la Parra\u00a0","robots":{"index":"index","follow":"follow","max-snippet":"max-snippet:-1","max-image-preview":"max-image-preview:large","max-video-preview":"max-video-preview:-1"},"canonical":"https:\/\/cenal.gob.ve\/?p=25054","og_locale":"es_ES","og_type":"article","og_title":"Abierto I Concurso Nacional Juvenil de Literatura Teresa de la Parra\u00a0","og_description":"El Ministerio del Poder Popular para la Cultura (MPPC), por medio del Centro Nacional del Libro (Cenal), invita a las j\u00f3venes estudiantes de bachillerato en todo el pa\u00eds a participar, [&hellip;]","og_url":"https:\/\/cenal.gob.ve\/?p=25054","og_site_name":"Cenal","article_published_time":"2025-01-16T18:07:18+00:00","article_modified_time":"2025-01-16T18:12:07+00:00","og_image":[{"width":2560,"height":2560,"url":"http:\/\/cenal.gob.ve\/wp-content\/uploads\/2025\/01\/1737050699284-scaled.jpg","type":"image\/jpeg"}],"author":"Prensa Cenal","twitter_card":"summary_large_image","twitter_misc":{"Written by":"Prensa Cenal","Est. reading time":"1 minuto"},"schema":{"@context":"https:\/\/schema.org","@graph":[{"@type":"Article","@id":"https:\/\/cenal.gob.ve\/?p=25054#article","isPartOf":{"@id":"https:\/\/cenal.gob.ve\/?p=25054"},"author":{"name":"Prensa Cenal","@id":"https:\/\/cenal.gob.ve\/#\/schema\/person\/e3ed34623f400ffab8bc7a63b2f5533f"},"headline":"Abierto I Concurso Nacional Juvenil de Literatura Teresa de la Parra\u00a0","datePublished":"2025-01-16T18:07:18+00:00","dateModified":"2025-01-16T18:12:07+00:00","mainEntityOfPage":{"@id":"https:\/\/cenal.gob.ve\/?p=25054"},"wordCount":252,"commentCount":31,"publisher":{"@id":"https:\/\/cenal.gob.ve\/#organization"},"articleSection":["Cenal"],"inLanguage":"es","potentialAction":[{"@type":"CommentAction","name":"Comment","target":["https:\/\/cenal.gob.ve\/?p=25054#respond"]}]},{"@type":"WebPage","@id":"https:\/\/cenal.gob.ve\/?p=25054","url":"https:\/\/cenal.gob.ve\/?p=25054","name":"Abierto I Concurso Nacional Juvenil de Literatura Teresa de la Parra\u00a0","isPartOf":{"@id":"https:\/\/cenal.gob.ve\/#website"},"datePublished":"2025-01-16T18:07:18+00:00","dateModified":"2025-01-16T18:12:07+00:00","breadcrumb":{"@id":"https:\/\/cenal.gob.ve\/?p=25054#breadcrumb"},"inLanguage":"es","potentialAction":[{"@type":"ReadAction","target":["https:\/\/cenal.gob.ve\/?p=25054"]}]},{"@type":"BreadcrumbList","@id":"https:\/\/cenal.gob.ve\/?p=25054#breadcrumb","itemListElement":[{"@type":"ListItem","position":1,"name":"Home","item":"https:\/\/cenal.gob.ve\/"},{"@type":"ListItem","position":2,"name":"Abierto I Concurso Nacional Juvenil de Literatura Teresa de la Parra\u00a0"}]},{"@type":"WebSite","@id":"https:\/\/cenal.gob.ve\/#website","url":"https:\/\/cenal.gob.ve\/","name":"Cenal","description":"","publisher":{"@id":"https:\/\/cenal.gob.ve\/#organization"},"potentialAction":[{"@type":"SearchAction","target":{"@type":"EntryPoint","urlTemplate":"https:\/\/cenal.gob.ve\/?s={search_term_string}"},"query-input":"required name=search_term_string"}],"inLanguage":"es"},{"@type":"Organization","@id":"https:\/\/cenal.gob.ve\/#organization","name":"CENAL","url":"https:\/\/cenal.gob.ve\/","sameAs":[],"logo":{"@type":"ImageObject","inLanguage":"es","@id":"https:\/\/cenal.gob.ve\/#\/schema\/logo\/image\/","url":"https:\/\/i0.wp.com\/cenal.gob.ve\/wp-content\/uploads\/2022\/10\/cropped-images.jpg?fit=512%2C512","contentUrl":"https:\/\/i0.wp.com\/cenal.gob.ve\/wp-content\/uploads\/2022\/10\/cropped-images.jpg?fit=512%2C512","width":512,"height":512,"caption":"CENAL"},"image":{"@id":"https:\/\/cenal.gob.ve\/#\/schema\/logo\/image\/"}},{"@type":"Person","@id":"https:\/\/cenal.gob.ve\/#\/schema\/person\/e3ed34623f400ffab8bc7a63b2f5533f","name":"Prensa Cenal","image":{"@type":"ImageObject","inLanguage":"es","@id":"https:\/\/cenal.gob.ve\/#\/schema\/person\/image\/","url":"https:\/\/secure.gravatar.com\/avatar\/594b4ed34090910c619ac3679001d491?s=96&d=mm&r=g","contentUrl":"https:\/\/secure.gravatar.com\/avatar\/594b4ed34090910c619ac3679001d491?s=96&d=mm&r=g","caption":"Prensa Cenal"},"url":"https:\/\/cenal.gob.ve\/?author=10"}]}},"jetpack_featured_media_url":"https:\/\/cenal.gob.ve\/wp-content\/uploads\/2025\/01\/1737050699284-scaled.jpg","jetpack_publicize_connections":[],"jetpack_shortlink":"https:\/\/wp.me\/p5FMhp-6w6","_links":{"self":[{"href":"https:\/\/cenal.gob.ve\/index.php?rest_route=\/wp\/v2\/posts\/25054"}],"collection":[{"href":"https:\/\/cenal.gob.ve\/index.php?rest_route=\/wp\/v2\/posts"}],"about":[{"href":"https:\/\/cenal.gob.ve\/index.php?rest_route=\/wp\/v2\/types\/post"}],"author":[{"embeddable":true,"href":"https:\/\/cenal.gob.ve\/index.php?rest_route=\/wp\/v2\/users\/10"}],"replies":[{"embeddable":true,"href":"https:\/\/cenal.gob.ve\/index.php?rest_route=%2Fwp%2Fv2%2Fcomments&post=25054"}],"version-history":[{"count":3,"href":"https:\/\/cenal.gob.ve\/index.php?rest_route=\/wp\/v2\/posts\/25054\/revisions"}],"predecessor-version":[{"id":25058,"href":"https:\/\/cenal.gob.ve\/index.php?rest_route=\/wp\/v2\/posts\/25054\/revisions\/25058"}],"wp:featuredmedia":[{"embeddable":true,"href":"https:\/\/cenal.gob.ve\/index.php?rest_route=\/wp\/v2\/media\/25055"}],"wp:attachment":[{"href":"https:\/\/cenal.gob.ve\/index.php?rest_route=%2Fwp%2Fv2%2Fmedia&parent=25054"}],"wp:term":[{"taxonomy":"category","embeddable":true,"href":"https:\/\/cenal.gob.ve\/index.php?rest_route=%2Fwp%2Fv2%2Fcategories&post=25054"},{"taxonomy":"post_tag","embeddable":true,"href":"https:\/\/cenal.gob.ve\/index.php?rest_route=%2Fwp%2Fv2%2Ftags&post=25054"}],"curies":[{"name":"wp","href":"https:\/\/api.w.org\/{rel}","templated":true}]}}