{"id":25066,"date":"2025-01-24T18:27:01","date_gmt":"2025-01-24T22:27:01","guid":{"rendered":"https:\/\/cenal.gob.ve\/?p=25066"},"modified":"2025-01-24T19:02:04","modified_gmt":"2025-01-24T23:02:04","slug":"venezuela-participa-en-la-56a-feria-internacional-del-libro-de-el-cairo","status":"publish","type":"post","link":"https:\/\/cenal.gob.ve\/?p=25066","title":{"rendered":"Venezuela participa en la 56\u00aa Feria Internacional del Libro de El Cairo"},"content":{"rendered":"\n<p>La Rep\u00fablica Bolivariana de Venezuela, a trav\u00e9s del Ministerio del Poder Popular para la Cultura (MPPC) y su embajada en Egipto, participa con una importante muestra de su producci\u00f3n literaria en la 56\u00aa Feria Internacional del Libro de El Cairo, que tiene lugar en el Centro Internacional de Exposiciones de Egipto.<\/p>\n\n\n\n<figure class=\"wp-block-image size-large\"><img width=\"1024\" height=\"770\" src=\"https:\/\/cenal.gob.ve\/wp-content\/uploads\/2025\/01\/4945445810036911756-1024x770.jpg\" alt=\"\" class=\"wp-image-25069\" srcset=\"https:\/\/cenal.gob.ve\/wp-content\/uploads\/2025\/01\/4945445810036911756-1024x770.jpg 1024w, https:\/\/cenal.gob.ve\/wp-content\/uploads\/2025\/01\/4945445810036911756-300x226.jpg 300w, https:\/\/cenal.gob.ve\/wp-content\/uploads\/2025\/01\/4945445810036911756-768x578.jpg 768w, https:\/\/cenal.gob.ve\/wp-content\/uploads\/2025\/01\/4945445810036911756-640x482.jpg 640w, https:\/\/cenal.gob.ve\/wp-content\/uploads\/2025\/01\/4945445810036911756.jpg 1280w\" sizes=\"(max-width: 1024px) 100vw, 1024px\" \/><\/figure>\n\n\n\n<p>La feria se inaugur\u00f3 este jueves 23 de enero y estar\u00e1 abierta hasta el pr\u00f3ximo 5 de febrero, con la asistencia de editoriales de 80 naciones, siendo Venezuela el \u00fanico pa\u00eds latinoamericano presente.<\/p>\n\n\n\n<p>Es la segunda vez que Venezuela asiste a este evento literario, uno de los m\u00e1s grandes de Oriente Medio, tras participar por primera vez con su propio estand en la edici\u00f3n n\u00famero 55, celebrada en 2024.<\/p>\n\n\n\n<p>La participaci\u00f3n de Venezuela es resultado de las relaciones de cooperaci\u00f3n en materia cultural que han sostenido ambas naciones y se realiza adem\u00e1s en el marco de la celebraci\u00f3n este a\u00f1o del 75 aniversario de sus relaciones diplom\u00e1ticas, establecidas desde el 15 de noviembre de 1950.<\/p>\n\n\n\n<figure class=\"wp-block-image size-large\"><img width=\"1024\" height=\"770\" src=\"http:\/\/cenal.gob.ve\/wp-content\/uploads\/2025\/01\/4945445810036911754-1024x770.jpg\" alt=\"\" class=\"wp-image-25071\" srcset=\"https:\/\/cenal.gob.ve\/wp-content\/uploads\/2025\/01\/4945445810036911754-1024x770.jpg 1024w, https:\/\/cenal.gob.ve\/wp-content\/uploads\/2025\/01\/4945445810036911754-300x226.jpg 300w, https:\/\/cenal.gob.ve\/wp-content\/uploads\/2025\/01\/4945445810036911754-768x578.jpg 768w, https:\/\/cenal.gob.ve\/wp-content\/uploads\/2025\/01\/4945445810036911754-640x482.jpg 640w, https:\/\/cenal.gob.ve\/wp-content\/uploads\/2025\/01\/4945445810036911754.jpg 1280w\" sizes=\"(max-width: 1024px) 100vw, 1024px\" \/><\/figure>\n\n\n\n<p>Con el prop\u00f3sito de que se contin\u00faen elevando estas relaciones, el ministro del Poder Popular para la Cultura de Venezuela, Ernesto Villegas, arrib\u00f3 a El Cairo este viernes 24, donde fue recibido por el Secretario General del Consejo Supremo de Cultura, Ashraf Al-Azzazi, acompa\u00f1ado por el embajador de Venezuela en Egipto, Wilmer Barrientos.<\/p>\n\n\n\n<p>Est\u00e1 previsto que este s\u00e1bado 25 de enero el ministro Villegas, junto al viceministro de Fomento para la Econom\u00eda Cultural y presidente del Centro Nacional del Libro, Ra\u00fal Cazal, y el embajador Wilmer Barrientos, sostenga en el marco de la 56\u00aa Feria Internacional del Libro de El Cairo una reuni\u00f3n con su hom\u00f3logo egipcio, Ahmed Hanno.<\/p>\n\n\n\n<figure class=\"wp-block-image size-large\"><img width=\"1024\" height=\"770\" src=\"http:\/\/cenal.gob.ve\/wp-content\/uploads\/2025\/01\/4945445810036911752-1024x770.jpg\" alt=\"\" class=\"wp-image-25070\" srcset=\"https:\/\/cenal.gob.ve\/wp-content\/uploads\/2025\/01\/4945445810036911752-1024x770.jpg 1024w, https:\/\/cenal.gob.ve\/wp-content\/uploads\/2025\/01\/4945445810036911752-300x226.jpg 300w, https:\/\/cenal.gob.ve\/wp-content\/uploads\/2025\/01\/4945445810036911752-768x578.jpg 768w, https:\/\/cenal.gob.ve\/wp-content\/uploads\/2025\/01\/4945445810036911752-640x482.jpg 640w, https:\/\/cenal.gob.ve\/wp-content\/uploads\/2025\/01\/4945445810036911752.jpg 1280w\" sizes=\"(max-width: 1024px) 100vw, 1024px\" \/><\/figure>\n\n\n\n<p>En ese sentido, la participaci\u00f3n de Venezuela en este evento literario representa una garant\u00eda efectiva de acercamiento entre los pueblos de ambos pa\u00edses y un terreno f\u00e9rtil que posibilita la conexi\u00f3n cultural y art\u00edstica de sus creadores para la difusi\u00f3n de sus obras y avanzar de cara a la conformaci\u00f3n de un mundo pluric\u00e9ntrico y multipolar.<\/p>\n\n\n\n<p>Adem\u00e1s, Egipto ser\u00e1 el pa\u00eds invitado de honor de la 21\u00aa Feria Internacional del Libro de Venezuela (Filven) a celebrarse en Caracas este a\u00f1o. La invitaci\u00f3n fue extendida por el ministro Villegas al Ministerio de Cultura egipcio durante la participaci\u00f3n de Venezuela por primera vez en la Feria Internacional del Libro de El Cairo.<\/p>\n\n\n\n<figure class=\"wp-block-image size-large\"><img width=\"1024\" height=\"770\" src=\"http:\/\/cenal.gob.ve\/wp-content\/uploads\/2025\/01\/4945445810036911755-1024x770.jpg\" alt=\"\" class=\"wp-image-25068\" srcset=\"https:\/\/cenal.gob.ve\/wp-content\/uploads\/2025\/01\/4945445810036911755-1024x770.jpg 1024w, https:\/\/cenal.gob.ve\/wp-content\/uploads\/2025\/01\/4945445810036911755-300x226.jpg 300w, https:\/\/cenal.gob.ve\/wp-content\/uploads\/2025\/01\/4945445810036911755-768x578.jpg 768w, https:\/\/cenal.gob.ve\/wp-content\/uploads\/2025\/01\/4945445810036911755-640x482.jpg 640w, https:\/\/cenal.gob.ve\/wp-content\/uploads\/2025\/01\/4945445810036911755.jpg 1280w\" sizes=\"(max-width: 1024px) 100vw, 1024px\" \/><\/figure>\n\n\n\n<p>En el estand de Venezuela ubicado en la feria con el n\u00famero B23 se exhiben publicaciones de diferentes g\u00e9neros literarios producidos por diversas editoriales del Estado venezolano, entre ellas El perro y la rana, Monte \u00c1vila y Biblioteca Ayacucho, las cuales est\u00e1n adscritas al MPPC, as\u00ed como t\u00edtulos de casas editoras privadas e independientes.<\/p>\n\n\n\n<p>En el estand tambi\u00e9n se muestran creaciones de pueblos originarios de Venezuela as\u00ed como elementos representativos de sus manifestaciones culturales y se dan a conocer sus diversos destinos tur\u00edsticos como parte de la participaci\u00f3n del pa\u00eds.<\/p>\n\n\n\n<figure class=\"wp-block-image size-large\"><img width=\"768\" height=\"1024\" src=\"https:\/\/cenal.gob.ve\/wp-content\/uploads\/2025\/01\/4945445810036911763-768x1024.jpg\" alt=\"\" class=\"wp-image-25076\" srcset=\"https:\/\/cenal.gob.ve\/wp-content\/uploads\/2025\/01\/4945445810036911763-768x1024.jpg 768w, https:\/\/cenal.gob.ve\/wp-content\/uploads\/2025\/01\/4945445810036911763-225x300.jpg 225w, https:\/\/cenal.gob.ve\/wp-content\/uploads\/2025\/01\/4945445810036911763-640x853.jpg 640w, https:\/\/cenal.gob.ve\/wp-content\/uploads\/2025\/01\/4945445810036911763.jpg 960w\" sizes=\"(max-width: 768px) 100vw, 768px\" \/><\/figure>\n","protected":false},"excerpt":{"rendered":"<p>La Rep\u00fablica Bolivariana de Venezuela, a trav\u00e9s del Ministerio del Poder Popular para la Cultura (MPPC) y su embajada en Egipto, participa con una importante muestra de su producci\u00f3n literaria [&hellip;]<\/p>\n","protected":false},"author":10,"featured_media":25067,"comment_status":"open","ping_status":"closed","sticky":false,"template":"","format":"standard","meta":{"spay_email":"","jetpack_publicize_message":"","jetpack_is_tweetstorm":false,"jetpack_publicize_feature_enabled":true},"categories":[2],"tags":[81,9],"yoast_head":"<!-- This site is optimized with the Yoast SEO plugin v19.8 - https:\/\/yoast.com\/wordpress\/plugins\/seo\/ -->\n<title>Venezuela participa en la 56\u00aa Feria Internacional del Libro de El Cairo<\/title>\n<meta name=\"robots\" content=\"index, follow, max-snippet:-1, max-image-preview:large, max-video-preview:-1\" \/>\n<link rel=\"canonical\" href=\"https:\/\/cenal.gob.ve\/?p=25066\" \/>\n<meta property=\"og:locale\" content=\"es_ES\" \/>\n<meta property=\"og:type\" content=\"article\" \/>\n<meta property=\"og:title\" content=\"Venezuela participa en la 56\u00aa Feria Internacional del Libro de El Cairo\" \/>\n<meta property=\"og:description\" content=\"La Rep\u00fablica Bolivariana de Venezuela, a trav\u00e9s del Ministerio del Poder Popular para la Cultura (MPPC) y su embajada en Egipto, participa con una importante muestra de su producci\u00f3n literaria [&hellip;]\" \/>\n<meta property=\"og:url\" content=\"https:\/\/cenal.gob.ve\/?p=25066\" \/>\n<meta property=\"og:site_name\" content=\"Cenal\" \/>\n<meta property=\"article:published_time\" content=\"2025-01-24T22:27:01+00:00\" \/>\n<meta property=\"article:modified_time\" content=\"2025-01-24T23:02:04+00:00\" \/>\n<meta property=\"og:image\" content=\"http:\/\/cenal.gob.ve\/wp-content\/uploads\/2025\/01\/4945445810036911753.jpg\" \/>\n\t<meta property=\"og:image:width\" content=\"1280\" \/>\n\t<meta property=\"og:image:height\" content=\"963\" \/>\n\t<meta property=\"og:image:type\" content=\"image\/jpeg\" \/>\n<meta name=\"author\" content=\"Prensa Cenal\" \/>\n<meta name=\"twitter:card\" content=\"summary_large_image\" \/>\n<meta name=\"twitter:label1\" content=\"Written by\" \/>\n\t<meta name=\"twitter:data1\" content=\"Prensa Cenal\" \/>\n\t<meta name=\"twitter:label2\" content=\"Est. reading time\" \/>\n\t<meta name=\"twitter:data2\" content=\"4 minutos\" \/>\n<script type=\"application\/ld+json\" class=\"yoast-schema-graph\">{\"@context\":\"https:\/\/schema.org\",\"@graph\":[{\"@type\":\"Article\",\"@id\":\"https:\/\/cenal.gob.ve\/?p=25066#article\",\"isPartOf\":{\"@id\":\"https:\/\/cenal.gob.ve\/?p=25066\"},\"author\":{\"name\":\"Prensa Cenal\",\"@id\":\"https:\/\/cenal.gob.ve\/#\/schema\/person\/e3ed34623f400ffab8bc7a63b2f5533f\"},\"headline\":\"Venezuela participa en la 56\u00aa Feria Internacional del Libro de El Cairo\",\"datePublished\":\"2025-01-24T22:27:01+00:00\",\"dateModified\":\"2025-01-24T23:02:04+00:00\",\"mainEntityOfPage\":{\"@id\":\"https:\/\/cenal.gob.ve\/?p=25066\"},\"wordCount\":517,\"commentCount\":2,\"publisher\":{\"@id\":\"https:\/\/cenal.gob.ve\/#organization\"},\"keywords\":[\"Libros\",\"Noticias\"],\"articleSection\":[\"Cenal\"],\"inLanguage\":\"es\",\"potentialAction\":[{\"@type\":\"CommentAction\",\"name\":\"Comment\",\"target\":[\"https:\/\/cenal.gob.ve\/?p=25066#respond\"]}]},{\"@type\":\"WebPage\",\"@id\":\"https:\/\/cenal.gob.ve\/?p=25066\",\"url\":\"https:\/\/cenal.gob.ve\/?p=25066\",\"name\":\"Venezuela participa en la 56\u00aa Feria Internacional del Libro de El Cairo\",\"isPartOf\":{\"@id\":\"https:\/\/cenal.gob.ve\/#website\"},\"datePublished\":\"2025-01-24T22:27:01+00:00\",\"dateModified\":\"2025-01-24T23:02:04+00:00\",\"breadcrumb\":{\"@id\":\"https:\/\/cenal.gob.ve\/?p=25066#breadcrumb\"},\"inLanguage\":\"es\",\"potentialAction\":[{\"@type\":\"ReadAction\",\"target\":[\"https:\/\/cenal.gob.ve\/?p=25066\"]}]},{\"@type\":\"BreadcrumbList\",\"@id\":\"https:\/\/cenal.gob.ve\/?p=25066#breadcrumb\",\"itemListElement\":[{\"@type\":\"ListItem\",\"position\":1,\"name\":\"Home\",\"item\":\"https:\/\/cenal.gob.ve\/\"},{\"@type\":\"ListItem\",\"position\":2,\"name\":\"Venezuela participa en la 56\u00aa Feria Internacional del Libro de El Cairo\"}]},{\"@type\":\"WebSite\",\"@id\":\"https:\/\/cenal.gob.ve\/#website\",\"url\":\"https:\/\/cenal.gob.ve\/\",\"name\":\"Cenal\",\"description\":\"\",\"publisher\":{\"@id\":\"https:\/\/cenal.gob.ve\/#organization\"},\"potentialAction\":[{\"@type\":\"SearchAction\",\"target\":{\"@type\":\"EntryPoint\",\"urlTemplate\":\"https:\/\/cenal.gob.ve\/?s={search_term_string}\"},\"query-input\":\"required name=search_term_string\"}],\"inLanguage\":\"es\"},{\"@type\":\"Organization\",\"@id\":\"https:\/\/cenal.gob.ve\/#organization\",\"name\":\"CENAL\",\"url\":\"https:\/\/cenal.gob.ve\/\",\"sameAs\":[],\"logo\":{\"@type\":\"ImageObject\",\"inLanguage\":\"es\",\"@id\":\"https:\/\/cenal.gob.ve\/#\/schema\/logo\/image\/\",\"url\":\"https:\/\/i0.wp.com\/cenal.gob.ve\/wp-content\/uploads\/2022\/10\/cropped-images.jpg?fit=512%2C512\",\"contentUrl\":\"https:\/\/i0.wp.com\/cenal.gob.ve\/wp-content\/uploads\/2022\/10\/cropped-images.jpg?fit=512%2C512\",\"width\":512,\"height\":512,\"caption\":\"CENAL\"},\"image\":{\"@id\":\"https:\/\/cenal.gob.ve\/#\/schema\/logo\/image\/\"}},{\"@type\":\"Person\",\"@id\":\"https:\/\/cenal.gob.ve\/#\/schema\/person\/e3ed34623f400ffab8bc7a63b2f5533f\",\"name\":\"Prensa Cenal\",\"image\":{\"@type\":\"ImageObject\",\"inLanguage\":\"es\",\"@id\":\"https:\/\/cenal.gob.ve\/#\/schema\/person\/image\/\",\"url\":\"https:\/\/secure.gravatar.com\/avatar\/594b4ed34090910c619ac3679001d491?s=96&d=mm&r=g\",\"contentUrl\":\"https:\/\/secure.gravatar.com\/avatar\/594b4ed34090910c619ac3679001d491?s=96&d=mm&r=g\",\"caption\":\"Prensa Cenal\"},\"url\":\"https:\/\/cenal.gob.ve\/?author=10\"}]}<\/script>\n<!-- \/ Yoast SEO plugin. -->","yoast_head_json":{"title":"Venezuela participa en la 56\u00aa Feria Internacional del Libro de El Cairo","robots":{"index":"index","follow":"follow","max-snippet":"max-snippet:-1","max-image-preview":"max-image-preview:large","max-video-preview":"max-video-preview:-1"},"canonical":"https:\/\/cenal.gob.ve\/?p=25066","og_locale":"es_ES","og_type":"article","og_title":"Venezuela participa en la 56\u00aa Feria Internacional del Libro de El Cairo","og_description":"La Rep\u00fablica Bolivariana de Venezuela, a trav\u00e9s del Ministerio del Poder Popular para la Cultura (MPPC) y su embajada en Egipto, participa con una importante muestra de su producci\u00f3n literaria [&hellip;]","og_url":"https:\/\/cenal.gob.ve\/?p=25066","og_site_name":"Cenal","article_published_time":"2025-01-24T22:27:01+00:00","article_modified_time":"2025-01-24T23:02:04+00:00","og_image":[{"width":1280,"height":963,"url":"http:\/\/cenal.gob.ve\/wp-content\/uploads\/2025\/01\/4945445810036911753.jpg","type":"image\/jpeg"}],"author":"Prensa Cenal","twitter_card":"summary_large_image","twitter_misc":{"Written by":"Prensa Cenal","Est. reading time":"4 minutos"},"schema":{"@context":"https:\/\/schema.org","@graph":[{"@type":"Article","@id":"https:\/\/cenal.gob.ve\/?p=25066#article","isPartOf":{"@id":"https:\/\/cenal.gob.ve\/?p=25066"},"author":{"name":"Prensa Cenal","@id":"https:\/\/cenal.gob.ve\/#\/schema\/person\/e3ed34623f400ffab8bc7a63b2f5533f"},"headline":"Venezuela participa en la 56\u00aa Feria Internacional del Libro de El Cairo","datePublished":"2025-01-24T22:27:01+00:00","dateModified":"2025-01-24T23:02:04+00:00","mainEntityOfPage":{"@id":"https:\/\/cenal.gob.ve\/?p=25066"},"wordCount":517,"commentCount":2,"publisher":{"@id":"https:\/\/cenal.gob.ve\/#organization"},"keywords":["Libros","Noticias"],"articleSection":["Cenal"],"inLanguage":"es","potentialAction":[{"@type":"CommentAction","name":"Comment","target":["https:\/\/cenal.gob.ve\/?p=25066#respond"]}]},{"@type":"WebPage","@id":"https:\/\/cenal.gob.ve\/?p=25066","url":"https:\/\/cenal.gob.ve\/?p=25066","name":"Venezuela participa en la 56\u00aa Feria Internacional del Libro de El Cairo","isPartOf":{"@id":"https:\/\/cenal.gob.ve\/#website"},"datePublished":"2025-01-24T22:27:01+00:00","dateModified":"2025-01-24T23:02:04+00:00","breadcrumb":{"@id":"https:\/\/cenal.gob.ve\/?p=25066#breadcrumb"},"inLanguage":"es","potentialAction":[{"@type":"ReadAction","target":["https:\/\/cenal.gob.ve\/?p=25066"]}]},{"@type":"BreadcrumbList","@id":"https:\/\/cenal.gob.ve\/?p=25066#breadcrumb","itemListElement":[{"@type":"ListItem","position":1,"name":"Home","item":"https:\/\/cenal.gob.ve\/"},{"@type":"ListItem","position":2,"name":"Venezuela participa en la 56\u00aa Feria Internacional del Libro de El Cairo"}]},{"@type":"WebSite","@id":"https:\/\/cenal.gob.ve\/#website","url":"https:\/\/cenal.gob.ve\/","name":"Cenal","description":"","publisher":{"@id":"https:\/\/cenal.gob.ve\/#organization"},"potentialAction":[{"@type":"SearchAction","target":{"@type":"EntryPoint","urlTemplate":"https:\/\/cenal.gob.ve\/?s={search_term_string}"},"query-input":"required name=search_term_string"}],"inLanguage":"es"},{"@type":"Organization","@id":"https:\/\/cenal.gob.ve\/#organization","name":"CENAL","url":"https:\/\/cenal.gob.ve\/","sameAs":[],"logo":{"@type":"ImageObject","inLanguage":"es","@id":"https:\/\/cenal.gob.ve\/#\/schema\/logo\/image\/","url":"https:\/\/i0.wp.com\/cenal.gob.ve\/wp-content\/uploads\/2022\/10\/cropped-images.jpg?fit=512%2C512","contentUrl":"https:\/\/i0.wp.com\/cenal.gob.ve\/wp-content\/uploads\/2022\/10\/cropped-images.jpg?fit=512%2C512","width":512,"height":512,"caption":"CENAL"},"image":{"@id":"https:\/\/cenal.gob.ve\/#\/schema\/logo\/image\/"}},{"@type":"Person","@id":"https:\/\/cenal.gob.ve\/#\/schema\/person\/e3ed34623f400ffab8bc7a63b2f5533f","name":"Prensa Cenal","image":{"@type":"ImageObject","inLanguage":"es","@id":"https:\/\/cenal.gob.ve\/#\/schema\/person\/image\/","url":"https:\/\/secure.gravatar.com\/avatar\/594b4ed34090910c619ac3679001d491?s=96&d=mm&r=g","contentUrl":"https:\/\/secure.gravatar.com\/avatar\/594b4ed34090910c619ac3679001d491?s=96&d=mm&r=g","caption":"Prensa Cenal"},"url":"https:\/\/cenal.gob.ve\/?author=10"}]}},"jetpack_featured_media_url":"https:\/\/cenal.gob.ve\/wp-content\/uploads\/2025\/01\/4945445810036911753.jpg","jetpack_publicize_connections":[],"jetpack_shortlink":"https:\/\/wp.me\/p5FMhp-6wi","_links":{"self":[{"href":"https:\/\/cenal.gob.ve\/index.php?rest_route=\/wp\/v2\/posts\/25066"}],"collection":[{"href":"https:\/\/cenal.gob.ve\/index.php?rest_route=\/wp\/v2\/posts"}],"about":[{"href":"https:\/\/cenal.gob.ve\/index.php?rest_route=\/wp\/v2\/types\/post"}],"author":[{"embeddable":true,"href":"https:\/\/cenal.gob.ve\/index.php?rest_route=\/wp\/v2\/users\/10"}],"replies":[{"embeddable":true,"href":"https:\/\/cenal.gob.ve\/index.php?rest_route=%2Fwp%2Fv2%2Fcomments&post=25066"}],"version-history":[{"count":4,"href":"https:\/\/cenal.gob.ve\/index.php?rest_route=\/wp\/v2\/posts\/25066\/revisions"}],"predecessor-version":[{"id":25079,"href":"https:\/\/cenal.gob.ve\/index.php?rest_route=\/wp\/v2\/posts\/25066\/revisions\/25079"}],"wp:featuredmedia":[{"embeddable":true,"href":"https:\/\/cenal.gob.ve\/index.php?rest_route=\/wp\/v2\/media\/25067"}],"wp:attachment":[{"href":"https:\/\/cenal.gob.ve\/index.php?rest_route=%2Fwp%2Fv2%2Fmedia&parent=25066"}],"wp:term":[{"taxonomy":"category","embeddable":true,"href":"https:\/\/cenal.gob.ve\/index.php?rest_route=%2Fwp%2Fv2%2Fcategories&post=25066"},{"taxonomy":"post_tag","embeddable":true,"href":"https:\/\/cenal.gob.ve\/index.php?rest_route=%2Fwp%2Fv2%2Ftags&post=25066"}],"curies":[{"name":"wp","href":"https:\/\/api.w.org\/{rel}","templated":true}]}}