{"id":25111,"date":"2025-01-26T09:00:00","date_gmt":"2025-01-26T13:00:00","guid":{"rendered":"https:\/\/cenal.gob.ve\/?p=25111"},"modified":"2025-01-26T09:47:18","modified_gmt":"2025-01-26T13:47:18","slug":"alegoria-del-gallo-y-el-silencio","status":"publish","type":"post","link":"https:\/\/cenal.gob.ve\/?p=25111","title":{"rendered":"Alegor\u00eda del gallo y el silencio"},"content":{"rendered":"\n<p class=\"has-drop-cap\">Se dice que Hern\u00e1n Cort\u00e9s, antes de quemar&nbsp;las&nbsp;naves, salv\u00f3 de ellas sus armas y sus gallos. Aunque el dato no&nbsp;est\u00e1 confirmado, puede&nbsp;dar&nbsp;una idea bastante precisa&nbsp;de&nbsp;cu\u00e1ndo inici\u00f3 el furor&nbsp;por las peleas de gallos&nbsp;en nuestro continente.&nbsp;Ese&nbsp;mismo entusiasmo&nbsp;habr\u00e1 privado en&nbsp;Luis Lira Ochoa&nbsp;para hacer&nbsp;de este animal el protagonista de&nbsp;su novela&nbsp;<em>Pluma negra<\/em>.<\/p>\n\n\n\n<p>Que Luis Lira haya elegido&nbsp;el gallo&nbsp;como elemento&nbsp;central&nbsp;de su relato debe considerarse de alto riesgo. Al fin y al cabo, se trata de un ser cargado de&nbsp;tan nutrido&nbsp;simbolismo que&nbsp;ha hecho posible que, a&nbsp;lo largo de siglos,&nbsp;el arte y la literatura hayan explotado su presencia represent\u00e1ndolo de muy diversas manera y adjudic\u00e1ndole una casi infinita variedad de significados e interpretaciones.<\/p>\n\n\n\n<p>Tal parece que Col\u00f3n no tra\u00eda\u00a0gallos en su primera expedici\u00f3n, pero cuando le toca\u00a0dar cuenta del colorido de los peces que encontr\u00f3 a su llegada a La Espa\u00f1ola, no dio con mejor referente, al describirlos para sus reyes, que el colorido plumaje de los gallos.\u00a0De all\u00ed en adelante, cronistas, novelistas y poetas no se dieron descanso a la hora de hacerlos\u00a0parte de sus creaciones.<\/p>\n\n\n\n<figure class=\"wp-block-image size-large\"><img width=\"631\" height=\"1024\" src=\"http:\/\/cenal.gob.ve\/wp-content\/uploads\/2025\/01\/IMG_2854-631x1024.jpeg\" alt=\"\" class=\"wp-image-25112\" srcset=\"https:\/\/cenal.gob.ve\/wp-content\/uploads\/2025\/01\/IMG_2854-631x1024.jpeg 631w, https:\/\/cenal.gob.ve\/wp-content\/uploads\/2025\/01\/IMG_2854-185x300.jpeg 185w, https:\/\/cenal.gob.ve\/wp-content\/uploads\/2025\/01\/IMG_2854-768x1246.jpeg 768w, https:\/\/cenal.gob.ve\/wp-content\/uploads\/2025\/01\/IMG_2854-947x1536.jpeg 947w, https:\/\/cenal.gob.ve\/wp-content\/uploads\/2025\/01\/IMG_2854-1262x2048.jpeg 1262w, https:\/\/cenal.gob.ve\/wp-content\/uploads\/2025\/01\/IMG_2854-640x1038.jpeg 640w, https:\/\/cenal.gob.ve\/wp-content\/uploads\/2025\/01\/IMG_2854.jpeg 1290w\" sizes=\"(max-width: 631px) 100vw, 631px\" \/><\/figure>\n\n\n\n<p>Sus&nbsp;incontables&nbsp;simbolismos, en especial el que lo asocia con el sol, ha hecho del gallo un motivo &nbsp;que se repite una y otra vez en la poes\u00eda. En Venezuela, contamos como los maravillosos versos de Ram\u00f3n Palomares&nbsp;en su poema \u201cEl sol\u201d:&nbsp;\u201cAndaba el sol muy alto como un gallo \/&nbsp;brillando brillando\u201d.<\/p>\n\n\n\n<p>De la presencia del gallo en la narrativa latinoamericana tenemos un ejemplo que se ha &nbsp;popularizado&nbsp;gracias a&nbsp;la adaptaci\u00f3n televisiva de&nbsp;<em>Cien a\u00f1os de soledad<\/em>&nbsp;en&nbsp;Netflix.&nbsp;La larga an\u00e9cdotade&nbsp;esa novela tiene&nbsp;como punto de partida&nbsp;una pelea de gallos,&nbsp;despu\u00e9s de la cual Jos\u00e9 Arcadio Buen d\u00eda asesina a Prudencio Aguilar.<\/p>\n\n\n\n<p>En una&nbsp;funci\u00f3n recurrente en la narrativa,&nbsp;el gallo&nbsp;encarna la esperanza de salir de la miseria.&nbsp;Sucede con Jos\u00e9 Gabino en el cuento de Uslar Pietri titulado, precisamente, \u201cEl gallo\u201d. Pero &nbsp;Jos\u00e9 Gabino tiene todo en contra: el gallo es robado, no&nbsp;lleva encima&nbsp;un centavo&nbsp;que le sirva&nbsp;para apostar y&nbsp;tiene adem\u00e1s&nbsp;la certeza de&nbsp;que&nbsp;ser\u00e1 reconocido como ladr\u00f3n si se atreve a presentarse en la gallera. Su \u00fanica ganancia,&nbsp;al final,&nbsp;es comerse&nbsp;el gallo.<\/p>\n\n\n\n<p>Con todos esos antecedentes,&nbsp;y muchos otros que ser\u00eda largo enumerar,&nbsp;queda&nbsp;claro que Lira Ochoa ingresaba&nbsp;en aguas movedizas cuando decidi\u00f3 escribir&nbsp;<em>Pluma negra<\/em>.<\/p>\n\n\n\n<p>Su primer hallazgo, literariamente hablando, es hacer del gallo una presencia absoluta que se mantiene sin mengua a lo largo de toda la obra. No hay cap\u00edtulo de&nbsp;<em>Pluma&nbsp;negra<\/em>&nbsp;donde&nbsp;el gallo no aparezca y no tenga, adem\u00e1s,&nbsp;un rol esencial&nbsp;en la conducci\u00f3n de la an\u00e9cdota.&nbsp;Dicho de otro modo, no se trata de una presencia transitoria, anecd\u00f3tica o moment\u00e1nea, sino que&nbsp;el animal, representado&nbsp;por una verdadera cuerda de gallos, se convierte en eje vertebral de los distintos acontecimientos que nutren la historia.<\/p>\n\n\n\n<p>Esa presencia constante tiene, adem\u00e1s, caracter\u00edsticas particulares.&nbsp;Por ejemplo, no&nbsp;se trata&nbsp;de&nbsp;animismo, es decir, de personajes que asumen la forma de an\u00edmales pero siguen siendo humanos en cuanto a sus capacidades de expresi\u00f3n, desempe\u00f1o y psicolog\u00eda. Los gallos de&nbsp;<em>Pluma negra<\/em>&nbsp;son simplemente gallos y no otra cosa.<\/p>\n\n\n\n<p>Los gallos son el repositorio de todas las pasiones y de toda la violencia que esas pasiones son capaces de generar.&nbsp;M\u00e1s all\u00e1 de los m\u00faltiples antagonismos sobre los cuales se mueven los personajes, lo cierto es que toda violencia se transpone a las peleas de gallos; as\u00ed como toda&nbsp;contradicci\u00f3n propia del andamiaje social&nbsp;descrito en&nbsp;&nbsp;la novela&nbsp;parece afianzarse o resolverse solo&nbsp;el redondel de la gallera.<\/p>\n\n\n\n<p>Pero, a pesar de que la existencia de los gallos parecer\u00eda transcurrir en paralelo a la de los humanos, lo cierto es que en&nbsp;<em>Pluma negra<\/em>&nbsp;estos animales por un lado acarrean y por el otro hacen viable el desarrollo de los acontecimientos&nbsp;entre humanosque conforman la trama de la novela.<\/p>\n\n\n\n<p>Los conflictos amorosos, las diferencias sociales y econ\u00f3micas o&nbsp;las&nbsp;estrategias de expoliaci\u00f3n de las &nbsp;petroleras, todo&nbsp;se&nbsp;filtra&nbsp;a trav\u00e9s del&nbsp;mundo &nbsp;cat\u00e1rtico &nbsp;del gallo,&nbsp;lo que parece prevenir una siempre inminente violencia social.<\/p>\n","protected":false},"excerpt":{"rendered":"<p>Se dice que Hern\u00e1n Cort\u00e9s, antes de quemar\u00a0las\u00a0naves, salv\u00f3 de ellas sus armas y sus gallos. Aunque el dato no\u00a0est\u00e1 confirmado, puede\u00a0dar\u00a0una idea bastante precisa\u00a0de\u00a0cu\u00e1ndo \u00a0inici\u00f3 el furor\u00a0por las peleas de gallos\u00a0en nuestro continente<\/p>\n","protected":false},"author":28,"featured_media":25121,"comment_status":"open","ping_status":"open","sticky":false,"template":"","format":"standard","meta":{"spay_email":"","jetpack_publicize_message":"","jetpack_is_tweetstorm":false,"jetpack_publicize_feature_enabled":true},"categories":[215,53],"tags":[212,216],"yoast_head":"<!-- This site is optimized with the Yoast SEO plugin v19.8 - https:\/\/yoast.com\/wordpress\/plugins\/seo\/ -->\n<title>Alegor\u00eda del gallo y el silencio<\/title>\n<meta name=\"description\" content=\"Se dice que Hern\u00e1n Cort\u00e9s, antes de quemar\u00a0las\u00a0naves, salv\u00f3 de ellas sus armas y sus gallos. Aunque el dato no\u00a0est\u00e1 confirmado, puede\u00a0dar\u00a0una idea bastante precisa\u00a0de\u00a0cu\u00e1ndo \u00a0inici\u00f3 el furor\u00a0por las peleas de gallos\u00a0en nuestro continente\" \/>\n<meta name=\"robots\" content=\"index, follow, max-snippet:-1, max-image-preview:large, max-video-preview:-1\" \/>\n<link rel=\"canonical\" href=\"https:\/\/cenal.gob.ve\/?p=25111\" \/>\n<meta property=\"og:locale\" content=\"es_ES\" \/>\n<meta property=\"og:type\" content=\"article\" \/>\n<meta property=\"og:title\" content=\"Alegor\u00eda del gallo y el silencio | C\u00f3simo Mandrillo\" \/>\n<meta property=\"og:description\" content=\"Se dice que Hern\u00e1n Cort\u00e9s, antes de quemar\u00a0las\u00a0naves, salv\u00f3 de ellas sus armas y sus gallos. Aunque el dato no\u00a0est\u00e1 confirmado, puede\u00a0dar\u00a0una idea bastante precisa\u00a0de\u00a0cu\u00e1ndo \u00a0inici\u00f3 el furor\u00a0por las peleas de gallos\u00a0en nuestro continente\" \/>\n<meta property=\"og:url\" content=\"https:\/\/cenal.gob.ve\/?p=25111\" \/>\n<meta property=\"og:site_name\" content=\"Cenal\" \/>\n<meta property=\"article:published_time\" content=\"2025-01-26T13:00:00+00:00\" \/>\n<meta property=\"article:modified_time\" content=\"2025-01-26T13:47:18+00:00\" \/>\n<meta property=\"og:image\" content=\"http:\/\/cenal.gob.ve\/wp-content\/uploads\/2025\/01\/IMG_2854.jpeg\" \/>\n\t<meta property=\"og:image:width\" content=\"1290\" \/>\n\t<meta property=\"og:image:height\" content=\"2093\" \/>\n\t<meta property=\"og:image:type\" content=\"image\/jpeg\" \/>\n<meta name=\"author\" content=\"C\u00f3simo Mandrillo\" \/>\n<meta name=\"twitter:card\" content=\"summary_large_image\" \/>\n<meta name=\"twitter:title\" content=\"Alegor\u00eda del gallo y el silencio | C\u00f3simo Mandrillo\" \/>\n<meta name=\"twitter:image\" content=\"https:\/\/cenal.gob.ve\/wp-content\/uploads\/2025\/01\/IMG_2854.jpeg\" \/>\n<meta name=\"twitter:label1\" content=\"Written by\" \/>\n\t<meta name=\"twitter:data1\" content=\"C\u00f3simo Mandrillo\" \/>\n\t<meta name=\"twitter:label2\" content=\"Est. reading time\" \/>\n\t<meta name=\"twitter:data2\" content=\"4 minutos\" \/>\n<script type=\"application\/ld+json\" class=\"yoast-schema-graph\">{\"@context\":\"https:\/\/schema.org\",\"@graph\":[{\"@type\":\"Article\",\"@id\":\"https:\/\/cenal.gob.ve\/?p=25111#article\",\"isPartOf\":{\"@id\":\"https:\/\/cenal.gob.ve\/?p=25111\"},\"author\":{\"name\":\"C\u00f3simo Mandrillo\",\"@id\":\"https:\/\/cenal.gob.ve\/#\/schema\/person\/03f2ed4aa0ac06c17c6f979c5d7db558\"},\"headline\":\"Alegor\u00eda del gallo y el silencio\",\"datePublished\":\"2025-01-26T13:00:00+00:00\",\"dateModified\":\"2025-01-26T13:47:18+00:00\",\"mainEntityOfPage\":{\"@id\":\"https:\/\/cenal.gob.ve\/?p=25111\"},\"wordCount\":848,\"commentCount\":0,\"publisher\":{\"@id\":\"https:\/\/cenal.gob.ve\/#organization\"},\"keywords\":[\"Literatura venezolana\",\"Novelas\"],\"articleSection\":[\"Lectura m\u00ednima\",\"Lecturas\"],\"inLanguage\":\"es\",\"potentialAction\":[{\"@type\":\"CommentAction\",\"name\":\"Comment\",\"target\":[\"https:\/\/cenal.gob.ve\/?p=25111#respond\"]}]},{\"@type\":\"WebPage\",\"@id\":\"https:\/\/cenal.gob.ve\/?p=25111\",\"url\":\"https:\/\/cenal.gob.ve\/?p=25111\",\"name\":\"Alegor\u00eda del gallo y el silencio\",\"isPartOf\":{\"@id\":\"https:\/\/cenal.gob.ve\/#website\"},\"datePublished\":\"2025-01-26T13:00:00+00:00\",\"dateModified\":\"2025-01-26T13:47:18+00:00\",\"description\":\"Se dice que Hern\u00e1n Cort\u00e9s, antes de quemar\u00a0las\u00a0naves, salv\u00f3 de ellas sus armas y sus gallos. Aunque el dato no\u00a0est\u00e1 confirmado, puede\u00a0dar\u00a0una idea bastante precisa\u00a0de\u00a0cu\u00e1ndo \u00a0inici\u00f3 el furor\u00a0por las peleas de gallos\u00a0en nuestro continente\",\"breadcrumb\":{\"@id\":\"https:\/\/cenal.gob.ve\/?p=25111#breadcrumb\"},\"inLanguage\":\"es\",\"potentialAction\":[{\"@type\":\"ReadAction\",\"target\":[\"https:\/\/cenal.gob.ve\/?p=25111\"]}]},{\"@type\":\"BreadcrumbList\",\"@id\":\"https:\/\/cenal.gob.ve\/?p=25111#breadcrumb\",\"itemListElement\":[{\"@type\":\"ListItem\",\"position\":1,\"name\":\"Home\",\"item\":\"https:\/\/cenal.gob.ve\/\"},{\"@type\":\"ListItem\",\"position\":2,\"name\":\"Alegor\u00eda del gallo y el silencio\"}]},{\"@type\":\"WebSite\",\"@id\":\"https:\/\/cenal.gob.ve\/#website\",\"url\":\"https:\/\/cenal.gob.ve\/\",\"name\":\"Cenal\",\"description\":\"\",\"publisher\":{\"@id\":\"https:\/\/cenal.gob.ve\/#organization\"},\"potentialAction\":[{\"@type\":\"SearchAction\",\"target\":{\"@type\":\"EntryPoint\",\"urlTemplate\":\"https:\/\/cenal.gob.ve\/?s={search_term_string}\"},\"query-input\":\"required name=search_term_string\"}],\"inLanguage\":\"es\"},{\"@type\":\"Organization\",\"@id\":\"https:\/\/cenal.gob.ve\/#organization\",\"name\":\"CENAL\",\"url\":\"https:\/\/cenal.gob.ve\/\",\"sameAs\":[],\"logo\":{\"@type\":\"ImageObject\",\"inLanguage\":\"es\",\"@id\":\"https:\/\/cenal.gob.ve\/#\/schema\/logo\/image\/\",\"url\":\"https:\/\/i0.wp.com\/cenal.gob.ve\/wp-content\/uploads\/2022\/10\/cropped-images.jpg?fit=512%2C512\",\"contentUrl\":\"https:\/\/i0.wp.com\/cenal.gob.ve\/wp-content\/uploads\/2022\/10\/cropped-images.jpg?fit=512%2C512\",\"width\":512,\"height\":512,\"caption\":\"CENAL\"},\"image\":{\"@id\":\"https:\/\/cenal.gob.ve\/#\/schema\/logo\/image\/\"}},{\"@type\":\"Person\",\"@id\":\"https:\/\/cenal.gob.ve\/#\/schema\/person\/03f2ed4aa0ac06c17c6f979c5d7db558\",\"name\":\"C\u00f3simo Mandrillo\",\"image\":{\"@type\":\"ImageObject\",\"inLanguage\":\"es\",\"@id\":\"https:\/\/cenal.gob.ve\/#\/schema\/person\/image\/\",\"url\":\"https:\/\/secure.gravatar.com\/avatar\/4bf48f2ee4391517938cc9a456a58c4f?s=96&d=mm&r=g\",\"contentUrl\":\"https:\/\/secure.gravatar.com\/avatar\/4bf48f2ee4391517938cc9a456a58c4f?s=96&d=mm&r=g\",\"caption\":\"C\u00f3simo Mandrillo\"},\"description\":\"Escritor, doctor en Literatura Hispanoamericana por la Universidad de Iowa, mag\u00edster en Literatura Latinoamericana y profesor jubilado de la Universidad del Zulia. Fue galardonado con el Premio Regional de Literatura Jes\u00fas Enrique Losada (2000). Asimismo, se hizo acreedor del segundo lugar del concurso Los ni\u00f1os del Mercosur, de la editorial Comunicarte (Argentina, 2007).\",\"url\":\"https:\/\/cenal.gob.ve\/?author=28\"}]}<\/script>\n<!-- \/ Yoast SEO plugin. -->","yoast_head_json":{"title":"Alegor\u00eda del gallo y el silencio","description":"Se dice que Hern\u00e1n Cort\u00e9s, antes de quemar\u00a0las\u00a0naves, salv\u00f3 de ellas sus armas y sus gallos. Aunque el dato no\u00a0est\u00e1 confirmado, puede\u00a0dar\u00a0una idea bastante precisa\u00a0de\u00a0cu\u00e1ndo \u00a0inici\u00f3 el furor\u00a0por las peleas de gallos\u00a0en nuestro continente","robots":{"index":"index","follow":"follow","max-snippet":"max-snippet:-1","max-image-preview":"max-image-preview:large","max-video-preview":"max-video-preview:-1"},"canonical":"https:\/\/cenal.gob.ve\/?p=25111","og_locale":"es_ES","og_type":"article","og_title":"Alegor\u00eda del gallo y el silencio | C\u00f3simo Mandrillo","og_description":"Se dice que Hern\u00e1n Cort\u00e9s, antes de quemar\u00a0las\u00a0naves, salv\u00f3 de ellas sus armas y sus gallos. Aunque el dato no\u00a0est\u00e1 confirmado, puede\u00a0dar\u00a0una idea bastante precisa\u00a0de\u00a0cu\u00e1ndo \u00a0inici\u00f3 el furor\u00a0por las peleas de gallos\u00a0en nuestro continente","og_url":"https:\/\/cenal.gob.ve\/?p=25111","og_site_name":"Cenal","article_published_time":"2025-01-26T13:00:00+00:00","article_modified_time":"2025-01-26T13:47:18+00:00","og_image":[{"width":1290,"height":2093,"url":"http:\/\/cenal.gob.ve\/wp-content\/uploads\/2025\/01\/IMG_2854.jpeg","type":"image\/jpeg"}],"author":"C\u00f3simo Mandrillo","twitter_card":"summary_large_image","twitter_title":"Alegor\u00eda del gallo y el silencio | C\u00f3simo Mandrillo","twitter_image":"https:\/\/cenal.gob.ve\/wp-content\/uploads\/2025\/01\/IMG_2854.jpeg","twitter_misc":{"Written by":"C\u00f3simo Mandrillo","Est. reading time":"4 minutos"},"schema":{"@context":"https:\/\/schema.org","@graph":[{"@type":"Article","@id":"https:\/\/cenal.gob.ve\/?p=25111#article","isPartOf":{"@id":"https:\/\/cenal.gob.ve\/?p=25111"},"author":{"name":"C\u00f3simo Mandrillo","@id":"https:\/\/cenal.gob.ve\/#\/schema\/person\/03f2ed4aa0ac06c17c6f979c5d7db558"},"headline":"Alegor\u00eda del gallo y el silencio","datePublished":"2025-01-26T13:00:00+00:00","dateModified":"2025-01-26T13:47:18+00:00","mainEntityOfPage":{"@id":"https:\/\/cenal.gob.ve\/?p=25111"},"wordCount":848,"commentCount":0,"publisher":{"@id":"https:\/\/cenal.gob.ve\/#organization"},"keywords":["Literatura venezolana","Novelas"],"articleSection":["Lectura m\u00ednima","Lecturas"],"inLanguage":"es","potentialAction":[{"@type":"CommentAction","name":"Comment","target":["https:\/\/cenal.gob.ve\/?p=25111#respond"]}]},{"@type":"WebPage","@id":"https:\/\/cenal.gob.ve\/?p=25111","url":"https:\/\/cenal.gob.ve\/?p=25111","name":"Alegor\u00eda del gallo y el silencio","isPartOf":{"@id":"https:\/\/cenal.gob.ve\/#website"},"datePublished":"2025-01-26T13:00:00+00:00","dateModified":"2025-01-26T13:47:18+00:00","description":"Se dice que Hern\u00e1n Cort\u00e9s, antes de quemar\u00a0las\u00a0naves, salv\u00f3 de ellas sus armas y sus gallos. Aunque el dato no\u00a0est\u00e1 confirmado, puede\u00a0dar\u00a0una idea bastante precisa\u00a0de\u00a0cu\u00e1ndo \u00a0inici\u00f3 el furor\u00a0por las peleas de gallos\u00a0en nuestro continente","breadcrumb":{"@id":"https:\/\/cenal.gob.ve\/?p=25111#breadcrumb"},"inLanguage":"es","potentialAction":[{"@type":"ReadAction","target":["https:\/\/cenal.gob.ve\/?p=25111"]}]},{"@type":"BreadcrumbList","@id":"https:\/\/cenal.gob.ve\/?p=25111#breadcrumb","itemListElement":[{"@type":"ListItem","position":1,"name":"Home","item":"https:\/\/cenal.gob.ve\/"},{"@type":"ListItem","position":2,"name":"Alegor\u00eda del gallo y el silencio"}]},{"@type":"WebSite","@id":"https:\/\/cenal.gob.ve\/#website","url":"https:\/\/cenal.gob.ve\/","name":"Cenal","description":"","publisher":{"@id":"https:\/\/cenal.gob.ve\/#organization"},"potentialAction":[{"@type":"SearchAction","target":{"@type":"EntryPoint","urlTemplate":"https:\/\/cenal.gob.ve\/?s={search_term_string}"},"query-input":"required name=search_term_string"}],"inLanguage":"es"},{"@type":"Organization","@id":"https:\/\/cenal.gob.ve\/#organization","name":"CENAL","url":"https:\/\/cenal.gob.ve\/","sameAs":[],"logo":{"@type":"ImageObject","inLanguage":"es","@id":"https:\/\/cenal.gob.ve\/#\/schema\/logo\/image\/","url":"https:\/\/i0.wp.com\/cenal.gob.ve\/wp-content\/uploads\/2022\/10\/cropped-images.jpg?fit=512%2C512","contentUrl":"https:\/\/i0.wp.com\/cenal.gob.ve\/wp-content\/uploads\/2022\/10\/cropped-images.jpg?fit=512%2C512","width":512,"height":512,"caption":"CENAL"},"image":{"@id":"https:\/\/cenal.gob.ve\/#\/schema\/logo\/image\/"}},{"@type":"Person","@id":"https:\/\/cenal.gob.ve\/#\/schema\/person\/03f2ed4aa0ac06c17c6f979c5d7db558","name":"C\u00f3simo Mandrillo","image":{"@type":"ImageObject","inLanguage":"es","@id":"https:\/\/cenal.gob.ve\/#\/schema\/person\/image\/","url":"https:\/\/secure.gravatar.com\/avatar\/4bf48f2ee4391517938cc9a456a58c4f?s=96&d=mm&r=g","contentUrl":"https:\/\/secure.gravatar.com\/avatar\/4bf48f2ee4391517938cc9a456a58c4f?s=96&d=mm&r=g","caption":"C\u00f3simo Mandrillo"},"description":"Escritor, doctor en Literatura Hispanoamericana por la Universidad de Iowa, mag\u00edster en Literatura Latinoamericana y profesor jubilado de la Universidad del Zulia. Fue galardonado con el Premio Regional de Literatura Jes\u00fas Enrique Losada (2000). Asimismo, se hizo acreedor del segundo lugar del concurso Los ni\u00f1os del Mercosur, de la editorial Comunicarte (Argentina, 2007).","url":"https:\/\/cenal.gob.ve\/?author=28"}]}},"jetpack_featured_media_url":"https:\/\/cenal.gob.ve\/wp-content\/uploads\/2025\/01\/IMG_2854-1.jpeg","jetpack_publicize_connections":[],"jetpack_shortlink":"https:\/\/wp.me\/p5FMhp-6x1","_links":{"self":[{"href":"https:\/\/cenal.gob.ve\/index.php?rest_route=\/wp\/v2\/posts\/25111"}],"collection":[{"href":"https:\/\/cenal.gob.ve\/index.php?rest_route=\/wp\/v2\/posts"}],"about":[{"href":"https:\/\/cenal.gob.ve\/index.php?rest_route=\/wp\/v2\/types\/post"}],"author":[{"embeddable":true,"href":"https:\/\/cenal.gob.ve\/index.php?rest_route=\/wp\/v2\/users\/28"}],"replies":[{"embeddable":true,"href":"https:\/\/cenal.gob.ve\/index.php?rest_route=%2Fwp%2Fv2%2Fcomments&post=25111"}],"version-history":[{"count":3,"href":"https:\/\/cenal.gob.ve\/index.php?rest_route=\/wp\/v2\/posts\/25111\/revisions"}],"predecessor-version":[{"id":25124,"href":"https:\/\/cenal.gob.ve\/index.php?rest_route=\/wp\/v2\/posts\/25111\/revisions\/25124"}],"wp:featuredmedia":[{"embeddable":true,"href":"https:\/\/cenal.gob.ve\/index.php?rest_route=\/wp\/v2\/media\/25121"}],"wp:attachment":[{"href":"https:\/\/cenal.gob.ve\/index.php?rest_route=%2Fwp%2Fv2%2Fmedia&parent=25111"}],"wp:term":[{"taxonomy":"category","embeddable":true,"href":"https:\/\/cenal.gob.ve\/index.php?rest_route=%2Fwp%2Fv2%2Fcategories&post=25111"},{"taxonomy":"post_tag","embeddable":true,"href":"https:\/\/cenal.gob.ve\/index.php?rest_route=%2Fwp%2Fv2%2Ftags&post=25111"}],"curies":[{"name":"wp","href":"https:\/\/api.w.org\/{rel}","templated":true}]}}