{"id":25147,"date":"2025-02-09T07:01:00","date_gmt":"2025-02-09T11:01:00","guid":{"rendered":"https:\/\/cenal.gob.ve\/?p=25147"},"modified":"2025-02-08T00:18:36","modified_gmt":"2025-02-08T04:18:36","slug":"los-limites-de-la-novela-historica%ef%bf%bc","status":"publish","type":"post","link":"https:\/\/cenal.gob.ve\/?p=25147","title":{"rendered":"Los l\u00edmites de la novela hist\u00f3rica\ufffc"},"content":{"rendered":"\n<p class=\"has-drop-cap\">Las historias del pasado podr\u00edan ser un retrato de la actualidad o, tal vez, una forma de entrar en el tiempo que nos permite comprender el presente. De hecho, existe la tesis de Giorgio Agarben que quienes formaron los cimientos del pensamiento filos\u00f3fico y pol\u00edtico son nuestros contempor\u00e1neos, aunque esos hombres y mujeres hayan pertenecido a diferentes \u00e9pocas.<\/p>\n\n\n\n<p>El cine de Hollywood ha dejado una impronta en la creaci\u00f3n de una imagen de los griegos y romanos de hace m\u00e1s de dos milenios. De estos \u00faltimos, han presentado a emperadores que fueron guerreros y algunos terminaron asesinados por sus delirios. La impresi\u00f3n que dejaron es que los atac\u00f3 una epidemia de locura<\/p>\n\n\n\n<p>A esa imagen tambi\u00e9n ha contribuido, en buena medida, la literatura. Pero <em>Marco Aurelio y los l\u00edmites del imperio<\/em>, la m\u00e1s reciente novela de Pablo Montoya, rompe con esos mitos al presentar a un emperador con sus disquisiciones filos\u00f3ficas y humanas.<\/p>\n\n\n\n<figure class=\"wp-block-image size-large\"><img width=\"607\" height=\"1024\" src=\"http:\/\/cenal.gob.ve\/wp-content\/uploads\/2025\/02\/Marco-Aurelio-y-los-limites-del-imperio-607x1024.jpg\" alt=\"\" class=\"wp-image-25144\" srcset=\"https:\/\/cenal.gob.ve\/wp-content\/uploads\/2025\/02\/Marco-Aurelio-y-los-limites-del-imperio-607x1024.jpg 607w, https:\/\/cenal.gob.ve\/wp-content\/uploads\/2025\/02\/Marco-Aurelio-y-los-limites-del-imperio-178x300.jpg 178w, https:\/\/cenal.gob.ve\/wp-content\/uploads\/2025\/02\/Marco-Aurelio-y-los-limites-del-imperio-640x1079.jpg 640w, https:\/\/cenal.gob.ve\/wp-content\/uploads\/2025\/02\/Marco-Aurelio-y-los-limites-del-imperio.jpg 759w\" sizes=\"(max-width: 607px) 100vw, 607px\" \/><\/figure>\n\n\n\n<p>El narrador de Montoya se pregunta: \u201c\u00bfc\u00f3mo separar el pensamiento del poder pol\u00edtico? \u00bfC\u00f3mo negar que la filosof\u00eda, en esa larga senda que une a Grecia con Roma, hab\u00eda superado el aposento familiar para ir ascendiendo hasta el control de los asuntos p\u00fablicos?\u201d.<\/p>\n\n\n\n<p>Inmediatamente se responde: \u201cEs m\u00e1s, lo que me ha llevado a la cima del imperio \u2014asumir el poder con la convicci\u00f3n y el respeto exigidos\u2014 es saber que tengo de mi lado a la raz\u00f3n. Creo en ella y en su injerencia frente a la construcci\u00f3n de nuestro presente. Roma y su discernimiento de la criatura humana han sido ante todo la lenta y progresiva elaboraci\u00f3n de un modelo en el que pol\u00edtica y filosof\u00eda han de abrazarse. Por ello es l\u00f3gico, propio de su avanzar en el tiempo, que hombres razonables o militares sensatos, y no payasos megal\u00f3manos y sedientos de violencia, sean quienes controlen las riendas de la administraci\u00f3n del imperio\u201d.<\/p>\n\n\n\n<p>Montoya retrata una \u00e9poca, y podemos reflexionar sobre el imperio actual en donde abraza la guerra y el capital. Acumular y doblegar, sin dejar de lado aquella Roma sangrienta. Nada es id\u00edlico. Especialmente, porque la novela mantiene el hilo conductor del pensamiento de quienes se impusieron sobre otros pueblos y los esclavizaron.<\/p>\n\n\n\n<p>La filosof\u00eda podr\u00eda considerarse que era una abstracci\u00f3n que pasaba por la comprensi\u00f3n de las almas hacia lo humano mientras en la pr\u00e1ctica hac\u00edan la guerra, aunque la \u00e9poca que se relata es la que fue considerada como <em>pax romana<\/em>.<\/p>\n\n\n\n<p>En <em>Marco Aurelio y los l\u00edmites del imperio<\/em> se mantiene la misma imagen y los mismos criterios sobre los b\u00e1rbaros, que son considerados sin\u00f3nimo de \u201cbestias\u201d, \u201csalvajes\u201d, porque usa como fuente los testimonios del emperador.<\/p>\n\n\n\n<p>El origen de la palabra b\u00e1rbaro \u201cproviene del griego&nbsp;barbaros,&nbsp;un vocablo de formaci\u00f3n onomatop\u00e9yica usado por los griegos para referirse a los extranjeros cuyas lenguas no entend\u00edan y de quienes sol\u00edan comentar que \u00fanicamente sab\u00edan decir&nbsp;bar, bar, bar\u201d, explica Ricardo Soca en <em>La fascinante historia de las palabras <\/em>y nos advierte que el \u201cprejuicio de los griegos est\u00e1 presente en todas las civilizaciones, que ven como \u2018extra\u00f1o\u2019 o \u2018enemigo\u2019 todo lo que es ajeno a ellas\u201d.<\/p>\n\n\n\n<p>Atila, rey de los hunos, es considerado b\u00e1rbaro, pero tambi\u00e9n lo fue An\u00edbal, cuya traves\u00eda por Los Alpes inspir\u00f3 a Sim\u00f3n Bol\u00edvar para atravesar con \u00e9xito Los Andes.<\/p>\n\n\n\n<p>El historiador Miguel Le\u00f3n Portilla recoge en <em>Visi\u00f3n de los vencidos<\/em> la misma pregunta de hace casi cinco siglos: \u201c\u2018\u00bfQui\u00e9nes son esos salvajes?\u2019, dice el tlapaneca otom\u00ed Hecatzin cuando va a atacar a los espa\u00f1oles\u201d.<\/p>\n\n\n\n<p>\u201cSobre salvajes\u201d es el poema que Gustavo Pereira escribi\u00f3 a inicios del siglo XXI en plena discusi\u00f3n pol\u00edtica de la Constituyente. Algunos pol\u00edticos consideraron irrelevante polemizar sobre nuestros pueblos originarios para no darles protagonismo en nuestra Constituci\u00f3n de la Rep\u00fablica Bolivariana de Venezuela, mientras que el poeta les dio la raz\u00f3n con la poes\u00eda.<\/p>\n\n\n\n<p>Pablo Montoya comenz\u00f3 a escribir la novela cuando la pandemia del Covid-19 mostr\u00f3 la peor cara. Y as\u00ed empieza <em>Marco Aurelio y los l\u00edmites del imperio<\/em>, con una peste \u2014y la muerte rondando\u2014. La de los imperios, hasta ahora no ha cesado, tampoco sus l\u00edmites.<\/p>\n","protected":false},"excerpt":{"rendered":"<p>Las historias del pasado podr\u00edan ser un retrato de la actualidad o, tal vez, una forma de entrar en el tiempo que nos permite comprender el presente. De hecho, existe la tesis de Giorgio Agarben que quienes formaron los cimientos del pensamiento filos\u00f3fico y pol\u00edtico son nuestros contempor\u00e1neos, aunque esos hombres y mujeres hayan pertenecido a diferentes \u00e9pocas<\/p>\n","protected":false},"author":9,"featured_media":25145,"comment_status":"open","ping_status":"open","sticky":false,"template":"","format":"standard","meta":{"spay_email":"","jetpack_publicize_message":"","jetpack_is_tweetstorm":false,"jetpack_publicize_feature_enabled":true},"categories":[53,69],"tags":[211,233],"yoast_head":"<!-- This site is optimized with the Yoast SEO plugin v19.8 - https:\/\/yoast.com\/wordpress\/plugins\/seo\/ -->\n<title>Los l\u00edmites de la novela hist\u00f3rica\ufffc<\/title>\n<meta name=\"description\" content=\"Las historias del pasado podr\u00edan ser un retrato de la actualidad o, tal vez, una forma de entrar en el tiempo que nos permite comprender el presente. De hecho, existe la tesis de Giorgio Agarben que quienes formaron los cimientos del pensamiento filos\u00f3fico y pol\u00edtico son nuestros contempor\u00e1neos, aunque esos hombres y mujeres hayan pertenecido a diferentes \u00e9pocas\" \/>\n<meta name=\"robots\" content=\"index, follow, max-snippet:-1, max-image-preview:large, max-video-preview:-1\" \/>\n<link rel=\"canonical\" href=\"https:\/\/cenal.gob.ve\/?p=25147\" \/>\n<meta property=\"og:locale\" content=\"es_ES\" \/>\n<meta property=\"og:type\" content=\"article\" \/>\n<meta property=\"og:title\" content=\"Los l\u00edmites de la novela hist\u00f3rica | Ra\u00fal Cazal\" \/>\n<meta property=\"og:description\" content=\"Las historias del pasado podr\u00edan ser un retrato de la actualidad o, tal vez, una forma de entrar en el tiempo que nos permite comprender el presente. De hecho, existe la tesis de Giorgio Agarben que quienes formaron los cimientos del pensamiento filos\u00f3fico y pol\u00edtico son nuestros contempor\u00e1neos, aunque esos hombres y mujeres hayan pertenecido a diferentes \u00e9pocas\" \/>\n<meta property=\"og:url\" content=\"https:\/\/cenal.gob.ve\/?p=25147\" \/>\n<meta property=\"og:site_name\" content=\"Cenal\" \/>\n<meta property=\"article:published_time\" content=\"2025-02-09T11:01:00+00:00\" \/>\n<meta property=\"article:modified_time\" content=\"2025-02-08T04:18:36+00:00\" \/>\n<meta property=\"og:image\" content=\"https:\/\/i0.wp.com\/cenal.gob.ve\/wp-content\/uploads\/2025\/02\/Marco-Aurelio-y-los-limites-del-imperio.jpg?fit=759%2C1280&ssl=1\" \/>\n\t<meta property=\"og:image:width\" content=\"759\" \/>\n\t<meta property=\"og:image:height\" content=\"1280\" \/>\n\t<meta property=\"og:image:type\" content=\"image\/jpeg\" \/>\n<meta name=\"author\" content=\"Ra\u00fal Cazal\" \/>\n<meta name=\"twitter:card\" content=\"summary_large_image\" \/>\n<meta name=\"twitter:title\" content=\"Los l\u00edmites de la novela hist\u00f3rica | Ra\u00fal Cazal\" \/>\n<meta name=\"twitter:description\" content=\"Las historias del pasado podr\u00edan ser un retrato de la actualidad o, tal vez, una forma de entrar en el tiempo que nos permite comprender el presente. De hecho, existe la tesis de Giorgio Agarben que quienes formaron los cimientos del pensamiento filos\u00f3fico y pol\u00edtico son nuestros contempor\u00e1neos, aunque esos hombres y mujeres hayan pertenecido a diferentes \u00e9pocas\" \/>\n<meta name=\"twitter:image\" content=\"https:\/\/cenal.gob.ve\/wp-content\/uploads\/2025\/02\/Marco-Aurelio-y-los-limites-del-imperio.jpg\" \/>\n<meta name=\"twitter:label1\" content=\"Written by\" \/>\n\t<meta name=\"twitter:data1\" content=\"Ra\u00fal Cazal\" \/>\n\t<meta name=\"twitter:label2\" content=\"Est. reading time\" \/>\n\t<meta name=\"twitter:data2\" content=\"4 minutos\" \/>\n<script type=\"application\/ld+json\" class=\"yoast-schema-graph\">{\"@context\":\"https:\/\/schema.org\",\"@graph\":[{\"@type\":\"Article\",\"@id\":\"https:\/\/cenal.gob.ve\/?p=25147#article\",\"isPartOf\":{\"@id\":\"https:\/\/cenal.gob.ve\/?p=25147\"},\"author\":{\"name\":\"Ra\u00fal Cazal\",\"@id\":\"https:\/\/cenal.gob.ve\/#\/schema\/person\/a6db8b0bfca231546dc925c41aead319\"},\"headline\":\"Los l\u00edmites de la novela hist\u00f3rica\ufffc\",\"datePublished\":\"2025-02-09T11:01:00+00:00\",\"dateModified\":\"2025-02-08T04:18:36+00:00\",\"mainEntityOfPage\":{\"@id\":\"https:\/\/cenal.gob.ve\/?p=25147\"},\"wordCount\":750,\"commentCount\":2,\"publisher\":{\"@id\":\"https:\/\/cenal.gob.ve\/#organization\"},\"keywords\":[\"Literatura\",\"novela hist\u00f3rica\"],\"articleSection\":[\"Lecturas\",\"Ojo por hoja\"],\"inLanguage\":\"es\",\"potentialAction\":[{\"@type\":\"CommentAction\",\"name\":\"Comment\",\"target\":[\"https:\/\/cenal.gob.ve\/?p=25147#respond\"]}]},{\"@type\":\"WebPage\",\"@id\":\"https:\/\/cenal.gob.ve\/?p=25147\",\"url\":\"https:\/\/cenal.gob.ve\/?p=25147\",\"name\":\"Los l\u00edmites de la novela hist\u00f3rica\ufffc\",\"isPartOf\":{\"@id\":\"https:\/\/cenal.gob.ve\/#website\"},\"datePublished\":\"2025-02-09T11:01:00+00:00\",\"dateModified\":\"2025-02-08T04:18:36+00:00\",\"description\":\"Las historias del pasado podr\u00edan ser un retrato de la actualidad o, tal vez, una forma de entrar en el tiempo que nos permite comprender el presente. De hecho, existe la tesis de Giorgio Agarben que quienes formaron los cimientos del pensamiento filos\u00f3fico y pol\u00edtico son nuestros contempor\u00e1neos, aunque esos hombres y mujeres hayan pertenecido a diferentes \u00e9pocas\",\"breadcrumb\":{\"@id\":\"https:\/\/cenal.gob.ve\/?p=25147#breadcrumb\"},\"inLanguage\":\"es\",\"potentialAction\":[{\"@type\":\"ReadAction\",\"target\":[\"https:\/\/cenal.gob.ve\/?p=25147\"]}]},{\"@type\":\"BreadcrumbList\",\"@id\":\"https:\/\/cenal.gob.ve\/?p=25147#breadcrumb\",\"itemListElement\":[{\"@type\":\"ListItem\",\"position\":1,\"name\":\"Home\",\"item\":\"https:\/\/cenal.gob.ve\/\"},{\"@type\":\"ListItem\",\"position\":2,\"name\":\"Los l\u00edmites de la novela hist\u00f3rica\ufffc\"}]},{\"@type\":\"WebSite\",\"@id\":\"https:\/\/cenal.gob.ve\/#website\",\"url\":\"https:\/\/cenal.gob.ve\/\",\"name\":\"Cenal\",\"description\":\"\",\"publisher\":{\"@id\":\"https:\/\/cenal.gob.ve\/#organization\"},\"potentialAction\":[{\"@type\":\"SearchAction\",\"target\":{\"@type\":\"EntryPoint\",\"urlTemplate\":\"https:\/\/cenal.gob.ve\/?s={search_term_string}\"},\"query-input\":\"required name=search_term_string\"}],\"inLanguage\":\"es\"},{\"@type\":\"Organization\",\"@id\":\"https:\/\/cenal.gob.ve\/#organization\",\"name\":\"CENAL\",\"url\":\"https:\/\/cenal.gob.ve\/\",\"sameAs\":[],\"logo\":{\"@type\":\"ImageObject\",\"inLanguage\":\"es\",\"@id\":\"https:\/\/cenal.gob.ve\/#\/schema\/logo\/image\/\",\"url\":\"https:\/\/i0.wp.com\/cenal.gob.ve\/wp-content\/uploads\/2022\/10\/cropped-images.jpg?fit=512%2C512\",\"contentUrl\":\"https:\/\/i0.wp.com\/cenal.gob.ve\/wp-content\/uploads\/2022\/10\/cropped-images.jpg?fit=512%2C512\",\"width\":512,\"height\":512,\"caption\":\"CENAL\"},\"image\":{\"@id\":\"https:\/\/cenal.gob.ve\/#\/schema\/logo\/image\/\"}},{\"@type\":\"Person\",\"@id\":\"https:\/\/cenal.gob.ve\/#\/schema\/person\/a6db8b0bfca231546dc925c41aead319\",\"name\":\"Ra\u00fal Cazal\",\"image\":{\"@type\":\"ImageObject\",\"inLanguage\":\"es\",\"@id\":\"https:\/\/cenal.gob.ve\/#\/schema\/person\/image\/\",\"url\":\"https:\/\/secure.gravatar.com\/avatar\/efcec262923fa6cdb1746d5c7c9fb742?s=96&d=mm&r=g\",\"contentUrl\":\"https:\/\/secure.gravatar.com\/avatar\/efcec262923fa6cdb1746d5c7c9fb742?s=96&d=mm&r=g\",\"caption\":\"Ra\u00fal Cazal\"},\"description\":\"Escritor, periodista y editor. Presidente del Centro Nacional del Libro desde noviembre de 2018. En febrero de 2019 asume la Direcci\u00f3n General de la Fundaci\u00f3n Editorial El perro y la rana y en agosto es nombrado Viceministro de Fomento para la Econom\u00eda Cultural. Es autor de los libros\u00a0de cuentos El bolero se baila pegadito (1988), Todo tiene su final (1992) y de poes\u00eda Algunas cuestiones sin importancia (1994). Es coautor con Freddy Fern\u00e1ndez del ensayo A qui\u00e9n le importa la opini\u00f3n de un ciego (2006). Gracias, medios de comunicaci\u00f3n (2018) fue merecedor del Premio Nacional de Periodismo en 2019, menci\u00f3n Libro. Actualmente dirige y conduce Las formas del libro.\",\"url\":\"https:\/\/cenal.gob.ve\/?author=9\"}]}<\/script>\n<!-- \/ Yoast SEO plugin. -->","yoast_head_json":{"title":"Los l\u00edmites de la novela hist\u00f3rica\ufffc","description":"Las historias del pasado podr\u00edan ser un retrato de la actualidad o, tal vez, una forma de entrar en el tiempo que nos permite comprender el presente. De hecho, existe la tesis de Giorgio Agarben que quienes formaron los cimientos del pensamiento filos\u00f3fico y pol\u00edtico son nuestros contempor\u00e1neos, aunque esos hombres y mujeres hayan pertenecido a diferentes \u00e9pocas","robots":{"index":"index","follow":"follow","max-snippet":"max-snippet:-1","max-image-preview":"max-image-preview:large","max-video-preview":"max-video-preview:-1"},"canonical":"https:\/\/cenal.gob.ve\/?p=25147","og_locale":"es_ES","og_type":"article","og_title":"Los l\u00edmites de la novela hist\u00f3rica | Ra\u00fal Cazal","og_description":"Las historias del pasado podr\u00edan ser un retrato de la actualidad o, tal vez, una forma de entrar en el tiempo que nos permite comprender el presente. De hecho, existe la tesis de Giorgio Agarben que quienes formaron los cimientos del pensamiento filos\u00f3fico y pol\u00edtico son nuestros contempor\u00e1neos, aunque esos hombres y mujeres hayan pertenecido a diferentes \u00e9pocas","og_url":"https:\/\/cenal.gob.ve\/?p=25147","og_site_name":"Cenal","article_published_time":"2025-02-09T11:01:00+00:00","article_modified_time":"2025-02-08T04:18:36+00:00","og_image":[{"width":759,"height":1280,"url":"https:\/\/i0.wp.com\/cenal.gob.ve\/wp-content\/uploads\/2025\/02\/Marco-Aurelio-y-los-limites-del-imperio.jpg?fit=759%2C1280&ssl=1","type":"image\/jpeg"}],"author":"Ra\u00fal Cazal","twitter_card":"summary_large_image","twitter_title":"Los l\u00edmites de la novela hist\u00f3rica | Ra\u00fal Cazal","twitter_description":"Las historias del pasado podr\u00edan ser un retrato de la actualidad o, tal vez, una forma de entrar en el tiempo que nos permite comprender el presente. De hecho, existe la tesis de Giorgio Agarben que quienes formaron los cimientos del pensamiento filos\u00f3fico y pol\u00edtico son nuestros contempor\u00e1neos, aunque esos hombres y mujeres hayan pertenecido a diferentes \u00e9pocas","twitter_image":"https:\/\/cenal.gob.ve\/wp-content\/uploads\/2025\/02\/Marco-Aurelio-y-los-limites-del-imperio.jpg","twitter_misc":{"Written by":"Ra\u00fal Cazal","Est. reading time":"4 minutos"},"schema":{"@context":"https:\/\/schema.org","@graph":[{"@type":"Article","@id":"https:\/\/cenal.gob.ve\/?p=25147#article","isPartOf":{"@id":"https:\/\/cenal.gob.ve\/?p=25147"},"author":{"name":"Ra\u00fal Cazal","@id":"https:\/\/cenal.gob.ve\/#\/schema\/person\/a6db8b0bfca231546dc925c41aead319"},"headline":"Los l\u00edmites de la novela hist\u00f3rica\ufffc","datePublished":"2025-02-09T11:01:00+00:00","dateModified":"2025-02-08T04:18:36+00:00","mainEntityOfPage":{"@id":"https:\/\/cenal.gob.ve\/?p=25147"},"wordCount":750,"commentCount":2,"publisher":{"@id":"https:\/\/cenal.gob.ve\/#organization"},"keywords":["Literatura","novela hist\u00f3rica"],"articleSection":["Lecturas","Ojo por hoja"],"inLanguage":"es","potentialAction":[{"@type":"CommentAction","name":"Comment","target":["https:\/\/cenal.gob.ve\/?p=25147#respond"]}]},{"@type":"WebPage","@id":"https:\/\/cenal.gob.ve\/?p=25147","url":"https:\/\/cenal.gob.ve\/?p=25147","name":"Los l\u00edmites de la novela hist\u00f3rica\ufffc","isPartOf":{"@id":"https:\/\/cenal.gob.ve\/#website"},"datePublished":"2025-02-09T11:01:00+00:00","dateModified":"2025-02-08T04:18:36+00:00","description":"Las historias del pasado podr\u00edan ser un retrato de la actualidad o, tal vez, una forma de entrar en el tiempo que nos permite comprender el presente. De hecho, existe la tesis de Giorgio Agarben que quienes formaron los cimientos del pensamiento filos\u00f3fico y pol\u00edtico son nuestros contempor\u00e1neos, aunque esos hombres y mujeres hayan pertenecido a diferentes \u00e9pocas","breadcrumb":{"@id":"https:\/\/cenal.gob.ve\/?p=25147#breadcrumb"},"inLanguage":"es","potentialAction":[{"@type":"ReadAction","target":["https:\/\/cenal.gob.ve\/?p=25147"]}]},{"@type":"BreadcrumbList","@id":"https:\/\/cenal.gob.ve\/?p=25147#breadcrumb","itemListElement":[{"@type":"ListItem","position":1,"name":"Home","item":"https:\/\/cenal.gob.ve\/"},{"@type":"ListItem","position":2,"name":"Los l\u00edmites de la novela hist\u00f3rica\ufffc"}]},{"@type":"WebSite","@id":"https:\/\/cenal.gob.ve\/#website","url":"https:\/\/cenal.gob.ve\/","name":"Cenal","description":"","publisher":{"@id":"https:\/\/cenal.gob.ve\/#organization"},"potentialAction":[{"@type":"SearchAction","target":{"@type":"EntryPoint","urlTemplate":"https:\/\/cenal.gob.ve\/?s={search_term_string}"},"query-input":"required name=search_term_string"}],"inLanguage":"es"},{"@type":"Organization","@id":"https:\/\/cenal.gob.ve\/#organization","name":"CENAL","url":"https:\/\/cenal.gob.ve\/","sameAs":[],"logo":{"@type":"ImageObject","inLanguage":"es","@id":"https:\/\/cenal.gob.ve\/#\/schema\/logo\/image\/","url":"https:\/\/i0.wp.com\/cenal.gob.ve\/wp-content\/uploads\/2022\/10\/cropped-images.jpg?fit=512%2C512","contentUrl":"https:\/\/i0.wp.com\/cenal.gob.ve\/wp-content\/uploads\/2022\/10\/cropped-images.jpg?fit=512%2C512","width":512,"height":512,"caption":"CENAL"},"image":{"@id":"https:\/\/cenal.gob.ve\/#\/schema\/logo\/image\/"}},{"@type":"Person","@id":"https:\/\/cenal.gob.ve\/#\/schema\/person\/a6db8b0bfca231546dc925c41aead319","name":"Ra\u00fal Cazal","image":{"@type":"ImageObject","inLanguage":"es","@id":"https:\/\/cenal.gob.ve\/#\/schema\/person\/image\/","url":"https:\/\/secure.gravatar.com\/avatar\/efcec262923fa6cdb1746d5c7c9fb742?s=96&d=mm&r=g","contentUrl":"https:\/\/secure.gravatar.com\/avatar\/efcec262923fa6cdb1746d5c7c9fb742?s=96&d=mm&r=g","caption":"Ra\u00fal Cazal"},"description":"Escritor, periodista y editor. Presidente del Centro Nacional del Libro desde noviembre de 2018. En febrero de 2019 asume la Direcci\u00f3n General de la Fundaci\u00f3n Editorial El perro y la rana y en agosto es nombrado Viceministro de Fomento para la Econom\u00eda Cultural. Es autor de los libros\u00a0de cuentos El bolero se baila pegadito (1988), Todo tiene su final (1992) y de poes\u00eda Algunas cuestiones sin importancia (1994). Es coautor con Freddy Fern\u00e1ndez del ensayo A qui\u00e9n le importa la opini\u00f3n de un ciego (2006). Gracias, medios de comunicaci\u00f3n (2018) fue merecedor del Premio Nacional de Periodismo en 2019, menci\u00f3n Libro. Actualmente dirige y conduce Las formas del libro.","url":"https:\/\/cenal.gob.ve\/?author=9"}]}},"jetpack_featured_media_url":"https:\/\/cenal.gob.ve\/wp-content\/uploads\/2025\/02\/Estatua-ecuestre-Marco-Aurelio.jpg","jetpack_publicize_connections":[],"jetpack_shortlink":"https:\/\/wp.me\/p5FMhp-6xB","_links":{"self":[{"href":"https:\/\/cenal.gob.ve\/index.php?rest_route=\/wp\/v2\/posts\/25147"}],"collection":[{"href":"https:\/\/cenal.gob.ve\/index.php?rest_route=\/wp\/v2\/posts"}],"about":[{"href":"https:\/\/cenal.gob.ve\/index.php?rest_route=\/wp\/v2\/types\/post"}],"author":[{"embeddable":true,"href":"https:\/\/cenal.gob.ve\/index.php?rest_route=\/wp\/v2\/users\/9"}],"replies":[{"embeddable":true,"href":"https:\/\/cenal.gob.ve\/index.php?rest_route=%2Fwp%2Fv2%2Fcomments&post=25147"}],"version-history":[{"count":1,"href":"https:\/\/cenal.gob.ve\/index.php?rest_route=\/wp\/v2\/posts\/25147\/revisions"}],"predecessor-version":[{"id":25148,"href":"https:\/\/cenal.gob.ve\/index.php?rest_route=\/wp\/v2\/posts\/25147\/revisions\/25148"}],"wp:featuredmedia":[{"embeddable":true,"href":"https:\/\/cenal.gob.ve\/index.php?rest_route=\/wp\/v2\/media\/25145"}],"wp:attachment":[{"href":"https:\/\/cenal.gob.ve\/index.php?rest_route=%2Fwp%2Fv2%2Fmedia&parent=25147"}],"wp:term":[{"taxonomy":"category","embeddable":true,"href":"https:\/\/cenal.gob.ve\/index.php?rest_route=%2Fwp%2Fv2%2Fcategories&post=25147"},{"taxonomy":"post_tag","embeddable":true,"href":"https:\/\/cenal.gob.ve\/index.php?rest_route=%2Fwp%2Fv2%2Ftags&post=25147"}],"curies":[{"name":"wp","href":"https:\/\/api.w.org\/{rel}","templated":true}]}}