{"id":25226,"date":"2025-02-17T17:45:51","date_gmt":"2025-02-17T21:45:51","guid":{"rendered":"https:\/\/cenal.gob.ve\/?p=25226"},"modified":"2025-02-17T17:45:55","modified_gmt":"2025-02-17T21:45:55","slug":"maja-mia-es-un-canto-a-la-resiliencia-en-la-feria-internacional-del-libro-de-la-habana","status":"publish","type":"post","link":"https:\/\/cenal.gob.ve\/?p=25226","title":{"rendered":"\u201cMaja M\u00eda\u201d es un canto a la resiliencia en la Feria Internacional del Libro de La Habana"},"content":{"rendered":"\n<p>\u201cMaja M\u00eda\u201d es el quinto libro publicado por el periodista, escritor y ministro para la Cultura, Ernesto Villegas Poljak, y se present\u00f3 ante el pueblo cubano en la 33\u00b0 Feria Internacional del Libro de La Habana. Se trata de un canto a la resiliencia del autor, a trav\u00e9s del cual retrata la vida de su madre Maja con un brillo de luz propia, como una militante comunista y periodista forjada en las salas de redacci\u00f3n.<\/p>\n\n\n\n<p>Desde el Parque Hist\u00f3rico Militar Morro-Caba\u00f1a, el viceministro de Fomento para la Econom\u00eda Cultural, Ra\u00fal Cazal, present\u00f3 el libro de su amigo. All\u00ed destac\u00f3 que la obra contextualiza el tiempo que le toc\u00f3 a vivir a Maja \u2013y con ella a la humanidad\u2013 por los cr\u00edmenes de la II Guerra Mundial y sus antecedentes croatas, yugoslavos y alemanes, por la migraci\u00f3n de estos \u00faltimos a Venezuela y su participaci\u00f3n con el partido Nazi.<\/p>\n\n\n\n<p>\u201cAunque sorprenda a muchos, uno puede encontrar la historia de los nazis tambi\u00e9n en Venezuela, como una colonia y hasta formando parte del gobierno de turno (Isa\u00edas Medina Angarita, 1936-1941)\u201d, expres\u00f3 Cazal. Para ello, record\u00f3 que Villegas hizo una exhaustiva investigaci\u00f3n en peri\u00f3dicos y libros, impresos y digitales, para retratar una \u00e9poca que cruza con los cumplea\u00f1os de Maja, de sus hermanas y de su abuela Clara\u201d.<\/p>\n\n\n\n<p>Incluso, resalt\u00f3 que Villegas no escatima en poner los escritos de Maja, publicados bajo el seud\u00f3nimo de Mar\u00eda Vera en el semanario \u201cAqu\u00ed Est\u00e1\u201d, \u00f3rgano propagand\u00edstico del Partido Comunista de Venezuela en los a\u00f1os 40. Estos tratan los avances de la Uni\u00f3n Sovi\u00e9tica sobre el fascismo en Europa y los redacta como una cronista que pareciera escribir desde el propio lugar de los hechos, aunque se encontrara en Venezuela.<\/p>\n\n\n\n<figure class=\"wp-block-image\"><img src=\"https:\/\/www.mincultura.gob.ve\/wp-content\/uploads\/2025\/02\/IMG_20250216_102250_926-1024x766.jpg\" alt=\"\" class=\"wp-image-31688\"\/><\/figure>\n\n\n\n<p>\u201c<strong>Maja m\u00eda\u201d trasciende lo individual<\/strong><\/p>\n\n\n\n<p>Con esta obra biogr\u00e1fica \u2013prosigui\u00f3 Cazal\u2013 Villegas confirma que a trav\u00e9s de la vida de su madre los sucesos hist\u00f3ricos que aborda permiten entender mejor el pasado, presente y futuro de la humanidad. \u201cEs fundamental su lectura para quienes hoy vemos un avance del fascismo en ciertas regiones del planeta, para identificarlos, para conocer qu\u00e9 hicieron los fascistas y qu\u00e9 siguen haciendo\u201d, acot\u00f3.<\/p>\n\n\n\n<p>Incluso, un fragmento de la dedicatoria del libro dice: \u201cA las ni\u00f1as y ni\u00f1os v\u00edctimas del holocausto europeo, de la conquista y colonizaci\u00f3n de Am\u00e9rica y \u00c1frica, del genocidio en curso en Palestina\u201d. Es por eso que Maja m\u00eda trasciende lo individual para convertirse en un testimonio universal de resistencia y esperanza.<\/p>\n\n\n\n<p>En cuanto al proceso creativo, Cazal resalt\u00f3 que \u201cVillegas lo disfrut\u00f3 much\u00edsimo, aunque le quit\u00f3 horas de sue\u00f1o, a sus hijos, a su esposa y madrugadas durante un a\u00f1o. Nosotros lo acompa\u00f1amos y vimos c\u00f3mo iba cambiando p\u00e1ginas y entradas, porque para \u00e9l era una revelaci\u00f3n cada vez que encontraba un detalle nuevo y decid\u00eda revisarlo y agregarlo a su obra\u201d.<\/p>\n\n\n\n<p>Meses atr\u00e1s, durante la 20\u00aa Feria Internacional del Libro de Venezuela, Villegas defini\u00f3 el texto como un esfuerzo de reconstrucci\u00f3n hist\u00f3rica sobre la vida de su madre, escrito con ocasi\u00f3n de los 100 a\u00f1os de su nacimiento. \u201cAl leer Maja M\u00eda van a entender mucho m\u00e1s la pasi\u00f3n que siente Ernesto por su madre\u201d, concluy\u00f3 Cazal desde La Habana.<\/p>\n\n\n\n<p><strong>T: Manuel Rodr\u00edguez<\/strong><\/p>\n\n\n\n<p><strong>F: Roiner Ross<\/strong><\/p>\n","protected":false},"excerpt":{"rendered":"<p>\u201cMaja M\u00eda\u201d es el quinto libro publicado por el periodista, escritor y ministro para la Cultura, Ernesto Villegas Poljak, y se present\u00f3 ante el pueblo cubano en la 33\u00b0 Feria [&hellip;]<\/p>\n","protected":false},"author":10,"featured_media":25227,"comment_status":"open","ping_status":"closed","sticky":false,"template":"","format":"standard","meta":{"spay_email":"","jetpack_publicize_message":"","jetpack_is_tweetstorm":false,"jetpack_publicize_feature_enabled":true},"categories":[2,234],"tags":[],"yoast_head":"<!-- This site is optimized with the Yoast SEO plugin v19.8 - https:\/\/yoast.com\/wordpress\/plugins\/seo\/ -->\n<title>\u201cMaja M\u00eda\u201d es un canto a la resiliencia en la Feria Internacional del Libro de La Habana<\/title>\n<meta name=\"robots\" content=\"index, follow, max-snippet:-1, max-image-preview:large, max-video-preview:-1\" \/>\n<link rel=\"canonical\" href=\"https:\/\/cenal.gob.ve\/?p=25226\" \/>\n<meta property=\"og:locale\" content=\"es_ES\" \/>\n<meta property=\"og:type\" content=\"article\" \/>\n<meta property=\"og:title\" content=\"\u201cMaja M\u00eda\u201d es un canto a la resiliencia en la Feria Internacional del Libro de La Habana\" \/>\n<meta property=\"og:description\" content=\"\u201cMaja M\u00eda\u201d es el quinto libro publicado por el periodista, escritor y ministro para la Cultura, Ernesto Villegas Poljak, y se present\u00f3 ante el pueblo cubano en la 33\u00b0 Feria [&hellip;]\" \/>\n<meta property=\"og:url\" content=\"https:\/\/cenal.gob.ve\/?p=25226\" \/>\n<meta property=\"og:site_name\" content=\"Cenal\" \/>\n<meta property=\"article:published_time\" content=\"2025-02-17T21:45:51+00:00\" \/>\n<meta property=\"article:modified_time\" content=\"2025-02-17T21:45:55+00:00\" \/>\n<meta property=\"og:image\" content=\"http:\/\/cenal.gob.ve\/wp-content\/uploads\/2025\/02\/IMG_20250216_101533_720-1024x682-1.jpg\" \/>\n\t<meta property=\"og:image:width\" content=\"1024\" \/>\n\t<meta property=\"og:image:height\" content=\"682\" \/>\n\t<meta property=\"og:image:type\" content=\"image\/jpeg\" \/>\n<meta name=\"author\" content=\"Prensa Cenal\" \/>\n<meta name=\"twitter:card\" content=\"summary_large_image\" \/>\n<meta name=\"twitter:label1\" content=\"Written by\" \/>\n\t<meta name=\"twitter:data1\" content=\"Prensa Cenal\" \/>\n\t<meta name=\"twitter:label2\" content=\"Est. reading time\" \/>\n\t<meta name=\"twitter:data2\" content=\"3 minutos\" \/>\n<script type=\"application\/ld+json\" class=\"yoast-schema-graph\">{\"@context\":\"https:\/\/schema.org\",\"@graph\":[{\"@type\":\"Article\",\"@id\":\"https:\/\/cenal.gob.ve\/?p=25226#article\",\"isPartOf\":{\"@id\":\"https:\/\/cenal.gob.ve\/?p=25226\"},\"author\":{\"name\":\"Prensa Cenal\",\"@id\":\"https:\/\/cenal.gob.ve\/#\/schema\/person\/e3ed34623f400ffab8bc7a63b2f5533f\"},\"headline\":\"\u201cMaja M\u00eda\u201d es un canto a la resiliencia en la Feria Internacional del Libro de La Habana\",\"datePublished\":\"2025-02-17T21:45:51+00:00\",\"dateModified\":\"2025-02-17T21:45:55+00:00\",\"mainEntityOfPage\":{\"@id\":\"https:\/\/cenal.gob.ve\/?p=25226\"},\"wordCount\":592,\"commentCount\":0,\"publisher\":{\"@id\":\"https:\/\/cenal.gob.ve\/#organization\"},\"articleSection\":[\"Cenal\",\"Internacional\"],\"inLanguage\":\"es\",\"potentialAction\":[{\"@type\":\"CommentAction\",\"name\":\"Comment\",\"target\":[\"https:\/\/cenal.gob.ve\/?p=25226#respond\"]}]},{\"@type\":\"WebPage\",\"@id\":\"https:\/\/cenal.gob.ve\/?p=25226\",\"url\":\"https:\/\/cenal.gob.ve\/?p=25226\",\"name\":\"\u201cMaja M\u00eda\u201d es un canto a la resiliencia en la Feria Internacional del Libro de La Habana\",\"isPartOf\":{\"@id\":\"https:\/\/cenal.gob.ve\/#website\"},\"datePublished\":\"2025-02-17T21:45:51+00:00\",\"dateModified\":\"2025-02-17T21:45:55+00:00\",\"breadcrumb\":{\"@id\":\"https:\/\/cenal.gob.ve\/?p=25226#breadcrumb\"},\"inLanguage\":\"es\",\"potentialAction\":[{\"@type\":\"ReadAction\",\"target\":[\"https:\/\/cenal.gob.ve\/?p=25226\"]}]},{\"@type\":\"BreadcrumbList\",\"@id\":\"https:\/\/cenal.gob.ve\/?p=25226#breadcrumb\",\"itemListElement\":[{\"@type\":\"ListItem\",\"position\":1,\"name\":\"Home\",\"item\":\"https:\/\/cenal.gob.ve\/\"},{\"@type\":\"ListItem\",\"position\":2,\"name\":\"\u201cMaja M\u00eda\u201d es un canto a la resiliencia en la Feria Internacional del Libro de La Habana\"}]},{\"@type\":\"WebSite\",\"@id\":\"https:\/\/cenal.gob.ve\/#website\",\"url\":\"https:\/\/cenal.gob.ve\/\",\"name\":\"Cenal\",\"description\":\"\",\"publisher\":{\"@id\":\"https:\/\/cenal.gob.ve\/#organization\"},\"potentialAction\":[{\"@type\":\"SearchAction\",\"target\":{\"@type\":\"EntryPoint\",\"urlTemplate\":\"https:\/\/cenal.gob.ve\/?s={search_term_string}\"},\"query-input\":\"required name=search_term_string\"}],\"inLanguage\":\"es\"},{\"@type\":\"Organization\",\"@id\":\"https:\/\/cenal.gob.ve\/#organization\",\"name\":\"CENAL\",\"url\":\"https:\/\/cenal.gob.ve\/\",\"sameAs\":[],\"logo\":{\"@type\":\"ImageObject\",\"inLanguage\":\"es\",\"@id\":\"https:\/\/cenal.gob.ve\/#\/schema\/logo\/image\/\",\"url\":\"https:\/\/i0.wp.com\/cenal.gob.ve\/wp-content\/uploads\/2022\/10\/cropped-images.jpg?fit=512%2C512\",\"contentUrl\":\"https:\/\/i0.wp.com\/cenal.gob.ve\/wp-content\/uploads\/2022\/10\/cropped-images.jpg?fit=512%2C512\",\"width\":512,\"height\":512,\"caption\":\"CENAL\"},\"image\":{\"@id\":\"https:\/\/cenal.gob.ve\/#\/schema\/logo\/image\/\"}},{\"@type\":\"Person\",\"@id\":\"https:\/\/cenal.gob.ve\/#\/schema\/person\/e3ed34623f400ffab8bc7a63b2f5533f\",\"name\":\"Prensa Cenal\",\"image\":{\"@type\":\"ImageObject\",\"inLanguage\":\"es\",\"@id\":\"https:\/\/cenal.gob.ve\/#\/schema\/person\/image\/\",\"url\":\"https:\/\/secure.gravatar.com\/avatar\/594b4ed34090910c619ac3679001d491?s=96&d=mm&r=g\",\"contentUrl\":\"https:\/\/secure.gravatar.com\/avatar\/594b4ed34090910c619ac3679001d491?s=96&d=mm&r=g\",\"caption\":\"Prensa Cenal\"},\"url\":\"https:\/\/cenal.gob.ve\/?author=10\"}]}<\/script>\n<!-- \/ Yoast SEO plugin. -->","yoast_head_json":{"title":"\u201cMaja M\u00eda\u201d es un canto a la resiliencia en la Feria Internacional del Libro de La Habana","robots":{"index":"index","follow":"follow","max-snippet":"max-snippet:-1","max-image-preview":"max-image-preview:large","max-video-preview":"max-video-preview:-1"},"canonical":"https:\/\/cenal.gob.ve\/?p=25226","og_locale":"es_ES","og_type":"article","og_title":"\u201cMaja M\u00eda\u201d es un canto a la resiliencia en la Feria Internacional del Libro de La Habana","og_description":"\u201cMaja M\u00eda\u201d es el quinto libro publicado por el periodista, escritor y ministro para la Cultura, Ernesto Villegas Poljak, y se present\u00f3 ante el pueblo cubano en la 33\u00b0 Feria [&hellip;]","og_url":"https:\/\/cenal.gob.ve\/?p=25226","og_site_name":"Cenal","article_published_time":"2025-02-17T21:45:51+00:00","article_modified_time":"2025-02-17T21:45:55+00:00","og_image":[{"width":1024,"height":682,"url":"http:\/\/cenal.gob.ve\/wp-content\/uploads\/2025\/02\/IMG_20250216_101533_720-1024x682-1.jpg","type":"image\/jpeg"}],"author":"Prensa Cenal","twitter_card":"summary_large_image","twitter_misc":{"Written by":"Prensa Cenal","Est. reading time":"3 minutos"},"schema":{"@context":"https:\/\/schema.org","@graph":[{"@type":"Article","@id":"https:\/\/cenal.gob.ve\/?p=25226#article","isPartOf":{"@id":"https:\/\/cenal.gob.ve\/?p=25226"},"author":{"name":"Prensa Cenal","@id":"https:\/\/cenal.gob.ve\/#\/schema\/person\/e3ed34623f400ffab8bc7a63b2f5533f"},"headline":"\u201cMaja M\u00eda\u201d es un canto a la resiliencia en la Feria Internacional del Libro de La Habana","datePublished":"2025-02-17T21:45:51+00:00","dateModified":"2025-02-17T21:45:55+00:00","mainEntityOfPage":{"@id":"https:\/\/cenal.gob.ve\/?p=25226"},"wordCount":592,"commentCount":0,"publisher":{"@id":"https:\/\/cenal.gob.ve\/#organization"},"articleSection":["Cenal","Internacional"],"inLanguage":"es","potentialAction":[{"@type":"CommentAction","name":"Comment","target":["https:\/\/cenal.gob.ve\/?p=25226#respond"]}]},{"@type":"WebPage","@id":"https:\/\/cenal.gob.ve\/?p=25226","url":"https:\/\/cenal.gob.ve\/?p=25226","name":"\u201cMaja M\u00eda\u201d es un canto a la resiliencia en la Feria Internacional del Libro de La Habana","isPartOf":{"@id":"https:\/\/cenal.gob.ve\/#website"},"datePublished":"2025-02-17T21:45:51+00:00","dateModified":"2025-02-17T21:45:55+00:00","breadcrumb":{"@id":"https:\/\/cenal.gob.ve\/?p=25226#breadcrumb"},"inLanguage":"es","potentialAction":[{"@type":"ReadAction","target":["https:\/\/cenal.gob.ve\/?p=25226"]}]},{"@type":"BreadcrumbList","@id":"https:\/\/cenal.gob.ve\/?p=25226#breadcrumb","itemListElement":[{"@type":"ListItem","position":1,"name":"Home","item":"https:\/\/cenal.gob.ve\/"},{"@type":"ListItem","position":2,"name":"\u201cMaja M\u00eda\u201d es un canto a la resiliencia en la Feria Internacional del Libro de La Habana"}]},{"@type":"WebSite","@id":"https:\/\/cenal.gob.ve\/#website","url":"https:\/\/cenal.gob.ve\/","name":"Cenal","description":"","publisher":{"@id":"https:\/\/cenal.gob.ve\/#organization"},"potentialAction":[{"@type":"SearchAction","target":{"@type":"EntryPoint","urlTemplate":"https:\/\/cenal.gob.ve\/?s={search_term_string}"},"query-input":"required name=search_term_string"}],"inLanguage":"es"},{"@type":"Organization","@id":"https:\/\/cenal.gob.ve\/#organization","name":"CENAL","url":"https:\/\/cenal.gob.ve\/","sameAs":[],"logo":{"@type":"ImageObject","inLanguage":"es","@id":"https:\/\/cenal.gob.ve\/#\/schema\/logo\/image\/","url":"https:\/\/i0.wp.com\/cenal.gob.ve\/wp-content\/uploads\/2022\/10\/cropped-images.jpg?fit=512%2C512","contentUrl":"https:\/\/i0.wp.com\/cenal.gob.ve\/wp-content\/uploads\/2022\/10\/cropped-images.jpg?fit=512%2C512","width":512,"height":512,"caption":"CENAL"},"image":{"@id":"https:\/\/cenal.gob.ve\/#\/schema\/logo\/image\/"}},{"@type":"Person","@id":"https:\/\/cenal.gob.ve\/#\/schema\/person\/e3ed34623f400ffab8bc7a63b2f5533f","name":"Prensa Cenal","image":{"@type":"ImageObject","inLanguage":"es","@id":"https:\/\/cenal.gob.ve\/#\/schema\/person\/image\/","url":"https:\/\/secure.gravatar.com\/avatar\/594b4ed34090910c619ac3679001d491?s=96&d=mm&r=g","contentUrl":"https:\/\/secure.gravatar.com\/avatar\/594b4ed34090910c619ac3679001d491?s=96&d=mm&r=g","caption":"Prensa Cenal"},"url":"https:\/\/cenal.gob.ve\/?author=10"}]}},"jetpack_featured_media_url":"https:\/\/cenal.gob.ve\/wp-content\/uploads\/2025\/02\/IMG_20250216_101533_720-1024x682-1.jpg","jetpack_publicize_connections":[],"jetpack_shortlink":"https:\/\/wp.me\/p5FMhp-6yS","_links":{"self":[{"href":"https:\/\/cenal.gob.ve\/index.php?rest_route=\/wp\/v2\/posts\/25226"}],"collection":[{"href":"https:\/\/cenal.gob.ve\/index.php?rest_route=\/wp\/v2\/posts"}],"about":[{"href":"https:\/\/cenal.gob.ve\/index.php?rest_route=\/wp\/v2\/types\/post"}],"author":[{"embeddable":true,"href":"https:\/\/cenal.gob.ve\/index.php?rest_route=\/wp\/v2\/users\/10"}],"replies":[{"embeddable":true,"href":"https:\/\/cenal.gob.ve\/index.php?rest_route=%2Fwp%2Fv2%2Fcomments&post=25226"}],"version-history":[{"count":1,"href":"https:\/\/cenal.gob.ve\/index.php?rest_route=\/wp\/v2\/posts\/25226\/revisions"}],"predecessor-version":[{"id":25228,"href":"https:\/\/cenal.gob.ve\/index.php?rest_route=\/wp\/v2\/posts\/25226\/revisions\/25228"}],"wp:featuredmedia":[{"embeddable":true,"href":"https:\/\/cenal.gob.ve\/index.php?rest_route=\/wp\/v2\/media\/25227"}],"wp:attachment":[{"href":"https:\/\/cenal.gob.ve\/index.php?rest_route=%2Fwp%2Fv2%2Fmedia&parent=25226"}],"wp:term":[{"taxonomy":"category","embeddable":true,"href":"https:\/\/cenal.gob.ve\/index.php?rest_route=%2Fwp%2Fv2%2Fcategories&post=25226"},{"taxonomy":"post_tag","embeddable":true,"href":"https:\/\/cenal.gob.ve\/index.php?rest_route=%2Fwp%2Fv2%2Ftags&post=25226"}],"curies":[{"name":"wp","href":"https:\/\/api.w.org\/{rel}","templated":true}]}}