{"id":25229,"date":"2025-02-17T17:49:11","date_gmt":"2025-02-17T21:49:11","guid":{"rendered":"https:\/\/cenal.gob.ve\/?p=25229"},"modified":"2025-02-17T17:49:14","modified_gmt":"2025-02-17T21:49:14","slug":"el-libro-la-lectura-y-marx-como-precursores-del-concepto-de-inteligencia-artificial","status":"publish","type":"post","link":"https:\/\/cenal.gob.ve\/?p=25229","title":{"rendered":"El libro, la lectura y Marx como precursores del concepto de inteligencia artificial"},"content":{"rendered":"\n<p><strong>&nbsp;<\/strong>Existe la creencia de ver la inteligencia artificial como un concepto novedoso y contempor\u00e1neo, pero su origen se viene materializando desde hace siglos. Desde tiempos romanos, pasando por la creaci\u00f3n de la imprenta y el legado de Karl Marx, todo se conecta. Esta analog\u00eda la explic\u00f3 el viceministro de Fomento para la Econom\u00eda Cultural, Ra\u00fal Cazal, durante la 33\u00b0 Feria Internacional del Libro de La Habana.<\/p>\n\n\n\n<p>\u201cEl libro y la lectura en tiempos de inteligencia artificial\u201d se llam\u00f3 la conferencia en la que explic\u00f3 c\u00f3mo la inteligencia artificial nace \u2013en gran parte\u2013 gracias al proceso de alfabetizaci\u00f3n digital. Y, esa alfabetizaci\u00f3n digital ha sido posible gracias al c\u00famulo de conocimientos que los seres humanos han imprimido en libros durante siglos.<\/p>\n\n\n\n<figure class=\"wp-block-image\"><img src=\"https:\/\/www.mincultura.gob.ve\/wp-content\/uploads\/2025\/02\/IMG_20250216_101349_131-1024x682.jpg\" alt=\"\" class=\"wp-image-31687\"\/><\/figure>\n\n\n\n<p>\u201cNoam Chomsky dijo recientemente que Chat GPT \u2013la inteligencia artificial\u2013 es una tecnolog\u00eda avanzada de plagio, porque hoy los algoritmos han logrado un nivel de sofisticaci\u00f3n que aglutinan millones de ideas, frases y argumentos y los vuelcan en un texto sin necesidad de decir de qui\u00e9nes son\u201d, precis\u00f3 Cazal.<\/p>\n\n\n\n<p>Pero, \u00bfc\u00f3mo es posible que hagan eso? Porque todo est\u00e1 digitalizado y disponible en Internet para las empresas de algoritmos. \u201cAunque pareciera nuevo, ya en el siglo IV el estadista romano S\u00edmaco advert\u00eda al poeta Ausonio que \u201cuna vez que se ha publicado un discurso, le pertenece a todo el mundo\u201d.<\/p>\n\n\n\n<p>El detalle \u2013explic\u00f3 Cazal\u2013 es que en aquella \u00e9poca el conocimiento no se esparc\u00eda tan r\u00e1pido. Esto fue cambiando a partir del siglo XV con la aparici\u00f3n de la imprenta de Gutenberg y paulatinamente se fue mecanizando en distintos tipos de textos escritos.<\/p>\n\n\n\n<p>Incluso, ese concepto lo abord\u00f3 Karl Marx en el Tomo 1, Cap\u00edtulo 13 de su obra El Capital, refiri\u00e9ndose a la mecanizaci\u00f3n de la producci\u00f3n. \u201cMarx siempre estuvo atento al tema de la mecanizaci\u00f3n, de todo lo que acelerara la producci\u00f3n. Hoy tenemos una aceleraci\u00f3n vertiginosa del conocimiento, porque la gente se ha volcado a poner sus conocimientos en Internet\u201d, expres\u00f3.<\/p>\n\n\n\n<p>\u201cEntonces, no olvidemos que hoy tenemos inteligencia artificial gracias a la escritura y la lectura. Si durante siglos no hubi\u00e9ramos volcado nuestros conocimientos en textos y libros, no habr\u00edamos podido crearla ni tampoco estar\u00eda al alcance de todos\u201d, detall\u00f3.<\/p>\n\n\n\n<figure class=\"wp-block-image\"><img src=\"https:\/\/www.mincultura.gob.ve\/wp-content\/uploads\/2025\/02\/IMG_20250216_101403_364-1024x682.jpg\" alt=\"\" class=\"wp-image-31686\"\/><\/figure>\n\n\n\n<p><strong>No es un acto de magia<\/strong><\/p>\n\n\n\n<p>Cazal lamenta que muchos vean la inteligencia artificial como un acto m\u00e1gico, ya que son los seres humanos y su conocimiento quienes crean estos programas inform\u00e1ticos. \u201cNo tiene nada de magia. Todo tiene que ver con una cantidad de operaciones matem\u00e1ticas, l\u00f3gicas y de razonamiento que agrupan conceptos, argumentos e identidades previamente escritos y digitalizados por nosotros, los hombres y mujeres\u201d.<\/p>\n\n\n\n<p>Sin embargo, advirti\u00f3 tambi\u00e9n que estas empresas de algoritmos se basan en conceptos que reproducen el pensamiento hegem\u00f3nico de la \u00e9poca, el ideario de las \u00e9lites econ\u00f3micas. Por eso, invit\u00f3 a trabajar desde la izquierda en el aprovechamiento de esta herramienta que busca contrarrestar el pensamiento liberador y socialista.<\/p>\n\n\n\n<p>\u201cNo podemos negarnos a los cambios, debemos trabajar y lograr un mayor bienestar para la humanidad. Sin embargo, en este proceso la lectura debe ser parte del debate, porque las grandes ideas no llegan m\u00e1gicamente, est\u00e1n enlazadas con el todo el conocimiento que hemos recogido en nuestras vidas\u201d, puntualiz\u00f3.<\/p>\n\n\n\n<p>Por \u00faltimo, Cazal enfatiz\u00f3 que quienes quieran plagiar, pueden utilizar la inteligencia artificial sin sentido cr\u00edtico, pero las ideas expresadas no ser\u00e1n producto \u201cde la creatividad y de la experiencia que nos puede dar la vida, observarla y entenderla, para dar una explicaci\u00f3n de qu\u00e9 estamos viviendo, c\u00f3mo y para qu\u00e9\u201d.<\/p>\n\n\n\n<p>La 33\u00b0 Feria Internacional del Libro de La Habana tiene a la Rep\u00fablica de Sud\u00e1frica como invitado de honor y su tem\u00e1tica es \u201cTodo un pa\u00eds en libros\u201d, en atenci\u00f3n al aniversario 25 de la creaci\u00f3n del Sistema de Ediciones Territoriales, y se dedica al 130 Aniversario de la Ca\u00edda en Combate del H\u00e9roe Nacional de Cuba, Jos\u00e9 Mart\u00ed.<\/p>\n\n\n\n<p><strong>T:Manuel<\/strong><em>&nbsp;<\/em><strong>Rodr\u00edguez<\/strong><\/p>\n\n\n\n<p><strong>F:Roiner Ross<\/strong><\/p>\n","protected":false},"excerpt":{"rendered":"<p>&nbsp;Existe la creencia de ver la inteligencia artificial como un concepto novedoso y contempor\u00e1neo, pero su origen se viene materializando desde hace siglos. Desde tiempos romanos, pasando por la creaci\u00f3n [&hellip;]<\/p>\n","protected":false},"author":10,"featured_media":25230,"comment_status":"open","ping_status":"closed","sticky":false,"template":"","format":"standard","meta":{"spay_email":"","jetpack_publicize_message":"","jetpack_is_tweetstorm":false,"jetpack_publicize_feature_enabled":true},"categories":[2,234],"tags":[],"yoast_head":"<!-- This site is optimized with the Yoast SEO plugin v19.8 - https:\/\/yoast.com\/wordpress\/plugins\/seo\/ -->\n<title>El libro, la lectura y Marx como precursores del concepto de inteligencia artificial<\/title>\n<meta name=\"robots\" content=\"index, follow, max-snippet:-1, max-image-preview:large, max-video-preview:-1\" \/>\n<link rel=\"canonical\" href=\"https:\/\/cenal.gob.ve\/?p=25229\" \/>\n<meta property=\"og:locale\" content=\"es_ES\" \/>\n<meta property=\"og:type\" content=\"article\" \/>\n<meta property=\"og:title\" content=\"El libro, la lectura y Marx como precursores del concepto de inteligencia artificial\" \/>\n<meta property=\"og:description\" content=\"&nbsp;Existe la creencia de ver la inteligencia artificial como un concepto novedoso y contempor\u00e1neo, pero su origen se viene materializando desde hace siglos. Desde tiempos romanos, pasando por la creaci\u00f3n [&hellip;]\" \/>\n<meta property=\"og:url\" content=\"https:\/\/cenal.gob.ve\/?p=25229\" \/>\n<meta property=\"og:site_name\" content=\"Cenal\" \/>\n<meta property=\"article:published_time\" content=\"2025-02-17T21:49:11+00:00\" \/>\n<meta property=\"article:modified_time\" content=\"2025-02-17T21:49:14+00:00\" \/>\n<meta property=\"og:image\" content=\"http:\/\/cenal.gob.ve\/wp-content\/uploads\/2025\/02\/IMG_20250216_101408_335-1024x682-1.jpg\" \/>\n\t<meta property=\"og:image:width\" content=\"1024\" \/>\n\t<meta property=\"og:image:height\" content=\"682\" \/>\n\t<meta property=\"og:image:type\" content=\"image\/jpeg\" \/>\n<meta name=\"author\" content=\"Prensa Cenal\" \/>\n<meta name=\"twitter:card\" content=\"summary_large_image\" \/>\n<meta name=\"twitter:label1\" content=\"Written by\" \/>\n\t<meta name=\"twitter:data1\" content=\"Prensa Cenal\" \/>\n\t<meta name=\"twitter:label2\" content=\"Est. reading time\" \/>\n\t<meta name=\"twitter:data2\" content=\"4 minutos\" \/>\n<script type=\"application\/ld+json\" class=\"yoast-schema-graph\">{\"@context\":\"https:\/\/schema.org\",\"@graph\":[{\"@type\":\"Article\",\"@id\":\"https:\/\/cenal.gob.ve\/?p=25229#article\",\"isPartOf\":{\"@id\":\"https:\/\/cenal.gob.ve\/?p=25229\"},\"author\":{\"name\":\"Prensa Cenal\",\"@id\":\"https:\/\/cenal.gob.ve\/#\/schema\/person\/e3ed34623f400ffab8bc7a63b2f5533f\"},\"headline\":\"El libro, la lectura y Marx como precursores del concepto de inteligencia artificial\",\"datePublished\":\"2025-02-17T21:49:11+00:00\",\"dateModified\":\"2025-02-17T21:49:14+00:00\",\"mainEntityOfPage\":{\"@id\":\"https:\/\/cenal.gob.ve\/?p=25229\"},\"wordCount\":703,\"commentCount\":0,\"publisher\":{\"@id\":\"https:\/\/cenal.gob.ve\/#organization\"},\"articleSection\":[\"Cenal\",\"Internacional\"],\"inLanguage\":\"es\",\"potentialAction\":[{\"@type\":\"CommentAction\",\"name\":\"Comment\",\"target\":[\"https:\/\/cenal.gob.ve\/?p=25229#respond\"]}]},{\"@type\":\"WebPage\",\"@id\":\"https:\/\/cenal.gob.ve\/?p=25229\",\"url\":\"https:\/\/cenal.gob.ve\/?p=25229\",\"name\":\"El libro, la lectura y Marx como precursores del concepto de inteligencia artificial\",\"isPartOf\":{\"@id\":\"https:\/\/cenal.gob.ve\/#website\"},\"datePublished\":\"2025-02-17T21:49:11+00:00\",\"dateModified\":\"2025-02-17T21:49:14+00:00\",\"breadcrumb\":{\"@id\":\"https:\/\/cenal.gob.ve\/?p=25229#breadcrumb\"},\"inLanguage\":\"es\",\"potentialAction\":[{\"@type\":\"ReadAction\",\"target\":[\"https:\/\/cenal.gob.ve\/?p=25229\"]}]},{\"@type\":\"BreadcrumbList\",\"@id\":\"https:\/\/cenal.gob.ve\/?p=25229#breadcrumb\",\"itemListElement\":[{\"@type\":\"ListItem\",\"position\":1,\"name\":\"Home\",\"item\":\"https:\/\/cenal.gob.ve\/\"},{\"@type\":\"ListItem\",\"position\":2,\"name\":\"El libro, la lectura y Marx como precursores del concepto de inteligencia artificial\"}]},{\"@type\":\"WebSite\",\"@id\":\"https:\/\/cenal.gob.ve\/#website\",\"url\":\"https:\/\/cenal.gob.ve\/\",\"name\":\"Cenal\",\"description\":\"\",\"publisher\":{\"@id\":\"https:\/\/cenal.gob.ve\/#organization\"},\"potentialAction\":[{\"@type\":\"SearchAction\",\"target\":{\"@type\":\"EntryPoint\",\"urlTemplate\":\"https:\/\/cenal.gob.ve\/?s={search_term_string}\"},\"query-input\":\"required name=search_term_string\"}],\"inLanguage\":\"es\"},{\"@type\":\"Organization\",\"@id\":\"https:\/\/cenal.gob.ve\/#organization\",\"name\":\"CENAL\",\"url\":\"https:\/\/cenal.gob.ve\/\",\"sameAs\":[],\"logo\":{\"@type\":\"ImageObject\",\"inLanguage\":\"es\",\"@id\":\"https:\/\/cenal.gob.ve\/#\/schema\/logo\/image\/\",\"url\":\"https:\/\/i0.wp.com\/cenal.gob.ve\/wp-content\/uploads\/2022\/10\/cropped-images.jpg?fit=512%2C512\",\"contentUrl\":\"https:\/\/i0.wp.com\/cenal.gob.ve\/wp-content\/uploads\/2022\/10\/cropped-images.jpg?fit=512%2C512\",\"width\":512,\"height\":512,\"caption\":\"CENAL\"},\"image\":{\"@id\":\"https:\/\/cenal.gob.ve\/#\/schema\/logo\/image\/\"}},{\"@type\":\"Person\",\"@id\":\"https:\/\/cenal.gob.ve\/#\/schema\/person\/e3ed34623f400ffab8bc7a63b2f5533f\",\"name\":\"Prensa Cenal\",\"image\":{\"@type\":\"ImageObject\",\"inLanguage\":\"es\",\"@id\":\"https:\/\/cenal.gob.ve\/#\/schema\/person\/image\/\",\"url\":\"https:\/\/secure.gravatar.com\/avatar\/594b4ed34090910c619ac3679001d491?s=96&d=mm&r=g\",\"contentUrl\":\"https:\/\/secure.gravatar.com\/avatar\/594b4ed34090910c619ac3679001d491?s=96&d=mm&r=g\",\"caption\":\"Prensa Cenal\"},\"url\":\"https:\/\/cenal.gob.ve\/?author=10\"}]}<\/script>\n<!-- \/ Yoast SEO plugin. -->","yoast_head_json":{"title":"El libro, la lectura y Marx como precursores del concepto de inteligencia artificial","robots":{"index":"index","follow":"follow","max-snippet":"max-snippet:-1","max-image-preview":"max-image-preview:large","max-video-preview":"max-video-preview:-1"},"canonical":"https:\/\/cenal.gob.ve\/?p=25229","og_locale":"es_ES","og_type":"article","og_title":"El libro, la lectura y Marx como precursores del concepto de inteligencia artificial","og_description":"&nbsp;Existe la creencia de ver la inteligencia artificial como un concepto novedoso y contempor\u00e1neo, pero su origen se viene materializando desde hace siglos. Desde tiempos romanos, pasando por la creaci\u00f3n [&hellip;]","og_url":"https:\/\/cenal.gob.ve\/?p=25229","og_site_name":"Cenal","article_published_time":"2025-02-17T21:49:11+00:00","article_modified_time":"2025-02-17T21:49:14+00:00","og_image":[{"width":1024,"height":682,"url":"http:\/\/cenal.gob.ve\/wp-content\/uploads\/2025\/02\/IMG_20250216_101408_335-1024x682-1.jpg","type":"image\/jpeg"}],"author":"Prensa Cenal","twitter_card":"summary_large_image","twitter_misc":{"Written by":"Prensa Cenal","Est. reading time":"4 minutos"},"schema":{"@context":"https:\/\/schema.org","@graph":[{"@type":"Article","@id":"https:\/\/cenal.gob.ve\/?p=25229#article","isPartOf":{"@id":"https:\/\/cenal.gob.ve\/?p=25229"},"author":{"name":"Prensa Cenal","@id":"https:\/\/cenal.gob.ve\/#\/schema\/person\/e3ed34623f400ffab8bc7a63b2f5533f"},"headline":"El libro, la lectura y Marx como precursores del concepto de inteligencia artificial","datePublished":"2025-02-17T21:49:11+00:00","dateModified":"2025-02-17T21:49:14+00:00","mainEntityOfPage":{"@id":"https:\/\/cenal.gob.ve\/?p=25229"},"wordCount":703,"commentCount":0,"publisher":{"@id":"https:\/\/cenal.gob.ve\/#organization"},"articleSection":["Cenal","Internacional"],"inLanguage":"es","potentialAction":[{"@type":"CommentAction","name":"Comment","target":["https:\/\/cenal.gob.ve\/?p=25229#respond"]}]},{"@type":"WebPage","@id":"https:\/\/cenal.gob.ve\/?p=25229","url":"https:\/\/cenal.gob.ve\/?p=25229","name":"El libro, la lectura y Marx como precursores del concepto de inteligencia artificial","isPartOf":{"@id":"https:\/\/cenal.gob.ve\/#website"},"datePublished":"2025-02-17T21:49:11+00:00","dateModified":"2025-02-17T21:49:14+00:00","breadcrumb":{"@id":"https:\/\/cenal.gob.ve\/?p=25229#breadcrumb"},"inLanguage":"es","potentialAction":[{"@type":"ReadAction","target":["https:\/\/cenal.gob.ve\/?p=25229"]}]},{"@type":"BreadcrumbList","@id":"https:\/\/cenal.gob.ve\/?p=25229#breadcrumb","itemListElement":[{"@type":"ListItem","position":1,"name":"Home","item":"https:\/\/cenal.gob.ve\/"},{"@type":"ListItem","position":2,"name":"El libro, la lectura y Marx como precursores del concepto de inteligencia artificial"}]},{"@type":"WebSite","@id":"https:\/\/cenal.gob.ve\/#website","url":"https:\/\/cenal.gob.ve\/","name":"Cenal","description":"","publisher":{"@id":"https:\/\/cenal.gob.ve\/#organization"},"potentialAction":[{"@type":"SearchAction","target":{"@type":"EntryPoint","urlTemplate":"https:\/\/cenal.gob.ve\/?s={search_term_string}"},"query-input":"required name=search_term_string"}],"inLanguage":"es"},{"@type":"Organization","@id":"https:\/\/cenal.gob.ve\/#organization","name":"CENAL","url":"https:\/\/cenal.gob.ve\/","sameAs":[],"logo":{"@type":"ImageObject","inLanguage":"es","@id":"https:\/\/cenal.gob.ve\/#\/schema\/logo\/image\/","url":"https:\/\/i0.wp.com\/cenal.gob.ve\/wp-content\/uploads\/2022\/10\/cropped-images.jpg?fit=512%2C512","contentUrl":"https:\/\/i0.wp.com\/cenal.gob.ve\/wp-content\/uploads\/2022\/10\/cropped-images.jpg?fit=512%2C512","width":512,"height":512,"caption":"CENAL"},"image":{"@id":"https:\/\/cenal.gob.ve\/#\/schema\/logo\/image\/"}},{"@type":"Person","@id":"https:\/\/cenal.gob.ve\/#\/schema\/person\/e3ed34623f400ffab8bc7a63b2f5533f","name":"Prensa Cenal","image":{"@type":"ImageObject","inLanguage":"es","@id":"https:\/\/cenal.gob.ve\/#\/schema\/person\/image\/","url":"https:\/\/secure.gravatar.com\/avatar\/594b4ed34090910c619ac3679001d491?s=96&d=mm&r=g","contentUrl":"https:\/\/secure.gravatar.com\/avatar\/594b4ed34090910c619ac3679001d491?s=96&d=mm&r=g","caption":"Prensa Cenal"},"url":"https:\/\/cenal.gob.ve\/?author=10"}]}},"jetpack_featured_media_url":"https:\/\/cenal.gob.ve\/wp-content\/uploads\/2025\/02\/IMG_20250216_101408_335-1024x682-1.jpg","jetpack_publicize_connections":[],"jetpack_shortlink":"https:\/\/wp.me\/p5FMhp-6yV","_links":{"self":[{"href":"https:\/\/cenal.gob.ve\/index.php?rest_route=\/wp\/v2\/posts\/25229"}],"collection":[{"href":"https:\/\/cenal.gob.ve\/index.php?rest_route=\/wp\/v2\/posts"}],"about":[{"href":"https:\/\/cenal.gob.ve\/index.php?rest_route=\/wp\/v2\/types\/post"}],"author":[{"embeddable":true,"href":"https:\/\/cenal.gob.ve\/index.php?rest_route=\/wp\/v2\/users\/10"}],"replies":[{"embeddable":true,"href":"https:\/\/cenal.gob.ve\/index.php?rest_route=%2Fwp%2Fv2%2Fcomments&post=25229"}],"version-history":[{"count":1,"href":"https:\/\/cenal.gob.ve\/index.php?rest_route=\/wp\/v2\/posts\/25229\/revisions"}],"predecessor-version":[{"id":25231,"href":"https:\/\/cenal.gob.ve\/index.php?rest_route=\/wp\/v2\/posts\/25229\/revisions\/25231"}],"wp:featuredmedia":[{"embeddable":true,"href":"https:\/\/cenal.gob.ve\/index.php?rest_route=\/wp\/v2\/media\/25230"}],"wp:attachment":[{"href":"https:\/\/cenal.gob.ve\/index.php?rest_route=%2Fwp%2Fv2%2Fmedia&parent=25229"}],"wp:term":[{"taxonomy":"category","embeddable":true,"href":"https:\/\/cenal.gob.ve\/index.php?rest_route=%2Fwp%2Fv2%2Fcategories&post=25229"},{"taxonomy":"post_tag","embeddable":true,"href":"https:\/\/cenal.gob.ve\/index.php?rest_route=%2Fwp%2Fv2%2Ftags&post=25229"}],"curies":[{"name":"wp","href":"https:\/\/api.w.org\/{rel}","templated":true}]}}