{"id":25268,"date":"2025-02-19T15:33:33","date_gmt":"2025-02-19T19:33:33","guid":{"rendered":"https:\/\/cenal.gob.ve\/?p=25268"},"modified":"2025-02-19T17:43:50","modified_gmt":"2025-02-19T21:43:50","slug":"hugo-chavez-el-candidato-del-pueblo-revela-detalles-de-su-ascenso-a-la-inmortalidad","status":"publish","type":"post","link":"https:\/\/cenal.gob.ve\/?p=25268","title":{"rendered":"\u201cHugo Ch\u00e1vez, el candidato del pueblo\u201d revela detalles de su ascenso a la inmortalidad"},"content":{"rendered":"\n<p>A semanas de cumplirse 12 a\u00f1os de su siembra, una vez m\u00e1s el esp\u00edritu del Comandante Ch\u00e1vez ilumin\u00f3 el pensamiento del pueblo cubano. Durante la presentaci\u00f3n del libro \u201cHugo Ch\u00e1vez, el candidato del pueblo\u201d, en la 33\u00b0 Feria Internacional del Libro de La Habana, el texto describe detalles de c\u00f3mo forj\u00f3 su pensamiento y sus ideas trascendieron hasta la inmortalidad.<\/p>\n\n\n\n<p>Esta obra recopila ocho discursos de Ch\u00e1vez \u201cque reflejan su l\u00ednea de pensamiento, su mensaje permanente a la juventud. Porque si no logramos la formaci\u00f3n integral de la juventud, correremos siempre enormes peligros\u201d, resalt\u00f3 Ad\u00e1n Ch\u00e1vez, embajador de Venezuela en Cuba y presidente del Instituto de Altos Estudios del Pensamiento del Comandante Hugo Rafael Ch\u00e1vez Fr\u00edas.<\/p>\n\n\n\n<figure class=\"wp-block-image\"><img src=\"https:\/\/www.mincultura.gob.ve\/wp-content\/uploads\/2025\/02\/El-candidato-del-pueblo-7-1024x682.jpg\" alt=\"\" class=\"wp-image-31931\"\/><\/figure>\n\n\n\n<p>En sus palabras, record\u00f3 la importancia de haber tomado el camino electoral a finales de la d\u00e9cada de 1990. \u201cFueron meses de intensos debates que nos dejaron dos corrientes de ideas: la primera propon\u00eda una revoluci\u00f3n por la fuerza, por la lucha armada. Y la segunda defend\u00eda la necesidad de probar por la v\u00eda pac\u00edfica y democr\u00e1tica, a trav\u00e9s de elecciones. Elegimos tomar la segunda, pero fue el comandante Ch\u00e1vez quien nos convenci\u00f3 de hacerlo\u201d.<\/p>\n\n\n\n<p>En ese sentido, asegur\u00f3 que esa decisi\u00f3n signific\u00f3 una gran alegr\u00eda en la mayor\u00eda del pueblo y una gran preocupaci\u00f3n en la oligarqu\u00eda. \u201cPor eso comenzaron los ataques contra el comandante y el sentir popular. Pero, mientras m\u00e1s lo atacaban, m\u00e1s crec\u00eda su popularidad y el apoyo a su proyecto bolivariano y revolucionario\u201d.<\/p>\n\n\n\n<p>Asimismo, resalt\u00f3 las ideas, el pensamiento y el legado de Ch\u00e1vez es la base fundamental para \u201cseguir acumulando victorias electorales y lo que nos permitir\u00e1 seguir construyendo nuestro socialismo bolivariano en paz. Hagan lo que hagan el imperialismo y sus aliados, no podr\u00e1n echar atr\u00e1s lo logrado en este mundo pluripolar y multic\u00e9ntrico que debemos a Ch\u00e1vez y a Fidel\u201d.<\/p>\n\n\n\n<figure class=\"wp-block-image\"><img src=\"https:\/\/www.mincultura.gob.ve\/wp-content\/uploads\/2025\/02\/El-candidato-del-pueblo-6-1024x682.jpg\" alt=\"\" class=\"wp-image-31930\"\/><\/figure>\n\n\n\n<p><strong>El triunfo definitivo<\/strong><\/p>\n\n\n\n<p>El acad\u00e9mico y diplom\u00e1tico cubano Germ\u00e1n S\u00e1nchez Otero tambi\u00e9n particip\u00f3 en la actividad y record\u00f3 las m\u00faltiples charlas que sostuvo con Ch\u00e1vez cuando estaba a cargo de la embajada de Cuba en Caracas, precisamente en los a\u00f1os 90. \u201cEl hecho de que un militar, un golpista se presentara elecciones tuvo un tremendo impacto en la sociedad venezolana\u201d.<\/p>\n\n\n\n<p>S\u00e1nchez Otero rememor\u00f3 c\u00f3mo en apenas seis meses el apoyo popular a Ch\u00e1vez se increment\u00f3 incontrolablemente, a pesar de los ataques en su contra, solo con la fuerza de sus ideas. \u201cEl fen\u00f3meno Ch\u00e1vez lo llamaron. Y as\u00ed gan\u00f3 las elecciones (\u2026) con su humor, su genio pol\u00edtico, sus explicaciones, su encanto\u201d.<\/p>\n\n\n\n<p>Una vez obtuvo la victoria, en su primer discurso de Ch\u00e1vez como presidente electo ante su pueblo comenz\u00f3 clamando \u201cQu\u00e9 grande es el pueblo de Bol\u00edvar\u201d. \u00abY esto no est\u00e1 en el discurso que aparece en el libro, pero yo lo recuerdo porque estuve all\u00ed, el pueblo lo respald\u00f3 con una consigna: \u201cEl pueblo unido jam\u00e1s ser\u00e1 vencido\u201d. Y all\u00ed entonces su conexi\u00f3n definitiva con su gente\u00bb.<\/p>\n\n\n\n<figure class=\"wp-block-image\"><img src=\"https:\/\/www.mincultura.gob.ve\/wp-content\/uploads\/2025\/02\/El-candidato-del-pueblo-1-1024x682.jpg\" alt=\"\" class=\"wp-image-31928\"\/><\/figure>\n","protected":false},"excerpt":{"rendered":"<p>A semanas de cumplirse 12 a\u00f1os de su siembra, una vez m\u00e1s el esp\u00edritu del Comandante Ch\u00e1vez ilumin\u00f3 el pensamiento del pueblo cubano. Durante la presentaci\u00f3n del libro \u201cHugo Ch\u00e1vez, [&hellip;]<\/p>\n","protected":false},"author":10,"featured_media":25269,"comment_status":"open","ping_status":"closed","sticky":false,"template":"","format":"standard","meta":{"spay_email":"","jetpack_publicize_message":"","jetpack_is_tweetstorm":false,"jetpack_publicize_feature_enabled":true},"categories":[2,234],"tags":[],"yoast_head":"<!-- This site is optimized with the Yoast SEO plugin v19.8 - https:\/\/yoast.com\/wordpress\/plugins\/seo\/ -->\n<title>\u201cHugo Ch\u00e1vez, el candidato del pueblo\u201d revela detalles de su ascenso a la inmortalidad<\/title>\n<meta name=\"robots\" content=\"index, follow, max-snippet:-1, max-image-preview:large, max-video-preview:-1\" \/>\n<link rel=\"canonical\" href=\"https:\/\/cenal.gob.ve\/?p=25268\" \/>\n<meta property=\"og:locale\" content=\"es_ES\" \/>\n<meta property=\"og:type\" content=\"article\" \/>\n<meta property=\"og:title\" content=\"\u201cHugo Ch\u00e1vez, el candidato del pueblo\u201d revela detalles de su ascenso a la inmortalidad\" \/>\n<meta property=\"og:description\" content=\"A semanas de cumplirse 12 a\u00f1os de su siembra, una vez m\u00e1s el esp\u00edritu del Comandante Ch\u00e1vez ilumin\u00f3 el pensamiento del pueblo cubano. Durante la presentaci\u00f3n del libro \u201cHugo Ch\u00e1vez, [&hellip;]\" \/>\n<meta property=\"og:url\" content=\"https:\/\/cenal.gob.ve\/?p=25268\" \/>\n<meta property=\"og:site_name\" content=\"Cenal\" \/>\n<meta property=\"article:published_time\" content=\"2025-02-19T19:33:33+00:00\" \/>\n<meta property=\"article:modified_time\" content=\"2025-02-19T21:43:50+00:00\" \/>\n<meta property=\"og:image\" content=\"http:\/\/cenal.gob.ve\/wp-content\/uploads\/2025\/02\/El-candidato-del-pueblo-4-1024x682-1.jpg\" \/>\n\t<meta property=\"og:image:width\" content=\"1024\" \/>\n\t<meta property=\"og:image:height\" content=\"682\" \/>\n\t<meta property=\"og:image:type\" content=\"image\/jpeg\" \/>\n<meta name=\"author\" content=\"Prensa Cenal\" \/>\n<meta name=\"twitter:card\" content=\"summary_large_image\" \/>\n<meta name=\"twitter:label1\" content=\"Written by\" \/>\n\t<meta name=\"twitter:data1\" content=\"Prensa Cenal\" \/>\n\t<meta name=\"twitter:label2\" content=\"Est. reading time\" \/>\n\t<meta name=\"twitter:data2\" content=\"3 minutos\" \/>\n<script type=\"application\/ld+json\" class=\"yoast-schema-graph\">{\"@context\":\"https:\/\/schema.org\",\"@graph\":[{\"@type\":\"Article\",\"@id\":\"https:\/\/cenal.gob.ve\/?p=25268#article\",\"isPartOf\":{\"@id\":\"https:\/\/cenal.gob.ve\/?p=25268\"},\"author\":{\"name\":\"Prensa Cenal\",\"@id\":\"https:\/\/cenal.gob.ve\/#\/schema\/person\/e3ed34623f400ffab8bc7a63b2f5533f\"},\"headline\":\"\u201cHugo Ch\u00e1vez, el candidato del pueblo\u201d revela detalles de su ascenso a la inmortalidad\",\"datePublished\":\"2025-02-19T19:33:33+00:00\",\"dateModified\":\"2025-02-19T21:43:50+00:00\",\"mainEntityOfPage\":{\"@id\":\"https:\/\/cenal.gob.ve\/?p=25268\"},\"wordCount\":547,\"commentCount\":2,\"publisher\":{\"@id\":\"https:\/\/cenal.gob.ve\/#organization\"},\"articleSection\":[\"Cenal\",\"Internacional\"],\"inLanguage\":\"es\",\"potentialAction\":[{\"@type\":\"CommentAction\",\"name\":\"Comment\",\"target\":[\"https:\/\/cenal.gob.ve\/?p=25268#respond\"]}]},{\"@type\":\"WebPage\",\"@id\":\"https:\/\/cenal.gob.ve\/?p=25268\",\"url\":\"https:\/\/cenal.gob.ve\/?p=25268\",\"name\":\"\u201cHugo Ch\u00e1vez, el candidato del pueblo\u201d revela detalles de su ascenso a la inmortalidad\",\"isPartOf\":{\"@id\":\"https:\/\/cenal.gob.ve\/#website\"},\"datePublished\":\"2025-02-19T19:33:33+00:00\",\"dateModified\":\"2025-02-19T21:43:50+00:00\",\"breadcrumb\":{\"@id\":\"https:\/\/cenal.gob.ve\/?p=25268#breadcrumb\"},\"inLanguage\":\"es\",\"potentialAction\":[{\"@type\":\"ReadAction\",\"target\":[\"https:\/\/cenal.gob.ve\/?p=25268\"]}]},{\"@type\":\"BreadcrumbList\",\"@id\":\"https:\/\/cenal.gob.ve\/?p=25268#breadcrumb\",\"itemListElement\":[{\"@type\":\"ListItem\",\"position\":1,\"name\":\"Home\",\"item\":\"https:\/\/cenal.gob.ve\/\"},{\"@type\":\"ListItem\",\"position\":2,\"name\":\"\u201cHugo Ch\u00e1vez, el candidato del pueblo\u201d revela detalles de su ascenso a la inmortalidad\"}]},{\"@type\":\"WebSite\",\"@id\":\"https:\/\/cenal.gob.ve\/#website\",\"url\":\"https:\/\/cenal.gob.ve\/\",\"name\":\"Cenal\",\"description\":\"\",\"publisher\":{\"@id\":\"https:\/\/cenal.gob.ve\/#organization\"},\"potentialAction\":[{\"@type\":\"SearchAction\",\"target\":{\"@type\":\"EntryPoint\",\"urlTemplate\":\"https:\/\/cenal.gob.ve\/?s={search_term_string}\"},\"query-input\":\"required name=search_term_string\"}],\"inLanguage\":\"es\"},{\"@type\":\"Organization\",\"@id\":\"https:\/\/cenal.gob.ve\/#organization\",\"name\":\"CENAL\",\"url\":\"https:\/\/cenal.gob.ve\/\",\"sameAs\":[],\"logo\":{\"@type\":\"ImageObject\",\"inLanguage\":\"es\",\"@id\":\"https:\/\/cenal.gob.ve\/#\/schema\/logo\/image\/\",\"url\":\"https:\/\/i0.wp.com\/cenal.gob.ve\/wp-content\/uploads\/2022\/10\/cropped-images.jpg?fit=512%2C512\",\"contentUrl\":\"https:\/\/i0.wp.com\/cenal.gob.ve\/wp-content\/uploads\/2022\/10\/cropped-images.jpg?fit=512%2C512\",\"width\":512,\"height\":512,\"caption\":\"CENAL\"},\"image\":{\"@id\":\"https:\/\/cenal.gob.ve\/#\/schema\/logo\/image\/\"}},{\"@type\":\"Person\",\"@id\":\"https:\/\/cenal.gob.ve\/#\/schema\/person\/e3ed34623f400ffab8bc7a63b2f5533f\",\"name\":\"Prensa Cenal\",\"image\":{\"@type\":\"ImageObject\",\"inLanguage\":\"es\",\"@id\":\"https:\/\/cenal.gob.ve\/#\/schema\/person\/image\/\",\"url\":\"https:\/\/secure.gravatar.com\/avatar\/594b4ed34090910c619ac3679001d491?s=96&d=mm&r=g\",\"contentUrl\":\"https:\/\/secure.gravatar.com\/avatar\/594b4ed34090910c619ac3679001d491?s=96&d=mm&r=g\",\"caption\":\"Prensa Cenal\"},\"url\":\"https:\/\/cenal.gob.ve\/?author=10\"}]}<\/script>\n<!-- \/ Yoast SEO plugin. -->","yoast_head_json":{"title":"\u201cHugo Ch\u00e1vez, el candidato del pueblo\u201d revela detalles de su ascenso a la inmortalidad","robots":{"index":"index","follow":"follow","max-snippet":"max-snippet:-1","max-image-preview":"max-image-preview:large","max-video-preview":"max-video-preview:-1"},"canonical":"https:\/\/cenal.gob.ve\/?p=25268","og_locale":"es_ES","og_type":"article","og_title":"\u201cHugo Ch\u00e1vez, el candidato del pueblo\u201d revela detalles de su ascenso a la inmortalidad","og_description":"A semanas de cumplirse 12 a\u00f1os de su siembra, una vez m\u00e1s el esp\u00edritu del Comandante Ch\u00e1vez ilumin\u00f3 el pensamiento del pueblo cubano. Durante la presentaci\u00f3n del libro \u201cHugo Ch\u00e1vez, [&hellip;]","og_url":"https:\/\/cenal.gob.ve\/?p=25268","og_site_name":"Cenal","article_published_time":"2025-02-19T19:33:33+00:00","article_modified_time":"2025-02-19T21:43:50+00:00","og_image":[{"width":1024,"height":682,"url":"http:\/\/cenal.gob.ve\/wp-content\/uploads\/2025\/02\/El-candidato-del-pueblo-4-1024x682-1.jpg","type":"image\/jpeg"}],"author":"Prensa Cenal","twitter_card":"summary_large_image","twitter_misc":{"Written by":"Prensa Cenal","Est. reading time":"3 minutos"},"schema":{"@context":"https:\/\/schema.org","@graph":[{"@type":"Article","@id":"https:\/\/cenal.gob.ve\/?p=25268#article","isPartOf":{"@id":"https:\/\/cenal.gob.ve\/?p=25268"},"author":{"name":"Prensa Cenal","@id":"https:\/\/cenal.gob.ve\/#\/schema\/person\/e3ed34623f400ffab8bc7a63b2f5533f"},"headline":"\u201cHugo Ch\u00e1vez, el candidato del pueblo\u201d revela detalles de su ascenso a la inmortalidad","datePublished":"2025-02-19T19:33:33+00:00","dateModified":"2025-02-19T21:43:50+00:00","mainEntityOfPage":{"@id":"https:\/\/cenal.gob.ve\/?p=25268"},"wordCount":547,"commentCount":2,"publisher":{"@id":"https:\/\/cenal.gob.ve\/#organization"},"articleSection":["Cenal","Internacional"],"inLanguage":"es","potentialAction":[{"@type":"CommentAction","name":"Comment","target":["https:\/\/cenal.gob.ve\/?p=25268#respond"]}]},{"@type":"WebPage","@id":"https:\/\/cenal.gob.ve\/?p=25268","url":"https:\/\/cenal.gob.ve\/?p=25268","name":"\u201cHugo Ch\u00e1vez, el candidato del pueblo\u201d revela detalles de su ascenso a la inmortalidad","isPartOf":{"@id":"https:\/\/cenal.gob.ve\/#website"},"datePublished":"2025-02-19T19:33:33+00:00","dateModified":"2025-02-19T21:43:50+00:00","breadcrumb":{"@id":"https:\/\/cenal.gob.ve\/?p=25268#breadcrumb"},"inLanguage":"es","potentialAction":[{"@type":"ReadAction","target":["https:\/\/cenal.gob.ve\/?p=25268"]}]},{"@type":"BreadcrumbList","@id":"https:\/\/cenal.gob.ve\/?p=25268#breadcrumb","itemListElement":[{"@type":"ListItem","position":1,"name":"Home","item":"https:\/\/cenal.gob.ve\/"},{"@type":"ListItem","position":2,"name":"\u201cHugo Ch\u00e1vez, el candidato del pueblo\u201d revela detalles de su ascenso a la inmortalidad"}]},{"@type":"WebSite","@id":"https:\/\/cenal.gob.ve\/#website","url":"https:\/\/cenal.gob.ve\/","name":"Cenal","description":"","publisher":{"@id":"https:\/\/cenal.gob.ve\/#organization"},"potentialAction":[{"@type":"SearchAction","target":{"@type":"EntryPoint","urlTemplate":"https:\/\/cenal.gob.ve\/?s={search_term_string}"},"query-input":"required name=search_term_string"}],"inLanguage":"es"},{"@type":"Organization","@id":"https:\/\/cenal.gob.ve\/#organization","name":"CENAL","url":"https:\/\/cenal.gob.ve\/","sameAs":[],"logo":{"@type":"ImageObject","inLanguage":"es","@id":"https:\/\/cenal.gob.ve\/#\/schema\/logo\/image\/","url":"https:\/\/i0.wp.com\/cenal.gob.ve\/wp-content\/uploads\/2022\/10\/cropped-images.jpg?fit=512%2C512","contentUrl":"https:\/\/i0.wp.com\/cenal.gob.ve\/wp-content\/uploads\/2022\/10\/cropped-images.jpg?fit=512%2C512","width":512,"height":512,"caption":"CENAL"},"image":{"@id":"https:\/\/cenal.gob.ve\/#\/schema\/logo\/image\/"}},{"@type":"Person","@id":"https:\/\/cenal.gob.ve\/#\/schema\/person\/e3ed34623f400ffab8bc7a63b2f5533f","name":"Prensa Cenal","image":{"@type":"ImageObject","inLanguage":"es","@id":"https:\/\/cenal.gob.ve\/#\/schema\/person\/image\/","url":"https:\/\/secure.gravatar.com\/avatar\/594b4ed34090910c619ac3679001d491?s=96&d=mm&r=g","contentUrl":"https:\/\/secure.gravatar.com\/avatar\/594b4ed34090910c619ac3679001d491?s=96&d=mm&r=g","caption":"Prensa Cenal"},"url":"https:\/\/cenal.gob.ve\/?author=10"}]}},"jetpack_featured_media_url":"https:\/\/cenal.gob.ve\/wp-content\/uploads\/2025\/02\/El-candidato-del-pueblo-4-1024x682-1.jpg","jetpack_publicize_connections":[],"jetpack_shortlink":"https:\/\/wp.me\/p5FMhp-6zy","_links":{"self":[{"href":"https:\/\/cenal.gob.ve\/index.php?rest_route=\/wp\/v2\/posts\/25268"}],"collection":[{"href":"https:\/\/cenal.gob.ve\/index.php?rest_route=\/wp\/v2\/posts"}],"about":[{"href":"https:\/\/cenal.gob.ve\/index.php?rest_route=\/wp\/v2\/types\/post"}],"author":[{"embeddable":true,"href":"https:\/\/cenal.gob.ve\/index.php?rest_route=\/wp\/v2\/users\/10"}],"replies":[{"embeddable":true,"href":"https:\/\/cenal.gob.ve\/index.php?rest_route=%2Fwp%2Fv2%2Fcomments&post=25268"}],"version-history":[{"count":3,"href":"https:\/\/cenal.gob.ve\/index.php?rest_route=\/wp\/v2\/posts\/25268\/revisions"}],"predecessor-version":[{"id":25286,"href":"https:\/\/cenal.gob.ve\/index.php?rest_route=\/wp\/v2\/posts\/25268\/revisions\/25286"}],"wp:featuredmedia":[{"embeddable":true,"href":"https:\/\/cenal.gob.ve\/index.php?rest_route=\/wp\/v2\/media\/25269"}],"wp:attachment":[{"href":"https:\/\/cenal.gob.ve\/index.php?rest_route=%2Fwp%2Fv2%2Fmedia&parent=25268"}],"wp:term":[{"taxonomy":"category","embeddable":true,"href":"https:\/\/cenal.gob.ve\/index.php?rest_route=%2Fwp%2Fv2%2Fcategories&post=25268"},{"taxonomy":"post_tag","embeddable":true,"href":"https:\/\/cenal.gob.ve\/index.php?rest_route=%2Fwp%2Fv2%2Ftags&post=25268"}],"curies":[{"name":"wp","href":"https:\/\/api.w.org\/{rel}","templated":true}]}}