{"id":25385,"date":"2025-02-25T17:41:39","date_gmt":"2025-02-25T21:41:39","guid":{"rendered":"https:\/\/cenal.gob.ve\/?p=25385"},"modified":"2025-02-25T17:41:43","modified_gmt":"2025-02-25T21:41:43","slug":"coleccion-alba-de-los-pueblos-convoca-a-la-batalla-del-pensamiento-y-la-defensa-del-planeta","status":"publish","type":"post","link":"https:\/\/cenal.gob.ve\/?p=25385","title":{"rendered":"Colecci\u00f3n ALBA de los Pueblos convoca a la batalla del pensamiento y la defensa del planeta"},"content":{"rendered":"\n<p>La 33\u00b0 Feria Internacional del Libro de La Habana se present\u00f3 la \u201cColecci\u00f3n ALBA de los Pueblos\u201d, un compilado de textos que convoca a la batalla del pensamiento, de las ideas y a la defensa del planeta, a partir del an\u00e1lisis de nuestra historia y del descubrimiento de un pensamiento propio y descolonizado.<\/p>\n\n\n\n<p>La compiladora de esta colecci\u00f3n, Nerliny Bel\u00e9n Caruc\u00ed Lugo, destac\u00f3 que la obra aborda, desde distintas perspectivas, las amenazas reales de la humanidad, as\u00ed como tambi\u00e9n las alternativas antisist\u00e9micas que tienen los pueblos.<\/p>\n\n\n\n<figure class=\"wp-block-image\"><img src=\"https:\/\/www.mincultura.gob.ve\/wp-content\/uploads\/2025\/02\/Coleccion-ALBA-4-1024x646.jpg\" alt=\"\" class=\"wp-image-31953\"\/><\/figure>\n\n\n\n<p>\u201cEs una colecci\u00f3n que nos convoca a la batalla de las ideas, a pensar nuestro propio pensamiento, a pensar lo que vivimos, lo que nos afecta, las formas c\u00f3mo nos interrelacionamos (\u2026) a entender que las cosas no son como son, sino c\u00f3mo las vemos\u201d, enfatiz\u00f3.<\/p>\n\n\n\n<p>Caruc\u00ed resalt\u00f3 que desde la Secretar\u00eda Ejecutiva del ALBA-TCP quer\u00edan ilustrar parte de la visi\u00f3n global del comandante Hugo Ch\u00e1vez en esta colecci\u00f3n. \u201cCh\u00e1vez nos invit\u00f3 a ahondar en las ra\u00edces de nuestros problemas, de lo que nos pasa, de lo que vivimos como naci\u00f3n, a mirarnos desde lo que somos y entendernos desde nuestras contradicciones\u201d.<\/p>\n\n\n\n<p>Por tanto, la obra se puede visualizar tambi\u00e9n como un llamado a \u201cfundar y defender un proyecto nuestro de unidad, un proyecto pol\u00edtico que nos permita recuperar la relaci\u00f3n con nuestra historia, la relaci\u00f3n sagrada con la Madre Tierra\u201d.<\/p>\n\n\n\n<figure class=\"wp-block-image\"><img src=\"https:\/\/www.mincultura.gob.ve\/wp-content\/uploads\/2025\/02\/Coleccion-ALBA-2-1024x682.jpg\" alt=\"\" class=\"wp-image-31950\"\/><\/figure>\n\n\n\n<p>En la actividad se presentaron tres libros: \u201cEl imperialismo al desnudo\u201d, \u201cEl laberinto de un sistema en decadencia\u201d y \u201cEl desaf\u00edo y el sentido hist\u00f3rico de la unidad y crisis ambiental global\u201d. Este \u00faltimo es un llamado a entender las crisis que vive el mundo, \u201cporque hemos rebasado los l\u00edmites planetarios y vivimos una crisis global\u201d.<\/p>\n\n\n\n<p>De igual manera, la Colecci\u00f3n se apoya en las voces de fil\u00f3sofos, pensadores y catedr\u00e1ticos de distintos pa\u00edses, como Atilio Bor\u00f3n (Argentina), Carlos Barrientos (Guatemala), Juan Carlos Monedero (Espa\u00f1a), Joao Pedro (Brasil, entre otros. Cada uno expone su visi\u00f3n y la necesidad de cambiar el modelo capitalista ante la crisis global.<\/p>\n\n\n\n<p><strong>T: Manuel Rodr\u00edguez<\/strong><\/p>\n","protected":false},"excerpt":{"rendered":"<p>La 33\u00b0 Feria Internacional del Libro de La Habana se present\u00f3 la \u201cColecci\u00f3n ALBA de los Pueblos\u201d, un compilado de textos que convoca a la batalla del pensamiento, de las [&hellip;]<\/p>\n","protected":false},"author":10,"featured_media":25386,"comment_status":"open","ping_status":"closed","sticky":false,"template":"","format":"standard","meta":{"spay_email":"","jetpack_publicize_message":"","jetpack_is_tweetstorm":false,"jetpack_publicize_feature_enabled":true},"categories":[2,234],"tags":[],"yoast_head":"<!-- This site is optimized with the Yoast SEO plugin v19.8 - https:\/\/yoast.com\/wordpress\/plugins\/seo\/ -->\n<title>Colecci\u00f3n ALBA de los Pueblos convoca a la batalla del pensamiento y la defensa del planeta<\/title>\n<meta name=\"robots\" content=\"index, follow, max-snippet:-1, max-image-preview:large, max-video-preview:-1\" \/>\n<link rel=\"canonical\" href=\"https:\/\/cenal.gob.ve\/?p=25385\" \/>\n<meta property=\"og:locale\" content=\"es_ES\" \/>\n<meta property=\"og:type\" content=\"article\" \/>\n<meta property=\"og:title\" content=\"Colecci\u00f3n ALBA de los Pueblos convoca a la batalla del pensamiento y la defensa del planeta\" \/>\n<meta property=\"og:description\" content=\"La 33\u00b0 Feria Internacional del Libro de La Habana se present\u00f3 la \u201cColecci\u00f3n ALBA de los Pueblos\u201d, un compilado de textos que convoca a la batalla del pensamiento, de las [&hellip;]\" \/>\n<meta property=\"og:url\" content=\"https:\/\/cenal.gob.ve\/?p=25385\" \/>\n<meta property=\"og:site_name\" content=\"Cenal\" \/>\n<meta property=\"article:published_time\" content=\"2025-02-25T21:41:39+00:00\" \/>\n<meta property=\"article:modified_time\" content=\"2025-02-25T21:41:43+00:00\" \/>\n<meta property=\"og:image\" content=\"http:\/\/cenal.gob.ve\/wp-content\/uploads\/2025\/02\/Coleccion-ALBA-1-1024x682-1.jpg\" \/>\n\t<meta property=\"og:image:width\" content=\"1024\" \/>\n\t<meta property=\"og:image:height\" content=\"682\" \/>\n\t<meta property=\"og:image:type\" content=\"image\/jpeg\" \/>\n<meta name=\"author\" content=\"Prensa Cenal\" \/>\n<meta name=\"twitter:card\" content=\"summary_large_image\" \/>\n<meta name=\"twitter:label1\" content=\"Written by\" \/>\n\t<meta name=\"twitter:data1\" content=\"Prensa Cenal\" \/>\n\t<meta name=\"twitter:label2\" content=\"Est. reading time\" \/>\n\t<meta name=\"twitter:data2\" content=\"2 minutos\" \/>\n<script type=\"application\/ld+json\" class=\"yoast-schema-graph\">{\"@context\":\"https:\/\/schema.org\",\"@graph\":[{\"@type\":\"Article\",\"@id\":\"https:\/\/cenal.gob.ve\/?p=25385#article\",\"isPartOf\":{\"@id\":\"https:\/\/cenal.gob.ve\/?p=25385\"},\"author\":{\"name\":\"Prensa Cenal\",\"@id\":\"https:\/\/cenal.gob.ve\/#\/schema\/person\/e3ed34623f400ffab8bc7a63b2f5533f\"},\"headline\":\"Colecci\u00f3n ALBA de los Pueblos convoca a la batalla del pensamiento y la defensa del planeta\",\"datePublished\":\"2025-02-25T21:41:39+00:00\",\"dateModified\":\"2025-02-25T21:41:43+00:00\",\"mainEntityOfPage\":{\"@id\":\"https:\/\/cenal.gob.ve\/?p=25385\"},\"wordCount\":384,\"commentCount\":1,\"publisher\":{\"@id\":\"https:\/\/cenal.gob.ve\/#organization\"},\"articleSection\":[\"Cenal\",\"Internacional\"],\"inLanguage\":\"es\",\"potentialAction\":[{\"@type\":\"CommentAction\",\"name\":\"Comment\",\"target\":[\"https:\/\/cenal.gob.ve\/?p=25385#respond\"]}]},{\"@type\":\"WebPage\",\"@id\":\"https:\/\/cenal.gob.ve\/?p=25385\",\"url\":\"https:\/\/cenal.gob.ve\/?p=25385\",\"name\":\"Colecci\u00f3n ALBA de los Pueblos convoca a la batalla del pensamiento y la defensa del planeta\",\"isPartOf\":{\"@id\":\"https:\/\/cenal.gob.ve\/#website\"},\"datePublished\":\"2025-02-25T21:41:39+00:00\",\"dateModified\":\"2025-02-25T21:41:43+00:00\",\"breadcrumb\":{\"@id\":\"https:\/\/cenal.gob.ve\/?p=25385#breadcrumb\"},\"inLanguage\":\"es\",\"potentialAction\":[{\"@type\":\"ReadAction\",\"target\":[\"https:\/\/cenal.gob.ve\/?p=25385\"]}]},{\"@type\":\"BreadcrumbList\",\"@id\":\"https:\/\/cenal.gob.ve\/?p=25385#breadcrumb\",\"itemListElement\":[{\"@type\":\"ListItem\",\"position\":1,\"name\":\"Home\",\"item\":\"https:\/\/cenal.gob.ve\/\"},{\"@type\":\"ListItem\",\"position\":2,\"name\":\"Colecci\u00f3n ALBA de los Pueblos convoca a la batalla del pensamiento y la defensa del planeta\"}]},{\"@type\":\"WebSite\",\"@id\":\"https:\/\/cenal.gob.ve\/#website\",\"url\":\"https:\/\/cenal.gob.ve\/\",\"name\":\"Cenal\",\"description\":\"\",\"publisher\":{\"@id\":\"https:\/\/cenal.gob.ve\/#organization\"},\"potentialAction\":[{\"@type\":\"SearchAction\",\"target\":{\"@type\":\"EntryPoint\",\"urlTemplate\":\"https:\/\/cenal.gob.ve\/?s={search_term_string}\"},\"query-input\":\"required name=search_term_string\"}],\"inLanguage\":\"es\"},{\"@type\":\"Organization\",\"@id\":\"https:\/\/cenal.gob.ve\/#organization\",\"name\":\"CENAL\",\"url\":\"https:\/\/cenal.gob.ve\/\",\"sameAs\":[],\"logo\":{\"@type\":\"ImageObject\",\"inLanguage\":\"es\",\"@id\":\"https:\/\/cenal.gob.ve\/#\/schema\/logo\/image\/\",\"url\":\"https:\/\/i0.wp.com\/cenal.gob.ve\/wp-content\/uploads\/2022\/10\/cropped-images.jpg?fit=512%2C512\",\"contentUrl\":\"https:\/\/i0.wp.com\/cenal.gob.ve\/wp-content\/uploads\/2022\/10\/cropped-images.jpg?fit=512%2C512\",\"width\":512,\"height\":512,\"caption\":\"CENAL\"},\"image\":{\"@id\":\"https:\/\/cenal.gob.ve\/#\/schema\/logo\/image\/\"}},{\"@type\":\"Person\",\"@id\":\"https:\/\/cenal.gob.ve\/#\/schema\/person\/e3ed34623f400ffab8bc7a63b2f5533f\",\"name\":\"Prensa Cenal\",\"image\":{\"@type\":\"ImageObject\",\"inLanguage\":\"es\",\"@id\":\"https:\/\/cenal.gob.ve\/#\/schema\/person\/image\/\",\"url\":\"https:\/\/secure.gravatar.com\/avatar\/594b4ed34090910c619ac3679001d491?s=96&d=mm&r=g\",\"contentUrl\":\"https:\/\/secure.gravatar.com\/avatar\/594b4ed34090910c619ac3679001d491?s=96&d=mm&r=g\",\"caption\":\"Prensa Cenal\"},\"url\":\"https:\/\/cenal.gob.ve\/?author=10\"}]}<\/script>\n<!-- \/ Yoast SEO plugin. -->","yoast_head_json":{"title":"Colecci\u00f3n ALBA de los Pueblos convoca a la batalla del pensamiento y la defensa del planeta","robots":{"index":"index","follow":"follow","max-snippet":"max-snippet:-1","max-image-preview":"max-image-preview:large","max-video-preview":"max-video-preview:-1"},"canonical":"https:\/\/cenal.gob.ve\/?p=25385","og_locale":"es_ES","og_type":"article","og_title":"Colecci\u00f3n ALBA de los Pueblos convoca a la batalla del pensamiento y la defensa del planeta","og_description":"La 33\u00b0 Feria Internacional del Libro de La Habana se present\u00f3 la \u201cColecci\u00f3n ALBA de los Pueblos\u201d, un compilado de textos que convoca a la batalla del pensamiento, de las [&hellip;]","og_url":"https:\/\/cenal.gob.ve\/?p=25385","og_site_name":"Cenal","article_published_time":"2025-02-25T21:41:39+00:00","article_modified_time":"2025-02-25T21:41:43+00:00","og_image":[{"width":1024,"height":682,"url":"http:\/\/cenal.gob.ve\/wp-content\/uploads\/2025\/02\/Coleccion-ALBA-1-1024x682-1.jpg","type":"image\/jpeg"}],"author":"Prensa Cenal","twitter_card":"summary_large_image","twitter_misc":{"Written by":"Prensa Cenal","Est. reading time":"2 minutos"},"schema":{"@context":"https:\/\/schema.org","@graph":[{"@type":"Article","@id":"https:\/\/cenal.gob.ve\/?p=25385#article","isPartOf":{"@id":"https:\/\/cenal.gob.ve\/?p=25385"},"author":{"name":"Prensa Cenal","@id":"https:\/\/cenal.gob.ve\/#\/schema\/person\/e3ed34623f400ffab8bc7a63b2f5533f"},"headline":"Colecci\u00f3n ALBA de los Pueblos convoca a la batalla del pensamiento y la defensa del planeta","datePublished":"2025-02-25T21:41:39+00:00","dateModified":"2025-02-25T21:41:43+00:00","mainEntityOfPage":{"@id":"https:\/\/cenal.gob.ve\/?p=25385"},"wordCount":384,"commentCount":1,"publisher":{"@id":"https:\/\/cenal.gob.ve\/#organization"},"articleSection":["Cenal","Internacional"],"inLanguage":"es","potentialAction":[{"@type":"CommentAction","name":"Comment","target":["https:\/\/cenal.gob.ve\/?p=25385#respond"]}]},{"@type":"WebPage","@id":"https:\/\/cenal.gob.ve\/?p=25385","url":"https:\/\/cenal.gob.ve\/?p=25385","name":"Colecci\u00f3n ALBA de los Pueblos convoca a la batalla del pensamiento y la defensa del planeta","isPartOf":{"@id":"https:\/\/cenal.gob.ve\/#website"},"datePublished":"2025-02-25T21:41:39+00:00","dateModified":"2025-02-25T21:41:43+00:00","breadcrumb":{"@id":"https:\/\/cenal.gob.ve\/?p=25385#breadcrumb"},"inLanguage":"es","potentialAction":[{"@type":"ReadAction","target":["https:\/\/cenal.gob.ve\/?p=25385"]}]},{"@type":"BreadcrumbList","@id":"https:\/\/cenal.gob.ve\/?p=25385#breadcrumb","itemListElement":[{"@type":"ListItem","position":1,"name":"Home","item":"https:\/\/cenal.gob.ve\/"},{"@type":"ListItem","position":2,"name":"Colecci\u00f3n ALBA de los Pueblos convoca a la batalla del pensamiento y la defensa del planeta"}]},{"@type":"WebSite","@id":"https:\/\/cenal.gob.ve\/#website","url":"https:\/\/cenal.gob.ve\/","name":"Cenal","description":"","publisher":{"@id":"https:\/\/cenal.gob.ve\/#organization"},"potentialAction":[{"@type":"SearchAction","target":{"@type":"EntryPoint","urlTemplate":"https:\/\/cenal.gob.ve\/?s={search_term_string}"},"query-input":"required name=search_term_string"}],"inLanguage":"es"},{"@type":"Organization","@id":"https:\/\/cenal.gob.ve\/#organization","name":"CENAL","url":"https:\/\/cenal.gob.ve\/","sameAs":[],"logo":{"@type":"ImageObject","inLanguage":"es","@id":"https:\/\/cenal.gob.ve\/#\/schema\/logo\/image\/","url":"https:\/\/i0.wp.com\/cenal.gob.ve\/wp-content\/uploads\/2022\/10\/cropped-images.jpg?fit=512%2C512","contentUrl":"https:\/\/i0.wp.com\/cenal.gob.ve\/wp-content\/uploads\/2022\/10\/cropped-images.jpg?fit=512%2C512","width":512,"height":512,"caption":"CENAL"},"image":{"@id":"https:\/\/cenal.gob.ve\/#\/schema\/logo\/image\/"}},{"@type":"Person","@id":"https:\/\/cenal.gob.ve\/#\/schema\/person\/e3ed34623f400ffab8bc7a63b2f5533f","name":"Prensa Cenal","image":{"@type":"ImageObject","inLanguage":"es","@id":"https:\/\/cenal.gob.ve\/#\/schema\/person\/image\/","url":"https:\/\/secure.gravatar.com\/avatar\/594b4ed34090910c619ac3679001d491?s=96&d=mm&r=g","contentUrl":"https:\/\/secure.gravatar.com\/avatar\/594b4ed34090910c619ac3679001d491?s=96&d=mm&r=g","caption":"Prensa Cenal"},"url":"https:\/\/cenal.gob.ve\/?author=10"}]}},"jetpack_featured_media_url":"https:\/\/cenal.gob.ve\/wp-content\/uploads\/2025\/02\/Coleccion-ALBA-1-1024x682-1.jpg","jetpack_publicize_connections":[],"jetpack_shortlink":"https:\/\/wp.me\/p5FMhp-6Br","_links":{"self":[{"href":"https:\/\/cenal.gob.ve\/index.php?rest_route=\/wp\/v2\/posts\/25385"}],"collection":[{"href":"https:\/\/cenal.gob.ve\/index.php?rest_route=\/wp\/v2\/posts"}],"about":[{"href":"https:\/\/cenal.gob.ve\/index.php?rest_route=\/wp\/v2\/types\/post"}],"author":[{"embeddable":true,"href":"https:\/\/cenal.gob.ve\/index.php?rest_route=\/wp\/v2\/users\/10"}],"replies":[{"embeddable":true,"href":"https:\/\/cenal.gob.ve\/index.php?rest_route=%2Fwp%2Fv2%2Fcomments&post=25385"}],"version-history":[{"count":1,"href":"https:\/\/cenal.gob.ve\/index.php?rest_route=\/wp\/v2\/posts\/25385\/revisions"}],"predecessor-version":[{"id":25387,"href":"https:\/\/cenal.gob.ve\/index.php?rest_route=\/wp\/v2\/posts\/25385\/revisions\/25387"}],"wp:featuredmedia":[{"embeddable":true,"href":"https:\/\/cenal.gob.ve\/index.php?rest_route=\/wp\/v2\/media\/25386"}],"wp:attachment":[{"href":"https:\/\/cenal.gob.ve\/index.php?rest_route=%2Fwp%2Fv2%2Fmedia&parent=25385"}],"wp:term":[{"taxonomy":"category","embeddable":true,"href":"https:\/\/cenal.gob.ve\/index.php?rest_route=%2Fwp%2Fv2%2Fcategories&post=25385"},{"taxonomy":"post_tag","embeddable":true,"href":"https:\/\/cenal.gob.ve\/index.php?rest_route=%2Fwp%2Fv2%2Ftags&post=25385"}],"curies":[{"name":"wp","href":"https:\/\/api.w.org\/{rel}","templated":true}]}}