{"id":25430,"date":"2025-03-18T17:29:06","date_gmt":"2025-03-18T21:29:06","guid":{"rendered":"https:\/\/cenal.gob.ve\/?p=25430"},"modified":"2025-03-18T17:29:11","modified_gmt":"2025-03-18T21:29:11","slug":"en-filven-miranda-se-entregaron-certificados-a-estudiantes-del-diplomado-tiempo-narrativo-venezolano","status":"publish","type":"post","link":"https:\/\/cenal.gob.ve\/?p=25430","title":{"rendered":"En Filven Miranda se entregaron certificados a estudiantes del diplomado \u201cTiempo narrativo venezolano\u201d"},"content":{"rendered":"\n<p>Con un emotivo acto en la sala Benito Yrady de la 20.\u00aa Filven Miranda, instalada en Petare, se llev\u00f3 a cabo este s\u00e1bado 15 de marzo la entrega de certificados a participantes de la primera cohorte del diplomado \u201cTiempo narrativo venezolano\u201d dictado por la Escuela Taller de Narraci\u00f3n de Venezuela (Estanave), una iniciativa para la formaci\u00f3n de escritores impulsada por el Ministerio del Poder Popular para la Cultura (MPPC) a trav\u00e9s del Centro Nacional del Libro (Cenal).<\/p>\n\n\n\n<p>La actividad cont\u00f3 con la presencia del viceministro para el Fomento de la Econom\u00eda Cultural y presidente del Cenal, Ra\u00fal Cazal, y la gerente de Estrategias del ente rector de la plataforma del libro y la lectura, Yris Villamizar.<\/p>\n\n\n\n<p>\u201cEs un momento significativo para todos los participantes, quienes han trabajado arduamente en el desarrollo de sus habilidades narrativas\u201d, afirm\u00f3 el viceministro Cazal.<\/p>\n\n\n\n<figure class=\"wp-block-image\"><img src=\"https:\/\/filven.com\/wp-content\/uploads\/2025\/03\/5-1024x683.jpg\" alt=\"\" class=\"wp-image-21735\"\/><\/figure>\n\n\n\n<p>Agreg\u00f3 que \u201cel diplomado ha sido una tarea invaluable tanto para los docentes como para los estudiantes, ya que fomenta la promoci\u00f3n de la lectura y la escritura\u201d.<\/p>\n\n\n\n<p>Durante la ceremonia se destac\u00f3 la importancia de sembrar las bases para una narrativa propia que permita a cada escritor contar su historia y la de su entorno.<\/p>\n\n\n\n<p>Aunque algunos escritores solo publican uno o dos libros, sus textos pueden ser reconocidos como obras maestras por los lectores, como es el caso de Juan Rulfo, ilustr\u00f3 Cazal, escritor y editor. En ese sentido los cursantes del diplomado fueron invitados a continuar explorando sus voces a trav\u00e9s de la escritura.<\/p>\n\n\n\n<p><strong>Segunda cohorte del diplomado<\/strong><\/p>\n\n\n\n<p>El primer diplomado se llev\u00f3 a cabo entre mayo de 2022 y febrero 2023, y en 2025 volver\u00e1 con una segunda cohorte integrada por 46 participantes que fueron seleccionados de 124 postulados durante la fase de inscripci\u00f3n, inform\u00f3 la gerente de Estrategias del Cenal, Yris Villamizar.<\/p>\n\n\n\n<p>Los certificados son avalados por la Universidad Nacional de las Artes (Unearte).<\/p>\n\n\n\n<p>El presidente del Cenal destac\u00f3 que estar\u00e1n como facilitadores del diplomado destacados narradores, como Armando Jos\u00e9 Sequera, de Venezuela, y Vicente Battista, de Argentina.<\/p>\n\n\n\n<figure class=\"wp-block-image\"><img src=\"https:\/\/filven.com\/wp-content\/uploads\/2025\/03\/IMG_20250315_180826_312-1024x683.jpg\" alt=\"\" class=\"wp-image-21736\"\/><\/figure>\n\n\n\n<p>Igualmente en el marco de esta actividad se realizo la segunda entrega de certificados a participantes del seminario \u201cTras las huellas de Teresa de la Parra\u201d dictado por Estanave entre marzo y septiembre de 2024.<\/p>\n\n\n\n<p>Las autoridades del Cenal aprovecharon la ocasi\u00f3n para invitar al p\u00fablico a participar en talleres literarios que abre peri\u00f3dicamente esta instituci\u00f3n.<\/p>\n\n\n\n<p><strong>Experiencias satisfactorias<\/strong><\/p>\n\n\n\n<p>Valentina Bueno, una de las participantes de la primera cohorte del diplomado, en la menci\u00f3n novela, expres\u00f3 su satisfacci\u00f3n por la oportunidad de acceder a clases con reconocidos escritores.<\/p>\n\n\n\n<p>\u201cDe verdad fue una experiencia maravillosa que con gusto volver\u00eda a repetir\u201d, sostuvo.<\/p>\n\n\n\n<p>Alicia Villegas, tambi\u00e9n cursante de la primera cohorte del diplomado, destac\u00f3 la calidad humana y profesional de los profesores involucrados, con quienes logr\u00f3 una conexi\u00f3n significativa.<\/p>\n\n\n\n<p>Asegur\u00f3 que tras participar en el diplomado su forma de leer ha cambiado dr\u00e1sticamente y ahora est\u00e1 motivada a leer m\u00e1s.<\/p>\n\n\n\n<figure class=\"wp-block-image\"><img src=\"https:\/\/filven.com\/wp-content\/uploads\/2025\/03\/6-1024x683.jpg\" alt=\"\" class=\"wp-image-21738\"\/><\/figure>\n\n\n\n<figure class=\"wp-block-image\"><img src=\"https:\/\/filven.com\/wp-content\/uploads\/2025\/03\/FilvenMirandaDos42-1024x683.jpg\" alt=\"\" class=\"wp-image-21737\"\/><\/figure>\n","protected":false},"excerpt":{"rendered":"<p>Con un emotivo acto en la sala Benito Yrady de la 20.\u00aa Filven Miranda, instalada en Petare, se llev\u00f3 a cabo este s\u00e1bado 15 de marzo la entrega de certificados [&hellip;]<\/p>\n","protected":false},"author":10,"featured_media":25431,"comment_status":"open","ping_status":"closed","sticky":false,"template":"","format":"standard","meta":{"spay_email":"","jetpack_publicize_message":"","jetpack_is_tweetstorm":false,"jetpack_publicize_feature_enabled":true},"categories":[2,12],"tags":[],"yoast_head":"<!-- This site is optimized with the Yoast SEO plugin v19.8 - https:\/\/yoast.com\/wordpress\/plugins\/seo\/ -->\n<title>En Filven Miranda se entregaron certificados a estudiantes del diplomado \u201cTiempo narrativo venezolano\u201d<\/title>\n<meta name=\"robots\" content=\"index, follow, max-snippet:-1, max-image-preview:large, max-video-preview:-1\" \/>\n<link rel=\"canonical\" href=\"https:\/\/cenal.gob.ve\/?p=25430\" \/>\n<meta property=\"og:locale\" content=\"es_ES\" \/>\n<meta property=\"og:type\" content=\"article\" \/>\n<meta property=\"og:title\" content=\"En Filven Miranda se entregaron certificados a estudiantes del diplomado \u201cTiempo narrativo venezolano\u201d\" \/>\n<meta property=\"og:description\" content=\"Con un emotivo acto en la sala Benito Yrady de la 20.\u00aa Filven Miranda, instalada en Petare, se llev\u00f3 a cabo este s\u00e1bado 15 de marzo la entrega de certificados [&hellip;]\" \/>\n<meta property=\"og:url\" content=\"https:\/\/cenal.gob.ve\/?p=25430\" \/>\n<meta property=\"og:site_name\" content=\"Cenal\" \/>\n<meta property=\"article:published_time\" content=\"2025-03-18T21:29:06+00:00\" \/>\n<meta property=\"article:modified_time\" content=\"2025-03-18T21:29:11+00:00\" \/>\n<meta property=\"og:image\" content=\"http:\/\/cenal.gob.ve\/wp-content\/uploads\/2025\/03\/4-1024x683-1.jpg\" \/>\n\t<meta property=\"og:image:width\" content=\"1024\" \/>\n\t<meta property=\"og:image:height\" content=\"683\" \/>\n\t<meta property=\"og:image:type\" content=\"image\/jpeg\" \/>\n<meta name=\"author\" content=\"Prensa Cenal\" \/>\n<meta name=\"twitter:card\" content=\"summary_large_image\" \/>\n<meta name=\"twitter:label1\" content=\"Written by\" \/>\n\t<meta name=\"twitter:data1\" content=\"Prensa Cenal\" \/>\n\t<meta name=\"twitter:label2\" content=\"Est. reading time\" \/>\n\t<meta name=\"twitter:data2\" content=\"3 minutos\" \/>\n<script type=\"application\/ld+json\" class=\"yoast-schema-graph\">{\"@context\":\"https:\/\/schema.org\",\"@graph\":[{\"@type\":\"Article\",\"@id\":\"https:\/\/cenal.gob.ve\/?p=25430#article\",\"isPartOf\":{\"@id\":\"https:\/\/cenal.gob.ve\/?p=25430\"},\"author\":{\"name\":\"Prensa Cenal\",\"@id\":\"https:\/\/cenal.gob.ve\/#\/schema\/person\/e3ed34623f400ffab8bc7a63b2f5533f\"},\"headline\":\"En Filven Miranda se entregaron certificados a estudiantes del diplomado \u201cTiempo narrativo venezolano\u201d\",\"datePublished\":\"2025-03-18T21:29:06+00:00\",\"dateModified\":\"2025-03-18T21:29:11+00:00\",\"mainEntityOfPage\":{\"@id\":\"https:\/\/cenal.gob.ve\/?p=25430\"},\"wordCount\":505,\"commentCount\":2,\"publisher\":{\"@id\":\"https:\/\/cenal.gob.ve\/#organization\"},\"articleSection\":[\"Cenal\",\"Filven\"],\"inLanguage\":\"es\",\"potentialAction\":[{\"@type\":\"CommentAction\",\"name\":\"Comment\",\"target\":[\"https:\/\/cenal.gob.ve\/?p=25430#respond\"]}]},{\"@type\":\"WebPage\",\"@id\":\"https:\/\/cenal.gob.ve\/?p=25430\",\"url\":\"https:\/\/cenal.gob.ve\/?p=25430\",\"name\":\"En Filven Miranda se entregaron certificados a estudiantes del diplomado \u201cTiempo narrativo venezolano\u201d\",\"isPartOf\":{\"@id\":\"https:\/\/cenal.gob.ve\/#website\"},\"datePublished\":\"2025-03-18T21:29:06+00:00\",\"dateModified\":\"2025-03-18T21:29:11+00:00\",\"breadcrumb\":{\"@id\":\"https:\/\/cenal.gob.ve\/?p=25430#breadcrumb\"},\"inLanguage\":\"es\",\"potentialAction\":[{\"@type\":\"ReadAction\",\"target\":[\"https:\/\/cenal.gob.ve\/?p=25430\"]}]},{\"@type\":\"BreadcrumbList\",\"@id\":\"https:\/\/cenal.gob.ve\/?p=25430#breadcrumb\",\"itemListElement\":[{\"@type\":\"ListItem\",\"position\":1,\"name\":\"Home\",\"item\":\"https:\/\/cenal.gob.ve\/\"},{\"@type\":\"ListItem\",\"position\":2,\"name\":\"En Filven Miranda se entregaron certificados a estudiantes del diplomado \u201cTiempo narrativo venezolano\u201d\"}]},{\"@type\":\"WebSite\",\"@id\":\"https:\/\/cenal.gob.ve\/#website\",\"url\":\"https:\/\/cenal.gob.ve\/\",\"name\":\"Cenal\",\"description\":\"\",\"publisher\":{\"@id\":\"https:\/\/cenal.gob.ve\/#organization\"},\"potentialAction\":[{\"@type\":\"SearchAction\",\"target\":{\"@type\":\"EntryPoint\",\"urlTemplate\":\"https:\/\/cenal.gob.ve\/?s={search_term_string}\"},\"query-input\":\"required name=search_term_string\"}],\"inLanguage\":\"es\"},{\"@type\":\"Organization\",\"@id\":\"https:\/\/cenal.gob.ve\/#organization\",\"name\":\"CENAL\",\"url\":\"https:\/\/cenal.gob.ve\/\",\"sameAs\":[],\"logo\":{\"@type\":\"ImageObject\",\"inLanguage\":\"es\",\"@id\":\"https:\/\/cenal.gob.ve\/#\/schema\/logo\/image\/\",\"url\":\"https:\/\/i0.wp.com\/cenal.gob.ve\/wp-content\/uploads\/2022\/10\/cropped-images.jpg?fit=512%2C512\",\"contentUrl\":\"https:\/\/i0.wp.com\/cenal.gob.ve\/wp-content\/uploads\/2022\/10\/cropped-images.jpg?fit=512%2C512\",\"width\":512,\"height\":512,\"caption\":\"CENAL\"},\"image\":{\"@id\":\"https:\/\/cenal.gob.ve\/#\/schema\/logo\/image\/\"}},{\"@type\":\"Person\",\"@id\":\"https:\/\/cenal.gob.ve\/#\/schema\/person\/e3ed34623f400ffab8bc7a63b2f5533f\",\"name\":\"Prensa Cenal\",\"image\":{\"@type\":\"ImageObject\",\"inLanguage\":\"es\",\"@id\":\"https:\/\/cenal.gob.ve\/#\/schema\/person\/image\/\",\"url\":\"https:\/\/secure.gravatar.com\/avatar\/594b4ed34090910c619ac3679001d491?s=96&d=mm&r=g\",\"contentUrl\":\"https:\/\/secure.gravatar.com\/avatar\/594b4ed34090910c619ac3679001d491?s=96&d=mm&r=g\",\"caption\":\"Prensa Cenal\"},\"url\":\"https:\/\/cenal.gob.ve\/?author=10\"}]}<\/script>\n<!-- \/ Yoast SEO plugin. -->","yoast_head_json":{"title":"En Filven Miranda se entregaron certificados a estudiantes del diplomado \u201cTiempo narrativo venezolano\u201d","robots":{"index":"index","follow":"follow","max-snippet":"max-snippet:-1","max-image-preview":"max-image-preview:large","max-video-preview":"max-video-preview:-1"},"canonical":"https:\/\/cenal.gob.ve\/?p=25430","og_locale":"es_ES","og_type":"article","og_title":"En Filven Miranda se entregaron certificados a estudiantes del diplomado \u201cTiempo narrativo venezolano\u201d","og_description":"Con un emotivo acto en la sala Benito Yrady de la 20.\u00aa Filven Miranda, instalada en Petare, se llev\u00f3 a cabo este s\u00e1bado 15 de marzo la entrega de certificados [&hellip;]","og_url":"https:\/\/cenal.gob.ve\/?p=25430","og_site_name":"Cenal","article_published_time":"2025-03-18T21:29:06+00:00","article_modified_time":"2025-03-18T21:29:11+00:00","og_image":[{"width":1024,"height":683,"url":"http:\/\/cenal.gob.ve\/wp-content\/uploads\/2025\/03\/4-1024x683-1.jpg","type":"image\/jpeg"}],"author":"Prensa Cenal","twitter_card":"summary_large_image","twitter_misc":{"Written by":"Prensa Cenal","Est. reading time":"3 minutos"},"schema":{"@context":"https:\/\/schema.org","@graph":[{"@type":"Article","@id":"https:\/\/cenal.gob.ve\/?p=25430#article","isPartOf":{"@id":"https:\/\/cenal.gob.ve\/?p=25430"},"author":{"name":"Prensa Cenal","@id":"https:\/\/cenal.gob.ve\/#\/schema\/person\/e3ed34623f400ffab8bc7a63b2f5533f"},"headline":"En Filven Miranda se entregaron certificados a estudiantes del diplomado \u201cTiempo narrativo venezolano\u201d","datePublished":"2025-03-18T21:29:06+00:00","dateModified":"2025-03-18T21:29:11+00:00","mainEntityOfPage":{"@id":"https:\/\/cenal.gob.ve\/?p=25430"},"wordCount":505,"commentCount":2,"publisher":{"@id":"https:\/\/cenal.gob.ve\/#organization"},"articleSection":["Cenal","Filven"],"inLanguage":"es","potentialAction":[{"@type":"CommentAction","name":"Comment","target":["https:\/\/cenal.gob.ve\/?p=25430#respond"]}]},{"@type":"WebPage","@id":"https:\/\/cenal.gob.ve\/?p=25430","url":"https:\/\/cenal.gob.ve\/?p=25430","name":"En Filven Miranda se entregaron certificados a estudiantes del diplomado \u201cTiempo narrativo venezolano\u201d","isPartOf":{"@id":"https:\/\/cenal.gob.ve\/#website"},"datePublished":"2025-03-18T21:29:06+00:00","dateModified":"2025-03-18T21:29:11+00:00","breadcrumb":{"@id":"https:\/\/cenal.gob.ve\/?p=25430#breadcrumb"},"inLanguage":"es","potentialAction":[{"@type":"ReadAction","target":["https:\/\/cenal.gob.ve\/?p=25430"]}]},{"@type":"BreadcrumbList","@id":"https:\/\/cenal.gob.ve\/?p=25430#breadcrumb","itemListElement":[{"@type":"ListItem","position":1,"name":"Home","item":"https:\/\/cenal.gob.ve\/"},{"@type":"ListItem","position":2,"name":"En Filven Miranda se entregaron certificados a estudiantes del diplomado \u201cTiempo narrativo venezolano\u201d"}]},{"@type":"WebSite","@id":"https:\/\/cenal.gob.ve\/#website","url":"https:\/\/cenal.gob.ve\/","name":"Cenal","description":"","publisher":{"@id":"https:\/\/cenal.gob.ve\/#organization"},"potentialAction":[{"@type":"SearchAction","target":{"@type":"EntryPoint","urlTemplate":"https:\/\/cenal.gob.ve\/?s={search_term_string}"},"query-input":"required name=search_term_string"}],"inLanguage":"es"},{"@type":"Organization","@id":"https:\/\/cenal.gob.ve\/#organization","name":"CENAL","url":"https:\/\/cenal.gob.ve\/","sameAs":[],"logo":{"@type":"ImageObject","inLanguage":"es","@id":"https:\/\/cenal.gob.ve\/#\/schema\/logo\/image\/","url":"https:\/\/i0.wp.com\/cenal.gob.ve\/wp-content\/uploads\/2022\/10\/cropped-images.jpg?fit=512%2C512","contentUrl":"https:\/\/i0.wp.com\/cenal.gob.ve\/wp-content\/uploads\/2022\/10\/cropped-images.jpg?fit=512%2C512","width":512,"height":512,"caption":"CENAL"},"image":{"@id":"https:\/\/cenal.gob.ve\/#\/schema\/logo\/image\/"}},{"@type":"Person","@id":"https:\/\/cenal.gob.ve\/#\/schema\/person\/e3ed34623f400ffab8bc7a63b2f5533f","name":"Prensa Cenal","image":{"@type":"ImageObject","inLanguage":"es","@id":"https:\/\/cenal.gob.ve\/#\/schema\/person\/image\/","url":"https:\/\/secure.gravatar.com\/avatar\/594b4ed34090910c619ac3679001d491?s=96&d=mm&r=g","contentUrl":"https:\/\/secure.gravatar.com\/avatar\/594b4ed34090910c619ac3679001d491?s=96&d=mm&r=g","caption":"Prensa Cenal"},"url":"https:\/\/cenal.gob.ve\/?author=10"}]}},"jetpack_featured_media_url":"https:\/\/cenal.gob.ve\/wp-content\/uploads\/2025\/03\/4-1024x683-1.jpg","jetpack_publicize_connections":[],"jetpack_shortlink":"https:\/\/wp.me\/p5FMhp-6Ca","_links":{"self":[{"href":"https:\/\/cenal.gob.ve\/index.php?rest_route=\/wp\/v2\/posts\/25430"}],"collection":[{"href":"https:\/\/cenal.gob.ve\/index.php?rest_route=\/wp\/v2\/posts"}],"about":[{"href":"https:\/\/cenal.gob.ve\/index.php?rest_route=\/wp\/v2\/types\/post"}],"author":[{"embeddable":true,"href":"https:\/\/cenal.gob.ve\/index.php?rest_route=\/wp\/v2\/users\/10"}],"replies":[{"embeddable":true,"href":"https:\/\/cenal.gob.ve\/index.php?rest_route=%2Fwp%2Fv2%2Fcomments&post=25430"}],"version-history":[{"count":1,"href":"https:\/\/cenal.gob.ve\/index.php?rest_route=\/wp\/v2\/posts\/25430\/revisions"}],"predecessor-version":[{"id":25432,"href":"https:\/\/cenal.gob.ve\/index.php?rest_route=\/wp\/v2\/posts\/25430\/revisions\/25432"}],"wp:featuredmedia":[{"embeddable":true,"href":"https:\/\/cenal.gob.ve\/index.php?rest_route=\/wp\/v2\/media\/25431"}],"wp:attachment":[{"href":"https:\/\/cenal.gob.ve\/index.php?rest_route=%2Fwp%2Fv2%2Fmedia&parent=25430"}],"wp:term":[{"taxonomy":"category","embeddable":true,"href":"https:\/\/cenal.gob.ve\/index.php?rest_route=%2Fwp%2Fv2%2Fcategories&post=25430"},{"taxonomy":"post_tag","embeddable":true,"href":"https:\/\/cenal.gob.ve\/index.php?rest_route=%2Fwp%2Fv2%2Ftags&post=25430"}],"curies":[{"name":"wp","href":"https:\/\/api.w.org\/{rel}","templated":true}]}}