{"id":25433,"date":"2025-03-20T22:16:57","date_gmt":"2025-03-21T02:16:57","guid":{"rendered":"https:\/\/cenal.gob.ve\/?p=25433"},"modified":"2025-03-20T22:17:02","modified_gmt":"2025-03-21T02:17:02","slug":"filven-llega-a-comunas-de-petare","status":"publish","type":"post","link":"https:\/\/cenal.gob.ve\/?p=25433","title":{"rendered":"Filven llega a comunas de Petare"},"content":{"rendered":"\n<p>Este s\u00e1bado 15 de marzo inici\u00f3 la visita de la Filven Miranda a comunas de Petare, parroquia del municipio Sucre en la que se est\u00e1 efectuando la edici\u00f3n regional n\u00famero 20 de la m\u00e1xima fiesta literaria del pa\u00eds.<\/p>\n\n\n\n<p>El responsable del Plan Mariscal Antonio Jos\u00e9 de Sucre y primer vicepresidente de la Asamblea Nacional (AN), Pedro Infante; la autoridad \u00fanica de Cultura de Miranda, Gabriela Simoza, y el viceministro de Fomento para la Econom\u00eda Cultural y presidente del Centro Nacional del Libro (Cenal), Ra\u00fal Cazal, visitaron la comuna petare\u00f1a \u00c1rbol de las tres ra\u00edces, ubicada en Palo Verde, en la avenida principal La Vega.<\/p>\n\n\n\n<p>Ah\u00ed realizaron una entrega de libros de diferentes g\u00e9neros a la biblioteca de la comuna donados por los ministerios del Poder Popular para la Cultura y de Comunicaci\u00f3n e Informaci\u00f3n, el Fondo Editorial del Ipasme, la editorial Acirema y otros sellos editoriales p\u00fablicos, privados e independientes.<\/p>\n\n\n\n<p>Con este aporte se contribuye a que la comuna \u00c1rbol de las tres ra\u00edces impulse la promoci\u00f3n del libro y la lectura entre los habitantes del sector.<\/p>\n\n\n\n<p>Entre los ejemplares donados se hallan t\u00edtulos como El mar que me regalas, una novela del escritor Jorge Rodr\u00edguez G\u00f3mez, actual presidente de la Asamblea Nacional, editada por Acirema, y El imperio de la vigilancia, del reconocido soci\u00f3logo y periodista espa\u00f1ol Ignacio Ramonet, con una edici\u00f3n del Mippci. Hay tambi\u00e9n obras publicadas por El perro y la rana y Monte \u00c1vila adscritas al Mppc.<\/p>\n\n\n\n<figure class=\"wp-block-image\"><img src=\"https:\/\/filven.com\/wp-content\/uploads\/2025\/03\/IMG_20250315_174359_656-1024x683.jpg\" alt=\"\" class=\"wp-image-21729\"\/><\/figure>\n\n\n\n<p>En el marco de esta visita se present\u00f3 el grupo de baile Danza expresi\u00f3n libre. Integrantes de la comuna bailaron y cantaron al ritmo de la danza nacionalista.<\/p>\n\n\n\n<p>La Filven Miranda busca una participaci\u00f3n masiva llegando a todas las comunas del municipio Sucre, por lo que veh\u00edculos identificados con el logo de la feria estar\u00e1n llevando libros y actividades a cada comunidad durante este fin de semana, de acuerdo con lo informado por Pedro Infante, l\u00edder del Plan Mariscal Antonio Jos\u00e9 de Sucre.<\/p>\n\n\n\n<p><strong>Leer para escribir<\/strong><\/p>\n\n\n\n<p>El viceministro Ra\u00fal Cazal coment\u00f3 que la formaci\u00f3n de escritores comienza por la promoci\u00f3n de la lectura.<\/p>\n\n\n\n<p>\u201cSer escritor o escritora comienza con estos libros. Si se leen, podemos traer a los autores y conversar con las comunidades para ver qu\u00e9 fue lo que vivieron como lectores\u201d, se\u00f1al\u00f3 Cazal entre los integrantes de la comuna.<\/p>\n\n\n\n<p>\u201cCada ventana que se abre con un libro es diferente para cada lector, lo que enriquece la propuesta de un escritor o escritora, que busca transmitir vivencias y su historia para que los lectores puedan tener otras vidas\u201d, afirm\u00f3 Cazal.<\/p>\n\n\n\n<p>El presidente del Cenal indic\u00f3 que en Venezuela se hace una revoluci\u00f3n con libros y Filven es una muestra. \u201cPor eso tenemos la gran conciencia de ser soberanos e independientes, resistiendo ante el bloqueo que nos quieren imponer, gracias a este plan que hemos desarrollado con el Comandante Hugo Ch\u00e1vez y ahora con el presidente Nicol\u00e1s Maduro; continuamos con el Plan Nacional de Lectura\u201d.<\/p>\n","protected":false},"excerpt":{"rendered":"<p>Este s\u00e1bado 15 de marzo inici\u00f3 la visita de la Filven Miranda a comunas de Petare, parroquia del municipio Sucre en la que se est\u00e1 efectuando la edici\u00f3n regional n\u00famero [&hellip;]<\/p>\n","protected":false},"author":10,"featured_media":25434,"comment_status":"open","ping_status":"closed","sticky":false,"template":"","format":"standard","meta":{"spay_email":"","jetpack_publicize_message":"","jetpack_is_tweetstorm":false,"jetpack_publicize_feature_enabled":true},"categories":[2,12],"tags":[],"yoast_head":"<!-- This site is optimized with the Yoast SEO plugin v19.8 - https:\/\/yoast.com\/wordpress\/plugins\/seo\/ -->\n<title>Filven llega a comunas de Petare<\/title>\n<meta name=\"robots\" content=\"index, follow, max-snippet:-1, max-image-preview:large, max-video-preview:-1\" \/>\n<link rel=\"canonical\" href=\"https:\/\/cenal.gob.ve\/?p=25433\" \/>\n<meta property=\"og:locale\" content=\"es_ES\" \/>\n<meta property=\"og:type\" content=\"article\" \/>\n<meta property=\"og:title\" content=\"Filven llega a comunas de Petare\" \/>\n<meta property=\"og:description\" content=\"Este s\u00e1bado 15 de marzo inici\u00f3 la visita de la Filven Miranda a comunas de Petare, parroquia del municipio Sucre en la que se est\u00e1 efectuando la edici\u00f3n regional n\u00famero [&hellip;]\" \/>\n<meta property=\"og:url\" content=\"https:\/\/cenal.gob.ve\/?p=25433\" \/>\n<meta property=\"og:site_name\" content=\"Cenal\" \/>\n<meta property=\"article:published_time\" content=\"2025-03-21T02:16:57+00:00\" \/>\n<meta property=\"article:modified_time\" content=\"2025-03-21T02:17:02+00:00\" \/>\n<meta property=\"og:image\" content=\"http:\/\/cenal.gob.ve\/wp-content\/uploads\/2025\/03\/IMG_20250315_174400_182-1024x683-1.jpg\" \/>\n\t<meta property=\"og:image:width\" content=\"1024\" \/>\n\t<meta property=\"og:image:height\" content=\"683\" \/>\n\t<meta property=\"og:image:type\" content=\"image\/jpeg\" \/>\n<meta name=\"author\" content=\"Prensa Cenal\" \/>\n<meta name=\"twitter:card\" content=\"summary_large_image\" \/>\n<meta name=\"twitter:label1\" content=\"Written by\" \/>\n\t<meta name=\"twitter:data1\" content=\"Prensa Cenal\" \/>\n\t<meta name=\"twitter:label2\" content=\"Est. reading time\" \/>\n\t<meta name=\"twitter:data2\" content=\"3 minutos\" \/>\n<script type=\"application\/ld+json\" class=\"yoast-schema-graph\">{\"@context\":\"https:\/\/schema.org\",\"@graph\":[{\"@type\":\"Article\",\"@id\":\"https:\/\/cenal.gob.ve\/?p=25433#article\",\"isPartOf\":{\"@id\":\"https:\/\/cenal.gob.ve\/?p=25433\"},\"author\":{\"name\":\"Prensa Cenal\",\"@id\":\"https:\/\/cenal.gob.ve\/#\/schema\/person\/e3ed34623f400ffab8bc7a63b2f5533f\"},\"headline\":\"Filven llega a comunas de Petare\",\"datePublished\":\"2025-03-21T02:16:57+00:00\",\"dateModified\":\"2025-03-21T02:17:02+00:00\",\"mainEntityOfPage\":{\"@id\":\"https:\/\/cenal.gob.ve\/?p=25433\"},\"wordCount\":524,\"commentCount\":1,\"publisher\":{\"@id\":\"https:\/\/cenal.gob.ve\/#organization\"},\"articleSection\":[\"Cenal\",\"Filven\"],\"inLanguage\":\"es\",\"potentialAction\":[{\"@type\":\"CommentAction\",\"name\":\"Comment\",\"target\":[\"https:\/\/cenal.gob.ve\/?p=25433#respond\"]}]},{\"@type\":\"WebPage\",\"@id\":\"https:\/\/cenal.gob.ve\/?p=25433\",\"url\":\"https:\/\/cenal.gob.ve\/?p=25433\",\"name\":\"Filven llega a comunas de Petare\",\"isPartOf\":{\"@id\":\"https:\/\/cenal.gob.ve\/#website\"},\"datePublished\":\"2025-03-21T02:16:57+00:00\",\"dateModified\":\"2025-03-21T02:17:02+00:00\",\"breadcrumb\":{\"@id\":\"https:\/\/cenal.gob.ve\/?p=25433#breadcrumb\"},\"inLanguage\":\"es\",\"potentialAction\":[{\"@type\":\"ReadAction\",\"target\":[\"https:\/\/cenal.gob.ve\/?p=25433\"]}]},{\"@type\":\"BreadcrumbList\",\"@id\":\"https:\/\/cenal.gob.ve\/?p=25433#breadcrumb\",\"itemListElement\":[{\"@type\":\"ListItem\",\"position\":1,\"name\":\"Home\",\"item\":\"https:\/\/cenal.gob.ve\/\"},{\"@type\":\"ListItem\",\"position\":2,\"name\":\"Filven llega a comunas de Petare\"}]},{\"@type\":\"WebSite\",\"@id\":\"https:\/\/cenal.gob.ve\/#website\",\"url\":\"https:\/\/cenal.gob.ve\/\",\"name\":\"Cenal\",\"description\":\"\",\"publisher\":{\"@id\":\"https:\/\/cenal.gob.ve\/#organization\"},\"potentialAction\":[{\"@type\":\"SearchAction\",\"target\":{\"@type\":\"EntryPoint\",\"urlTemplate\":\"https:\/\/cenal.gob.ve\/?s={search_term_string}\"},\"query-input\":\"required name=search_term_string\"}],\"inLanguage\":\"es\"},{\"@type\":\"Organization\",\"@id\":\"https:\/\/cenal.gob.ve\/#organization\",\"name\":\"CENAL\",\"url\":\"https:\/\/cenal.gob.ve\/\",\"sameAs\":[],\"logo\":{\"@type\":\"ImageObject\",\"inLanguage\":\"es\",\"@id\":\"https:\/\/cenal.gob.ve\/#\/schema\/logo\/image\/\",\"url\":\"https:\/\/i0.wp.com\/cenal.gob.ve\/wp-content\/uploads\/2022\/10\/cropped-images.jpg?fit=512%2C512\",\"contentUrl\":\"https:\/\/i0.wp.com\/cenal.gob.ve\/wp-content\/uploads\/2022\/10\/cropped-images.jpg?fit=512%2C512\",\"width\":512,\"height\":512,\"caption\":\"CENAL\"},\"image\":{\"@id\":\"https:\/\/cenal.gob.ve\/#\/schema\/logo\/image\/\"}},{\"@type\":\"Person\",\"@id\":\"https:\/\/cenal.gob.ve\/#\/schema\/person\/e3ed34623f400ffab8bc7a63b2f5533f\",\"name\":\"Prensa Cenal\",\"image\":{\"@type\":\"ImageObject\",\"inLanguage\":\"es\",\"@id\":\"https:\/\/cenal.gob.ve\/#\/schema\/person\/image\/\",\"url\":\"https:\/\/secure.gravatar.com\/avatar\/594b4ed34090910c619ac3679001d491?s=96&d=mm&r=g\",\"contentUrl\":\"https:\/\/secure.gravatar.com\/avatar\/594b4ed34090910c619ac3679001d491?s=96&d=mm&r=g\",\"caption\":\"Prensa Cenal\"},\"url\":\"https:\/\/cenal.gob.ve\/?author=10\"}]}<\/script>\n<!-- \/ Yoast SEO plugin. -->","yoast_head_json":{"title":"Filven llega a comunas de Petare","robots":{"index":"index","follow":"follow","max-snippet":"max-snippet:-1","max-image-preview":"max-image-preview:large","max-video-preview":"max-video-preview:-1"},"canonical":"https:\/\/cenal.gob.ve\/?p=25433","og_locale":"es_ES","og_type":"article","og_title":"Filven llega a comunas de Petare","og_description":"Este s\u00e1bado 15 de marzo inici\u00f3 la visita de la Filven Miranda a comunas de Petare, parroquia del municipio Sucre en la que se est\u00e1 efectuando la edici\u00f3n regional n\u00famero [&hellip;]","og_url":"https:\/\/cenal.gob.ve\/?p=25433","og_site_name":"Cenal","article_published_time":"2025-03-21T02:16:57+00:00","article_modified_time":"2025-03-21T02:17:02+00:00","og_image":[{"width":1024,"height":683,"url":"http:\/\/cenal.gob.ve\/wp-content\/uploads\/2025\/03\/IMG_20250315_174400_182-1024x683-1.jpg","type":"image\/jpeg"}],"author":"Prensa Cenal","twitter_card":"summary_large_image","twitter_misc":{"Written by":"Prensa Cenal","Est. reading time":"3 minutos"},"schema":{"@context":"https:\/\/schema.org","@graph":[{"@type":"Article","@id":"https:\/\/cenal.gob.ve\/?p=25433#article","isPartOf":{"@id":"https:\/\/cenal.gob.ve\/?p=25433"},"author":{"name":"Prensa Cenal","@id":"https:\/\/cenal.gob.ve\/#\/schema\/person\/e3ed34623f400ffab8bc7a63b2f5533f"},"headline":"Filven llega a comunas de Petare","datePublished":"2025-03-21T02:16:57+00:00","dateModified":"2025-03-21T02:17:02+00:00","mainEntityOfPage":{"@id":"https:\/\/cenal.gob.ve\/?p=25433"},"wordCount":524,"commentCount":1,"publisher":{"@id":"https:\/\/cenal.gob.ve\/#organization"},"articleSection":["Cenal","Filven"],"inLanguage":"es","potentialAction":[{"@type":"CommentAction","name":"Comment","target":["https:\/\/cenal.gob.ve\/?p=25433#respond"]}]},{"@type":"WebPage","@id":"https:\/\/cenal.gob.ve\/?p=25433","url":"https:\/\/cenal.gob.ve\/?p=25433","name":"Filven llega a comunas de Petare","isPartOf":{"@id":"https:\/\/cenal.gob.ve\/#website"},"datePublished":"2025-03-21T02:16:57+00:00","dateModified":"2025-03-21T02:17:02+00:00","breadcrumb":{"@id":"https:\/\/cenal.gob.ve\/?p=25433#breadcrumb"},"inLanguage":"es","potentialAction":[{"@type":"ReadAction","target":["https:\/\/cenal.gob.ve\/?p=25433"]}]},{"@type":"BreadcrumbList","@id":"https:\/\/cenal.gob.ve\/?p=25433#breadcrumb","itemListElement":[{"@type":"ListItem","position":1,"name":"Home","item":"https:\/\/cenal.gob.ve\/"},{"@type":"ListItem","position":2,"name":"Filven llega a comunas de Petare"}]},{"@type":"WebSite","@id":"https:\/\/cenal.gob.ve\/#website","url":"https:\/\/cenal.gob.ve\/","name":"Cenal","description":"","publisher":{"@id":"https:\/\/cenal.gob.ve\/#organization"},"potentialAction":[{"@type":"SearchAction","target":{"@type":"EntryPoint","urlTemplate":"https:\/\/cenal.gob.ve\/?s={search_term_string}"},"query-input":"required name=search_term_string"}],"inLanguage":"es"},{"@type":"Organization","@id":"https:\/\/cenal.gob.ve\/#organization","name":"CENAL","url":"https:\/\/cenal.gob.ve\/","sameAs":[],"logo":{"@type":"ImageObject","inLanguage":"es","@id":"https:\/\/cenal.gob.ve\/#\/schema\/logo\/image\/","url":"https:\/\/i0.wp.com\/cenal.gob.ve\/wp-content\/uploads\/2022\/10\/cropped-images.jpg?fit=512%2C512","contentUrl":"https:\/\/i0.wp.com\/cenal.gob.ve\/wp-content\/uploads\/2022\/10\/cropped-images.jpg?fit=512%2C512","width":512,"height":512,"caption":"CENAL"},"image":{"@id":"https:\/\/cenal.gob.ve\/#\/schema\/logo\/image\/"}},{"@type":"Person","@id":"https:\/\/cenal.gob.ve\/#\/schema\/person\/e3ed34623f400ffab8bc7a63b2f5533f","name":"Prensa Cenal","image":{"@type":"ImageObject","inLanguage":"es","@id":"https:\/\/cenal.gob.ve\/#\/schema\/person\/image\/","url":"https:\/\/secure.gravatar.com\/avatar\/594b4ed34090910c619ac3679001d491?s=96&d=mm&r=g","contentUrl":"https:\/\/secure.gravatar.com\/avatar\/594b4ed34090910c619ac3679001d491?s=96&d=mm&r=g","caption":"Prensa Cenal"},"url":"https:\/\/cenal.gob.ve\/?author=10"}]}},"jetpack_featured_media_url":"https:\/\/cenal.gob.ve\/wp-content\/uploads\/2025\/03\/IMG_20250315_174400_182-1024x683-1.jpg","jetpack_publicize_connections":[],"jetpack_shortlink":"https:\/\/wp.me\/p5FMhp-6Cd","_links":{"self":[{"href":"https:\/\/cenal.gob.ve\/index.php?rest_route=\/wp\/v2\/posts\/25433"}],"collection":[{"href":"https:\/\/cenal.gob.ve\/index.php?rest_route=\/wp\/v2\/posts"}],"about":[{"href":"https:\/\/cenal.gob.ve\/index.php?rest_route=\/wp\/v2\/types\/post"}],"author":[{"embeddable":true,"href":"https:\/\/cenal.gob.ve\/index.php?rest_route=\/wp\/v2\/users\/10"}],"replies":[{"embeddable":true,"href":"https:\/\/cenal.gob.ve\/index.php?rest_route=%2Fwp%2Fv2%2Fcomments&post=25433"}],"version-history":[{"count":1,"href":"https:\/\/cenal.gob.ve\/index.php?rest_route=\/wp\/v2\/posts\/25433\/revisions"}],"predecessor-version":[{"id":25435,"href":"https:\/\/cenal.gob.ve\/index.php?rest_route=\/wp\/v2\/posts\/25433\/revisions\/25435"}],"wp:featuredmedia":[{"embeddable":true,"href":"https:\/\/cenal.gob.ve\/index.php?rest_route=\/wp\/v2\/media\/25434"}],"wp:attachment":[{"href":"https:\/\/cenal.gob.ve\/index.php?rest_route=%2Fwp%2Fv2%2Fmedia&parent=25433"}],"wp:term":[{"taxonomy":"category","embeddable":true,"href":"https:\/\/cenal.gob.ve\/index.php?rest_route=%2Fwp%2Fv2%2Fcategories&post=25433"},{"taxonomy":"post_tag","embeddable":true,"href":"https:\/\/cenal.gob.ve\/index.php?rest_route=%2Fwp%2Fv2%2Ftags&post=25433"}],"curies":[{"name":"wp","href":"https:\/\/api.w.org\/{rel}","templated":true}]}}