{"id":25469,"date":"2025-04-20T07:01:00","date_gmt":"2025-04-20T11:01:00","guid":{"rendered":"https:\/\/cenal.gob.ve\/?p=25469"},"modified":"2025-04-20T01:45:30","modified_gmt":"2025-04-20T05:45:30","slug":"la-foto-familiar-de-bolivar","status":"publish","type":"post","link":"https:\/\/cenal.gob.ve\/?p=25469","title":{"rendered":"La foto familiar de Bol\u00edvar"},"content":{"rendered":"\n<p class=\"has-drop-cap\">La muerte acecha en cada cap\u00edtulo de <em>Todo llevar\u00e1 su nombre<\/em>, de Ferm\u00edn Go\u00f1i, en donde toma pulso de cada latido de los \u00faltimos d\u00edas del Libertador Sim\u00f3n Bol\u00edvar, pero tambi\u00e9n es su paso por la vida en un tiempo en que no repar\u00f3 ni se detuvo por su salud. Fue un mal enfermo que se autodiagnostic\u00f3 y se rehus\u00f3 a las curas.<\/p>\n\n\n\n<p>Una de las escenas iniciales es la \u201cfamilia\u201d de Bol\u00edvar, que presentan a una esclava en Santa Marta. Ella desconoce que es libre, porque quienes est\u00e1n con el Libertador, son libres, y ella quiere ser parte de la familia \u2014y lo consigue con sus cuidos y rezos\u2014.<\/p>\n\n\n\n<p>Vivi\u00f3 las angustias de las horas pasar sin mejoras del enfermo con la familia que se hab\u00eda reducido a la cocinera Fernanda Barriga, el mayordomo Jos\u00e9 Palacios, su sobrino el teniente Fernando Bol\u00edvar, los edecanes el coronel Belford Hinton Wilson y \u201cel capit\u00e1n Andr\u00e9s Ibarra, el coronel Jos\u00e9 de la Cruz Paredes, el capit\u00e1n de su guardia personal Lucas Mel\u00e9ndez, el auditor de guerra Manuel P\u00e9rez de Recuero, el comandante y comerciante canadiense John Glenn y los generales Mariano Montilla, Jos\u00e9 Mar\u00eda Carre\u00f1o y Jos\u00e9 Laurencio Silva\u201d.<\/p>\n\n\n\n<p>Falt\u00f3 el general irland\u00e9s Daniel Florencio O\u2019Leary para completar el cuadro familiar. Hay muchos m\u00e1s hombres y mujeres que debieron estar en esa pintura de Antonio Herrera Toro, como Manuela S\u00e1enz, Rafael Urdaneta, entre otros, que lo acompa\u00f1aron en batallas y tambi\u00e9n con \u00e9l pasaron a la eternidad. En la foto de Ferm\u00edn Go\u00f1i est\u00e1n en el relato de la vida y angustias finales de Bol\u00edvar.<\/p>\n\n\n\n<figure class=\"wp-block-image size-large\"><img width=\"639\" height=\"1024\" src=\"http:\/\/cenal.gob.ve\/wp-content\/uploads\/2025\/04\/Todo-llevara\u0301-su-nombre-639x1024.jpg\" alt=\"\" class=\"wp-image-25467\" srcset=\"https:\/\/cenal.gob.ve\/wp-content\/uploads\/2025\/04\/Todo-llevara\u0301-su-nombre-639x1024.jpg 639w, https:\/\/cenal.gob.ve\/wp-content\/uploads\/2025\/04\/Todo-llevara\u0301-su-nombre-187x300.jpg 187w, https:\/\/cenal.gob.ve\/wp-content\/uploads\/2025\/04\/Todo-llevara\u0301-su-nombre-640x1025.jpg 640w, https:\/\/cenal.gob.ve\/wp-content\/uploads\/2025\/04\/Todo-llevara\u0301-su-nombre.jpg 749w\" sizes=\"(max-width: 639px) 100vw, 639px\" \/><\/figure>\n\n\n\n<p>Go\u00f1i toma una foto de esta familia y la pone en movimiento, pero en clave de novela, para presentar a un Bol\u00edvar a trav\u00e9s de los ojos, o\u00eddos y manos del m\u00e9dico franc\u00e9s, que acababa de cumplir 34 a\u00f1os, Alejandro Pr\u00f3spero Reverend, quien conoci\u00f3 de primera mano las historias sobre el Libertador por quienes lo acompa\u00f1aron y fue protagonista de la hora final.<\/p>\n\n\n\n<p>Mientras el doctor intenta conseguir el medicamento para la cura del paciente llega el teniente coronel Francisco de Miranda \u2014hijo menor del General\u00edsimo\u2014 con unas botellas de vino, de las que le gustaba a Bol\u00edvar, pero es mal momento para beber y celebrar.<\/p>\n\n\n\n<p>La novela avanza con los d\u00edas. Por un momento pareciera que los n\u00fameros de los cap\u00edtulos son los mismos de los d\u00edas, pero Go\u00f1i, escritor de novelas negras, que participa activamente la semana negra de Gij\u00f3n \u2014a veces como jurado\u2014, convierte la historia en una de intriga en donde el lector pasa a formar parte de la vida familiar de Bol\u00edvar, que no quiere que avancen los cap\u00edtulos, pero es inevitable, as\u00ed como la vida contin\u00faa, tambi\u00e9n la lectura.<\/p>\n\n\n\n<p>Sobre Bol\u00edvar hay varias biograf\u00edas e innumerables documentos que a lo largo del tiempo fueron recuperados. A principios de la d\u00e9cada de los noventa, un grupo de poetas que dirig\u00edan la extinta revista de <em>Kuaimare<\/em>, me preguntaron qu\u00e9 libro recomendaba. Sin cortapisas le dije <em>El general en su laberinto<\/em>, de Gabriel Garc\u00eda M\u00e1rquez.<\/p>\n\n\n\n<p>Se asombraron que alguien a estas alturas de la vida recomendara al Gabo, pero sobre todo porque se trataba de Bol\u00edvar. Era la \u00e9poca en que los h\u00e9roes no deb\u00edan ser h\u00e9roes, era el tiempo del \u201cfin de la historia\u201d.&nbsp;<\/p>\n\n\n\n<p>Recuerdo el d\u00eda en que un amigo hace un par de a\u00f1os me dijo con sorpresa, mientras sacaba de su mochila el libro <em>El vuelo del alcatraz,<\/em> de Francisco Herrera Luque, que por qu\u00e9 no hab\u00eda le\u00eddo antes esta novela.&nbsp;<\/p>\n\n\n\n<p>Herrera Luque falleci\u00f3 en 1991 y esa fue una de sus obras que ver\u00eda la luz casi a final de milenio<em>. <\/em>Ambas novelas hist\u00f3ricas contrastan m\u00e1s all\u00e1 de lo literario. La del laberinto muestra a un h\u00e9roe que lo espera un destino; en la del vuelo, Bol\u00edvar es visto desde las dimensiones del h\u00e9roe y, a veces, de antih\u00e9roe, al punto que no tiene remedio.&nbsp;<\/p>\n\n\n\n<p>Ferm\u00edn Go\u00f1i advierte en varias oportunidades en <em>Todo llevar\u00e1 su nombre<\/em> el \u201claberinto\u201d del Libertador, pero no como palabra final ni como destino. La muerte es un tr\u00e1nsito inevitable y, en el caso de Sim\u00f3n Bol\u00edvar, previsible, m\u00e1s si se ve con los ojos de un m\u00e9dico; pero la familia, incluido el franc\u00e9s, saben de la grandeza de un hombre que se les escapa de la vida y que va a despertar \u201ccuando despierta el pueblo\u201d.<\/p>\n","protected":false},"excerpt":{"rendered":"<p>La muerte acecha en cada cap\u00edtulo de Todo llevar\u00e1 su nombre, de Ferm\u00edn Go\u00f1i, en donde toma pulso de cada latido de los \u00faltimos d\u00edas del Libertador Sim\u00f3n Bol\u00edvar, pero [&hellip;]<\/p>\n","protected":false},"author":9,"featured_media":25466,"comment_status":"open","ping_status":"open","sticky":false,"template":"","format":"standard","meta":{"spay_email":"","jetpack_publicize_message":"","jetpack_is_tweetstorm":false,"jetpack_publicize_feature_enabled":true},"categories":[53,69],"tags":[233],"yoast_head":"<!-- This site is optimized with the Yoast SEO plugin v19.8 - https:\/\/yoast.com\/wordpress\/plugins\/seo\/ -->\n<title>La foto familiar de Bol\u00edvar<\/title>\n<meta name=\"description\" content=\"La muerte acecha en cada cap\u00edtulo de Todo llevar\u00e1 su nombre, de Ferm\u00edn Go\u00f1i, en donde toma pulso de cada latido de los \u00faltimos d\u00edas del Libertador Sim\u00f3n Bol\u00edvar, pero tambi\u00e9n es su paso por la vida en un tiempo en que no repar\u00f3 ni se detuvo por su salud. Fue un mal enfermo que se autodiagnostic\u00f3 y se rehus\u00f3 a las curas.\" \/>\n<meta name=\"robots\" content=\"index, follow, max-snippet:-1, max-image-preview:large, max-video-preview:-1\" \/>\n<link rel=\"canonical\" href=\"https:\/\/cenal.gob.ve\/?p=25469\" \/>\n<meta property=\"og:locale\" content=\"es_ES\" \/>\n<meta property=\"og:type\" content=\"article\" \/>\n<meta property=\"og:title\" content=\"La foto familiar de Bol\u00edvar | Ra\u00fal Cazal\" \/>\n<meta property=\"og:description\" content=\"La muerte acecha en cada cap\u00edtulo de Todo llevar\u00e1 su nombre, de Ferm\u00edn Go\u00f1i, en donde toma pulso de cada latido de los \u00faltimos d\u00edas del Libertador Sim\u00f3n Bol\u00edvar, pero tambi\u00e9n es su paso por la vida en un tiempo en que no repar\u00f3 ni se detuvo por su salud. Fue un mal enfermo que se autodiagnostic\u00f3 y se rehus\u00f3 a las curas.\" \/>\n<meta property=\"og:url\" content=\"https:\/\/cenal.gob.ve\/?p=25469\" \/>\n<meta property=\"og:site_name\" content=\"Cenal\" \/>\n<meta property=\"article:published_time\" content=\"2025-04-20T11:01:00+00:00\" \/>\n<meta property=\"article:modified_time\" content=\"2025-04-20T05:45:30+00:00\" \/>\n<meta property=\"og:image\" content=\"https:\/\/i0.wp.com\/cenal.gob.ve\/wp-content\/uploads\/2025\/04\/Todo-llevara\u0301-su-nombre.jpg?fit=749%2C1200&ssl=1\" \/>\n\t<meta property=\"og:image:width\" content=\"749\" \/>\n\t<meta property=\"og:image:height\" content=\"1200\" \/>\n\t<meta property=\"og:image:type\" content=\"image\/jpeg\" \/>\n<meta name=\"author\" content=\"Ra\u00fal Cazal\" \/>\n<meta name=\"twitter:card\" content=\"summary_large_image\" \/>\n<meta name=\"twitter:title\" content=\"La foto familiar de Bol\u00edvar | Ra\u00fal Cazal\" \/>\n<meta name=\"twitter:description\" content=\"La muerte acecha en cada cap\u00edtulo de Todo llevar\u00e1 su nombre, de Ferm\u00edn Go\u00f1i, en donde toma pulso de cada latido de los \u00faltimos d\u00edas del Libertador Sim\u00f3n Bol\u00edvar, pero tambi\u00e9n es su paso por la vida en un tiempo en que no repar\u00f3 ni se detuvo por su salud. Fue un mal enfermo que se autodiagnostic\u00f3 y se rehus\u00f3 a las curas.\" \/>\n<meta name=\"twitter:image\" content=\"https:\/\/cenal.gob.ve\/wp-content\/uploads\/2025\/04\/Todo-llevara\u0301-su-nombre.jpg\" \/>\n<meta name=\"twitter:label1\" content=\"Written by\" \/>\n\t<meta name=\"twitter:data1\" content=\"Ra\u00fal Cazal\" \/>\n\t<meta name=\"twitter:label2\" content=\"Est. reading time\" \/>\n\t<meta name=\"twitter:data2\" content=\"4 minutos\" \/>\n<script type=\"application\/ld+json\" class=\"yoast-schema-graph\">{\"@context\":\"https:\/\/schema.org\",\"@graph\":[{\"@type\":\"Article\",\"@id\":\"https:\/\/cenal.gob.ve\/?p=25469#article\",\"isPartOf\":{\"@id\":\"https:\/\/cenal.gob.ve\/?p=25469\"},\"author\":{\"name\":\"Ra\u00fal Cazal\",\"@id\":\"https:\/\/cenal.gob.ve\/#\/schema\/person\/a6db8b0bfca231546dc925c41aead319\"},\"headline\":\"La foto familiar de Bol\u00edvar\",\"datePublished\":\"2025-04-20T11:01:00+00:00\",\"dateModified\":\"2025-04-20T05:45:30+00:00\",\"mainEntityOfPage\":{\"@id\":\"https:\/\/cenal.gob.ve\/?p=25469\"},\"wordCount\":807,\"commentCount\":2,\"publisher\":{\"@id\":\"https:\/\/cenal.gob.ve\/#organization\"},\"keywords\":[\"novela hist\u00f3rica\"],\"articleSection\":[\"Lecturas\",\"Ojo por hoja\"],\"inLanguage\":\"es\",\"potentialAction\":[{\"@type\":\"CommentAction\",\"name\":\"Comment\",\"target\":[\"https:\/\/cenal.gob.ve\/?p=25469#respond\"]}]},{\"@type\":\"WebPage\",\"@id\":\"https:\/\/cenal.gob.ve\/?p=25469\",\"url\":\"https:\/\/cenal.gob.ve\/?p=25469\",\"name\":\"La foto familiar de Bol\u00edvar\",\"isPartOf\":{\"@id\":\"https:\/\/cenal.gob.ve\/#website\"},\"datePublished\":\"2025-04-20T11:01:00+00:00\",\"dateModified\":\"2025-04-20T05:45:30+00:00\",\"description\":\"La muerte acecha en cada cap\u00edtulo de Todo llevar\u00e1 su nombre, de Ferm\u00edn Go\u00f1i, en donde toma pulso de cada latido de los \u00faltimos d\u00edas del Libertador Sim\u00f3n Bol\u00edvar, pero tambi\u00e9n es su paso por la vida en un tiempo en que no repar\u00f3 ni se detuvo por su salud. Fue un mal enfermo que se autodiagnostic\u00f3 y se rehus\u00f3 a las curas.\",\"breadcrumb\":{\"@id\":\"https:\/\/cenal.gob.ve\/?p=25469#breadcrumb\"},\"inLanguage\":\"es\",\"potentialAction\":[{\"@type\":\"ReadAction\",\"target\":[\"https:\/\/cenal.gob.ve\/?p=25469\"]}]},{\"@type\":\"BreadcrumbList\",\"@id\":\"https:\/\/cenal.gob.ve\/?p=25469#breadcrumb\",\"itemListElement\":[{\"@type\":\"ListItem\",\"position\":1,\"name\":\"Home\",\"item\":\"https:\/\/cenal.gob.ve\/\"},{\"@type\":\"ListItem\",\"position\":2,\"name\":\"La foto familiar de Bol\u00edvar\"}]},{\"@type\":\"WebSite\",\"@id\":\"https:\/\/cenal.gob.ve\/#website\",\"url\":\"https:\/\/cenal.gob.ve\/\",\"name\":\"Cenal\",\"description\":\"\",\"publisher\":{\"@id\":\"https:\/\/cenal.gob.ve\/#organization\"},\"potentialAction\":[{\"@type\":\"SearchAction\",\"target\":{\"@type\":\"EntryPoint\",\"urlTemplate\":\"https:\/\/cenal.gob.ve\/?s={search_term_string}\"},\"query-input\":\"required name=search_term_string\"}],\"inLanguage\":\"es\"},{\"@type\":\"Organization\",\"@id\":\"https:\/\/cenal.gob.ve\/#organization\",\"name\":\"CENAL\",\"url\":\"https:\/\/cenal.gob.ve\/\",\"sameAs\":[],\"logo\":{\"@type\":\"ImageObject\",\"inLanguage\":\"es\",\"@id\":\"https:\/\/cenal.gob.ve\/#\/schema\/logo\/image\/\",\"url\":\"https:\/\/i0.wp.com\/cenal.gob.ve\/wp-content\/uploads\/2022\/10\/cropped-images.jpg?fit=512%2C512\",\"contentUrl\":\"https:\/\/i0.wp.com\/cenal.gob.ve\/wp-content\/uploads\/2022\/10\/cropped-images.jpg?fit=512%2C512\",\"width\":512,\"height\":512,\"caption\":\"CENAL\"},\"image\":{\"@id\":\"https:\/\/cenal.gob.ve\/#\/schema\/logo\/image\/\"}},{\"@type\":\"Person\",\"@id\":\"https:\/\/cenal.gob.ve\/#\/schema\/person\/a6db8b0bfca231546dc925c41aead319\",\"name\":\"Ra\u00fal Cazal\",\"image\":{\"@type\":\"ImageObject\",\"inLanguage\":\"es\",\"@id\":\"https:\/\/cenal.gob.ve\/#\/schema\/person\/image\/\",\"url\":\"https:\/\/secure.gravatar.com\/avatar\/efcec262923fa6cdb1746d5c7c9fb742?s=96&d=mm&r=g\",\"contentUrl\":\"https:\/\/secure.gravatar.com\/avatar\/efcec262923fa6cdb1746d5c7c9fb742?s=96&d=mm&r=g\",\"caption\":\"Ra\u00fal Cazal\"},\"description\":\"Escritor, periodista y editor. Presidente del Centro Nacional del Libro desde noviembre de 2018. En febrero de 2019 asume la Direcci\u00f3n General de la Fundaci\u00f3n Editorial El perro y la rana y en agosto es nombrado Viceministro de Fomento para la Econom\u00eda Cultural. Es autor de los libros\u00a0de cuentos El bolero se baila pegadito (1988), Todo tiene su final (1992) y de poes\u00eda Algunas cuestiones sin importancia (1994). Es coautor con Freddy Fern\u00e1ndez del ensayo A qui\u00e9n le importa la opini\u00f3n de un ciego (2006). Gracias, medios de comunicaci\u00f3n (2018) fue merecedor del Premio Nacional de Periodismo en 2019, menci\u00f3n Libro. Actualmente dirige y conduce Las formas del libro.\",\"url\":\"https:\/\/cenal.gob.ve\/?author=9\"}]}<\/script>\n<!-- \/ Yoast SEO plugin. -->","yoast_head_json":{"title":"La foto familiar de Bol\u00edvar","description":"La muerte acecha en cada cap\u00edtulo de Todo llevar\u00e1 su nombre, de Ferm\u00edn Go\u00f1i, en donde toma pulso de cada latido de los \u00faltimos d\u00edas del Libertador Sim\u00f3n Bol\u00edvar, pero tambi\u00e9n es su paso por la vida en un tiempo en que no repar\u00f3 ni se detuvo por su salud. Fue un mal enfermo que se autodiagnostic\u00f3 y se rehus\u00f3 a las curas.","robots":{"index":"index","follow":"follow","max-snippet":"max-snippet:-1","max-image-preview":"max-image-preview:large","max-video-preview":"max-video-preview:-1"},"canonical":"https:\/\/cenal.gob.ve\/?p=25469","og_locale":"es_ES","og_type":"article","og_title":"La foto familiar de Bol\u00edvar | Ra\u00fal Cazal","og_description":"La muerte acecha en cada cap\u00edtulo de Todo llevar\u00e1 su nombre, de Ferm\u00edn Go\u00f1i, en donde toma pulso de cada latido de los \u00faltimos d\u00edas del Libertador Sim\u00f3n Bol\u00edvar, pero tambi\u00e9n es su paso por la vida en un tiempo en que no repar\u00f3 ni se detuvo por su salud. Fue un mal enfermo que se autodiagnostic\u00f3 y se rehus\u00f3 a las curas.","og_url":"https:\/\/cenal.gob.ve\/?p=25469","og_site_name":"Cenal","article_published_time":"2025-04-20T11:01:00+00:00","article_modified_time":"2025-04-20T05:45:30+00:00","og_image":[{"width":749,"height":1200,"url":"https:\/\/i0.wp.com\/cenal.gob.ve\/wp-content\/uploads\/2025\/04\/Todo-llevara\u0301-su-nombre.jpg?fit=749%2C1200&ssl=1","type":"image\/jpeg"}],"author":"Ra\u00fal Cazal","twitter_card":"summary_large_image","twitter_title":"La foto familiar de Bol\u00edvar | Ra\u00fal Cazal","twitter_description":"La muerte acecha en cada cap\u00edtulo de Todo llevar\u00e1 su nombre, de Ferm\u00edn Go\u00f1i, en donde toma pulso de cada latido de los \u00faltimos d\u00edas del Libertador Sim\u00f3n Bol\u00edvar, pero tambi\u00e9n es su paso por la vida en un tiempo en que no repar\u00f3 ni se detuvo por su salud. Fue un mal enfermo que se autodiagnostic\u00f3 y se rehus\u00f3 a las curas.","twitter_image":"https:\/\/cenal.gob.ve\/wp-content\/uploads\/2025\/04\/Todo-llevara\u0301-su-nombre.jpg","twitter_misc":{"Written by":"Ra\u00fal Cazal","Est. reading time":"4 minutos"},"schema":{"@context":"https:\/\/schema.org","@graph":[{"@type":"Article","@id":"https:\/\/cenal.gob.ve\/?p=25469#article","isPartOf":{"@id":"https:\/\/cenal.gob.ve\/?p=25469"},"author":{"name":"Ra\u00fal Cazal","@id":"https:\/\/cenal.gob.ve\/#\/schema\/person\/a6db8b0bfca231546dc925c41aead319"},"headline":"La foto familiar de Bol\u00edvar","datePublished":"2025-04-20T11:01:00+00:00","dateModified":"2025-04-20T05:45:30+00:00","mainEntityOfPage":{"@id":"https:\/\/cenal.gob.ve\/?p=25469"},"wordCount":807,"commentCount":2,"publisher":{"@id":"https:\/\/cenal.gob.ve\/#organization"},"keywords":["novela hist\u00f3rica"],"articleSection":["Lecturas","Ojo por hoja"],"inLanguage":"es","potentialAction":[{"@type":"CommentAction","name":"Comment","target":["https:\/\/cenal.gob.ve\/?p=25469#respond"]}]},{"@type":"WebPage","@id":"https:\/\/cenal.gob.ve\/?p=25469","url":"https:\/\/cenal.gob.ve\/?p=25469","name":"La foto familiar de Bol\u00edvar","isPartOf":{"@id":"https:\/\/cenal.gob.ve\/#website"},"datePublished":"2025-04-20T11:01:00+00:00","dateModified":"2025-04-20T05:45:30+00:00","description":"La muerte acecha en cada cap\u00edtulo de Todo llevar\u00e1 su nombre, de Ferm\u00edn Go\u00f1i, en donde toma pulso de cada latido de los \u00faltimos d\u00edas del Libertador Sim\u00f3n Bol\u00edvar, pero tambi\u00e9n es su paso por la vida en un tiempo en que no repar\u00f3 ni se detuvo por su salud. Fue un mal enfermo que se autodiagnostic\u00f3 y se rehus\u00f3 a las curas.","breadcrumb":{"@id":"https:\/\/cenal.gob.ve\/?p=25469#breadcrumb"},"inLanguage":"es","potentialAction":[{"@type":"ReadAction","target":["https:\/\/cenal.gob.ve\/?p=25469"]}]},{"@type":"BreadcrumbList","@id":"https:\/\/cenal.gob.ve\/?p=25469#breadcrumb","itemListElement":[{"@type":"ListItem","position":1,"name":"Home","item":"https:\/\/cenal.gob.ve\/"},{"@type":"ListItem","position":2,"name":"La foto familiar de Bol\u00edvar"}]},{"@type":"WebSite","@id":"https:\/\/cenal.gob.ve\/#website","url":"https:\/\/cenal.gob.ve\/","name":"Cenal","description":"","publisher":{"@id":"https:\/\/cenal.gob.ve\/#organization"},"potentialAction":[{"@type":"SearchAction","target":{"@type":"EntryPoint","urlTemplate":"https:\/\/cenal.gob.ve\/?s={search_term_string}"},"query-input":"required name=search_term_string"}],"inLanguage":"es"},{"@type":"Organization","@id":"https:\/\/cenal.gob.ve\/#organization","name":"CENAL","url":"https:\/\/cenal.gob.ve\/","sameAs":[],"logo":{"@type":"ImageObject","inLanguage":"es","@id":"https:\/\/cenal.gob.ve\/#\/schema\/logo\/image\/","url":"https:\/\/i0.wp.com\/cenal.gob.ve\/wp-content\/uploads\/2022\/10\/cropped-images.jpg?fit=512%2C512","contentUrl":"https:\/\/i0.wp.com\/cenal.gob.ve\/wp-content\/uploads\/2022\/10\/cropped-images.jpg?fit=512%2C512","width":512,"height":512,"caption":"CENAL"},"image":{"@id":"https:\/\/cenal.gob.ve\/#\/schema\/logo\/image\/"}},{"@type":"Person","@id":"https:\/\/cenal.gob.ve\/#\/schema\/person\/a6db8b0bfca231546dc925c41aead319","name":"Ra\u00fal Cazal","image":{"@type":"ImageObject","inLanguage":"es","@id":"https:\/\/cenal.gob.ve\/#\/schema\/person\/image\/","url":"https:\/\/secure.gravatar.com\/avatar\/efcec262923fa6cdb1746d5c7c9fb742?s=96&d=mm&r=g","contentUrl":"https:\/\/secure.gravatar.com\/avatar\/efcec262923fa6cdb1746d5c7c9fb742?s=96&d=mm&r=g","caption":"Ra\u00fal Cazal"},"description":"Escritor, periodista y editor. Presidente del Centro Nacional del Libro desde noviembre de 2018. En febrero de 2019 asume la Direcci\u00f3n General de la Fundaci\u00f3n Editorial El perro y la rana y en agosto es nombrado Viceministro de Fomento para la Econom\u00eda Cultural. Es autor de los libros\u00a0de cuentos El bolero se baila pegadito (1988), Todo tiene su final (1992) y de poes\u00eda Algunas cuestiones sin importancia (1994). Es coautor con Freddy Fern\u00e1ndez del ensayo A qui\u00e9n le importa la opini\u00f3n de un ciego (2006). Gracias, medios de comunicaci\u00f3n (2018) fue merecedor del Premio Nacional de Periodismo en 2019, menci\u00f3n Libro. Actualmente dirige y conduce Las formas del libro.","url":"https:\/\/cenal.gob.ve\/?author=9"}]}},"jetpack_featured_media_url":"https:\/\/cenal.gob.ve\/wp-content\/uploads\/2025\/04\/Todo-llevara\u0301-su-nombre-Boli\u0301var.jpg","jetpack_publicize_connections":[],"jetpack_shortlink":"https:\/\/wp.me\/p5FMhp-6CN","_links":{"self":[{"href":"https:\/\/cenal.gob.ve\/index.php?rest_route=\/wp\/v2\/posts\/25469"}],"collection":[{"href":"https:\/\/cenal.gob.ve\/index.php?rest_route=\/wp\/v2\/posts"}],"about":[{"href":"https:\/\/cenal.gob.ve\/index.php?rest_route=\/wp\/v2\/types\/post"}],"author":[{"embeddable":true,"href":"https:\/\/cenal.gob.ve\/index.php?rest_route=\/wp\/v2\/users\/9"}],"replies":[{"embeddable":true,"href":"https:\/\/cenal.gob.ve\/index.php?rest_route=%2Fwp%2Fv2%2Fcomments&post=25469"}],"version-history":[{"count":1,"href":"https:\/\/cenal.gob.ve\/index.php?rest_route=\/wp\/v2\/posts\/25469\/revisions"}],"predecessor-version":[{"id":25470,"href":"https:\/\/cenal.gob.ve\/index.php?rest_route=\/wp\/v2\/posts\/25469\/revisions\/25470"}],"wp:featuredmedia":[{"embeddable":true,"href":"https:\/\/cenal.gob.ve\/index.php?rest_route=\/wp\/v2\/media\/25466"}],"wp:attachment":[{"href":"https:\/\/cenal.gob.ve\/index.php?rest_route=%2Fwp%2Fv2%2Fmedia&parent=25469"}],"wp:term":[{"taxonomy":"category","embeddable":true,"href":"https:\/\/cenal.gob.ve\/index.php?rest_route=%2Fwp%2Fv2%2Fcategories&post=25469"},{"taxonomy":"post_tag","embeddable":true,"href":"https:\/\/cenal.gob.ve\/index.php?rest_route=%2Fwp%2Fv2%2Ftags&post=25469"}],"curies":[{"name":"wp","href":"https:\/\/api.w.org\/{rel}","templated":true}]}}