{"id":25557,"date":"2025-04-26T18:25:12","date_gmt":"2025-04-26T22:25:12","guid":{"rendered":"https:\/\/cenal.gob.ve\/?p=25557"},"modified":"2025-04-26T18:25:16","modified_gmt":"2025-04-26T22:25:16","slug":"happy-la-primera-novela-sobre-un-gaitero-venezolano-llega-a-la-filbo-2025","status":"publish","type":"post","link":"https:\/\/cenal.gob.ve\/?p=25557","title":{"rendered":"&#8220;Happy&#8221;, la primera novela sobre un gaitero venezolano llega a la FilBo 2025"},"content":{"rendered":"\n<p>La tarde de este s\u00e1bado, se present\u00f3 en la 37.\u00aa Feria Internacional del Libro de Bogot\u00e1 (FilBo) la novela &#8220;Happy&#8221; del escritor, comunicador y fil\u00f3sofo venezolano Miguel \u00c1ngel P\u00e9rez Pirela, una obra coeditada por Monte \u00c1vila Editores y La Iguana Ediciones.<\/p>\n\n\n\n<p>&#8220;Quiz\u00e1s estemos frente a la primera novela sobre un gaitero&#8221;, afirm\u00f3 P\u00e9rez Pirela.<\/p>\n\n\n\n<figure class=\"wp-block-image size-large\"><img width=\"1024\" height=\"682\" src=\"https:\/\/cenal.gob.ve\/wp-content\/uploads\/2025\/04\/1000043542-1024x682.jpg\" alt=\"\" class=\"wp-image-25561\" srcset=\"https:\/\/cenal.gob.ve\/wp-content\/uploads\/2025\/04\/1000043542-1024x682.jpg 1024w, https:\/\/cenal.gob.ve\/wp-content\/uploads\/2025\/04\/1000043542-300x200.jpg 300w, https:\/\/cenal.gob.ve\/wp-content\/uploads\/2025\/04\/1000043542-768x512.jpg 768w, https:\/\/cenal.gob.ve\/wp-content\/uploads\/2025\/04\/1000043542-640x427.jpg 640w, https:\/\/cenal.gob.ve\/wp-content\/uploads\/2025\/04\/1000043542.jpg 1280w\" sizes=\"(max-width: 1024px) 100vw, 1024px\" \/><\/figure>\n\n\n\n<p>A\u00f1adi\u00f3 que &#8220;la gaita zuliana es una m\u00fasica de amor que abarca diferentes tipos de amor: a la Virgen de Chiquinquir\u00e1 (Chinita), a quien, por cierto, compartimos con Colombia. Entonces, ya eso tiene una visi\u00f3n mucho m\u00e1s grande: Venezuela es Colombia y es nuestra Am\u00e9rica&#8221;, dijo el escrito oriundo del estado Zulia.<\/p>\n\n\n\n<p>P\u00e9rez Pirela se\u00f1al\u00f3 que esta obra podr\u00eda considerarse colombovenezolana, ya que una parte significativa de la trama transcurre en el desierto de La Guajira, aunque la mayor\u00eda del relato se desarrolla en Maracaibo.<\/p>\n\n\n\n<p> <strong>La tristeza en coexistencia con la alegr\u00eda<\/strong><\/p>\n\n\n\n<p>El autor explic\u00f3 que gran parte de la literatura amorosa est\u00e1 definida por el dolor de la separaci\u00f3n.<\/p>\n\n\n\n<p>En su novela, de 230 p\u00e1ginas, P\u00e9rez Pirela cuenta la historia de un gaitero y su hijo, quienes fueron abandonados debido a un amor no correspondido.<\/p>\n\n\n\n<p>La persona que ama el protagonista de la novela est\u00e1 enamorada de otra. Esto desencadena en \u00e9l desamor y la obstinaci\u00f3n que puede manifestar una persona enamorada, incluso cuando su afecto no es rec\u00edproco.<\/p>\n\n\n\n<p>Esta novela constituye un sentido homenaje a mam\u00e1 Fidelia, la madre de Happy, personaje con el cual inicia esta historia.<\/p>\n\n\n\n<p>Pero, adem\u00e1s, la pieza literaria aborda la riqueza que hay en medio de la pobreza, aport\u00e1ndole las caracter\u00edsticas propias de las familias caribe\u00f1as y de la venezolana, especialmente la de los a\u00f1os 50, que pese a las dificultades no dejan de priorizar la alegr\u00eda, el baile, las aventuras en las matas de mam\u00f3n.<\/p>\n\n\n\n<figure class=\"wp-block-image size-large\"><img width=\"1024\" height=\"682\" src=\"https:\/\/cenal.gob.ve\/wp-content\/uploads\/2025\/04\/1000043537-1024x682.jpg\" alt=\"\" class=\"wp-image-25562\" srcset=\"https:\/\/cenal.gob.ve\/wp-content\/uploads\/2025\/04\/1000043537-1024x682.jpg 1024w, https:\/\/cenal.gob.ve\/wp-content\/uploads\/2025\/04\/1000043537-300x200.jpg 300w, https:\/\/cenal.gob.ve\/wp-content\/uploads\/2025\/04\/1000043537-768x512.jpg 768w, https:\/\/cenal.gob.ve\/wp-content\/uploads\/2025\/04\/1000043537-640x427.jpg 640w, https:\/\/cenal.gob.ve\/wp-content\/uploads\/2025\/04\/1000043537.jpg 1280w\" sizes=\"(max-width: 1024px) 100vw, 1024px\" \/><\/figure>\n\n\n\n<p>En ese sentido, el autor rescata la perspectiva de que la pobreza en los pa\u00edses del Caribe se vive de una manera distinta.<\/p>\n\n\n\n<p>Se presenta al personaje principal de la novela como alguien con una naturaleza intrincada, donde una tristeza intensa coexiste con una alegr\u00eda igualmente profunda, una dualidad que se dice es t\u00edpica de las personas del Caribe.<\/p>\n\n\n\n<p> <strong>Escritor con m\u00fasica en las venas<\/strong><\/p>\n\n\n\n<p>P\u00e9rez Pirela es m\u00fasico desde peque\u00f1o y ha explorado este arte a trav\u00e9s del canto, viajando por el mundo. Estudi\u00f3 viol\u00edn y saxof\u00f3n. Proviene de una familia con una fuerte tradici\u00f3n gaitera.<\/p>\n\n\n\n<p>&#8220;Una de las grandes b\u00fasquedas literarias ha sido la m\u00fasica en las letras. Todo poema, toda poes\u00eda, pero tambi\u00e9n toda narrativa en s\u00ed, es un ritmo musical&#8221;, detall\u00f3 P\u00e9rez Pirela.<\/p>\n\n\n\n<p>Coment\u00f3 que a pesar de ser su novela m\u00e1s reciente, es la que trata sobre su infancia.<\/p>\n\n\n\n<p>&#8220;Tard\u00e9 en escribirla poco, menos de un a\u00f1o&#8221;, expres\u00f3 el autor zuliano.<\/p>\n\n\n\n<p>&#8220;Es una novela que se me hizo muy sencilla de escribir, porque tuve que recoger muchas memorias e interrogar a Happy, mi padre&#8221;, cont\u00f3 P\u00e9rez Pirela.<\/p>\n\n\n\n<p>Este t\u00edtulo est\u00e1 disponible en el estand de Venezuela en la FilBo. La programaci\u00f3n completa Venezuela en esta feria puede descargarse en www.cenal.gob.ve.<\/p>\n\n\n\n<figure class=\"wp-block-image size-large is-resized\"><img src=\"https:\/\/cenal.gob.ve\/wp-content\/uploads\/2025\/04\/1000043539-1024x682.jpg\" alt=\"\" class=\"wp-image-25559\" width=\"401\" height=\"266\" srcset=\"https:\/\/cenal.gob.ve\/wp-content\/uploads\/2025\/04\/1000043539-1024x682.jpg 1024w, https:\/\/cenal.gob.ve\/wp-content\/uploads\/2025\/04\/1000043539-300x200.jpg 300w, https:\/\/cenal.gob.ve\/wp-content\/uploads\/2025\/04\/1000043539-768x512.jpg 768w, https:\/\/cenal.gob.ve\/wp-content\/uploads\/2025\/04\/1000043539.jpg 1280w\" sizes=\"(max-width: 401px) 100vw, 401px\" \/><\/figure>\n\n\n\n<figure class=\"wp-block-image size-large\"><img width=\"1024\" height=\"682\" src=\"https:\/\/cenal.gob.ve\/wp-content\/uploads\/2025\/04\/1000043531-1024x682.jpg\" alt=\"\" class=\"wp-image-25560\" srcset=\"https:\/\/cenal.gob.ve\/wp-content\/uploads\/2025\/04\/1000043531-1024x682.jpg 1024w, https:\/\/cenal.gob.ve\/wp-content\/uploads\/2025\/04\/1000043531-300x200.jpg 300w, https:\/\/cenal.gob.ve\/wp-content\/uploads\/2025\/04\/1000043531-768x512.jpg 768w, https:\/\/cenal.gob.ve\/wp-content\/uploads\/2025\/04\/1000043531-640x427.jpg 640w, https:\/\/cenal.gob.ve\/wp-content\/uploads\/2025\/04\/1000043531.jpg 1280w\" sizes=\"(max-width: 1024px) 100vw, 1024px\" \/><\/figure>\n","protected":false},"excerpt":{"rendered":"<p>La tarde de este s\u00e1bado, se present\u00f3 en la 37.\u00aa Feria Internacional del Libro de Bogot\u00e1 (FilBo) la novela &#8220;Happy&#8221; del escritor, comunicador y fil\u00f3sofo venezolano Miguel \u00c1ngel P\u00e9rez Pirela, [&hellip;]<\/p>\n","protected":false},"author":10,"featured_media":25558,"comment_status":"open","ping_status":"closed","sticky":false,"template":"","format":"standard","meta":{"spay_email":"","jetpack_publicize_message":"","jetpack_is_tweetstorm":false,"jetpack_publicize_feature_enabled":true},"categories":[2],"tags":[],"yoast_head":"<!-- This site is optimized with the Yoast SEO plugin v19.8 - https:\/\/yoast.com\/wordpress\/plugins\/seo\/ -->\n<title>&quot;Happy&quot;, la primera novela sobre un gaitero venezolano llega a la FilBo 2025<\/title>\n<meta name=\"robots\" content=\"index, follow, max-snippet:-1, max-image-preview:large, max-video-preview:-1\" \/>\n<link rel=\"canonical\" href=\"https:\/\/cenal.gob.ve\/?p=25557\" \/>\n<meta property=\"og:locale\" content=\"es_ES\" \/>\n<meta property=\"og:type\" content=\"article\" \/>\n<meta property=\"og:title\" content=\"&quot;Happy&quot;, la primera novela sobre un gaitero venezolano llega a la FilBo 2025\" \/>\n<meta property=\"og:description\" content=\"La tarde de este s\u00e1bado, se present\u00f3 en la 37.\u00aa Feria Internacional del Libro de Bogot\u00e1 (FilBo) la novela &#8220;Happy&#8221; del escritor, comunicador y fil\u00f3sofo venezolano Miguel \u00c1ngel P\u00e9rez Pirela, [&hellip;]\" \/>\n<meta property=\"og:url\" content=\"https:\/\/cenal.gob.ve\/?p=25557\" \/>\n<meta property=\"og:site_name\" content=\"Cenal\" \/>\n<meta property=\"article:published_time\" content=\"2025-04-26T22:25:12+00:00\" \/>\n<meta property=\"article:modified_time\" content=\"2025-04-26T22:25:16+00:00\" \/>\n<meta property=\"og:image\" content=\"http:\/\/cenal.gob.ve\/wp-content\/uploads\/2025\/04\/IMG_20250426_172100_357.jpg\" \/>\n\t<meta property=\"og:image:width\" content=\"1280\" \/>\n\t<meta property=\"og:image:height\" content=\"853\" \/>\n\t<meta property=\"og:image:type\" content=\"image\/jpeg\" \/>\n<meta name=\"author\" content=\"Prensa Cenal\" \/>\n<meta name=\"twitter:card\" content=\"summary_large_image\" \/>\n<meta name=\"twitter:label1\" content=\"Written by\" \/>\n\t<meta name=\"twitter:data1\" content=\"Prensa Cenal\" \/>\n\t<meta name=\"twitter:label2\" content=\"Est. reading time\" \/>\n\t<meta name=\"twitter:data2\" content=\"4 minutos\" \/>\n<script type=\"application\/ld+json\" class=\"yoast-schema-graph\">{\"@context\":\"https:\/\/schema.org\",\"@graph\":[{\"@type\":\"Article\",\"@id\":\"https:\/\/cenal.gob.ve\/?p=25557#article\",\"isPartOf\":{\"@id\":\"https:\/\/cenal.gob.ve\/?p=25557\"},\"author\":{\"name\":\"Prensa Cenal\",\"@id\":\"https:\/\/cenal.gob.ve\/#\/schema\/person\/e3ed34623f400ffab8bc7a63b2f5533f\"},\"headline\":\"&#8220;Happy&#8221;, la primera novela sobre un gaitero venezolano llega a la FilBo 2025\",\"datePublished\":\"2025-04-26T22:25:12+00:00\",\"dateModified\":\"2025-04-26T22:25:16+00:00\",\"mainEntityOfPage\":{\"@id\":\"https:\/\/cenal.gob.ve\/?p=25557\"},\"wordCount\":562,\"commentCount\":0,\"publisher\":{\"@id\":\"https:\/\/cenal.gob.ve\/#organization\"},\"articleSection\":[\"Cenal\"],\"inLanguage\":\"es\",\"potentialAction\":[{\"@type\":\"CommentAction\",\"name\":\"Comment\",\"target\":[\"https:\/\/cenal.gob.ve\/?p=25557#respond\"]}]},{\"@type\":\"WebPage\",\"@id\":\"https:\/\/cenal.gob.ve\/?p=25557\",\"url\":\"https:\/\/cenal.gob.ve\/?p=25557\",\"name\":\"\\\"Happy\\\", la primera novela sobre un gaitero venezolano llega a la FilBo 2025\",\"isPartOf\":{\"@id\":\"https:\/\/cenal.gob.ve\/#website\"},\"datePublished\":\"2025-04-26T22:25:12+00:00\",\"dateModified\":\"2025-04-26T22:25:16+00:00\",\"breadcrumb\":{\"@id\":\"https:\/\/cenal.gob.ve\/?p=25557#breadcrumb\"},\"inLanguage\":\"es\",\"potentialAction\":[{\"@type\":\"ReadAction\",\"target\":[\"https:\/\/cenal.gob.ve\/?p=25557\"]}]},{\"@type\":\"BreadcrumbList\",\"@id\":\"https:\/\/cenal.gob.ve\/?p=25557#breadcrumb\",\"itemListElement\":[{\"@type\":\"ListItem\",\"position\":1,\"name\":\"Home\",\"item\":\"https:\/\/cenal.gob.ve\/\"},{\"@type\":\"ListItem\",\"position\":2,\"name\":\"&#8220;Happy&#8221;, la primera novela sobre un gaitero venezolano llega a la FilBo 2025\"}]},{\"@type\":\"WebSite\",\"@id\":\"https:\/\/cenal.gob.ve\/#website\",\"url\":\"https:\/\/cenal.gob.ve\/\",\"name\":\"Cenal\",\"description\":\"\",\"publisher\":{\"@id\":\"https:\/\/cenal.gob.ve\/#organization\"},\"potentialAction\":[{\"@type\":\"SearchAction\",\"target\":{\"@type\":\"EntryPoint\",\"urlTemplate\":\"https:\/\/cenal.gob.ve\/?s={search_term_string}\"},\"query-input\":\"required name=search_term_string\"}],\"inLanguage\":\"es\"},{\"@type\":\"Organization\",\"@id\":\"https:\/\/cenal.gob.ve\/#organization\",\"name\":\"CENAL\",\"url\":\"https:\/\/cenal.gob.ve\/\",\"sameAs\":[],\"logo\":{\"@type\":\"ImageObject\",\"inLanguage\":\"es\",\"@id\":\"https:\/\/cenal.gob.ve\/#\/schema\/logo\/image\/\",\"url\":\"https:\/\/i0.wp.com\/cenal.gob.ve\/wp-content\/uploads\/2022\/10\/cropped-images.jpg?fit=512%2C512\",\"contentUrl\":\"https:\/\/i0.wp.com\/cenal.gob.ve\/wp-content\/uploads\/2022\/10\/cropped-images.jpg?fit=512%2C512\",\"width\":512,\"height\":512,\"caption\":\"CENAL\"},\"image\":{\"@id\":\"https:\/\/cenal.gob.ve\/#\/schema\/logo\/image\/\"}},{\"@type\":\"Person\",\"@id\":\"https:\/\/cenal.gob.ve\/#\/schema\/person\/e3ed34623f400ffab8bc7a63b2f5533f\",\"name\":\"Prensa Cenal\",\"image\":{\"@type\":\"ImageObject\",\"inLanguage\":\"es\",\"@id\":\"https:\/\/cenal.gob.ve\/#\/schema\/person\/image\/\",\"url\":\"https:\/\/secure.gravatar.com\/avatar\/594b4ed34090910c619ac3679001d491?s=96&d=mm&r=g\",\"contentUrl\":\"https:\/\/secure.gravatar.com\/avatar\/594b4ed34090910c619ac3679001d491?s=96&d=mm&r=g\",\"caption\":\"Prensa Cenal\"},\"url\":\"https:\/\/cenal.gob.ve\/?author=10\"}]}<\/script>\n<!-- \/ Yoast SEO plugin. -->","yoast_head_json":{"title":"\"Happy\", la primera novela sobre un gaitero venezolano llega a la FilBo 2025","robots":{"index":"index","follow":"follow","max-snippet":"max-snippet:-1","max-image-preview":"max-image-preview:large","max-video-preview":"max-video-preview:-1"},"canonical":"https:\/\/cenal.gob.ve\/?p=25557","og_locale":"es_ES","og_type":"article","og_title":"\"Happy\", la primera novela sobre un gaitero venezolano llega a la FilBo 2025","og_description":"La tarde de este s\u00e1bado, se present\u00f3 en la 37.\u00aa Feria Internacional del Libro de Bogot\u00e1 (FilBo) la novela &#8220;Happy&#8221; del escritor, comunicador y fil\u00f3sofo venezolano Miguel \u00c1ngel P\u00e9rez Pirela, [&hellip;]","og_url":"https:\/\/cenal.gob.ve\/?p=25557","og_site_name":"Cenal","article_published_time":"2025-04-26T22:25:12+00:00","article_modified_time":"2025-04-26T22:25:16+00:00","og_image":[{"width":1280,"height":853,"url":"http:\/\/cenal.gob.ve\/wp-content\/uploads\/2025\/04\/IMG_20250426_172100_357.jpg","type":"image\/jpeg"}],"author":"Prensa Cenal","twitter_card":"summary_large_image","twitter_misc":{"Written by":"Prensa Cenal","Est. reading time":"4 minutos"},"schema":{"@context":"https:\/\/schema.org","@graph":[{"@type":"Article","@id":"https:\/\/cenal.gob.ve\/?p=25557#article","isPartOf":{"@id":"https:\/\/cenal.gob.ve\/?p=25557"},"author":{"name":"Prensa Cenal","@id":"https:\/\/cenal.gob.ve\/#\/schema\/person\/e3ed34623f400ffab8bc7a63b2f5533f"},"headline":"&#8220;Happy&#8221;, la primera novela sobre un gaitero venezolano llega a la FilBo 2025","datePublished":"2025-04-26T22:25:12+00:00","dateModified":"2025-04-26T22:25:16+00:00","mainEntityOfPage":{"@id":"https:\/\/cenal.gob.ve\/?p=25557"},"wordCount":562,"commentCount":0,"publisher":{"@id":"https:\/\/cenal.gob.ve\/#organization"},"articleSection":["Cenal"],"inLanguage":"es","potentialAction":[{"@type":"CommentAction","name":"Comment","target":["https:\/\/cenal.gob.ve\/?p=25557#respond"]}]},{"@type":"WebPage","@id":"https:\/\/cenal.gob.ve\/?p=25557","url":"https:\/\/cenal.gob.ve\/?p=25557","name":"\"Happy\", la primera novela sobre un gaitero venezolano llega a la FilBo 2025","isPartOf":{"@id":"https:\/\/cenal.gob.ve\/#website"},"datePublished":"2025-04-26T22:25:12+00:00","dateModified":"2025-04-26T22:25:16+00:00","breadcrumb":{"@id":"https:\/\/cenal.gob.ve\/?p=25557#breadcrumb"},"inLanguage":"es","potentialAction":[{"@type":"ReadAction","target":["https:\/\/cenal.gob.ve\/?p=25557"]}]},{"@type":"BreadcrumbList","@id":"https:\/\/cenal.gob.ve\/?p=25557#breadcrumb","itemListElement":[{"@type":"ListItem","position":1,"name":"Home","item":"https:\/\/cenal.gob.ve\/"},{"@type":"ListItem","position":2,"name":"&#8220;Happy&#8221;, la primera novela sobre un gaitero venezolano llega a la FilBo 2025"}]},{"@type":"WebSite","@id":"https:\/\/cenal.gob.ve\/#website","url":"https:\/\/cenal.gob.ve\/","name":"Cenal","description":"","publisher":{"@id":"https:\/\/cenal.gob.ve\/#organization"},"potentialAction":[{"@type":"SearchAction","target":{"@type":"EntryPoint","urlTemplate":"https:\/\/cenal.gob.ve\/?s={search_term_string}"},"query-input":"required name=search_term_string"}],"inLanguage":"es"},{"@type":"Organization","@id":"https:\/\/cenal.gob.ve\/#organization","name":"CENAL","url":"https:\/\/cenal.gob.ve\/","sameAs":[],"logo":{"@type":"ImageObject","inLanguage":"es","@id":"https:\/\/cenal.gob.ve\/#\/schema\/logo\/image\/","url":"https:\/\/i0.wp.com\/cenal.gob.ve\/wp-content\/uploads\/2022\/10\/cropped-images.jpg?fit=512%2C512","contentUrl":"https:\/\/i0.wp.com\/cenal.gob.ve\/wp-content\/uploads\/2022\/10\/cropped-images.jpg?fit=512%2C512","width":512,"height":512,"caption":"CENAL"},"image":{"@id":"https:\/\/cenal.gob.ve\/#\/schema\/logo\/image\/"}},{"@type":"Person","@id":"https:\/\/cenal.gob.ve\/#\/schema\/person\/e3ed34623f400ffab8bc7a63b2f5533f","name":"Prensa Cenal","image":{"@type":"ImageObject","inLanguage":"es","@id":"https:\/\/cenal.gob.ve\/#\/schema\/person\/image\/","url":"https:\/\/secure.gravatar.com\/avatar\/594b4ed34090910c619ac3679001d491?s=96&d=mm&r=g","contentUrl":"https:\/\/secure.gravatar.com\/avatar\/594b4ed34090910c619ac3679001d491?s=96&d=mm&r=g","caption":"Prensa Cenal"},"url":"https:\/\/cenal.gob.ve\/?author=10"}]}},"jetpack_featured_media_url":"https:\/\/cenal.gob.ve\/wp-content\/uploads\/2025\/04\/IMG_20250426_172100_357.jpg","jetpack_publicize_connections":[],"jetpack_shortlink":"https:\/\/wp.me\/p5FMhp-6Ed","_links":{"self":[{"href":"https:\/\/cenal.gob.ve\/index.php?rest_route=\/wp\/v2\/posts\/25557"}],"collection":[{"href":"https:\/\/cenal.gob.ve\/index.php?rest_route=\/wp\/v2\/posts"}],"about":[{"href":"https:\/\/cenal.gob.ve\/index.php?rest_route=\/wp\/v2\/types\/post"}],"author":[{"embeddable":true,"href":"https:\/\/cenal.gob.ve\/index.php?rest_route=\/wp\/v2\/users\/10"}],"replies":[{"embeddable":true,"href":"https:\/\/cenal.gob.ve\/index.php?rest_route=%2Fwp%2Fv2%2Fcomments&post=25557"}],"version-history":[{"count":2,"href":"https:\/\/cenal.gob.ve\/index.php?rest_route=\/wp\/v2\/posts\/25557\/revisions"}],"predecessor-version":[{"id":25845,"href":"https:\/\/cenal.gob.ve\/index.php?rest_route=\/wp\/v2\/posts\/25557\/revisions\/25845"}],"wp:featuredmedia":[{"embeddable":true,"href":"https:\/\/cenal.gob.ve\/index.php?rest_route=\/wp\/v2\/media\/25558"}],"wp:attachment":[{"href":"https:\/\/cenal.gob.ve\/index.php?rest_route=%2Fwp%2Fv2%2Fmedia&parent=25557"}],"wp:term":[{"taxonomy":"category","embeddable":true,"href":"https:\/\/cenal.gob.ve\/index.php?rest_route=%2Fwp%2Fv2%2Fcategories&post=25557"},{"taxonomy":"post_tag","embeddable":true,"href":"https:\/\/cenal.gob.ve\/index.php?rest_route=%2Fwp%2Fv2%2Ftags&post=25557"}],"curies":[{"name":"wp","href":"https:\/\/api.w.org\/{rel}","templated":true}]}}