{"id":25564,"date":"2025-04-26T19:25:00","date_gmt":"2025-04-26T23:25:00","guid":{"rendered":"https:\/\/cenal.gob.ve\/?p=25564"},"modified":"2025-04-26T20:30:17","modified_gmt":"2025-04-27T00:30:17","slug":"venezuela-participa-en-las-ferias-internacionales-del-libro-de-tunez-y-colombia","status":"publish","type":"post","link":"https:\/\/cenal.gob.ve\/?p=25564","title":{"rendered":"Venezuela participa en las ferias internacionales del libro de T\u00fanez y Colombia"},"content":{"rendered":"\n<p>A trav\u00e9s del Ministerio del Poder Popular para la Cultura (MPPC), la Rep\u00fablica Bolivariana de Venezuela participa simult\u00e1neamente en la 39.\u00aa Feria Internacional del Libro de T\u00fanez (FILT 2025) y en la 37.\u00aa Feria Internacional del Libro de Bogot\u00e1 (FILBO 2025).<\/p>\n\n\n\n<p>Es la primera vez que Venezuela participa con un stand expositivo en la FILT, evento que inici\u00f3 este viernes 25 de abril y abrir\u00e1 hasta el 4 de mayo en el Centro de Exposiciones de Kram, mientras que en la FiLBO, inaugurada este jueves 24 de abril y que estar\u00e1 abierta hasta el 11 de mayo en Corferias, el pa\u00eds participa por tercer a\u00f1o consecutivo tras retomar su presencia en esta importante feria colombiana desde 2023.<\/p>\n\n\n\n<figure class=\"wp-block-image size-large\"><img width=\"1024\" height=\"683\" src=\"https:\/\/cenal.gob.ve\/wp-content\/uploads\/2025\/04\/IMG-20250426-WA0091-1024x683.jpg\" alt=\"\" class=\"wp-image-25581\" srcset=\"https:\/\/cenal.gob.ve\/wp-content\/uploads\/2025\/04\/IMG-20250426-WA0091-1024x683.jpg 1024w, https:\/\/cenal.gob.ve\/wp-content\/uploads\/2025\/04\/IMG-20250426-WA0091-300x200.jpg 300w, https:\/\/cenal.gob.ve\/wp-content\/uploads\/2025\/04\/IMG-20250426-WA0091-768x512.jpg 768w, https:\/\/cenal.gob.ve\/wp-content\/uploads\/2025\/04\/IMG-20250426-WA0091-640x427.jpg 640w, https:\/\/cenal.gob.ve\/wp-content\/uploads\/2025\/04\/IMG-20250426-WA0091.jpg 1134w\" sizes=\"(max-width: 1024px) 100vw, 1024px\" \/><\/figure>\n\n\n\n<figure class=\"wp-block-image size-large\"><img width=\"1024\" height=\"683\" src=\"https:\/\/cenal.gob.ve\/wp-content\/uploads\/2025\/04\/1000043699-1024x683.jpg\" alt=\"\" class=\"wp-image-25569\" srcset=\"https:\/\/cenal.gob.ve\/wp-content\/uploads\/2025\/04\/1000043699-1024x683.jpg 1024w, https:\/\/cenal.gob.ve\/wp-content\/uploads\/2025\/04\/1000043699-300x200.jpg 300w, https:\/\/cenal.gob.ve\/wp-content\/uploads\/2025\/04\/1000043699-768x512.jpg 768w, https:\/\/cenal.gob.ve\/wp-content\/uploads\/2025\/04\/1000043699-640x427.jpg 640w, https:\/\/cenal.gob.ve\/wp-content\/uploads\/2025\/04\/1000043699.jpg 1134w\" sizes=\"(max-width: 1024px) 100vw, 1024px\" \/><figcaption><em>Venezuela por primera vez en la FILT<\/em><\/figcaption><\/figure>\n\n\n\n<p>Lectores y lectoras de estas naciones, visitantes y p\u00fablico en general pueden encontrar novedades literarias de Venezuela, incluyendo t\u00edtulos de El perro y la rana, Monte \u00c1vila y Biblioteca Ayacucho, editoriales adscritas al MPPC, adem\u00e1s de tener la oportunidad de compartir directamente con destacados escritores venezolanos.<\/p>\n\n\n\n<figure class=\"wp-block-image size-large\"><img width=\"1024\" height=\"682\" src=\"https:\/\/cenal.gob.ve\/wp-content\/uploads\/2025\/04\/IMG-20250426-WA0046-1024x682.jpg\" alt=\"\" class=\"wp-image-25582\" srcset=\"https:\/\/cenal.gob.ve\/wp-content\/uploads\/2025\/04\/IMG-20250426-WA0046-1024x682.jpg 1024w, https:\/\/cenal.gob.ve\/wp-content\/uploads\/2025\/04\/IMG-20250426-WA0046-300x200.jpg 300w, https:\/\/cenal.gob.ve\/wp-content\/uploads\/2025\/04\/IMG-20250426-WA0046-768x511.jpg 768w, https:\/\/cenal.gob.ve\/wp-content\/uploads\/2025\/04\/IMG-20250426-WA0046-640x426.jpg 640w, https:\/\/cenal.gob.ve\/wp-content\/uploads\/2025\/04\/IMG-20250426-WA0046.jpg 1080w\" sizes=\"(max-width: 1024px) 100vw, 1024px\" \/><\/figure>\n\n\n\n<figure class=\"wp-block-image size-large is-resized\"><img src=\"https:\/\/cenal.gob.ve\/wp-content\/uploads\/2025\/04\/1000043698-1024x682.jpg\" alt=\"\" class=\"wp-image-25570\" width=\"372\" height=\"247\" srcset=\"https:\/\/cenal.gob.ve\/wp-content\/uploads\/2025\/04\/1000043698-1024x682.jpg 1024w, https:\/\/cenal.gob.ve\/wp-content\/uploads\/2025\/04\/1000043698-300x200.jpg 300w, https:\/\/cenal.gob.ve\/wp-content\/uploads\/2025\/04\/1000043698-768x512.jpg 768w, https:\/\/cenal.gob.ve\/wp-content\/uploads\/2025\/04\/1000043698-640x427.jpg 640w, https:\/\/cenal.gob.ve\/wp-content\/uploads\/2025\/04\/1000043698.jpg 1280w\" sizes=\"(max-width: 372px) 100vw, 372px\" \/><figcaption><em>Venezuela presente en la 37.\u00aa FilBo <\/em><\/figcaption><\/figure>\n\n\n\n<p>La delegaci\u00f3n de Venezuela en T\u00fanez est\u00e1 encabezada por el viceministro de Fomento para la Econom\u00eda Cultural y presidente del Centro Nacional del Libro (Cenal), Ra\u00fal Cazal, quien comparte en la naci\u00f3n africana los logros en materia del libro y la lectura alcanzados en 26 a\u00f1os de Revoluci\u00f3n Bolivariana, junto a los escritores Luis Britto Garc\u00eda, destacado autor Premio Nacional de Literatura; Carmen Boh\u00f3rquez, fil\u00f3sofa e historiadora, considerada la escritora con m\u00e1s autoridad en lo concerniente a Francisco de Miranda; y Antonio Trujillo, poeta y cronista, director de la Revista Nacional de Cultura y Premio Nacional de Cultura, menci\u00f3n Literatura 2023-2024.<\/p>\n\n\n\n<p>Entretanto, en la FilBo estar\u00e1n representando al pa\u00eds los escritores Gustavo Villapol, autor, periodista y diputado a la Asamblea Nacional, con sus ensayos La dictadura del algoritmo y Los amos del significado; Miguel \u00c1ngel P\u00e9rez Pirela, fil\u00f3sofo y comunicador, con sus novelas Pueblo y Happy; Roc\u00edo Castellanos Rueda, historiadora, pale\u00f3grafa e investigadora, con Pardos, infidentes e insurgentes en Venezuela 1790 &#8211; 1812.<\/p>\n\n\n\n<p>Se unen a la delegaci\u00f3n de Venezuela en Colombia la escritora Casimira Monasterios, militante del Movimiento Social Afrovenezolano y diputada a la Asamblea Nacional, autora de Parto de pueblo cimarr\u00f3n; Aminta Bele\u00f1o, periodista y productora cinematogr\u00e1fica, quien comparte su m\u00e1s reciente publicaci\u00f3n Cine en clave ecofeminista, y Manuel Carrero, historiador y ensayista, a cargo de la presentaci\u00f3n de diversos t\u00edtulos, entre ellos Hugo Ch\u00e1vez. Poder constituyente venezolano, de Alejandro L\u00f3pez; Nuestro Bol\u00edvar, de Gustavo Pereira; El padre de Ayacucho, textos de Sim\u00f3n Bol\u00edvar; y Resumen sucinto de la vida del General Sucre, de Sim\u00f3n Bol\u00edvar, as\u00ed como la colecci\u00f3n de folletos Historia Breve: Manuela vive, de Diana P\u00e9rez.<\/p>\n\n\n\n<p>M\u00e1s informaci\u00f3n sobre la participaci\u00f3n de Venezuela en la FILT y FILBO en www.cenal.gob.ve.<\/p>\n\n\n\n<figure class=\"wp-block-image size-large\"><img width=\"1024\" height=\"576\" src=\"https:\/\/cenal.gob.ve\/wp-content\/uploads\/2025\/04\/IMG-20250426-WA0083-1024x576.jpg\" alt=\"\" class=\"wp-image-25583\" srcset=\"https:\/\/cenal.gob.ve\/wp-content\/uploads\/2025\/04\/IMG-20250426-WA0083-1024x576.jpg 1024w, https:\/\/cenal.gob.ve\/wp-content\/uploads\/2025\/04\/IMG-20250426-WA0083-300x169.jpg 300w, https:\/\/cenal.gob.ve\/wp-content\/uploads\/2025\/04\/IMG-20250426-WA0083-768x432.jpg 768w, https:\/\/cenal.gob.ve\/wp-content\/uploads\/2025\/04\/IMG-20250426-WA0083-640x360.jpg 640w, https:\/\/cenal.gob.ve\/wp-content\/uploads\/2025\/04\/IMG-20250426-WA0083.jpg 1134w\" sizes=\"(max-width: 1024px) 100vw, 1024px\" \/><\/figure>\n\n\n\n<figure class=\"wp-block-image size-large\"><img width=\"1024\" height=\"683\" src=\"https:\/\/cenal.gob.ve\/wp-content\/uploads\/2025\/04\/IMG-20250426-WA0086-1024x683.jpg\" alt=\"\" class=\"wp-image-25584\" srcset=\"https:\/\/cenal.gob.ve\/wp-content\/uploads\/2025\/04\/IMG-20250426-WA0086-1024x683.jpg 1024w, https:\/\/cenal.gob.ve\/wp-content\/uploads\/2025\/04\/IMG-20250426-WA0086-300x200.jpg 300w, https:\/\/cenal.gob.ve\/wp-content\/uploads\/2025\/04\/IMG-20250426-WA0086-768x512.jpg 768w, https:\/\/cenal.gob.ve\/wp-content\/uploads\/2025\/04\/IMG-20250426-WA0086-640x427.jpg 640w, https:\/\/cenal.gob.ve\/wp-content\/uploads\/2025\/04\/IMG-20250426-WA0086.jpg 1134w\" sizes=\"(max-width: 1024px) 100vw, 1024px\" \/><\/figure>\n\n\n\n<figure class=\"wp-block-image size-large\"><img width=\"1024\" height=\"683\" src=\"https:\/\/cenal.gob.ve\/wp-content\/uploads\/2025\/04\/IMG-20250426-WA0085-1024x683.jpg\" alt=\"\" class=\"wp-image-25585\" srcset=\"https:\/\/cenal.gob.ve\/wp-content\/uploads\/2025\/04\/IMG-20250426-WA0085-1024x683.jpg 1024w, https:\/\/cenal.gob.ve\/wp-content\/uploads\/2025\/04\/IMG-20250426-WA0085-300x200.jpg 300w, https:\/\/cenal.gob.ve\/wp-content\/uploads\/2025\/04\/IMG-20250426-WA0085-768x512.jpg 768w, https:\/\/cenal.gob.ve\/wp-content\/uploads\/2025\/04\/IMG-20250426-WA0085-640x427.jpg 640w, https:\/\/cenal.gob.ve\/wp-content\/uploads\/2025\/04\/IMG-20250426-WA0085.jpg 1134w\" sizes=\"(max-width: 1024px) 100vw, 1024px\" \/><\/figure>\n\n\n\n<figure class=\"wp-block-image size-large\"><img width=\"1024\" height=\"683\" src=\"https:\/\/cenal.gob.ve\/wp-content\/uploads\/2025\/04\/IMG-20250426-WA0089-1024x683.jpg\" alt=\"\" class=\"wp-image-25586\" srcset=\"https:\/\/cenal.gob.ve\/wp-content\/uploads\/2025\/04\/IMG-20250426-WA0089-1024x683.jpg 1024w, https:\/\/cenal.gob.ve\/wp-content\/uploads\/2025\/04\/IMG-20250426-WA0089-300x200.jpg 300w, https:\/\/cenal.gob.ve\/wp-content\/uploads\/2025\/04\/IMG-20250426-WA0089-768x512.jpg 768w, https:\/\/cenal.gob.ve\/wp-content\/uploads\/2025\/04\/IMG-20250426-WA0089-640x427.jpg 640w, https:\/\/cenal.gob.ve\/wp-content\/uploads\/2025\/04\/IMG-20250426-WA0089.jpg 1134w\" sizes=\"(max-width: 1024px) 100vw, 1024px\" \/><\/figure>\n\n\n\n<figure class=\"wp-block-image size-large\"><img width=\"1024\" height=\"683\" src=\"https:\/\/cenal.gob.ve\/wp-content\/uploads\/2025\/04\/IMG-20250426-WA0093-1024x683.jpg\" alt=\"\" class=\"wp-image-25587\" srcset=\"https:\/\/cenal.gob.ve\/wp-content\/uploads\/2025\/04\/IMG-20250426-WA0093-1024x683.jpg 1024w, https:\/\/cenal.gob.ve\/wp-content\/uploads\/2025\/04\/IMG-20250426-WA0093-300x200.jpg 300w, https:\/\/cenal.gob.ve\/wp-content\/uploads\/2025\/04\/IMG-20250426-WA0093-768x512.jpg 768w, https:\/\/cenal.gob.ve\/wp-content\/uploads\/2025\/04\/IMG-20250426-WA0093-640x427.jpg 640w, https:\/\/cenal.gob.ve\/wp-content\/uploads\/2025\/04\/IMG-20250426-WA0093.jpg 1134w\" sizes=\"(max-width: 1024px) 100vw, 1024px\" \/><\/figure>\n\n\n\n<figure class=\"wp-block-image size-large\"><img width=\"1024\" height=\"683\" src=\"https:\/\/cenal.gob.ve\/wp-content\/uploads\/2025\/04\/IMG-20250426-WA0096-1024x683.jpg\" alt=\"\" class=\"wp-image-25588\" srcset=\"https:\/\/cenal.gob.ve\/wp-content\/uploads\/2025\/04\/IMG-20250426-WA0096-1024x683.jpg 1024w, https:\/\/cenal.gob.ve\/wp-content\/uploads\/2025\/04\/IMG-20250426-WA0096-300x200.jpg 300w, https:\/\/cenal.gob.ve\/wp-content\/uploads\/2025\/04\/IMG-20250426-WA0096-768x512.jpg 768w, https:\/\/cenal.gob.ve\/wp-content\/uploads\/2025\/04\/IMG-20250426-WA0096-640x427.jpg 640w, https:\/\/cenal.gob.ve\/wp-content\/uploads\/2025\/04\/IMG-20250426-WA0096.jpg 1134w\" sizes=\"(max-width: 1024px) 100vw, 1024px\" \/><\/figure>\n\n\n\n<figure class=\"wp-block-image size-large\"><img width=\"1024\" height=\"683\" src=\"https:\/\/cenal.gob.ve\/wp-content\/uploads\/2025\/04\/IMG-20250426-WA0078-1024x683.jpg\" alt=\"\" class=\"wp-image-25589\" srcset=\"https:\/\/cenal.gob.ve\/wp-content\/uploads\/2025\/04\/IMG-20250426-WA0078-1024x683.jpg 1024w, https:\/\/cenal.gob.ve\/wp-content\/uploads\/2025\/04\/IMG-20250426-WA0078-300x200.jpg 300w, https:\/\/cenal.gob.ve\/wp-content\/uploads\/2025\/04\/IMG-20250426-WA0078-768x512.jpg 768w, https:\/\/cenal.gob.ve\/wp-content\/uploads\/2025\/04\/IMG-20250426-WA0078-640x427.jpg 640w, https:\/\/cenal.gob.ve\/wp-content\/uploads\/2025\/04\/IMG-20250426-WA0078.jpg 1134w\" sizes=\"(max-width: 1024px) 100vw, 1024px\" \/><\/figure>\n\n\n\n<figure class=\"wp-block-image size-large\"><img width=\"1024\" height=\"682\" src=\"https:\/\/cenal.gob.ve\/wp-content\/uploads\/2025\/04\/1000043535-1024x682.jpg\" alt=\"\" class=\"wp-image-25567\" srcset=\"https:\/\/cenal.gob.ve\/wp-content\/uploads\/2025\/04\/1000043535-1024x682.jpg 1024w, https:\/\/cenal.gob.ve\/wp-content\/uploads\/2025\/04\/1000043535-300x200.jpg 300w, https:\/\/cenal.gob.ve\/wp-content\/uploads\/2025\/04\/1000043535-768x512.jpg 768w, https:\/\/cenal.gob.ve\/wp-content\/uploads\/2025\/04\/1000043535-640x427.jpg 640w, https:\/\/cenal.gob.ve\/wp-content\/uploads\/2025\/04\/1000043535.jpg 1280w\" sizes=\"(max-width: 1024px) 100vw, 1024px\" \/><\/figure>\n\n\n\n<figure class=\"wp-block-image size-large\"><img width=\"1024\" height=\"682\" src=\"https:\/\/cenal.gob.ve\/wp-content\/uploads\/2025\/04\/1000043536-1024x682.jpg\" alt=\"\" class=\"wp-image-25568\" srcset=\"https:\/\/cenal.gob.ve\/wp-content\/uploads\/2025\/04\/1000043536-1024x682.jpg 1024w, https:\/\/cenal.gob.ve\/wp-content\/uploads\/2025\/04\/1000043536-300x200.jpg 300w, https:\/\/cenal.gob.ve\/wp-content\/uploads\/2025\/04\/1000043536-768x512.jpg 768w, https:\/\/cenal.gob.ve\/wp-content\/uploads\/2025\/04\/1000043536-640x427.jpg 640w, https:\/\/cenal.gob.ve\/wp-content\/uploads\/2025\/04\/1000043536.jpg 1280w\" sizes=\"(max-width: 1024px) 100vw, 1024px\" \/><\/figure>\n\n\n\n<figure class=\"wp-block-image size-large\"><img width=\"1024\" height=\"682\" src=\"https:\/\/cenal.gob.ve\/wp-content\/uploads\/2025\/04\/IMG_20250426_201508_588-1024x682.jpg\" alt=\"\" class=\"wp-image-25590\" srcset=\"https:\/\/cenal.gob.ve\/wp-content\/uploads\/2025\/04\/IMG_20250426_201508_588-1024x682.jpg 1024w, https:\/\/cenal.gob.ve\/wp-content\/uploads\/2025\/04\/IMG_20250426_201508_588-300x200.jpg 300w, https:\/\/cenal.gob.ve\/wp-content\/uploads\/2025\/04\/IMG_20250426_201508_588-768x512.jpg 768w, https:\/\/cenal.gob.ve\/wp-content\/uploads\/2025\/04\/IMG_20250426_201508_588-640x427.jpg 640w, https:\/\/cenal.gob.ve\/wp-content\/uploads\/2025\/04\/IMG_20250426_201508_588.jpg 1280w\" sizes=\"(max-width: 1024px) 100vw, 1024px\" \/><\/figure>\n\n\n\n<figure class=\"wp-block-image size-large\"><img width=\"1024\" height=\"682\" src=\"https:\/\/cenal.gob.ve\/wp-content\/uploads\/2025\/04\/IMG_20250426_201512_189-1024x682.jpg\" alt=\"\" class=\"wp-image-25591\" srcset=\"https:\/\/cenal.gob.ve\/wp-content\/uploads\/2025\/04\/IMG_20250426_201512_189-1024x682.jpg 1024w, https:\/\/cenal.gob.ve\/wp-content\/uploads\/2025\/04\/IMG_20250426_201512_189-300x200.jpg 300w, https:\/\/cenal.gob.ve\/wp-content\/uploads\/2025\/04\/IMG_20250426_201512_189-768x512.jpg 768w, https:\/\/cenal.gob.ve\/wp-content\/uploads\/2025\/04\/IMG_20250426_201512_189-640x427.jpg 640w, https:\/\/cenal.gob.ve\/wp-content\/uploads\/2025\/04\/IMG_20250426_201512_189.jpg 1280w\" sizes=\"(max-width: 1024px) 100vw, 1024px\" \/><\/figure>\n\n\n\n<figure class=\"wp-block-image size-large\"><img width=\"1024\" height=\"682\" src=\"https:\/\/cenal.gob.ve\/wp-content\/uploads\/2025\/04\/IMG_20250426_201457_898-1024x682.jpg\" alt=\"\" class=\"wp-image-25592\" srcset=\"https:\/\/cenal.gob.ve\/wp-content\/uploads\/2025\/04\/IMG_20250426_201457_898-1024x682.jpg 1024w, https:\/\/cenal.gob.ve\/wp-content\/uploads\/2025\/04\/IMG_20250426_201457_898-300x200.jpg 300w, https:\/\/cenal.gob.ve\/wp-content\/uploads\/2025\/04\/IMG_20250426_201457_898-768x512.jpg 768w, https:\/\/cenal.gob.ve\/wp-content\/uploads\/2025\/04\/IMG_20250426_201457_898-640x427.jpg 640w, https:\/\/cenal.gob.ve\/wp-content\/uploads\/2025\/04\/IMG_20250426_201457_898.jpg 1280w\" sizes=\"(max-width: 1024px) 100vw, 1024px\" \/><\/figure>\n\n\n\n<figure class=\"wp-block-image size-large\"><img width=\"1024\" height=\"682\" src=\"https:\/\/cenal.gob.ve\/wp-content\/uploads\/2025\/04\/IMG_20250426_201444_033-1024x682.jpg\" alt=\"\" class=\"wp-image-25593\" srcset=\"https:\/\/cenal.gob.ve\/wp-content\/uploads\/2025\/04\/IMG_20250426_201444_033-1024x682.jpg 1024w, https:\/\/cenal.gob.ve\/wp-content\/uploads\/2025\/04\/IMG_20250426_201444_033-300x200.jpg 300w, https:\/\/cenal.gob.ve\/wp-content\/uploads\/2025\/04\/IMG_20250426_201444_033-768x512.jpg 768w, https:\/\/cenal.gob.ve\/wp-content\/uploads\/2025\/04\/IMG_20250426_201444_033-640x427.jpg 640w, https:\/\/cenal.gob.ve\/wp-content\/uploads\/2025\/04\/IMG_20250426_201444_033.jpg 1280w\" sizes=\"(max-width: 1024px) 100vw, 1024px\" \/><\/figure>\n\n\n\n<figure class=\"wp-block-image size-large\"><img width=\"1024\" height=\"682\" src=\"https:\/\/cenal.gob.ve\/wp-content\/uploads\/2025\/04\/IMG_20250426_201453_797-1024x682.jpg\" alt=\"\" class=\"wp-image-25594\" srcset=\"https:\/\/cenal.gob.ve\/wp-content\/uploads\/2025\/04\/IMG_20250426_201453_797-1024x682.jpg 1024w, https:\/\/cenal.gob.ve\/wp-content\/uploads\/2025\/04\/IMG_20250426_201453_797-300x200.jpg 300w, https:\/\/cenal.gob.ve\/wp-content\/uploads\/2025\/04\/IMG_20250426_201453_797-768x512.jpg 768w, https:\/\/cenal.gob.ve\/wp-content\/uploads\/2025\/04\/IMG_20250426_201453_797-640x427.jpg 640w, https:\/\/cenal.gob.ve\/wp-content\/uploads\/2025\/04\/IMG_20250426_201453_797.jpg 1280w\" sizes=\"(max-width: 1024px) 100vw, 1024px\" \/><\/figure>\n\n\n\n<figure class=\"wp-block-image size-large\"><img width=\"1024\" height=\"682\" src=\"https:\/\/cenal.gob.ve\/wp-content\/uploads\/2025\/04\/IMG_20250426_200756_143-1024x682.jpg\" alt=\"\" class=\"wp-image-25595\" srcset=\"https:\/\/cenal.gob.ve\/wp-content\/uploads\/2025\/04\/IMG_20250426_200756_143-1024x682.jpg 1024w, https:\/\/cenal.gob.ve\/wp-content\/uploads\/2025\/04\/IMG_20250426_200756_143-300x200.jpg 300w, https:\/\/cenal.gob.ve\/wp-content\/uploads\/2025\/04\/IMG_20250426_200756_143-768x512.jpg 768w, https:\/\/cenal.gob.ve\/wp-content\/uploads\/2025\/04\/IMG_20250426_200756_143-640x427.jpg 640w, https:\/\/cenal.gob.ve\/wp-content\/uploads\/2025\/04\/IMG_20250426_200756_143.jpg 1280w\" sizes=\"(max-width: 1024px) 100vw, 1024px\" \/><\/figure>\n\n\n\n<p><\/p>\n","protected":false},"excerpt":{"rendered":"<p>A trav\u00e9s del Ministerio del Poder Popular para la Cultura (MPPC), la Rep\u00fablica Bolivariana de Venezuela participa simult\u00e1neamente en la 39.\u00aa Feria Internacional del Libro de T\u00fanez (FILT 2025) y [&hellip;]<\/p>\n","protected":false},"author":10,"featured_media":25575,"comment_status":"open","ping_status":"closed","sticky":false,"template":"","format":"standard","meta":{"spay_email":"","jetpack_publicize_message":"","jetpack_is_tweetstorm":false,"jetpack_publicize_feature_enabled":true},"categories":[2],"tags":[],"yoast_head":"<!-- This site is optimized with the Yoast SEO plugin v19.8 - https:\/\/yoast.com\/wordpress\/plugins\/seo\/ -->\n<title>Venezuela participa en las ferias internacionales del libro de T\u00fanez y Colombia<\/title>\n<meta name=\"robots\" content=\"index, follow, max-snippet:-1, max-image-preview:large, max-video-preview:-1\" \/>\n<link rel=\"canonical\" href=\"https:\/\/cenal.gob.ve\/?p=25564\" \/>\n<meta property=\"og:locale\" content=\"es_ES\" \/>\n<meta property=\"og:type\" content=\"article\" \/>\n<meta property=\"og:title\" content=\"Venezuela participa en las ferias internacionales del libro de T\u00fanez y Colombia\" \/>\n<meta property=\"og:description\" content=\"A trav\u00e9s del Ministerio del Poder Popular para la Cultura (MPPC), la Rep\u00fablica Bolivariana de Venezuela participa simult\u00e1neamente en la 39.\u00aa Feria Internacional del Libro de T\u00fanez (FILT 2025) y [&hellip;]\" \/>\n<meta property=\"og:url\" content=\"https:\/\/cenal.gob.ve\/?p=25564\" \/>\n<meta property=\"og:site_name\" content=\"Cenal\" \/>\n<meta property=\"article:published_time\" content=\"2025-04-26T23:25:00+00:00\" \/>\n<meta property=\"article:modified_time\" content=\"2025-04-27T00:30:17+00:00\" \/>\n<meta property=\"og:image\" content=\"http:\/\/cenal.gob.ve\/wp-content\/uploads\/2025\/04\/IMG-20250426-WA0069.jpg\" \/>\n\t<meta property=\"og:image:width\" content=\"1134\" \/>\n\t<meta property=\"og:image:height\" content=\"756\" \/>\n\t<meta property=\"og:image:type\" content=\"image\/jpeg\" \/>\n<meta name=\"author\" content=\"Prensa Cenal\" \/>\n<meta name=\"twitter:card\" content=\"summary_large_image\" \/>\n<meta name=\"twitter:label1\" content=\"Written by\" \/>\n\t<meta name=\"twitter:data1\" content=\"Prensa Cenal\" \/>\n\t<meta name=\"twitter:label2\" content=\"Est. reading time\" \/>\n\t<meta name=\"twitter:data2\" content=\"6 minutos\" \/>\n<script type=\"application\/ld+json\" class=\"yoast-schema-graph\">{\"@context\":\"https:\/\/schema.org\",\"@graph\":[{\"@type\":\"Article\",\"@id\":\"https:\/\/cenal.gob.ve\/?p=25564#article\",\"isPartOf\":{\"@id\":\"https:\/\/cenal.gob.ve\/?p=25564\"},\"author\":{\"name\":\"Prensa Cenal\",\"@id\":\"https:\/\/cenal.gob.ve\/#\/schema\/person\/e3ed34623f400ffab8bc7a63b2f5533f\"},\"headline\":\"Venezuela participa en las ferias internacionales del libro de T\u00fanez y Colombia\",\"datePublished\":\"2025-04-26T23:25:00+00:00\",\"dateModified\":\"2025-04-27T00:30:17+00:00\",\"mainEntityOfPage\":{\"@id\":\"https:\/\/cenal.gob.ve\/?p=25564\"},\"wordCount\":511,\"commentCount\":0,\"publisher\":{\"@id\":\"https:\/\/cenal.gob.ve\/#organization\"},\"articleSection\":[\"Cenal\"],\"inLanguage\":\"es\",\"potentialAction\":[{\"@type\":\"CommentAction\",\"name\":\"Comment\",\"target\":[\"https:\/\/cenal.gob.ve\/?p=25564#respond\"]}]},{\"@type\":\"WebPage\",\"@id\":\"https:\/\/cenal.gob.ve\/?p=25564\",\"url\":\"https:\/\/cenal.gob.ve\/?p=25564\",\"name\":\"Venezuela participa en las ferias internacionales del libro de T\u00fanez y Colombia\",\"isPartOf\":{\"@id\":\"https:\/\/cenal.gob.ve\/#website\"},\"datePublished\":\"2025-04-26T23:25:00+00:00\",\"dateModified\":\"2025-04-27T00:30:17+00:00\",\"breadcrumb\":{\"@id\":\"https:\/\/cenal.gob.ve\/?p=25564#breadcrumb\"},\"inLanguage\":\"es\",\"potentialAction\":[{\"@type\":\"ReadAction\",\"target\":[\"https:\/\/cenal.gob.ve\/?p=25564\"]}]},{\"@type\":\"BreadcrumbList\",\"@id\":\"https:\/\/cenal.gob.ve\/?p=25564#breadcrumb\",\"itemListElement\":[{\"@type\":\"ListItem\",\"position\":1,\"name\":\"Home\",\"item\":\"https:\/\/cenal.gob.ve\/\"},{\"@type\":\"ListItem\",\"position\":2,\"name\":\"Venezuela participa en las ferias internacionales del libro de T\u00fanez y Colombia\"}]},{\"@type\":\"WebSite\",\"@id\":\"https:\/\/cenal.gob.ve\/#website\",\"url\":\"https:\/\/cenal.gob.ve\/\",\"name\":\"Cenal\",\"description\":\"\",\"publisher\":{\"@id\":\"https:\/\/cenal.gob.ve\/#organization\"},\"potentialAction\":[{\"@type\":\"SearchAction\",\"target\":{\"@type\":\"EntryPoint\",\"urlTemplate\":\"https:\/\/cenal.gob.ve\/?s={search_term_string}\"},\"query-input\":\"required name=search_term_string\"}],\"inLanguage\":\"es\"},{\"@type\":\"Organization\",\"@id\":\"https:\/\/cenal.gob.ve\/#organization\",\"name\":\"CENAL\",\"url\":\"https:\/\/cenal.gob.ve\/\",\"sameAs\":[],\"logo\":{\"@type\":\"ImageObject\",\"inLanguage\":\"es\",\"@id\":\"https:\/\/cenal.gob.ve\/#\/schema\/logo\/image\/\",\"url\":\"https:\/\/i0.wp.com\/cenal.gob.ve\/wp-content\/uploads\/2022\/10\/cropped-images.jpg?fit=512%2C512\",\"contentUrl\":\"https:\/\/i0.wp.com\/cenal.gob.ve\/wp-content\/uploads\/2022\/10\/cropped-images.jpg?fit=512%2C512\",\"width\":512,\"height\":512,\"caption\":\"CENAL\"},\"image\":{\"@id\":\"https:\/\/cenal.gob.ve\/#\/schema\/logo\/image\/\"}},{\"@type\":\"Person\",\"@id\":\"https:\/\/cenal.gob.ve\/#\/schema\/person\/e3ed34623f400ffab8bc7a63b2f5533f\",\"name\":\"Prensa Cenal\",\"image\":{\"@type\":\"ImageObject\",\"inLanguage\":\"es\",\"@id\":\"https:\/\/cenal.gob.ve\/#\/schema\/person\/image\/\",\"url\":\"https:\/\/secure.gravatar.com\/avatar\/594b4ed34090910c619ac3679001d491?s=96&d=mm&r=g\",\"contentUrl\":\"https:\/\/secure.gravatar.com\/avatar\/594b4ed34090910c619ac3679001d491?s=96&d=mm&r=g\",\"caption\":\"Prensa Cenal\"},\"url\":\"https:\/\/cenal.gob.ve\/?author=10\"}]}<\/script>\n<!-- \/ Yoast SEO plugin. -->","yoast_head_json":{"title":"Venezuela participa en las ferias internacionales del libro de T\u00fanez y Colombia","robots":{"index":"index","follow":"follow","max-snippet":"max-snippet:-1","max-image-preview":"max-image-preview:large","max-video-preview":"max-video-preview:-1"},"canonical":"https:\/\/cenal.gob.ve\/?p=25564","og_locale":"es_ES","og_type":"article","og_title":"Venezuela participa en las ferias internacionales del libro de T\u00fanez y Colombia","og_description":"A trav\u00e9s del Ministerio del Poder Popular para la Cultura (MPPC), la Rep\u00fablica Bolivariana de Venezuela participa simult\u00e1neamente en la 39.\u00aa Feria Internacional del Libro de T\u00fanez (FILT 2025) y [&hellip;]","og_url":"https:\/\/cenal.gob.ve\/?p=25564","og_site_name":"Cenal","article_published_time":"2025-04-26T23:25:00+00:00","article_modified_time":"2025-04-27T00:30:17+00:00","og_image":[{"width":1134,"height":756,"url":"http:\/\/cenal.gob.ve\/wp-content\/uploads\/2025\/04\/IMG-20250426-WA0069.jpg","type":"image\/jpeg"}],"author":"Prensa Cenal","twitter_card":"summary_large_image","twitter_misc":{"Written by":"Prensa Cenal","Est. reading time":"6 minutos"},"schema":{"@context":"https:\/\/schema.org","@graph":[{"@type":"Article","@id":"https:\/\/cenal.gob.ve\/?p=25564#article","isPartOf":{"@id":"https:\/\/cenal.gob.ve\/?p=25564"},"author":{"name":"Prensa Cenal","@id":"https:\/\/cenal.gob.ve\/#\/schema\/person\/e3ed34623f400ffab8bc7a63b2f5533f"},"headline":"Venezuela participa en las ferias internacionales del libro de T\u00fanez y Colombia","datePublished":"2025-04-26T23:25:00+00:00","dateModified":"2025-04-27T00:30:17+00:00","mainEntityOfPage":{"@id":"https:\/\/cenal.gob.ve\/?p=25564"},"wordCount":511,"commentCount":0,"publisher":{"@id":"https:\/\/cenal.gob.ve\/#organization"},"articleSection":["Cenal"],"inLanguage":"es","potentialAction":[{"@type":"CommentAction","name":"Comment","target":["https:\/\/cenal.gob.ve\/?p=25564#respond"]}]},{"@type":"WebPage","@id":"https:\/\/cenal.gob.ve\/?p=25564","url":"https:\/\/cenal.gob.ve\/?p=25564","name":"Venezuela participa en las ferias internacionales del libro de T\u00fanez y Colombia","isPartOf":{"@id":"https:\/\/cenal.gob.ve\/#website"},"datePublished":"2025-04-26T23:25:00+00:00","dateModified":"2025-04-27T00:30:17+00:00","breadcrumb":{"@id":"https:\/\/cenal.gob.ve\/?p=25564#breadcrumb"},"inLanguage":"es","potentialAction":[{"@type":"ReadAction","target":["https:\/\/cenal.gob.ve\/?p=25564"]}]},{"@type":"BreadcrumbList","@id":"https:\/\/cenal.gob.ve\/?p=25564#breadcrumb","itemListElement":[{"@type":"ListItem","position":1,"name":"Home","item":"https:\/\/cenal.gob.ve\/"},{"@type":"ListItem","position":2,"name":"Venezuela participa en las ferias internacionales del libro de T\u00fanez y Colombia"}]},{"@type":"WebSite","@id":"https:\/\/cenal.gob.ve\/#website","url":"https:\/\/cenal.gob.ve\/","name":"Cenal","description":"","publisher":{"@id":"https:\/\/cenal.gob.ve\/#organization"},"potentialAction":[{"@type":"SearchAction","target":{"@type":"EntryPoint","urlTemplate":"https:\/\/cenal.gob.ve\/?s={search_term_string}"},"query-input":"required name=search_term_string"}],"inLanguage":"es"},{"@type":"Organization","@id":"https:\/\/cenal.gob.ve\/#organization","name":"CENAL","url":"https:\/\/cenal.gob.ve\/","sameAs":[],"logo":{"@type":"ImageObject","inLanguage":"es","@id":"https:\/\/cenal.gob.ve\/#\/schema\/logo\/image\/","url":"https:\/\/i0.wp.com\/cenal.gob.ve\/wp-content\/uploads\/2022\/10\/cropped-images.jpg?fit=512%2C512","contentUrl":"https:\/\/i0.wp.com\/cenal.gob.ve\/wp-content\/uploads\/2022\/10\/cropped-images.jpg?fit=512%2C512","width":512,"height":512,"caption":"CENAL"},"image":{"@id":"https:\/\/cenal.gob.ve\/#\/schema\/logo\/image\/"}},{"@type":"Person","@id":"https:\/\/cenal.gob.ve\/#\/schema\/person\/e3ed34623f400ffab8bc7a63b2f5533f","name":"Prensa Cenal","image":{"@type":"ImageObject","inLanguage":"es","@id":"https:\/\/cenal.gob.ve\/#\/schema\/person\/image\/","url":"https:\/\/secure.gravatar.com\/avatar\/594b4ed34090910c619ac3679001d491?s=96&d=mm&r=g","contentUrl":"https:\/\/secure.gravatar.com\/avatar\/594b4ed34090910c619ac3679001d491?s=96&d=mm&r=g","caption":"Prensa Cenal"},"url":"https:\/\/cenal.gob.ve\/?author=10"}]}},"jetpack_featured_media_url":"https:\/\/cenal.gob.ve\/wp-content\/uploads\/2025\/04\/IMG-20250426-WA0069.jpg","jetpack_publicize_connections":[],"jetpack_shortlink":"https:\/\/wp.me\/p5FMhp-6Ek","_links":{"self":[{"href":"https:\/\/cenal.gob.ve\/index.php?rest_route=\/wp\/v2\/posts\/25564"}],"collection":[{"href":"https:\/\/cenal.gob.ve\/index.php?rest_route=\/wp\/v2\/posts"}],"about":[{"href":"https:\/\/cenal.gob.ve\/index.php?rest_route=\/wp\/v2\/types\/post"}],"author":[{"embeddable":true,"href":"https:\/\/cenal.gob.ve\/index.php?rest_route=\/wp\/v2\/users\/10"}],"replies":[{"embeddable":true,"href":"https:\/\/cenal.gob.ve\/index.php?rest_route=%2Fwp%2Fv2%2Fcomments&post=25564"}],"version-history":[{"count":11,"href":"https:\/\/cenal.gob.ve\/index.php?rest_route=\/wp\/v2\/posts\/25564\/revisions"}],"predecessor-version":[{"id":25602,"href":"https:\/\/cenal.gob.ve\/index.php?rest_route=\/wp\/v2\/posts\/25564\/revisions\/25602"}],"wp:featuredmedia":[{"embeddable":true,"href":"https:\/\/cenal.gob.ve\/index.php?rest_route=\/wp\/v2\/media\/25575"}],"wp:attachment":[{"href":"https:\/\/cenal.gob.ve\/index.php?rest_route=%2Fwp%2Fv2%2Fmedia&parent=25564"}],"wp:term":[{"taxonomy":"category","embeddable":true,"href":"https:\/\/cenal.gob.ve\/index.php?rest_route=%2Fwp%2Fv2%2Fcategories&post=25564"},{"taxonomy":"post_tag","embeddable":true,"href":"https:\/\/cenal.gob.ve\/index.php?rest_route=%2Fwp%2Fv2%2Ftags&post=25564"}],"curies":[{"name":"wp","href":"https:\/\/api.w.org\/{rel}","templated":true}]}}