{"id":25686,"date":"2025-04-30T12:31:11","date_gmt":"2025-04-30T16:31:11","guid":{"rendered":"https:\/\/cenal.gob.ve\/?p=25686"},"modified":"2025-04-30T12:31:19","modified_gmt":"2025-04-30T16:31:19","slug":"tunez-y-venezuela-establecen-un-acercamiento-en-materia-editorial","status":"publish","type":"post","link":"https:\/\/cenal.gob.ve\/?p=25686","title":{"rendered":"T\u00fanez y Venezuela establecen un acercamiento en materia editorial"},"content":{"rendered":"\n<p>En ocasi\u00f3n de la participaci\u00f3n de la Rep\u00fablica Bolivariana de Venezuela en la 39.\u00aa Feria Internacional del Libro de T\u00fanez (FilT), se llev\u00f3 a cabo una reuni\u00f3n entre el viceministro de Fomento para la Econom\u00eda Cultural y presidente del Centro Nacional del Libro (Cenal), Ra\u00fal Cazal, y representantes del sector del libro de T\u00fanez.<\/p>\n\n\n\n<p>Durante el encuentro con Mohamed El Kadri, director general de la FilT; Mohamed Elkadhi, presidente de Programaci\u00f3n Cultural de la feria, y Samir Shimi, Cazal record\u00f3 que las relaciones entre los pa\u00edses del Magreb se fortalecieron durante la presidencia del Comandante Hugo Ch\u00e1vez Fr\u00edas, y \u201cson relaciones cuya importancia estrat\u00e9gica son vitales para Am\u00e9rica Latina, esto lo entiende el Gobierno Bolivariano y el presidente Nicol\u00e1s Maduro\u201d.<\/p>\n\n\n\n<figure class=\"wp-block-image size-large\"><img width=\"1024\" height=\"576\" src=\"http:\/\/cenal.gob.ve\/wp-content\/uploads\/2025\/04\/photo_4942779670433214060_y-1024x576.jpg\" alt=\"\" class=\"wp-image-25683\" srcset=\"https:\/\/cenal.gob.ve\/wp-content\/uploads\/2025\/04\/photo_4942779670433214060_y-1024x576.jpg 1024w, https:\/\/cenal.gob.ve\/wp-content\/uploads\/2025\/04\/photo_4942779670433214060_y-300x169.jpg 300w, https:\/\/cenal.gob.ve\/wp-content\/uploads\/2025\/04\/photo_4942779670433214060_y-768x432.jpg 768w, https:\/\/cenal.gob.ve\/wp-content\/uploads\/2025\/04\/photo_4942779670433214060_y-640x360.jpg 640w, https:\/\/cenal.gob.ve\/wp-content\/uploads\/2025\/04\/photo_4942779670433214060_y.jpg 1280w\" sizes=\"(max-width: 1024px) 100vw, 1024px\" \/><\/figure>\n\n\n\n<p>El Kadri por su parte expres\u00f3 la satisfacci\u00f3n que le trae la participaci\u00f3n de Venezuela, como \u00fanico representante del continente americano, en la feria tunecina.<\/p>\n\n\n\n<p>\u201cSon m\u00e1s las cosas que nos unen, que aquellas que nos separan; debemos trabajar en conjunto para hacer que cada d\u00eda esas cosas que nos separan sean menos\u201d, afirm\u00f3.<\/p>\n\n\n\n<p>Durante la reuni\u00f3n se evaluaron posibles proyectos en conjunto en lo relativo al sector del libro en ambos pa\u00edses.<\/p>\n\n\n\n<p>Venezuela participa por primera vez en 39 a\u00f1os en la Feria Internacional del Libro de T\u00fanez. A esta edici\u00f3n arrib\u00f3 con m\u00e1s de 300 t\u00edtulos que son una muestra de la m\u00e1s reciente producci\u00f3n editorial del pa\u00eds.<\/p>\n","protected":false},"excerpt":{"rendered":"<p>En ocasi\u00f3n de la participaci\u00f3n de la Rep\u00fablica Bolivariana de Venezuela en la 39.\u00aa Feria Internacional del Libro de T\u00fanez (FilT), se llev\u00f3 a cabo una reuni\u00f3n entre el viceministro [&hellip;]<\/p>\n","protected":false},"author":10,"featured_media":25684,"comment_status":"open","ping_status":"closed","sticky":false,"template":"","format":"standard","meta":{"spay_email":"","jetpack_publicize_message":"","jetpack_is_tweetstorm":false,"jetpack_publicize_feature_enabled":true},"categories":[2,234],"tags":[81,9],"yoast_head":"<!-- This site is optimized with the Yoast SEO plugin v19.8 - https:\/\/yoast.com\/wordpress\/plugins\/seo\/ -->\n<title>T\u00fanez y Venezuela establecen un acercamiento en materia editorial<\/title>\n<meta name=\"robots\" content=\"index, follow, max-snippet:-1, max-image-preview:large, max-video-preview:-1\" \/>\n<link rel=\"canonical\" href=\"https:\/\/cenal.gob.ve\/?p=25686\" \/>\n<meta property=\"og:locale\" content=\"es_ES\" \/>\n<meta property=\"og:type\" content=\"article\" \/>\n<meta property=\"og:title\" content=\"T\u00fanez y Venezuela establecen un acercamiento en materia editorial\" \/>\n<meta property=\"og:description\" content=\"En ocasi\u00f3n de la participaci\u00f3n de la Rep\u00fablica Bolivariana de Venezuela en la 39.\u00aa Feria Internacional del Libro de T\u00fanez (FilT), se llev\u00f3 a cabo una reuni\u00f3n entre el viceministro [&hellip;]\" \/>\n<meta property=\"og:url\" content=\"https:\/\/cenal.gob.ve\/?p=25686\" \/>\n<meta property=\"og:site_name\" content=\"Cenal\" \/>\n<meta property=\"article:published_time\" content=\"2025-04-30T16:31:11+00:00\" \/>\n<meta property=\"article:modified_time\" content=\"2025-04-30T16:31:19+00:00\" \/>\n<meta property=\"og:image\" content=\"http:\/\/cenal.gob.ve\/wp-content\/uploads\/2025\/04\/photo_4942779670433214061_y.jpg\" \/>\n\t<meta property=\"og:image:width\" content=\"1280\" \/>\n\t<meta property=\"og:image:height\" content=\"852\" \/>\n\t<meta property=\"og:image:type\" content=\"image\/jpeg\" \/>\n<meta name=\"author\" content=\"Prensa Cenal\" \/>\n<meta name=\"twitter:card\" content=\"summary_large_image\" \/>\n<meta name=\"twitter:label1\" content=\"Written by\" \/>\n\t<meta name=\"twitter:data1\" content=\"Prensa Cenal\" \/>\n\t<meta name=\"twitter:label2\" content=\"Est. reading time\" \/>\n\t<meta name=\"twitter:data2\" content=\"2 minutos\" \/>\n<script type=\"application\/ld+json\" class=\"yoast-schema-graph\">{\"@context\":\"https:\/\/schema.org\",\"@graph\":[{\"@type\":\"Article\",\"@id\":\"https:\/\/cenal.gob.ve\/?p=25686#article\",\"isPartOf\":{\"@id\":\"https:\/\/cenal.gob.ve\/?p=25686\"},\"author\":{\"name\":\"Prensa Cenal\",\"@id\":\"https:\/\/cenal.gob.ve\/#\/schema\/person\/e3ed34623f400ffab8bc7a63b2f5533f\"},\"headline\":\"T\u00fanez y Venezuela establecen un acercamiento en materia editorial\",\"datePublished\":\"2025-04-30T16:31:11+00:00\",\"dateModified\":\"2025-04-30T16:31:19+00:00\",\"mainEntityOfPage\":{\"@id\":\"https:\/\/cenal.gob.ve\/?p=25686\"},\"wordCount\":266,\"commentCount\":0,\"publisher\":{\"@id\":\"https:\/\/cenal.gob.ve\/#organization\"},\"keywords\":[\"Libros\",\"Noticias\"],\"articleSection\":[\"Cenal\",\"Internacional\"],\"inLanguage\":\"es\",\"potentialAction\":[{\"@type\":\"CommentAction\",\"name\":\"Comment\",\"target\":[\"https:\/\/cenal.gob.ve\/?p=25686#respond\"]}]},{\"@type\":\"WebPage\",\"@id\":\"https:\/\/cenal.gob.ve\/?p=25686\",\"url\":\"https:\/\/cenal.gob.ve\/?p=25686\",\"name\":\"T\u00fanez y Venezuela establecen un acercamiento en materia editorial\",\"isPartOf\":{\"@id\":\"https:\/\/cenal.gob.ve\/#website\"},\"datePublished\":\"2025-04-30T16:31:11+00:00\",\"dateModified\":\"2025-04-30T16:31:19+00:00\",\"breadcrumb\":{\"@id\":\"https:\/\/cenal.gob.ve\/?p=25686#breadcrumb\"},\"inLanguage\":\"es\",\"potentialAction\":[{\"@type\":\"ReadAction\",\"target\":[\"https:\/\/cenal.gob.ve\/?p=25686\"]}]},{\"@type\":\"BreadcrumbList\",\"@id\":\"https:\/\/cenal.gob.ve\/?p=25686#breadcrumb\",\"itemListElement\":[{\"@type\":\"ListItem\",\"position\":1,\"name\":\"Home\",\"item\":\"https:\/\/cenal.gob.ve\/\"},{\"@type\":\"ListItem\",\"position\":2,\"name\":\"T\u00fanez y Venezuela establecen un acercamiento en materia editorial\"}]},{\"@type\":\"WebSite\",\"@id\":\"https:\/\/cenal.gob.ve\/#website\",\"url\":\"https:\/\/cenal.gob.ve\/\",\"name\":\"Cenal\",\"description\":\"\",\"publisher\":{\"@id\":\"https:\/\/cenal.gob.ve\/#organization\"},\"potentialAction\":[{\"@type\":\"SearchAction\",\"target\":{\"@type\":\"EntryPoint\",\"urlTemplate\":\"https:\/\/cenal.gob.ve\/?s={search_term_string}\"},\"query-input\":\"required name=search_term_string\"}],\"inLanguage\":\"es\"},{\"@type\":\"Organization\",\"@id\":\"https:\/\/cenal.gob.ve\/#organization\",\"name\":\"CENAL\",\"url\":\"https:\/\/cenal.gob.ve\/\",\"sameAs\":[],\"logo\":{\"@type\":\"ImageObject\",\"inLanguage\":\"es\",\"@id\":\"https:\/\/cenal.gob.ve\/#\/schema\/logo\/image\/\",\"url\":\"https:\/\/i0.wp.com\/cenal.gob.ve\/wp-content\/uploads\/2022\/10\/cropped-images.jpg?fit=512%2C512\",\"contentUrl\":\"https:\/\/i0.wp.com\/cenal.gob.ve\/wp-content\/uploads\/2022\/10\/cropped-images.jpg?fit=512%2C512\",\"width\":512,\"height\":512,\"caption\":\"CENAL\"},\"image\":{\"@id\":\"https:\/\/cenal.gob.ve\/#\/schema\/logo\/image\/\"}},{\"@type\":\"Person\",\"@id\":\"https:\/\/cenal.gob.ve\/#\/schema\/person\/e3ed34623f400ffab8bc7a63b2f5533f\",\"name\":\"Prensa Cenal\",\"image\":{\"@type\":\"ImageObject\",\"inLanguage\":\"es\",\"@id\":\"https:\/\/cenal.gob.ve\/#\/schema\/person\/image\/\",\"url\":\"https:\/\/secure.gravatar.com\/avatar\/594b4ed34090910c619ac3679001d491?s=96&d=mm&r=g\",\"contentUrl\":\"https:\/\/secure.gravatar.com\/avatar\/594b4ed34090910c619ac3679001d491?s=96&d=mm&r=g\",\"caption\":\"Prensa Cenal\"},\"url\":\"https:\/\/cenal.gob.ve\/?author=10\"}]}<\/script>\n<!-- \/ Yoast SEO plugin. -->","yoast_head_json":{"title":"T\u00fanez y Venezuela establecen un acercamiento en materia editorial","robots":{"index":"index","follow":"follow","max-snippet":"max-snippet:-1","max-image-preview":"max-image-preview:large","max-video-preview":"max-video-preview:-1"},"canonical":"https:\/\/cenal.gob.ve\/?p=25686","og_locale":"es_ES","og_type":"article","og_title":"T\u00fanez y Venezuela establecen un acercamiento en materia editorial","og_description":"En ocasi\u00f3n de la participaci\u00f3n de la Rep\u00fablica Bolivariana de Venezuela en la 39.\u00aa Feria Internacional del Libro de T\u00fanez (FilT), se llev\u00f3 a cabo una reuni\u00f3n entre el viceministro [&hellip;]","og_url":"https:\/\/cenal.gob.ve\/?p=25686","og_site_name":"Cenal","article_published_time":"2025-04-30T16:31:11+00:00","article_modified_time":"2025-04-30T16:31:19+00:00","og_image":[{"width":1280,"height":852,"url":"http:\/\/cenal.gob.ve\/wp-content\/uploads\/2025\/04\/photo_4942779670433214061_y.jpg","type":"image\/jpeg"}],"author":"Prensa Cenal","twitter_card":"summary_large_image","twitter_misc":{"Written by":"Prensa Cenal","Est. reading time":"2 minutos"},"schema":{"@context":"https:\/\/schema.org","@graph":[{"@type":"Article","@id":"https:\/\/cenal.gob.ve\/?p=25686#article","isPartOf":{"@id":"https:\/\/cenal.gob.ve\/?p=25686"},"author":{"name":"Prensa Cenal","@id":"https:\/\/cenal.gob.ve\/#\/schema\/person\/e3ed34623f400ffab8bc7a63b2f5533f"},"headline":"T\u00fanez y Venezuela establecen un acercamiento en materia editorial","datePublished":"2025-04-30T16:31:11+00:00","dateModified":"2025-04-30T16:31:19+00:00","mainEntityOfPage":{"@id":"https:\/\/cenal.gob.ve\/?p=25686"},"wordCount":266,"commentCount":0,"publisher":{"@id":"https:\/\/cenal.gob.ve\/#organization"},"keywords":["Libros","Noticias"],"articleSection":["Cenal","Internacional"],"inLanguage":"es","potentialAction":[{"@type":"CommentAction","name":"Comment","target":["https:\/\/cenal.gob.ve\/?p=25686#respond"]}]},{"@type":"WebPage","@id":"https:\/\/cenal.gob.ve\/?p=25686","url":"https:\/\/cenal.gob.ve\/?p=25686","name":"T\u00fanez y Venezuela establecen un acercamiento en materia editorial","isPartOf":{"@id":"https:\/\/cenal.gob.ve\/#website"},"datePublished":"2025-04-30T16:31:11+00:00","dateModified":"2025-04-30T16:31:19+00:00","breadcrumb":{"@id":"https:\/\/cenal.gob.ve\/?p=25686#breadcrumb"},"inLanguage":"es","potentialAction":[{"@type":"ReadAction","target":["https:\/\/cenal.gob.ve\/?p=25686"]}]},{"@type":"BreadcrumbList","@id":"https:\/\/cenal.gob.ve\/?p=25686#breadcrumb","itemListElement":[{"@type":"ListItem","position":1,"name":"Home","item":"https:\/\/cenal.gob.ve\/"},{"@type":"ListItem","position":2,"name":"T\u00fanez y Venezuela establecen un acercamiento en materia editorial"}]},{"@type":"WebSite","@id":"https:\/\/cenal.gob.ve\/#website","url":"https:\/\/cenal.gob.ve\/","name":"Cenal","description":"","publisher":{"@id":"https:\/\/cenal.gob.ve\/#organization"},"potentialAction":[{"@type":"SearchAction","target":{"@type":"EntryPoint","urlTemplate":"https:\/\/cenal.gob.ve\/?s={search_term_string}"},"query-input":"required name=search_term_string"}],"inLanguage":"es"},{"@type":"Organization","@id":"https:\/\/cenal.gob.ve\/#organization","name":"CENAL","url":"https:\/\/cenal.gob.ve\/","sameAs":[],"logo":{"@type":"ImageObject","inLanguage":"es","@id":"https:\/\/cenal.gob.ve\/#\/schema\/logo\/image\/","url":"https:\/\/i0.wp.com\/cenal.gob.ve\/wp-content\/uploads\/2022\/10\/cropped-images.jpg?fit=512%2C512","contentUrl":"https:\/\/i0.wp.com\/cenal.gob.ve\/wp-content\/uploads\/2022\/10\/cropped-images.jpg?fit=512%2C512","width":512,"height":512,"caption":"CENAL"},"image":{"@id":"https:\/\/cenal.gob.ve\/#\/schema\/logo\/image\/"}},{"@type":"Person","@id":"https:\/\/cenal.gob.ve\/#\/schema\/person\/e3ed34623f400ffab8bc7a63b2f5533f","name":"Prensa Cenal","image":{"@type":"ImageObject","inLanguage":"es","@id":"https:\/\/cenal.gob.ve\/#\/schema\/person\/image\/","url":"https:\/\/secure.gravatar.com\/avatar\/594b4ed34090910c619ac3679001d491?s=96&d=mm&r=g","contentUrl":"https:\/\/secure.gravatar.com\/avatar\/594b4ed34090910c619ac3679001d491?s=96&d=mm&r=g","caption":"Prensa Cenal"},"url":"https:\/\/cenal.gob.ve\/?author=10"}]}},"jetpack_featured_media_url":"https:\/\/cenal.gob.ve\/wp-content\/uploads\/2025\/04\/photo_4942779670433214061_y.jpg","jetpack_publicize_connections":[],"jetpack_shortlink":"https:\/\/wp.me\/p5FMhp-6Gi","_links":{"self":[{"href":"https:\/\/cenal.gob.ve\/index.php?rest_route=\/wp\/v2\/posts\/25686"}],"collection":[{"href":"https:\/\/cenal.gob.ve\/index.php?rest_route=\/wp\/v2\/posts"}],"about":[{"href":"https:\/\/cenal.gob.ve\/index.php?rest_route=\/wp\/v2\/types\/post"}],"author":[{"embeddable":true,"href":"https:\/\/cenal.gob.ve\/index.php?rest_route=\/wp\/v2\/users\/10"}],"replies":[{"embeddable":true,"href":"https:\/\/cenal.gob.ve\/index.php?rest_route=%2Fwp%2Fv2%2Fcomments&post=25686"}],"version-history":[{"count":1,"href":"https:\/\/cenal.gob.ve\/index.php?rest_route=\/wp\/v2\/posts\/25686\/revisions"}],"predecessor-version":[{"id":25687,"href":"https:\/\/cenal.gob.ve\/index.php?rest_route=\/wp\/v2\/posts\/25686\/revisions\/25687"}],"wp:featuredmedia":[{"embeddable":true,"href":"https:\/\/cenal.gob.ve\/index.php?rest_route=\/wp\/v2\/media\/25684"}],"wp:attachment":[{"href":"https:\/\/cenal.gob.ve\/index.php?rest_route=%2Fwp%2Fv2%2Fmedia&parent=25686"}],"wp:term":[{"taxonomy":"category","embeddable":true,"href":"https:\/\/cenal.gob.ve\/index.php?rest_route=%2Fwp%2Fv2%2Fcategories&post=25686"},{"taxonomy":"post_tag","embeddable":true,"href":"https:\/\/cenal.gob.ve\/index.php?rest_route=%2Fwp%2Fv2%2Ftags&post=25686"}],"curies":[{"name":"wp","href":"https:\/\/api.w.org\/{rel}","templated":true}]}}