{"id":25787,"date":"2025-05-11T14:41:54","date_gmt":"2025-05-11T18:41:54","guid":{"rendered":"https:\/\/cenal.gob.ve\/?p=25787"},"modified":"2025-05-11T16:18:39","modified_gmt":"2025-05-11T20:18:39","slug":"venezuela-presente-en-la-36-a-feria-internacional-del-libro-de-teheran","status":"publish","type":"post","link":"https:\/\/cenal.gob.ve\/?p=25787","title":{"rendered":"Venezuela presente en la 36.\u00aa Feria Internacional del Libro de Teher\u00e1n"},"content":{"rendered":"\n<p>La Rep\u00fablica Bolivariana de Venezuela dice presente por tercera vez de forma consecutiva en la 36.\u00aa Feria Internacional del Libro de Teher\u00e1n, en la Rep\u00fablica Isl\u00e1mica de Ir\u00e1n.<\/p>\n\n\n\n<p>El evento se lleva a cabo en la Gran Mezquita de la capital iran\u00ed, desde su inauguraci\u00f3n el pasado 7 de mayo hasta el 17 de este mes, bajo el lema Leamos por Ir\u00e1n y con Irak como pa\u00eds invitado.<\/p>\n\n\n\n<p>Venezuela, que participa a trav\u00e9s de su Ministerio del Poder Popular para la Cultura (Mppc) y su embajada en Ir\u00e1n, ofrece en su stand m\u00e1s de 90 publicaciones de editoriales p\u00fablicas, privadas e independientes.<\/p>\n\n\n\n<figure class=\"wp-block-image size-full\"><img width=\"768\" height=\"613\" src=\"https:\/\/cenal.gob.ve\/wp-content\/uploads\/2025\/05\/1000062771.jpg\" alt=\"\" class=\"wp-image-25789\" srcset=\"https:\/\/cenal.gob.ve\/wp-content\/uploads\/2025\/05\/1000062771.jpg 768w, https:\/\/cenal.gob.ve\/wp-content\/uploads\/2025\/05\/1000062771-300x239.jpg 300w, https:\/\/cenal.gob.ve\/wp-content\/uploads\/2025\/05\/1000062771-640x511.jpg 640w\" sizes=\"(max-width: 768px) 100vw, 768px\" \/><\/figure>\n\n\n\n<p>La oferta editorial incluye t\u00edtulos de El perro y la rana, Monte \u00c1vila y Biblioteca Ayacucho, adscritas al Mppc, y de otras casas editoras y fondos editoriales, como el Instituto de Altos Estudios Hugo Ch\u00e1vez Fr\u00edas y Vadell Hermanos Editores.<\/p>\n\n\n\n<p>Adem\u00e1s de decir presente en la Feria Internacional del Libro de Teher\u00e1n, Venezuela igualmente particip\u00f3 durante el presente a\u00f1o por primera vez en la 39.\u00aa Feria Internacional del Libro de T\u00fanez y por segunda vez en la 56.\u00aa Feria Internacional del Libro de El Cairo, en Egipto, como parte de su relaci\u00f3n significativa con los pa\u00edses \u00e1rabes en lo diplom\u00e1tico y cultural.<\/p>\n\n\n\n<p>Tambi\u00e9n Venezuela asisti\u00f3 a la 37.\u00aa Feria Internacional del Libro de Bogot\u00e1 (Filbo), en Colombia, que finaliza este 11 de mayo, donde ofreci\u00f3 desde el pasado 25 de abril una importante muestra de su producci\u00f3n literaria.<\/p>\n\n\n\n<p>Asimismo, acudi\u00f3 en febrero con una nutrida delegaci\u00f3n de escritores y m\u00e1s de 30 actividades literarias a la 33.\u00aa Feria Internacional del Libro de La Habana, Cuba.<\/p>\n\n\n\n<p>La presencia del pa\u00eds en las ferias internacionales del libro reafirma el inter\u00e9s y compromiso del Gobierno Bolivariano en la promoci\u00f3n de la producci\u00f3n editorial nacional, sus autores y pol\u00edticas para fomentar la lectura de cara al mundo.<\/p>\n\n\n\n<figure class=\"wp-block-image size-full\"><img width=\"1020\" height=\"768\" src=\"https:\/\/cenal.gob.ve\/wp-content\/uploads\/2025\/05\/1000062718.jpg\" alt=\"\" class=\"wp-image-25791\" srcset=\"https:\/\/cenal.gob.ve\/wp-content\/uploads\/2025\/05\/1000062718.jpg 1020w, https:\/\/cenal.gob.ve\/wp-content\/uploads\/2025\/05\/1000062718-300x226.jpg 300w, https:\/\/cenal.gob.ve\/wp-content\/uploads\/2025\/05\/1000062718-768x578.jpg 768w, https:\/\/cenal.gob.ve\/wp-content\/uploads\/2025\/05\/1000062718-640x482.jpg 640w\" sizes=\"(max-width: 1020px) 100vw, 1020px\" \/><\/figure>\n\n\n\n<figure class=\"wp-block-image size-full\"><img width=\"768\" height=\"1020\" src=\"https:\/\/cenal.gob.ve\/wp-content\/uploads\/2025\/05\/1000057365.jpg\" alt=\"\" class=\"wp-image-25792\" srcset=\"https:\/\/cenal.gob.ve\/wp-content\/uploads\/2025\/05\/1000057365.jpg 768w, https:\/\/cenal.gob.ve\/wp-content\/uploads\/2025\/05\/1000057365-226x300.jpg 226w, https:\/\/cenal.gob.ve\/wp-content\/uploads\/2025\/05\/1000057365-640x850.jpg 640w\" sizes=\"(max-width: 768px) 100vw, 768px\" \/><\/figure>\n\n\n\n<figure class=\"wp-block-image size-full\"><img width=\"768\" height=\"1020\" src=\"https:\/\/cenal.gob.ve\/wp-content\/uploads\/2025\/05\/1000062730.jpg\" alt=\"\" class=\"wp-image-25793\" srcset=\"https:\/\/cenal.gob.ve\/wp-content\/uploads\/2025\/05\/1000062730.jpg 768w, https:\/\/cenal.gob.ve\/wp-content\/uploads\/2025\/05\/1000062730-226x300.jpg 226w, https:\/\/cenal.gob.ve\/wp-content\/uploads\/2025\/05\/1000062730-640x850.jpg 640w\" sizes=\"(max-width: 768px) 100vw, 768px\" \/><\/figure>\n\n\n\n<figure class=\"wp-block-image size-full\"><img width=\"768\" height=\"1020\" src=\"https:\/\/cenal.gob.ve\/wp-content\/uploads\/2025\/05\/1000057351.jpg\" alt=\"\" class=\"wp-image-25794\" srcset=\"https:\/\/cenal.gob.ve\/wp-content\/uploads\/2025\/05\/1000057351.jpg 768w, https:\/\/cenal.gob.ve\/wp-content\/uploads\/2025\/05\/1000057351-226x300.jpg 226w, https:\/\/cenal.gob.ve\/wp-content\/uploads\/2025\/05\/1000057351-640x850.jpg 640w\" sizes=\"(max-width: 768px) 100vw, 768px\" \/><\/figure>\n","protected":false},"excerpt":{"rendered":"<p>La Rep\u00fablica Bolivariana de Venezuela dice presente por tercera vez de forma consecutiva en la 36.\u00aa Feria Internacional del Libro de Teher\u00e1n, en la Rep\u00fablica Isl\u00e1mica de Ir\u00e1n. El evento [&hellip;]<\/p>\n","protected":false},"author":10,"featured_media":25788,"comment_status":"open","ping_status":"closed","sticky":false,"template":"","format":"standard","meta":{"spay_email":"","jetpack_publicize_message":"","jetpack_is_tweetstorm":false,"jetpack_publicize_feature_enabled":true},"categories":[2,234],"tags":[],"yoast_head":"<!-- This site is optimized with the Yoast SEO plugin v19.8 - https:\/\/yoast.com\/wordpress\/plugins\/seo\/ -->\n<title>Venezuela presente en la 36.\u00aa Feria Internacional del Libro de Teher\u00e1n<\/title>\n<meta name=\"robots\" content=\"index, follow, max-snippet:-1, max-image-preview:large, max-video-preview:-1\" \/>\n<link rel=\"canonical\" href=\"https:\/\/cenal.gob.ve\/?p=25787\" \/>\n<meta property=\"og:locale\" content=\"es_ES\" \/>\n<meta property=\"og:type\" content=\"article\" \/>\n<meta property=\"og:title\" content=\"Venezuela presente en la 36.\u00aa Feria Internacional del Libro de Teher\u00e1n\" \/>\n<meta property=\"og:description\" content=\"La Rep\u00fablica Bolivariana de Venezuela dice presente por tercera vez de forma consecutiva en la 36.\u00aa Feria Internacional del Libro de Teher\u00e1n, en la Rep\u00fablica Isl\u00e1mica de Ir\u00e1n. El evento [&hellip;]\" \/>\n<meta property=\"og:url\" content=\"https:\/\/cenal.gob.ve\/?p=25787\" \/>\n<meta property=\"og:site_name\" content=\"Cenal\" \/>\n<meta property=\"article:published_time\" content=\"2025-05-11T18:41:54+00:00\" \/>\n<meta property=\"article:modified_time\" content=\"2025-05-11T20:18:39+00:00\" \/>\n<meta property=\"og:image\" content=\"http:\/\/cenal.gob.ve\/wp-content\/uploads\/2025\/05\/IMG-20250511-WA0037.jpg\" \/>\n\t<meta property=\"og:image:width\" content=\"768\" \/>\n\t<meta property=\"og:image:height\" content=\"602\" \/>\n\t<meta property=\"og:image:type\" content=\"image\/jpeg\" \/>\n<meta name=\"author\" content=\"Prensa Cenal\" \/>\n<meta name=\"twitter:card\" content=\"summary_large_image\" \/>\n<meta name=\"twitter:label1\" content=\"Written by\" \/>\n\t<meta name=\"twitter:data1\" content=\"Prensa Cenal\" \/>\n\t<meta name=\"twitter:label2\" content=\"Est. reading time\" \/>\n\t<meta name=\"twitter:data2\" content=\"3 minutos\" \/>\n<script type=\"application\/ld+json\" class=\"yoast-schema-graph\">{\"@context\":\"https:\/\/schema.org\",\"@graph\":[{\"@type\":\"Article\",\"@id\":\"https:\/\/cenal.gob.ve\/?p=25787#article\",\"isPartOf\":{\"@id\":\"https:\/\/cenal.gob.ve\/?p=25787\"},\"author\":{\"name\":\"Prensa Cenal\",\"@id\":\"https:\/\/cenal.gob.ve\/#\/schema\/person\/e3ed34623f400ffab8bc7a63b2f5533f\"},\"headline\":\"Venezuela presente en la 36.\u00aa Feria Internacional del Libro de Teher\u00e1n\",\"datePublished\":\"2025-05-11T18:41:54+00:00\",\"dateModified\":\"2025-05-11T20:18:39+00:00\",\"mainEntityOfPage\":{\"@id\":\"https:\/\/cenal.gob.ve\/?p=25787\"},\"wordCount\":336,\"commentCount\":0,\"publisher\":{\"@id\":\"https:\/\/cenal.gob.ve\/#organization\"},\"articleSection\":[\"Cenal\",\"Internacional\"],\"inLanguage\":\"es\",\"potentialAction\":[{\"@type\":\"CommentAction\",\"name\":\"Comment\",\"target\":[\"https:\/\/cenal.gob.ve\/?p=25787#respond\"]}]},{\"@type\":\"WebPage\",\"@id\":\"https:\/\/cenal.gob.ve\/?p=25787\",\"url\":\"https:\/\/cenal.gob.ve\/?p=25787\",\"name\":\"Venezuela presente en la 36.\u00aa Feria Internacional del Libro de Teher\u00e1n\",\"isPartOf\":{\"@id\":\"https:\/\/cenal.gob.ve\/#website\"},\"datePublished\":\"2025-05-11T18:41:54+00:00\",\"dateModified\":\"2025-05-11T20:18:39+00:00\",\"breadcrumb\":{\"@id\":\"https:\/\/cenal.gob.ve\/?p=25787#breadcrumb\"},\"inLanguage\":\"es\",\"potentialAction\":[{\"@type\":\"ReadAction\",\"target\":[\"https:\/\/cenal.gob.ve\/?p=25787\"]}]},{\"@type\":\"BreadcrumbList\",\"@id\":\"https:\/\/cenal.gob.ve\/?p=25787#breadcrumb\",\"itemListElement\":[{\"@type\":\"ListItem\",\"position\":1,\"name\":\"Home\",\"item\":\"https:\/\/cenal.gob.ve\/\"},{\"@type\":\"ListItem\",\"position\":2,\"name\":\"Venezuela presente en la 36.\u00aa Feria Internacional del Libro de Teher\u00e1n\"}]},{\"@type\":\"WebSite\",\"@id\":\"https:\/\/cenal.gob.ve\/#website\",\"url\":\"https:\/\/cenal.gob.ve\/\",\"name\":\"Cenal\",\"description\":\"\",\"publisher\":{\"@id\":\"https:\/\/cenal.gob.ve\/#organization\"},\"potentialAction\":[{\"@type\":\"SearchAction\",\"target\":{\"@type\":\"EntryPoint\",\"urlTemplate\":\"https:\/\/cenal.gob.ve\/?s={search_term_string}\"},\"query-input\":\"required name=search_term_string\"}],\"inLanguage\":\"es\"},{\"@type\":\"Organization\",\"@id\":\"https:\/\/cenal.gob.ve\/#organization\",\"name\":\"CENAL\",\"url\":\"https:\/\/cenal.gob.ve\/\",\"sameAs\":[],\"logo\":{\"@type\":\"ImageObject\",\"inLanguage\":\"es\",\"@id\":\"https:\/\/cenal.gob.ve\/#\/schema\/logo\/image\/\",\"url\":\"https:\/\/i0.wp.com\/cenal.gob.ve\/wp-content\/uploads\/2022\/10\/cropped-images.jpg?fit=512%2C512\",\"contentUrl\":\"https:\/\/i0.wp.com\/cenal.gob.ve\/wp-content\/uploads\/2022\/10\/cropped-images.jpg?fit=512%2C512\",\"width\":512,\"height\":512,\"caption\":\"CENAL\"},\"image\":{\"@id\":\"https:\/\/cenal.gob.ve\/#\/schema\/logo\/image\/\"}},{\"@type\":\"Person\",\"@id\":\"https:\/\/cenal.gob.ve\/#\/schema\/person\/e3ed34623f400ffab8bc7a63b2f5533f\",\"name\":\"Prensa Cenal\",\"image\":{\"@type\":\"ImageObject\",\"inLanguage\":\"es\",\"@id\":\"https:\/\/cenal.gob.ve\/#\/schema\/person\/image\/\",\"url\":\"https:\/\/secure.gravatar.com\/avatar\/594b4ed34090910c619ac3679001d491?s=96&d=mm&r=g\",\"contentUrl\":\"https:\/\/secure.gravatar.com\/avatar\/594b4ed34090910c619ac3679001d491?s=96&d=mm&r=g\",\"caption\":\"Prensa Cenal\"},\"url\":\"https:\/\/cenal.gob.ve\/?author=10\"}]}<\/script>\n<!-- \/ Yoast SEO plugin. -->","yoast_head_json":{"title":"Venezuela presente en la 36.\u00aa Feria Internacional del Libro de Teher\u00e1n","robots":{"index":"index","follow":"follow","max-snippet":"max-snippet:-1","max-image-preview":"max-image-preview:large","max-video-preview":"max-video-preview:-1"},"canonical":"https:\/\/cenal.gob.ve\/?p=25787","og_locale":"es_ES","og_type":"article","og_title":"Venezuela presente en la 36.\u00aa Feria Internacional del Libro de Teher\u00e1n","og_description":"La Rep\u00fablica Bolivariana de Venezuela dice presente por tercera vez de forma consecutiva en la 36.\u00aa Feria Internacional del Libro de Teher\u00e1n, en la Rep\u00fablica Isl\u00e1mica de Ir\u00e1n. El evento [&hellip;]","og_url":"https:\/\/cenal.gob.ve\/?p=25787","og_site_name":"Cenal","article_published_time":"2025-05-11T18:41:54+00:00","article_modified_time":"2025-05-11T20:18:39+00:00","og_image":[{"width":768,"height":602,"url":"http:\/\/cenal.gob.ve\/wp-content\/uploads\/2025\/05\/IMG-20250511-WA0037.jpg","type":"image\/jpeg"}],"author":"Prensa Cenal","twitter_card":"summary_large_image","twitter_misc":{"Written by":"Prensa Cenal","Est. reading time":"3 minutos"},"schema":{"@context":"https:\/\/schema.org","@graph":[{"@type":"Article","@id":"https:\/\/cenal.gob.ve\/?p=25787#article","isPartOf":{"@id":"https:\/\/cenal.gob.ve\/?p=25787"},"author":{"name":"Prensa Cenal","@id":"https:\/\/cenal.gob.ve\/#\/schema\/person\/e3ed34623f400ffab8bc7a63b2f5533f"},"headline":"Venezuela presente en la 36.\u00aa Feria Internacional del Libro de Teher\u00e1n","datePublished":"2025-05-11T18:41:54+00:00","dateModified":"2025-05-11T20:18:39+00:00","mainEntityOfPage":{"@id":"https:\/\/cenal.gob.ve\/?p=25787"},"wordCount":336,"commentCount":0,"publisher":{"@id":"https:\/\/cenal.gob.ve\/#organization"},"articleSection":["Cenal","Internacional"],"inLanguage":"es","potentialAction":[{"@type":"CommentAction","name":"Comment","target":["https:\/\/cenal.gob.ve\/?p=25787#respond"]}]},{"@type":"WebPage","@id":"https:\/\/cenal.gob.ve\/?p=25787","url":"https:\/\/cenal.gob.ve\/?p=25787","name":"Venezuela presente en la 36.\u00aa Feria Internacional del Libro de Teher\u00e1n","isPartOf":{"@id":"https:\/\/cenal.gob.ve\/#website"},"datePublished":"2025-05-11T18:41:54+00:00","dateModified":"2025-05-11T20:18:39+00:00","breadcrumb":{"@id":"https:\/\/cenal.gob.ve\/?p=25787#breadcrumb"},"inLanguage":"es","potentialAction":[{"@type":"ReadAction","target":["https:\/\/cenal.gob.ve\/?p=25787"]}]},{"@type":"BreadcrumbList","@id":"https:\/\/cenal.gob.ve\/?p=25787#breadcrumb","itemListElement":[{"@type":"ListItem","position":1,"name":"Home","item":"https:\/\/cenal.gob.ve\/"},{"@type":"ListItem","position":2,"name":"Venezuela presente en la 36.\u00aa Feria Internacional del Libro de Teher\u00e1n"}]},{"@type":"WebSite","@id":"https:\/\/cenal.gob.ve\/#website","url":"https:\/\/cenal.gob.ve\/","name":"Cenal","description":"","publisher":{"@id":"https:\/\/cenal.gob.ve\/#organization"},"potentialAction":[{"@type":"SearchAction","target":{"@type":"EntryPoint","urlTemplate":"https:\/\/cenal.gob.ve\/?s={search_term_string}"},"query-input":"required name=search_term_string"}],"inLanguage":"es"},{"@type":"Organization","@id":"https:\/\/cenal.gob.ve\/#organization","name":"CENAL","url":"https:\/\/cenal.gob.ve\/","sameAs":[],"logo":{"@type":"ImageObject","inLanguage":"es","@id":"https:\/\/cenal.gob.ve\/#\/schema\/logo\/image\/","url":"https:\/\/i0.wp.com\/cenal.gob.ve\/wp-content\/uploads\/2022\/10\/cropped-images.jpg?fit=512%2C512","contentUrl":"https:\/\/i0.wp.com\/cenal.gob.ve\/wp-content\/uploads\/2022\/10\/cropped-images.jpg?fit=512%2C512","width":512,"height":512,"caption":"CENAL"},"image":{"@id":"https:\/\/cenal.gob.ve\/#\/schema\/logo\/image\/"}},{"@type":"Person","@id":"https:\/\/cenal.gob.ve\/#\/schema\/person\/e3ed34623f400ffab8bc7a63b2f5533f","name":"Prensa Cenal","image":{"@type":"ImageObject","inLanguage":"es","@id":"https:\/\/cenal.gob.ve\/#\/schema\/person\/image\/","url":"https:\/\/secure.gravatar.com\/avatar\/594b4ed34090910c619ac3679001d491?s=96&d=mm&r=g","contentUrl":"https:\/\/secure.gravatar.com\/avatar\/594b4ed34090910c619ac3679001d491?s=96&d=mm&r=g","caption":"Prensa Cenal"},"url":"https:\/\/cenal.gob.ve\/?author=10"}]}},"jetpack_featured_media_url":"https:\/\/cenal.gob.ve\/wp-content\/uploads\/2025\/05\/IMG-20250511-WA0037.jpg","jetpack_publicize_connections":[],"jetpack_shortlink":"https:\/\/wp.me\/p5FMhp-6HV","_links":{"self":[{"href":"https:\/\/cenal.gob.ve\/index.php?rest_route=\/wp\/v2\/posts\/25787"}],"collection":[{"href":"https:\/\/cenal.gob.ve\/index.php?rest_route=\/wp\/v2\/posts"}],"about":[{"href":"https:\/\/cenal.gob.ve\/index.php?rest_route=\/wp\/v2\/types\/post"}],"author":[{"embeddable":true,"href":"https:\/\/cenal.gob.ve\/index.php?rest_route=\/wp\/v2\/users\/10"}],"replies":[{"embeddable":true,"href":"https:\/\/cenal.gob.ve\/index.php?rest_route=%2Fwp%2Fv2%2Fcomments&post=25787"}],"version-history":[{"count":3,"href":"https:\/\/cenal.gob.ve\/index.php?rest_route=\/wp\/v2\/posts\/25787\/revisions"}],"predecessor-version":[{"id":25802,"href":"https:\/\/cenal.gob.ve\/index.php?rest_route=\/wp\/v2\/posts\/25787\/revisions\/25802"}],"wp:featuredmedia":[{"embeddable":true,"href":"https:\/\/cenal.gob.ve\/index.php?rest_route=\/wp\/v2\/media\/25788"}],"wp:attachment":[{"href":"https:\/\/cenal.gob.ve\/index.php?rest_route=%2Fwp%2Fv2%2Fmedia&parent=25787"}],"wp:term":[{"taxonomy":"category","embeddable":true,"href":"https:\/\/cenal.gob.ve\/index.php?rest_route=%2Fwp%2Fv2%2Fcategories&post=25787"},{"taxonomy":"post_tag","embeddable":true,"href":"https:\/\/cenal.gob.ve\/index.php?rest_route=%2Fwp%2Fv2%2Ftags&post=25787"}],"curies":[{"name":"wp","href":"https:\/\/api.w.org\/{rel}","templated":true}]}}