{"id":25870,"date":"2025-05-21T21:33:53","date_gmt":"2025-05-22T01:33:53","guid":{"rendered":"https:\/\/cenal.gob.ve\/?p=25870"},"modified":"2025-05-23T07:56:04","modified_gmt":"2025-05-23T11:56:04","slug":"en-maracaibo-celebran-inauguracion-de-librerias-del-sur-berta-vega","status":"publish","type":"post","link":"https:\/\/cenal.gob.ve\/?p=25870","title":{"rendered":"En Maracaibo celebran inauguraci\u00f3n de Librer\u00edas del Sur Berta Vega"},"content":{"rendered":"\n<p>En el casco hist\u00f3rico de Maracaibo, estado Zulia, se inaugur\u00f3 la Librer\u00eda del Sur Berta Vega, convirti\u00e9ndose as\u00ed en la primera sede de esta red de librer\u00edas identificada con el nombre de una escritora.<\/p>\n\n\n\n<p>Que lleve el nombre de Berta Vega (1954-2022) refleja el compromiso con la inclusi\u00f3n y el reconocimiento de las contribuciones de la mujer en el \u00e1mbito cultural, explic\u00f3 el viceministro de Fomento para la Econom\u00eda Cultural y presidente del Centro Nacional del Libro (Cenal), Ra\u00fal Cazal, durante su participaci\u00f3n en las actividades realizadas este mi\u00e9rcoles 21 en la librer\u00eda para celebrar el acontecimiento.<\/p>\n\n\n\n<figure class=\"wp-block-image size-large\"><img width=\"1024\" height=\"683\" src=\"http:\/\/cenal.gob.ve\/wp-content\/uploads\/2025\/05\/IMG_2739-1024x683.jpg\" alt=\"\" class=\"wp-image-25880\" srcset=\"https:\/\/cenal.gob.ve\/wp-content\/uploads\/2025\/05\/IMG_2739-1024x683.jpg 1024w, https:\/\/cenal.gob.ve\/wp-content\/uploads\/2025\/05\/IMG_2739-300x200.jpg 300w, https:\/\/cenal.gob.ve\/wp-content\/uploads\/2025\/05\/IMG_2739-768x512.jpg 768w, https:\/\/cenal.gob.ve\/wp-content\/uploads\/2025\/05\/IMG_2739-1536x1024.jpg 1536w, https:\/\/cenal.gob.ve\/wp-content\/uploads\/2025\/05\/IMG_2739-640x427.jpg 640w, https:\/\/cenal.gob.ve\/wp-content\/uploads\/2025\/05\/IMG_2739.jpg 1920w\" sizes=\"(max-width: 1024px) 100vw, 1024px\" \/><figcaption>Ra\u00fal Cazal y Antonio Trujillo<\/figcaption><\/figure>\n\n\n\n<p>Ah\u00ed se dio cita un grupo de escritores, entre ellos Antonio Trujillo, Jos\u00e9 Javier Le\u00f3n y C\u00f3simo Mandrillo, entre otros escritores de la regi\u00f3n, as\u00ed como lectores, hacedores del mundo editorial y cultores. Junto al viceministro de Fomento para la Econom\u00eda Cultural y presidente del Cenal, Ra\u00fal Cazal, tambi\u00e9n compartieron con los presentes el presidente de Librer\u00edas del Sur, Omar Rangel; y la directora del Gabinete Estadal de Cultura de Zulia, Keyla Gonz\u00e1lez.<\/p>\n\n\n\n<p>Se trata de la sucursal n\u00famero 34 de la red de Librer\u00edas del Sur, ubicada en la avenida Padilla, en el edificio Rafael Urdaneta, de la capital zuliana; un espacio dise\u00f1ado para que los amantes del libro y la lectura puedan acceder a una amplia variedad de t\u00edtulos y actividades literarias.<\/p>\n\n\n\n<p>Lleva el nombre de Berta Vega en honor a esta destacada profesora que dedic\u00f3 su vida a investigar la oralidad zuliana y a estudiar los procesos identitarios de Maracaibo.<\/p>\n\n\n\n<p>&#8220;Le pusimos el nombre de Berta Vega porque ella es un referente literario y ensay\u00edstico, una maestra que nos dio muchas ense\u00f1anzas en la investigaci\u00f3n&#8221;, explic\u00f3 el viceministro Cazal. &#8220;Berta Vega tambi\u00e9n es una poeta reconocida en la regi\u00f3n y una librer\u00eda merece tener su nombre&#8221;, coment\u00f3.<\/p>\n\n\n\n<p>&#8220;Este nuevo resurgir de Librer\u00edas del Sur se debe a un trabajo que desarrollamos despu\u00e9s de la batalla que le hemos dado a la guerra que nos han propinado desde sectores de la derecha y de la hegemon\u00eda financiera y cultural&#8221;, resalt\u00f3 Cazal.<\/p>\n\n\n\n<figure class=\"wp-block-image size-large\"><img width=\"1024\" height=\"683\" src=\"http:\/\/cenal.gob.ve\/wp-content\/uploads\/2025\/05\/1000075549-1024x683.jpg\" alt=\"\" class=\"wp-image-25881\" srcset=\"https:\/\/cenal.gob.ve\/wp-content\/uploads\/2025\/05\/1000075549-1024x683.jpg 1024w, https:\/\/cenal.gob.ve\/wp-content\/uploads\/2025\/05\/1000075549-300x200.jpg 300w, https:\/\/cenal.gob.ve\/wp-content\/uploads\/2025\/05\/1000075549-768x512.jpg 768w, https:\/\/cenal.gob.ve\/wp-content\/uploads\/2025\/05\/1000075549-1536x1024.jpg 1536w, https:\/\/cenal.gob.ve\/wp-content\/uploads\/2025\/05\/1000075549-640x427.jpg 640w, https:\/\/cenal.gob.ve\/wp-content\/uploads\/2025\/05\/1000075549.jpg 1920w\" sizes=\"(max-width: 1024px) 100vw, 1024px\" \/><\/figure>\n\n\n\n<p>Los espacios de la Librer\u00edas del Sur Berta Vega representan un esfuerzo colectivo por fomentar la lectura y el conocimiento en la regi\u00f3n, y ser\u00e1 un punto de encuentro para todos aquellos que deseen explorar el mundo de los libros, afirm\u00f3 Cazal.<\/p>\n\n\n\n<p>Por su parte, el presidente de Librer\u00edas del Sur, Omar Rangel, destac\u00f3 que con esta librer\u00eda se suma en Zulia un punto de encuentro para el debate de ideas.<\/p>\n\n\n\n<figure class=\"wp-block-image size-large\"><img width=\"1024\" height=\"684\" src=\"http:\/\/cenal.gob.ve\/wp-content\/uploads\/2025\/05\/IMG_2736-1024x684.jpg\" alt=\"\" class=\"wp-image-25882\" srcset=\"https:\/\/cenal.gob.ve\/wp-content\/uploads\/2025\/05\/IMG_2736-1024x684.jpg 1024w, https:\/\/cenal.gob.ve\/wp-content\/uploads\/2025\/05\/IMG_2736-300x200.jpg 300w, https:\/\/cenal.gob.ve\/wp-content\/uploads\/2025\/05\/IMG_2736-768x513.jpg 768w, https:\/\/cenal.gob.ve\/wp-content\/uploads\/2025\/05\/IMG_2736-1536x1025.jpg 1536w, https:\/\/cenal.gob.ve\/wp-content\/uploads\/2025\/05\/IMG_2736-640x427.jpg 640w, https:\/\/cenal.gob.ve\/wp-content\/uploads\/2025\/05\/IMG_2736.jpg 1874w\" sizes=\"(max-width: 1024px) 100vw, 1024px\" \/><\/figure>\n\n\n\n<p>&#8220;Estamos muy felices porque ten\u00edamos ocho a\u00f1os sin una Librer\u00edas del Sur en esta ciudad. La idea es tener un espacio de encuentro, de debate y de discusi\u00f3n, donde poetas, escritores y nuevos talentos puedan debatir, discutir y aprender. La acogida del d\u00eda de hoy nos confirma que fue acertado abrir nuevamente la Librer\u00edas del Sur en el casco hist\u00f3rico de Maracaibo&#8221;, expres\u00f3 Rangel.<\/p>\n\n\n\n<p>Como parte de la programaci\u00f3n desarrollada este mi\u00e9rcoles en la librer\u00eda, se hizo entrega de certificados a 13 estudiantes zulianas ganadoras del 1er Concurso Nacional Juvenil de Literatura Teresa de la Parra, convocado por el Ministerio del Poder Popular para la Cultura a trav\u00e9s del Cenal.<\/p>\n\n\n\n<p>Adem\u00e1s, bautizaron la edici\u00f3n de la Revista Nacional de Cultura &#8220;Un lago cuenta su historia&#8221;, publicaci\u00f3n peri\u00f3dica dirigida por el cronista y poeta mirandino Antonio Trujillo, Premio Nacional de Cultura menci\u00f3n Literatura.<\/p>\n\n\n\n<figure class=\"wp-block-image size-large\"><img width=\"1024\" height=\"683\" src=\"http:\/\/cenal.gob.ve\/wp-content\/uploads\/2025\/05\/IMG_2748-1024x683.jpg\" alt=\"\" class=\"wp-image-25883\" srcset=\"https:\/\/cenal.gob.ve\/wp-content\/uploads\/2025\/05\/IMG_2748-1024x683.jpg 1024w, https:\/\/cenal.gob.ve\/wp-content\/uploads\/2025\/05\/IMG_2748-300x200.jpg 300w, https:\/\/cenal.gob.ve\/wp-content\/uploads\/2025\/05\/IMG_2748-768x512.jpg 768w, https:\/\/cenal.gob.ve\/wp-content\/uploads\/2025\/05\/IMG_2748-1536x1024.jpg 1536w, https:\/\/cenal.gob.ve\/wp-content\/uploads\/2025\/05\/IMG_2748-640x427.jpg 640w, https:\/\/cenal.gob.ve\/wp-content\/uploads\/2025\/05\/IMG_2748.jpg 1920w\" sizes=\"(max-width: 1024px) 100vw, 1024px\" \/><\/figure>\n\n\n\n<p>&#8220;Lo de hoy es muy significativo y representa un gran \u00e9xito para nosotros, ya que estos eran espacios que estaban cerrados al conocimiento, la sensibilidad, la poes\u00eda, la narrativa, la historia y el teatro, todos los g\u00e9neros que enriquecen nuestra literatura&#8221;, subray\u00f3 Trujillo.<\/p>\n\n\n\n<p>Las actividades en la Librer\u00edas del Sur Berta Vega contin\u00faan este jueves 22 de mayo con un taller a cargo de Antonio Trujillo titulado &#8220;De Testimonios de la niebla a Regiones verbales&#8221;, que se llevar\u00e1 a cabo a partir de las 10:00 a.m.<\/p>\n\n\n\n<figure class=\"wp-block-image size-large\"><img width=\"1024\" height=\"683\" src=\"http:\/\/cenal.gob.ve\/wp-content\/uploads\/2025\/05\/IMG_2740-1024x683.jpg\" alt=\"\" class=\"wp-image-25884\" srcset=\"https:\/\/cenal.gob.ve\/wp-content\/uploads\/2025\/05\/IMG_2740-1024x683.jpg 1024w, https:\/\/cenal.gob.ve\/wp-content\/uploads\/2025\/05\/IMG_2740-300x200.jpg 300w, https:\/\/cenal.gob.ve\/wp-content\/uploads\/2025\/05\/IMG_2740-768x512.jpg 768w, https:\/\/cenal.gob.ve\/wp-content\/uploads\/2025\/05\/IMG_2740-1536x1024.jpg 1536w, https:\/\/cenal.gob.ve\/wp-content\/uploads\/2025\/05\/IMG_2740-640x427.jpg 640w, https:\/\/cenal.gob.ve\/wp-content\/uploads\/2025\/05\/IMG_2740.jpg 1920w\" sizes=\"(max-width: 1024px) 100vw, 1024px\" \/><\/figure>\n\n\n\n<figure class=\"wp-block-image size-large\"><img width=\"819\" height=\"1024\" src=\"http:\/\/cenal.gob.ve\/wp-content\/uploads\/2025\/05\/IMG-20250521-WA0024-819x1024.jpg\" alt=\"\" class=\"wp-image-25885\" srcset=\"https:\/\/cenal.gob.ve\/wp-content\/uploads\/2025\/05\/IMG-20250521-WA0024-819x1024.jpg 819w, https:\/\/cenal.gob.ve\/wp-content\/uploads\/2025\/05\/IMG-20250521-WA0024-240x300.jpg 240w, https:\/\/cenal.gob.ve\/wp-content\/uploads\/2025\/05\/IMG-20250521-WA0024-768x960.jpg 768w, https:\/\/cenal.gob.ve\/wp-content\/uploads\/2025\/05\/IMG-20250521-WA0024-1229x1536.jpg 1229w, https:\/\/cenal.gob.ve\/wp-content\/uploads\/2025\/05\/IMG-20250521-WA0024-1638x2048.jpg 1638w, https:\/\/cenal.gob.ve\/wp-content\/uploads\/2025\/05\/IMG-20250521-WA0024-640x800.jpg 640w, https:\/\/cenal.gob.ve\/wp-content\/uploads\/2025\/05\/IMG-20250521-WA0024-scaled.jpg 2048w\" sizes=\"(max-width: 819px) 100vw, 819px\" \/><\/figure>\n","protected":false},"excerpt":{"rendered":"<p>En el casco hist\u00f3rico de Maracaibo, estado Zulia, se inaugur\u00f3 la Librer\u00eda del Sur Berta Vega, convirti\u00e9ndose as\u00ed en la primera sede de esta red de librer\u00edas identificada con el [&hellip;]<\/p>\n","protected":false},"author":10,"featured_media":25914,"comment_status":"open","ping_status":"closed","sticky":false,"template":"","format":"standard","meta":{"spay_email":"","jetpack_publicize_message":"","jetpack_is_tweetstorm":false,"jetpack_publicize_feature_enabled":true},"categories":[2],"tags":[],"yoast_head":"<!-- This site is optimized with the Yoast SEO plugin v19.8 - https:\/\/yoast.com\/wordpress\/plugins\/seo\/ -->\n<title>En Maracaibo celebran inauguraci\u00f3n de Librer\u00edas del Sur Berta Vega<\/title>\n<meta name=\"robots\" content=\"index, follow, max-snippet:-1, max-image-preview:large, max-video-preview:-1\" \/>\n<link rel=\"canonical\" href=\"https:\/\/cenal.gob.ve\/?p=25870\" \/>\n<meta property=\"og:locale\" content=\"es_ES\" \/>\n<meta property=\"og:type\" content=\"article\" \/>\n<meta property=\"og:title\" content=\"En Maracaibo celebran inauguraci\u00f3n de Librer\u00edas del Sur Berta Vega\" \/>\n<meta property=\"og:description\" content=\"En el casco hist\u00f3rico de Maracaibo, estado Zulia, se inaugur\u00f3 la Librer\u00eda del Sur Berta Vega, convirti\u00e9ndose as\u00ed en la primera sede de esta red de librer\u00edas identificada con el [&hellip;]\" \/>\n<meta property=\"og:url\" content=\"https:\/\/cenal.gob.ve\/?p=25870\" \/>\n<meta property=\"og:site_name\" content=\"Cenal\" \/>\n<meta property=\"article:published_time\" content=\"2025-05-22T01:33:53+00:00\" \/>\n<meta property=\"article:modified_time\" content=\"2025-05-23T11:56:04+00:00\" \/>\n<meta property=\"og:image\" content=\"http:\/\/cenal.gob.ve\/wp-content\/uploads\/2025\/05\/IMG_20250521_231424_442.jpg\" \/>\n\t<meta property=\"og:image:width\" content=\"1280\" \/>\n\t<meta property=\"og:image:height\" content=\"960\" \/>\n\t<meta property=\"og:image:type\" content=\"image\/jpeg\" \/>\n<meta name=\"author\" content=\"Prensa Cenal\" \/>\n<meta name=\"twitter:card\" content=\"summary_large_image\" \/>\n<meta name=\"twitter:label1\" content=\"Written by\" \/>\n\t<meta name=\"twitter:data1\" content=\"Prensa Cenal\" \/>\n\t<meta name=\"twitter:label2\" content=\"Est. reading time\" \/>\n\t<meta name=\"twitter:data2\" content=\"5 minutos\" \/>\n<script type=\"application\/ld+json\" class=\"yoast-schema-graph\">{\"@context\":\"https:\/\/schema.org\",\"@graph\":[{\"@type\":\"Article\",\"@id\":\"https:\/\/cenal.gob.ve\/?p=25870#article\",\"isPartOf\":{\"@id\":\"https:\/\/cenal.gob.ve\/?p=25870\"},\"author\":{\"name\":\"Prensa Cenal\",\"@id\":\"https:\/\/cenal.gob.ve\/#\/schema\/person\/e3ed34623f400ffab8bc7a63b2f5533f\"},\"headline\":\"En Maracaibo celebran inauguraci\u00f3n de Librer\u00edas del Sur Berta Vega\",\"datePublished\":\"2025-05-22T01:33:53+00:00\",\"dateModified\":\"2025-05-23T11:56:04+00:00\",\"mainEntityOfPage\":{\"@id\":\"https:\/\/cenal.gob.ve\/?p=25870\"},\"wordCount\":708,\"commentCount\":3,\"publisher\":{\"@id\":\"https:\/\/cenal.gob.ve\/#organization\"},\"articleSection\":[\"Cenal\"],\"inLanguage\":\"es\",\"potentialAction\":[{\"@type\":\"CommentAction\",\"name\":\"Comment\",\"target\":[\"https:\/\/cenal.gob.ve\/?p=25870#respond\"]}]},{\"@type\":\"WebPage\",\"@id\":\"https:\/\/cenal.gob.ve\/?p=25870\",\"url\":\"https:\/\/cenal.gob.ve\/?p=25870\",\"name\":\"En Maracaibo celebran inauguraci\u00f3n de Librer\u00edas del Sur Berta Vega\",\"isPartOf\":{\"@id\":\"https:\/\/cenal.gob.ve\/#website\"},\"datePublished\":\"2025-05-22T01:33:53+00:00\",\"dateModified\":\"2025-05-23T11:56:04+00:00\",\"breadcrumb\":{\"@id\":\"https:\/\/cenal.gob.ve\/?p=25870#breadcrumb\"},\"inLanguage\":\"es\",\"potentialAction\":[{\"@type\":\"ReadAction\",\"target\":[\"https:\/\/cenal.gob.ve\/?p=25870\"]}]},{\"@type\":\"BreadcrumbList\",\"@id\":\"https:\/\/cenal.gob.ve\/?p=25870#breadcrumb\",\"itemListElement\":[{\"@type\":\"ListItem\",\"position\":1,\"name\":\"Home\",\"item\":\"https:\/\/cenal.gob.ve\/\"},{\"@type\":\"ListItem\",\"position\":2,\"name\":\"En Maracaibo celebran inauguraci\u00f3n de Librer\u00edas del Sur Berta Vega\"}]},{\"@type\":\"WebSite\",\"@id\":\"https:\/\/cenal.gob.ve\/#website\",\"url\":\"https:\/\/cenal.gob.ve\/\",\"name\":\"Cenal\",\"description\":\"\",\"publisher\":{\"@id\":\"https:\/\/cenal.gob.ve\/#organization\"},\"potentialAction\":[{\"@type\":\"SearchAction\",\"target\":{\"@type\":\"EntryPoint\",\"urlTemplate\":\"https:\/\/cenal.gob.ve\/?s={search_term_string}\"},\"query-input\":\"required name=search_term_string\"}],\"inLanguage\":\"es\"},{\"@type\":\"Organization\",\"@id\":\"https:\/\/cenal.gob.ve\/#organization\",\"name\":\"CENAL\",\"url\":\"https:\/\/cenal.gob.ve\/\",\"sameAs\":[],\"logo\":{\"@type\":\"ImageObject\",\"inLanguage\":\"es\",\"@id\":\"https:\/\/cenal.gob.ve\/#\/schema\/logo\/image\/\",\"url\":\"https:\/\/i0.wp.com\/cenal.gob.ve\/wp-content\/uploads\/2022\/10\/cropped-images.jpg?fit=512%2C512\",\"contentUrl\":\"https:\/\/i0.wp.com\/cenal.gob.ve\/wp-content\/uploads\/2022\/10\/cropped-images.jpg?fit=512%2C512\",\"width\":512,\"height\":512,\"caption\":\"CENAL\"},\"image\":{\"@id\":\"https:\/\/cenal.gob.ve\/#\/schema\/logo\/image\/\"}},{\"@type\":\"Person\",\"@id\":\"https:\/\/cenal.gob.ve\/#\/schema\/person\/e3ed34623f400ffab8bc7a63b2f5533f\",\"name\":\"Prensa Cenal\",\"image\":{\"@type\":\"ImageObject\",\"inLanguage\":\"es\",\"@id\":\"https:\/\/cenal.gob.ve\/#\/schema\/person\/image\/\",\"url\":\"https:\/\/secure.gravatar.com\/avatar\/594b4ed34090910c619ac3679001d491?s=96&d=mm&r=g\",\"contentUrl\":\"https:\/\/secure.gravatar.com\/avatar\/594b4ed34090910c619ac3679001d491?s=96&d=mm&r=g\",\"caption\":\"Prensa Cenal\"},\"url\":\"https:\/\/cenal.gob.ve\/?author=10\"}]}<\/script>\n<!-- \/ Yoast SEO plugin. -->","yoast_head_json":{"title":"En Maracaibo celebran inauguraci\u00f3n de Librer\u00edas del Sur Berta Vega","robots":{"index":"index","follow":"follow","max-snippet":"max-snippet:-1","max-image-preview":"max-image-preview:large","max-video-preview":"max-video-preview:-1"},"canonical":"https:\/\/cenal.gob.ve\/?p=25870","og_locale":"es_ES","og_type":"article","og_title":"En Maracaibo celebran inauguraci\u00f3n de Librer\u00edas del Sur Berta Vega","og_description":"En el casco hist\u00f3rico de Maracaibo, estado Zulia, se inaugur\u00f3 la Librer\u00eda del Sur Berta Vega, convirti\u00e9ndose as\u00ed en la primera sede de esta red de librer\u00edas identificada con el [&hellip;]","og_url":"https:\/\/cenal.gob.ve\/?p=25870","og_site_name":"Cenal","article_published_time":"2025-05-22T01:33:53+00:00","article_modified_time":"2025-05-23T11:56:04+00:00","og_image":[{"width":1280,"height":960,"url":"http:\/\/cenal.gob.ve\/wp-content\/uploads\/2025\/05\/IMG_20250521_231424_442.jpg","type":"image\/jpeg"}],"author":"Prensa Cenal","twitter_card":"summary_large_image","twitter_misc":{"Written by":"Prensa Cenal","Est. reading time":"5 minutos"},"schema":{"@context":"https:\/\/schema.org","@graph":[{"@type":"Article","@id":"https:\/\/cenal.gob.ve\/?p=25870#article","isPartOf":{"@id":"https:\/\/cenal.gob.ve\/?p=25870"},"author":{"name":"Prensa Cenal","@id":"https:\/\/cenal.gob.ve\/#\/schema\/person\/e3ed34623f400ffab8bc7a63b2f5533f"},"headline":"En Maracaibo celebran inauguraci\u00f3n de Librer\u00edas del Sur Berta Vega","datePublished":"2025-05-22T01:33:53+00:00","dateModified":"2025-05-23T11:56:04+00:00","mainEntityOfPage":{"@id":"https:\/\/cenal.gob.ve\/?p=25870"},"wordCount":708,"commentCount":3,"publisher":{"@id":"https:\/\/cenal.gob.ve\/#organization"},"articleSection":["Cenal"],"inLanguage":"es","potentialAction":[{"@type":"CommentAction","name":"Comment","target":["https:\/\/cenal.gob.ve\/?p=25870#respond"]}]},{"@type":"WebPage","@id":"https:\/\/cenal.gob.ve\/?p=25870","url":"https:\/\/cenal.gob.ve\/?p=25870","name":"En Maracaibo celebran inauguraci\u00f3n de Librer\u00edas del Sur Berta Vega","isPartOf":{"@id":"https:\/\/cenal.gob.ve\/#website"},"datePublished":"2025-05-22T01:33:53+00:00","dateModified":"2025-05-23T11:56:04+00:00","breadcrumb":{"@id":"https:\/\/cenal.gob.ve\/?p=25870#breadcrumb"},"inLanguage":"es","potentialAction":[{"@type":"ReadAction","target":["https:\/\/cenal.gob.ve\/?p=25870"]}]},{"@type":"BreadcrumbList","@id":"https:\/\/cenal.gob.ve\/?p=25870#breadcrumb","itemListElement":[{"@type":"ListItem","position":1,"name":"Home","item":"https:\/\/cenal.gob.ve\/"},{"@type":"ListItem","position":2,"name":"En Maracaibo celebran inauguraci\u00f3n de Librer\u00edas del Sur Berta Vega"}]},{"@type":"WebSite","@id":"https:\/\/cenal.gob.ve\/#website","url":"https:\/\/cenal.gob.ve\/","name":"Cenal","description":"","publisher":{"@id":"https:\/\/cenal.gob.ve\/#organization"},"potentialAction":[{"@type":"SearchAction","target":{"@type":"EntryPoint","urlTemplate":"https:\/\/cenal.gob.ve\/?s={search_term_string}"},"query-input":"required name=search_term_string"}],"inLanguage":"es"},{"@type":"Organization","@id":"https:\/\/cenal.gob.ve\/#organization","name":"CENAL","url":"https:\/\/cenal.gob.ve\/","sameAs":[],"logo":{"@type":"ImageObject","inLanguage":"es","@id":"https:\/\/cenal.gob.ve\/#\/schema\/logo\/image\/","url":"https:\/\/i0.wp.com\/cenal.gob.ve\/wp-content\/uploads\/2022\/10\/cropped-images.jpg?fit=512%2C512","contentUrl":"https:\/\/i0.wp.com\/cenal.gob.ve\/wp-content\/uploads\/2022\/10\/cropped-images.jpg?fit=512%2C512","width":512,"height":512,"caption":"CENAL"},"image":{"@id":"https:\/\/cenal.gob.ve\/#\/schema\/logo\/image\/"}},{"@type":"Person","@id":"https:\/\/cenal.gob.ve\/#\/schema\/person\/e3ed34623f400ffab8bc7a63b2f5533f","name":"Prensa Cenal","image":{"@type":"ImageObject","inLanguage":"es","@id":"https:\/\/cenal.gob.ve\/#\/schema\/person\/image\/","url":"https:\/\/secure.gravatar.com\/avatar\/594b4ed34090910c619ac3679001d491?s=96&d=mm&r=g","contentUrl":"https:\/\/secure.gravatar.com\/avatar\/594b4ed34090910c619ac3679001d491?s=96&d=mm&r=g","caption":"Prensa Cenal"},"url":"https:\/\/cenal.gob.ve\/?author=10"}]}},"jetpack_featured_media_url":"https:\/\/cenal.gob.ve\/wp-content\/uploads\/2025\/05\/IMG_20250521_231424_442.jpg","jetpack_publicize_connections":[],"jetpack_shortlink":"https:\/\/wp.me\/p5FMhp-6Jg","_links":{"self":[{"href":"https:\/\/cenal.gob.ve\/index.php?rest_route=\/wp\/v2\/posts\/25870"}],"collection":[{"href":"https:\/\/cenal.gob.ve\/index.php?rest_route=\/wp\/v2\/posts"}],"about":[{"href":"https:\/\/cenal.gob.ve\/index.php?rest_route=\/wp\/v2\/types\/post"}],"author":[{"embeddable":true,"href":"https:\/\/cenal.gob.ve\/index.php?rest_route=\/wp\/v2\/users\/10"}],"replies":[{"embeddable":true,"href":"https:\/\/cenal.gob.ve\/index.php?rest_route=%2Fwp%2Fv2%2Fcomments&post=25870"}],"version-history":[{"count":12,"href":"https:\/\/cenal.gob.ve\/index.php?rest_route=\/wp\/v2\/posts\/25870\/revisions"}],"predecessor-version":[{"id":25929,"href":"https:\/\/cenal.gob.ve\/index.php?rest_route=\/wp\/v2\/posts\/25870\/revisions\/25929"}],"wp:featuredmedia":[{"embeddable":true,"href":"https:\/\/cenal.gob.ve\/index.php?rest_route=\/wp\/v2\/media\/25914"}],"wp:attachment":[{"href":"https:\/\/cenal.gob.ve\/index.php?rest_route=%2Fwp%2Fv2%2Fmedia&parent=25870"}],"wp:term":[{"taxonomy":"category","embeddable":true,"href":"https:\/\/cenal.gob.ve\/index.php?rest_route=%2Fwp%2Fv2%2Fcategories&post=25870"},{"taxonomy":"post_tag","embeddable":true,"href":"https:\/\/cenal.gob.ve\/index.php?rest_route=%2Fwp%2Fv2%2Ftags&post=25870"}],"curies":[{"name":"wp","href":"https:\/\/api.w.org\/{rel}","templated":true}]}}