{"id":25888,"date":"2025-05-21T22:19:29","date_gmt":"2025-05-22T02:19:29","guid":{"rendered":"https:\/\/cenal.gob.ve\/?p=25888"},"modified":"2025-05-23T07:58:50","modified_gmt":"2025-05-23T11:58:50","slug":"bautizaron-en-zulia-edicion-de-la-revista-nacional-de-cultura-dedicada-al-lago-de-maracaibo","status":"publish","type":"post","link":"https:\/\/cenal.gob.ve\/?p=25888","title":{"rendered":"Bautizaron en Zulia edici\u00f3n de la Revista Nacional de Cultura dedicada al Lago de Maracaibo"},"content":{"rendered":"\n<p>Como parte de la programaci\u00f3n que se desarrolla en la nueva Librer\u00edas del Sur Berta Vega, inaugurada en el centro hist\u00f3rico de Maracaibo, bautizaron este mi\u00e9rcoles 21 de mayo en este espacio para el libro y la lectura la edici\u00f3n de la Revista Nacional de Cultura &#8220;Un lago cuenta su historia&#8221;.<\/p>\n\n\n\n<p>La actividad cont\u00f3 con la participaci\u00f3n del director de la revista, Antonio Trujillo, acompa\u00f1ado por el viceministro de Fomento para la Econom\u00eda Cultural y presidente del Centro Nacional del Libro (Cenal), Ra\u00fal Cazal, quien destac\u00f3 que esta publicaci\u00f3n peri\u00f3dica es un referente en el pa\u00eds.<\/p>\n\n\n\n<figure class=\"wp-block-image size-large is-resized\"><img src=\"http:\/\/cenal.gob.ve\/wp-content\/uploads\/2025\/05\/IMG_2787-1024x683.jpg\" alt=\"\" class=\"wp-image-25890\" width=\"839\" height=\"549\"\/><\/figure>\n\n\n\n<p>&#8220;Mariano Pic\u00f3n Salas fue su primer director, y hoy, bajo la direcci\u00f3n de Antonio Trujillo, la revista ha tomado una nueva direcci\u00f3n, haciendo un recorrido por todo el pa\u00eds&#8221;, a\u00f1adi\u00f3 el viceministro Cazal.<\/p>\n\n\n\n<p>El n\u00famero presentado en esta ocasi\u00f3n est\u00e1 dedicado al lago de Maracaibo y refleja la riqueza cultural y literaria de la regi\u00f3n.<\/p>\n\n\n\n<p>&#8220;As\u00ed como Antonio Trujillo hace un recorrido con su obra po\u00e9tica <em>Regiones verbales<\/em>, tambi\u00e9n lo hace con la Revista Nacional de Cultura&#8221;, coment\u00f3 Cazal.<\/p>\n\n\n\n<figure class=\"wp-block-image size-large\"><img width=\"1024\" height=\"683\" src=\"http:\/\/cenal.gob.ve\/wp-content\/uploads\/2025\/05\/IMG_2768-1024x683.jpg\" alt=\"\" class=\"wp-image-25891\" srcset=\"https:\/\/cenal.gob.ve\/wp-content\/uploads\/2025\/05\/IMG_2768-1024x683.jpg 1024w, https:\/\/cenal.gob.ve\/wp-content\/uploads\/2025\/05\/IMG_2768-300x200.jpg 300w, https:\/\/cenal.gob.ve\/wp-content\/uploads\/2025\/05\/IMG_2768-768x512.jpg 768w, https:\/\/cenal.gob.ve\/wp-content\/uploads\/2025\/05\/IMG_2768-1536x1024.jpg 1536w, https:\/\/cenal.gob.ve\/wp-content\/uploads\/2025\/05\/IMG_2768-640x427.jpg 640w, https:\/\/cenal.gob.ve\/wp-content\/uploads\/2025\/05\/IMG_2768.jpg 1920w\" sizes=\"(max-width: 1024px) 100vw, 1024px\" \/><figcaption>Poeta, cronista comunal y director de la Revista Nacional de Cultura, Antonio Trujillo<\/figcaption><\/figure>\n\n\n\n<p><\/p>\n","protected":false},"excerpt":{"rendered":"<p>Como parte de la programaci\u00f3n que se desarrolla en la nueva Librer\u00edas del Sur Berta Vega, inaugurada en el centro hist\u00f3rico de Maracaibo, bautizaron este mi\u00e9rcoles 21 de mayo en [&hellip;]<\/p>\n","protected":false},"author":10,"featured_media":25889,"comment_status":"open","ping_status":"closed","sticky":false,"template":"","format":"standard","meta":{"spay_email":"","jetpack_publicize_message":"","jetpack_is_tweetstorm":false,"jetpack_publicize_feature_enabled":true},"categories":[2],"tags":[],"yoast_head":"<!-- This site is optimized with the Yoast SEO plugin v19.8 - https:\/\/yoast.com\/wordpress\/plugins\/seo\/ -->\n<title>Bautizaron en Zulia edici\u00f3n de la Revista Nacional de Cultura dedicada al Lago de Maracaibo<\/title>\n<meta name=\"robots\" content=\"index, follow, max-snippet:-1, max-image-preview:large, max-video-preview:-1\" \/>\n<link rel=\"canonical\" href=\"https:\/\/cenal.gob.ve\/?p=25888\" \/>\n<meta property=\"og:locale\" content=\"es_ES\" \/>\n<meta property=\"og:type\" content=\"article\" \/>\n<meta property=\"og:title\" content=\"Bautizaron en Zulia edici\u00f3n de la Revista Nacional de Cultura dedicada al Lago de Maracaibo\" \/>\n<meta property=\"og:description\" content=\"Como parte de la programaci\u00f3n que se desarrolla en la nueva Librer\u00edas del Sur Berta Vega, inaugurada en el centro hist\u00f3rico de Maracaibo, bautizaron este mi\u00e9rcoles 21 de mayo en [&hellip;]\" \/>\n<meta property=\"og:url\" content=\"https:\/\/cenal.gob.ve\/?p=25888\" \/>\n<meta property=\"og:site_name\" content=\"Cenal\" \/>\n<meta property=\"article:published_time\" content=\"2025-05-22T02:19:29+00:00\" \/>\n<meta property=\"article:modified_time\" content=\"2025-05-23T11:58:50+00:00\" \/>\n<meta property=\"og:image\" content=\"http:\/\/cenal.gob.ve\/wp-content\/uploads\/2025\/05\/IMG_20250521_180758.jpg\" \/>\n\t<meta property=\"og:image:width\" content=\"1920\" \/>\n\t<meta property=\"og:image:height\" content=\"1280\" \/>\n\t<meta property=\"og:image:type\" content=\"image\/jpeg\" \/>\n<meta name=\"author\" content=\"Prensa Cenal\" \/>\n<meta name=\"twitter:card\" content=\"summary_large_image\" \/>\n<meta name=\"twitter:label1\" content=\"Written by\" \/>\n\t<meta name=\"twitter:data1\" content=\"Prensa Cenal\" \/>\n\t<meta name=\"twitter:label2\" content=\"Est. reading time\" \/>\n\t<meta name=\"twitter:data2\" content=\"2 minutos\" \/>\n<script type=\"application\/ld+json\" class=\"yoast-schema-graph\">{\"@context\":\"https:\/\/schema.org\",\"@graph\":[{\"@type\":\"Article\",\"@id\":\"https:\/\/cenal.gob.ve\/?p=25888#article\",\"isPartOf\":{\"@id\":\"https:\/\/cenal.gob.ve\/?p=25888\"},\"author\":{\"name\":\"Prensa Cenal\",\"@id\":\"https:\/\/cenal.gob.ve\/#\/schema\/person\/e3ed34623f400ffab8bc7a63b2f5533f\"},\"headline\":\"Bautizaron en Zulia edici\u00f3n de la Revista Nacional de Cultura dedicada al Lago de Maracaibo\",\"datePublished\":\"2025-05-22T02:19:29+00:00\",\"dateModified\":\"2025-05-23T11:58:50+00:00\",\"mainEntityOfPage\":{\"@id\":\"https:\/\/cenal.gob.ve\/?p=25888\"},\"wordCount\":225,\"commentCount\":0,\"publisher\":{\"@id\":\"https:\/\/cenal.gob.ve\/#organization\"},\"articleSection\":[\"Cenal\"],\"inLanguage\":\"es\",\"potentialAction\":[{\"@type\":\"CommentAction\",\"name\":\"Comment\",\"target\":[\"https:\/\/cenal.gob.ve\/?p=25888#respond\"]}]},{\"@type\":\"WebPage\",\"@id\":\"https:\/\/cenal.gob.ve\/?p=25888\",\"url\":\"https:\/\/cenal.gob.ve\/?p=25888\",\"name\":\"Bautizaron en Zulia edici\u00f3n de la Revista Nacional de Cultura dedicada al Lago de Maracaibo\",\"isPartOf\":{\"@id\":\"https:\/\/cenal.gob.ve\/#website\"},\"datePublished\":\"2025-05-22T02:19:29+00:00\",\"dateModified\":\"2025-05-23T11:58:50+00:00\",\"breadcrumb\":{\"@id\":\"https:\/\/cenal.gob.ve\/?p=25888#breadcrumb\"},\"inLanguage\":\"es\",\"potentialAction\":[{\"@type\":\"ReadAction\",\"target\":[\"https:\/\/cenal.gob.ve\/?p=25888\"]}]},{\"@type\":\"BreadcrumbList\",\"@id\":\"https:\/\/cenal.gob.ve\/?p=25888#breadcrumb\",\"itemListElement\":[{\"@type\":\"ListItem\",\"position\":1,\"name\":\"Home\",\"item\":\"https:\/\/cenal.gob.ve\/\"},{\"@type\":\"ListItem\",\"position\":2,\"name\":\"Bautizaron en Zulia edici\u00f3n de la Revista Nacional de Cultura dedicada al Lago de Maracaibo\"}]},{\"@type\":\"WebSite\",\"@id\":\"https:\/\/cenal.gob.ve\/#website\",\"url\":\"https:\/\/cenal.gob.ve\/\",\"name\":\"Cenal\",\"description\":\"\",\"publisher\":{\"@id\":\"https:\/\/cenal.gob.ve\/#organization\"},\"potentialAction\":[{\"@type\":\"SearchAction\",\"target\":{\"@type\":\"EntryPoint\",\"urlTemplate\":\"https:\/\/cenal.gob.ve\/?s={search_term_string}\"},\"query-input\":\"required name=search_term_string\"}],\"inLanguage\":\"es\"},{\"@type\":\"Organization\",\"@id\":\"https:\/\/cenal.gob.ve\/#organization\",\"name\":\"CENAL\",\"url\":\"https:\/\/cenal.gob.ve\/\",\"sameAs\":[],\"logo\":{\"@type\":\"ImageObject\",\"inLanguage\":\"es\",\"@id\":\"https:\/\/cenal.gob.ve\/#\/schema\/logo\/image\/\",\"url\":\"https:\/\/i0.wp.com\/cenal.gob.ve\/wp-content\/uploads\/2022\/10\/cropped-images.jpg?fit=512%2C512\",\"contentUrl\":\"https:\/\/i0.wp.com\/cenal.gob.ve\/wp-content\/uploads\/2022\/10\/cropped-images.jpg?fit=512%2C512\",\"width\":512,\"height\":512,\"caption\":\"CENAL\"},\"image\":{\"@id\":\"https:\/\/cenal.gob.ve\/#\/schema\/logo\/image\/\"}},{\"@type\":\"Person\",\"@id\":\"https:\/\/cenal.gob.ve\/#\/schema\/person\/e3ed34623f400ffab8bc7a63b2f5533f\",\"name\":\"Prensa Cenal\",\"image\":{\"@type\":\"ImageObject\",\"inLanguage\":\"es\",\"@id\":\"https:\/\/cenal.gob.ve\/#\/schema\/person\/image\/\",\"url\":\"https:\/\/secure.gravatar.com\/avatar\/594b4ed34090910c619ac3679001d491?s=96&d=mm&r=g\",\"contentUrl\":\"https:\/\/secure.gravatar.com\/avatar\/594b4ed34090910c619ac3679001d491?s=96&d=mm&r=g\",\"caption\":\"Prensa Cenal\"},\"url\":\"https:\/\/cenal.gob.ve\/?author=10\"}]}<\/script>\n<!-- \/ Yoast SEO plugin. -->","yoast_head_json":{"title":"Bautizaron en Zulia edici\u00f3n de la Revista Nacional de Cultura dedicada al Lago de Maracaibo","robots":{"index":"index","follow":"follow","max-snippet":"max-snippet:-1","max-image-preview":"max-image-preview:large","max-video-preview":"max-video-preview:-1"},"canonical":"https:\/\/cenal.gob.ve\/?p=25888","og_locale":"es_ES","og_type":"article","og_title":"Bautizaron en Zulia edici\u00f3n de la Revista Nacional de Cultura dedicada al Lago de Maracaibo","og_description":"Como parte de la programaci\u00f3n que se desarrolla en la nueva Librer\u00edas del Sur Berta Vega, inaugurada en el centro hist\u00f3rico de Maracaibo, bautizaron este mi\u00e9rcoles 21 de mayo en [&hellip;]","og_url":"https:\/\/cenal.gob.ve\/?p=25888","og_site_name":"Cenal","article_published_time":"2025-05-22T02:19:29+00:00","article_modified_time":"2025-05-23T11:58:50+00:00","og_image":[{"width":1920,"height":1280,"url":"http:\/\/cenal.gob.ve\/wp-content\/uploads\/2025\/05\/IMG_20250521_180758.jpg","type":"image\/jpeg"}],"author":"Prensa Cenal","twitter_card":"summary_large_image","twitter_misc":{"Written by":"Prensa Cenal","Est. reading time":"2 minutos"},"schema":{"@context":"https:\/\/schema.org","@graph":[{"@type":"Article","@id":"https:\/\/cenal.gob.ve\/?p=25888#article","isPartOf":{"@id":"https:\/\/cenal.gob.ve\/?p=25888"},"author":{"name":"Prensa Cenal","@id":"https:\/\/cenal.gob.ve\/#\/schema\/person\/e3ed34623f400ffab8bc7a63b2f5533f"},"headline":"Bautizaron en Zulia edici\u00f3n de la Revista Nacional de Cultura dedicada al Lago de Maracaibo","datePublished":"2025-05-22T02:19:29+00:00","dateModified":"2025-05-23T11:58:50+00:00","mainEntityOfPage":{"@id":"https:\/\/cenal.gob.ve\/?p=25888"},"wordCount":225,"commentCount":0,"publisher":{"@id":"https:\/\/cenal.gob.ve\/#organization"},"articleSection":["Cenal"],"inLanguage":"es","potentialAction":[{"@type":"CommentAction","name":"Comment","target":["https:\/\/cenal.gob.ve\/?p=25888#respond"]}]},{"@type":"WebPage","@id":"https:\/\/cenal.gob.ve\/?p=25888","url":"https:\/\/cenal.gob.ve\/?p=25888","name":"Bautizaron en Zulia edici\u00f3n de la Revista Nacional de Cultura dedicada al Lago de Maracaibo","isPartOf":{"@id":"https:\/\/cenal.gob.ve\/#website"},"datePublished":"2025-05-22T02:19:29+00:00","dateModified":"2025-05-23T11:58:50+00:00","breadcrumb":{"@id":"https:\/\/cenal.gob.ve\/?p=25888#breadcrumb"},"inLanguage":"es","potentialAction":[{"@type":"ReadAction","target":["https:\/\/cenal.gob.ve\/?p=25888"]}]},{"@type":"BreadcrumbList","@id":"https:\/\/cenal.gob.ve\/?p=25888#breadcrumb","itemListElement":[{"@type":"ListItem","position":1,"name":"Home","item":"https:\/\/cenal.gob.ve\/"},{"@type":"ListItem","position":2,"name":"Bautizaron en Zulia edici\u00f3n de la Revista Nacional de Cultura dedicada al Lago de Maracaibo"}]},{"@type":"WebSite","@id":"https:\/\/cenal.gob.ve\/#website","url":"https:\/\/cenal.gob.ve\/","name":"Cenal","description":"","publisher":{"@id":"https:\/\/cenal.gob.ve\/#organization"},"potentialAction":[{"@type":"SearchAction","target":{"@type":"EntryPoint","urlTemplate":"https:\/\/cenal.gob.ve\/?s={search_term_string}"},"query-input":"required name=search_term_string"}],"inLanguage":"es"},{"@type":"Organization","@id":"https:\/\/cenal.gob.ve\/#organization","name":"CENAL","url":"https:\/\/cenal.gob.ve\/","sameAs":[],"logo":{"@type":"ImageObject","inLanguage":"es","@id":"https:\/\/cenal.gob.ve\/#\/schema\/logo\/image\/","url":"https:\/\/i0.wp.com\/cenal.gob.ve\/wp-content\/uploads\/2022\/10\/cropped-images.jpg?fit=512%2C512","contentUrl":"https:\/\/i0.wp.com\/cenal.gob.ve\/wp-content\/uploads\/2022\/10\/cropped-images.jpg?fit=512%2C512","width":512,"height":512,"caption":"CENAL"},"image":{"@id":"https:\/\/cenal.gob.ve\/#\/schema\/logo\/image\/"}},{"@type":"Person","@id":"https:\/\/cenal.gob.ve\/#\/schema\/person\/e3ed34623f400ffab8bc7a63b2f5533f","name":"Prensa Cenal","image":{"@type":"ImageObject","inLanguage":"es","@id":"https:\/\/cenal.gob.ve\/#\/schema\/person\/image\/","url":"https:\/\/secure.gravatar.com\/avatar\/594b4ed34090910c619ac3679001d491?s=96&d=mm&r=g","contentUrl":"https:\/\/secure.gravatar.com\/avatar\/594b4ed34090910c619ac3679001d491?s=96&d=mm&r=g","caption":"Prensa Cenal"},"url":"https:\/\/cenal.gob.ve\/?author=10"}]}},"jetpack_featured_media_url":"https:\/\/cenal.gob.ve\/wp-content\/uploads\/2025\/05\/IMG_20250521_180758.jpg","jetpack_publicize_connections":[],"jetpack_shortlink":"https:\/\/wp.me\/p5FMhp-6Jy","_links":{"self":[{"href":"https:\/\/cenal.gob.ve\/index.php?rest_route=\/wp\/v2\/posts\/25888"}],"collection":[{"href":"https:\/\/cenal.gob.ve\/index.php?rest_route=\/wp\/v2\/posts"}],"about":[{"href":"https:\/\/cenal.gob.ve\/index.php?rest_route=\/wp\/v2\/types\/post"}],"author":[{"embeddable":true,"href":"https:\/\/cenal.gob.ve\/index.php?rest_route=\/wp\/v2\/users\/10"}],"replies":[{"embeddable":true,"href":"https:\/\/cenal.gob.ve\/index.php?rest_route=%2Fwp%2Fv2%2Fcomments&post=25888"}],"version-history":[{"count":2,"href":"https:\/\/cenal.gob.ve\/index.php?rest_route=\/wp\/v2\/posts\/25888\/revisions"}],"predecessor-version":[{"id":25931,"href":"https:\/\/cenal.gob.ve\/index.php?rest_route=\/wp\/v2\/posts\/25888\/revisions\/25931"}],"wp:featuredmedia":[{"embeddable":true,"href":"https:\/\/cenal.gob.ve\/index.php?rest_route=\/wp\/v2\/media\/25889"}],"wp:attachment":[{"href":"https:\/\/cenal.gob.ve\/index.php?rest_route=%2Fwp%2Fv2%2Fmedia&parent=25888"}],"wp:term":[{"taxonomy":"category","embeddable":true,"href":"https:\/\/cenal.gob.ve\/index.php?rest_route=%2Fwp%2Fv2%2Fcategories&post=25888"},{"taxonomy":"post_tag","embeddable":true,"href":"https:\/\/cenal.gob.ve\/index.php?rest_route=%2Fwp%2Fv2%2Ftags&post=25888"}],"curies":[{"name":"wp","href":"https:\/\/api.w.org\/{rel}","templated":true}]}}