{"id":25893,"date":"2025-05-21T22:41:33","date_gmt":"2025-05-22T02:41:33","guid":{"rendered":"https:\/\/cenal.gob.ve\/?p=25893"},"modified":"2025-05-23T08:03:50","modified_gmt":"2025-05-23T12:03:50","slug":"estudiantes-zulianas-recibieron-certificados-como-ganadoras-del-1er-concurso-juvenil-de-literatura-teresa-de-la-parra","status":"publish","type":"post","link":"https:\/\/cenal.gob.ve\/?p=25893","title":{"rendered":"Estudiantes zulianas recibieron certificados como ganadoras del 1er Concurso Juvenil de Literatura Teresa de la Parra"},"content":{"rendered":"\n<p>En un acto celebrado este mi\u00e9rcoles 21 de mayo en la nueva Librer\u00edas del Sur Berta Vega abierta en Maracaibo se entregaron certificados a las j\u00f3venes estudiantes ganadoras en Zulia del I Concurso Nacional Juvenil de Literatura Teresa de la Parra, convocado por el Ministerio del Poder Popular para la Cultura a trav\u00e9s del Centro Nacional del Libro (Cenal).<\/p>\n\n\n\n<p>El concurso, que se circunscribe dentro del Plan Nacional de Lectura Manuel Vadell, estuvo dirigido a estudiantes de bachiller e inspirado en la celebraci\u00f3n de la vida y obra de Teresa de la Parra, una de las escritoras venezolanas m\u00e1s destacadas del siglo XX y cuya novela Ifigenia cumpli\u00f3 100 a\u00f1os desde su publicaci\u00f3n.<\/p>\n\n\n\n<figure class=\"wp-block-image size-large is-resized\"><img src=\"http:\/\/cenal.gob.ve\/wp-content\/uploads\/2025\/05\/IMG_2741-1024x683.jpg\" alt=\"\" class=\"wp-image-25896\" width=\"840\" height=\"559\" srcset=\"https:\/\/cenal.gob.ve\/wp-content\/uploads\/2025\/05\/IMG_2741-1024x683.jpg 1024w, https:\/\/cenal.gob.ve\/wp-content\/uploads\/2025\/05\/IMG_2741-300x200.jpg 300w, https:\/\/cenal.gob.ve\/wp-content\/uploads\/2025\/05\/IMG_2741-768x512.jpg 768w, https:\/\/cenal.gob.ve\/wp-content\/uploads\/2025\/05\/IMG_2741-1536x1024.jpg 1536w, https:\/\/cenal.gob.ve\/wp-content\/uploads\/2025\/05\/IMG_2741-640x427.jpg 640w, https:\/\/cenal.gob.ve\/wp-content\/uploads\/2025\/05\/IMG_2741.jpg 1920w\" sizes=\"(max-width: 840px) 100vw, 840px\" \/><\/figure>\n\n\n\n<p>Aydana Liz Paz Celis, Andrea Michell Garc\u00eda Leal, Gabriela Andreina Zumztein Finol, Gresvani Rub\u00ed Colina Guaicara, Ivana Aileen Morales G\u00f3mez, Leidymar Cristina Ortega L\u00f3pez, Rosangel Gabriela Posada Bassa, Franyelis Alejandra Soto Vargas y Mar\u00eda Victoria Milagro Linares Saavedra fueron premiadas en la categor\u00eda Cuentos.<\/p>\n\n\n\n<p>Georgina Alejandra Alvarado Rivadenerira y Mariangely Ivette Pirela Par\u00eds fueron las premiadas en la categor\u00eda de Ensayo.<\/p>\n\n\n\n<p>Finalmente, en la categor\u00eda de Cartas se premi\u00f3 el trabajo de Anaylis Carolina Roque Almarza y Orleiny cecilia Garcia Guti\u00e9rrez.<\/p>\n\n\n\n<figure class=\"wp-block-image size-large\"><img width=\"1024\" height=\"682\" src=\"http:\/\/cenal.gob.ve\/wp-content\/uploads\/2025\/05\/IMG_2746-1024x682.jpg\" alt=\"\" class=\"wp-image-25897\" srcset=\"https:\/\/cenal.gob.ve\/wp-content\/uploads\/2025\/05\/IMG_2746-1024x682.jpg 1024w, https:\/\/cenal.gob.ve\/wp-content\/uploads\/2025\/05\/IMG_2746-300x200.jpg 300w, https:\/\/cenal.gob.ve\/wp-content\/uploads\/2025\/05\/IMG_2746-768x512.jpg 768w, https:\/\/cenal.gob.ve\/wp-content\/uploads\/2025\/05\/IMG_2746-1536x1024.jpg 1536w, https:\/\/cenal.gob.ve\/wp-content\/uploads\/2025\/05\/IMG_2746-640x427.jpg 640w, https:\/\/cenal.gob.ve\/wp-content\/uploads\/2025\/05\/IMG_2746.jpg 1916w\" sizes=\"(max-width: 1024px) 100vw, 1024px\" \/><\/figure>\n\n\n\n<p>Las ganadoras del concurso en Zulia recibieron sus certificados de las manos del viceministro de Fomento para la Econom\u00eda Cultural y presidente del Centro Nacional del Libro (Cenal), Ra\u00fal Cazal, y la gerente de Estrategias del Cenal, Yris Villamizar, en compa\u00f1\u00eda de la directora del Gabinete Estadal de Cultura de Zulia, Keyla Gonz\u00e1lez.<\/p>\n\n\n\n<p>El viceministro Cazal destac\u00f3 la importancia de este semillero para la formaci\u00f3n de nuevas escritoras bajo el compromiso de fortalecer las nuevas generaciones.<\/p>\n\n\n\n<p>&#8220;Consideramos que era pertinente hacer primero un semillero y formar a docentes para que trabajen con sus estudiantes&#8221;, coment\u00f3 Cazal en referencia a la antesala del concurso con la formaci\u00f3n de docentes en el seminario &#8220;Tras las huellas de Teresa de la Parra&#8221; dictado por la Escuela Nacional de Narrativa de Venezuela (Estanave).<\/p>\n\n\n\n<figure class=\"wp-block-image size-large\"><img width=\"1024\" height=\"683\" src=\"http:\/\/cenal.gob.ve\/wp-content\/uploads\/2025\/05\/IMG_2795-1-1024x683.jpg\" alt=\"\" class=\"wp-image-25898\" srcset=\"https:\/\/cenal.gob.ve\/wp-content\/uploads\/2025\/05\/IMG_2795-1-1024x683.jpg 1024w, https:\/\/cenal.gob.ve\/wp-content\/uploads\/2025\/05\/IMG_2795-1-300x200.jpg 300w, https:\/\/cenal.gob.ve\/wp-content\/uploads\/2025\/05\/IMG_2795-1-768x512.jpg 768w, https:\/\/cenal.gob.ve\/wp-content\/uploads\/2025\/05\/IMG_2795-1-1536x1024.jpg 1536w, https:\/\/cenal.gob.ve\/wp-content\/uploads\/2025\/05\/IMG_2795-1-640x427.jpg 640w, https:\/\/cenal.gob.ve\/wp-content\/uploads\/2025\/05\/IMG_2795-1.jpg 1920w\" sizes=\"(max-width: 1024px) 100vw, 1024px\" \/><\/figure>\n\n\n\n<p>&#8220;Esto permitir\u00e1 que las j\u00f3venes puedan desarrollar su trabajo creativo, especialmente en el \u00e1rea de la narrativa, el cuento, el ensayo y las cartas&#8221;, explic\u00f3.<\/p>\n\n\n\n<p>En ese sentido, el Centro Nacional del Libro, representado por su presidente, Ra\u00fal Cazal, tambi\u00e9n entreg\u00f3 certificado a Pablo Lacruz Brice\u00f1o como participantes del seminario \u201cTras las huellas de Teresa de la Parra\u201d, dictado en Estanave.<\/p>\n\n\n\n<p>Tambi\u00e9n entreg\u00f3 certificados de participaci\u00f3n en el diplomado &#8220;Tiempo narrativo venezolano&#8221;, en su primera Cohorte de Estanave que dirige el Cenal, a Michelle Torrealba, en la menci\u00f3n Novela, y Noris Pacheco, en la menci\u00f3n Cuento.<\/p>\n\n\n\n<figure class=\"wp-block-image size-large\"><img width=\"1024\" height=\"683\" src=\"http:\/\/cenal.gob.ve\/wp-content\/uploads\/2025\/05\/IMG_2841-1024x683.jpg\" alt=\"\" class=\"wp-image-25899\" srcset=\"https:\/\/cenal.gob.ve\/wp-content\/uploads\/2025\/05\/IMG_2841-1024x683.jpg 1024w, https:\/\/cenal.gob.ve\/wp-content\/uploads\/2025\/05\/IMG_2841-300x200.jpg 300w, https:\/\/cenal.gob.ve\/wp-content\/uploads\/2025\/05\/IMG_2841-768x512.jpg 768w, https:\/\/cenal.gob.ve\/wp-content\/uploads\/2025\/05\/IMG_2841-1536x1024.jpg 1536w, https:\/\/cenal.gob.ve\/wp-content\/uploads\/2025\/05\/IMG_2841-640x427.jpg 640w, https:\/\/cenal.gob.ve\/wp-content\/uploads\/2025\/05\/IMG_2841.jpg 1920w\" sizes=\"(max-width: 1024px) 100vw, 1024px\" \/><\/figure>\n\n\n\n<figure class=\"wp-block-image size-large\"><img width=\"1024\" height=\"683\" src=\"http:\/\/cenal.gob.ve\/wp-content\/uploads\/2025\/05\/IMG_2842-1024x683.jpg\" alt=\"\" class=\"wp-image-25900\" srcset=\"https:\/\/cenal.gob.ve\/wp-content\/uploads\/2025\/05\/IMG_2842-1024x683.jpg 1024w, https:\/\/cenal.gob.ve\/wp-content\/uploads\/2025\/05\/IMG_2842-300x200.jpg 300w, https:\/\/cenal.gob.ve\/wp-content\/uploads\/2025\/05\/IMG_2842-768x512.jpg 768w, https:\/\/cenal.gob.ve\/wp-content\/uploads\/2025\/05\/IMG_2842-1536x1024.jpg 1536w, https:\/\/cenal.gob.ve\/wp-content\/uploads\/2025\/05\/IMG_2842-640x427.jpg 640w, https:\/\/cenal.gob.ve\/wp-content\/uploads\/2025\/05\/IMG_2842.jpg 1920w\" sizes=\"(max-width: 1024px) 100vw, 1024px\" \/><\/figure>\n\n\n\n<figure class=\"wp-block-image size-large\"><img width=\"1024\" height=\"1003\" src=\"http:\/\/cenal.gob.ve\/wp-content\/uploads\/2025\/05\/IMG_2846-1-1024x1003.jpg\" alt=\"\" class=\"wp-image-25901\" srcset=\"https:\/\/cenal.gob.ve\/wp-content\/uploads\/2025\/05\/IMG_2846-1-1024x1003.jpg 1024w, https:\/\/cenal.gob.ve\/wp-content\/uploads\/2025\/05\/IMG_2846-1-300x294.jpg 300w, https:\/\/cenal.gob.ve\/wp-content\/uploads\/2025\/05\/IMG_2846-1-768x752.jpg 768w, https:\/\/cenal.gob.ve\/wp-content\/uploads\/2025\/05\/IMG_2846-1-640x627.jpg 640w, https:\/\/cenal.gob.ve\/wp-content\/uploads\/2025\/05\/IMG_2846-1.jpg 1307w\" sizes=\"(max-width: 1024px) 100vw, 1024px\" \/><\/figure>\n\n\n\n<figure class=\"wp-block-image size-large\"><img width=\"1024\" height=\"683\" src=\"http:\/\/cenal.gob.ve\/wp-content\/uploads\/2025\/05\/IMG_2822-1024x683.jpg\" alt=\"\" class=\"wp-image-25905\" srcset=\"https:\/\/cenal.gob.ve\/wp-content\/uploads\/2025\/05\/IMG_2822-1024x683.jpg 1024w, https:\/\/cenal.gob.ve\/wp-content\/uploads\/2025\/05\/IMG_2822-300x200.jpg 300w, https:\/\/cenal.gob.ve\/wp-content\/uploads\/2025\/05\/IMG_2822-768x512.jpg 768w, https:\/\/cenal.gob.ve\/wp-content\/uploads\/2025\/05\/IMG_2822-1536x1024.jpg 1536w, https:\/\/cenal.gob.ve\/wp-content\/uploads\/2025\/05\/IMG_2822-640x427.jpg 640w, https:\/\/cenal.gob.ve\/wp-content\/uploads\/2025\/05\/IMG_2822.jpg 1920w\" sizes=\"(max-width: 1024px) 100vw, 1024px\" \/><\/figure>\n\n\n\n<figure class=\"wp-block-image size-large\"><img width=\"1024\" height=\"683\" src=\"http:\/\/cenal.gob.ve\/wp-content\/uploads\/2025\/05\/IMG_2812-1024x683.jpg\" alt=\"\" class=\"wp-image-25906\" srcset=\"https:\/\/cenal.gob.ve\/wp-content\/uploads\/2025\/05\/IMG_2812-1024x683.jpg 1024w, https:\/\/cenal.gob.ve\/wp-content\/uploads\/2025\/05\/IMG_2812-300x200.jpg 300w, https:\/\/cenal.gob.ve\/wp-content\/uploads\/2025\/05\/IMG_2812-768x512.jpg 768w, https:\/\/cenal.gob.ve\/wp-content\/uploads\/2025\/05\/IMG_2812-1536x1024.jpg 1536w, https:\/\/cenal.gob.ve\/wp-content\/uploads\/2025\/05\/IMG_2812-640x427.jpg 640w, https:\/\/cenal.gob.ve\/wp-content\/uploads\/2025\/05\/IMG_2812.jpg 1920w\" sizes=\"(max-width: 1024px) 100vw, 1024px\" \/><\/figure>\n\n\n\n<figure class=\"wp-block-image size-large\"><img width=\"1024\" height=\"683\" src=\"http:\/\/cenal.gob.ve\/wp-content\/uploads\/2025\/05\/IMG_2827-1024x683.jpg\" alt=\"\" class=\"wp-image-25902\" srcset=\"https:\/\/cenal.gob.ve\/wp-content\/uploads\/2025\/05\/IMG_2827-1024x683.jpg 1024w, https:\/\/cenal.gob.ve\/wp-content\/uploads\/2025\/05\/IMG_2827-300x200.jpg 300w, https:\/\/cenal.gob.ve\/wp-content\/uploads\/2025\/05\/IMG_2827-768x512.jpg 768w, https:\/\/cenal.gob.ve\/wp-content\/uploads\/2025\/05\/IMG_2827-1536x1024.jpg 1536w, https:\/\/cenal.gob.ve\/wp-content\/uploads\/2025\/05\/IMG_2827-640x427.jpg 640w, https:\/\/cenal.gob.ve\/wp-content\/uploads\/2025\/05\/IMG_2827.jpg 1920w\" sizes=\"(max-width: 1024px) 100vw, 1024px\" \/><\/figure>\n\n\n\n<figure class=\"wp-block-image size-large\"><img width=\"1024\" height=\"683\" src=\"http:\/\/cenal.gob.ve\/wp-content\/uploads\/2025\/05\/IMG_2810-1024x683.jpg\" alt=\"\" class=\"wp-image-25903\" srcset=\"https:\/\/cenal.gob.ve\/wp-content\/uploads\/2025\/05\/IMG_2810-1024x683.jpg 1024w, https:\/\/cenal.gob.ve\/wp-content\/uploads\/2025\/05\/IMG_2810-300x200.jpg 300w, https:\/\/cenal.gob.ve\/wp-content\/uploads\/2025\/05\/IMG_2810-768x512.jpg 768w, https:\/\/cenal.gob.ve\/wp-content\/uploads\/2025\/05\/IMG_2810-1536x1024.jpg 1536w, https:\/\/cenal.gob.ve\/wp-content\/uploads\/2025\/05\/IMG_2810-640x427.jpg 640w, https:\/\/cenal.gob.ve\/wp-content\/uploads\/2025\/05\/IMG_2810.jpg 1920w\" sizes=\"(max-width: 1024px) 100vw, 1024px\" \/><\/figure>\n\n\n\n<figure class=\"wp-block-image size-large\"><img width=\"1024\" height=\"683\" src=\"http:\/\/cenal.gob.ve\/wp-content\/uploads\/2025\/05\/IMG_2817-1024x683.jpg\" alt=\"\" class=\"wp-image-25904\" srcset=\"https:\/\/cenal.gob.ve\/wp-content\/uploads\/2025\/05\/IMG_2817-1024x683.jpg 1024w, https:\/\/cenal.gob.ve\/wp-content\/uploads\/2025\/05\/IMG_2817-300x200.jpg 300w, https:\/\/cenal.gob.ve\/wp-content\/uploads\/2025\/05\/IMG_2817-768x512.jpg 768w, https:\/\/cenal.gob.ve\/wp-content\/uploads\/2025\/05\/IMG_2817-1536x1024.jpg 1536w, https:\/\/cenal.gob.ve\/wp-content\/uploads\/2025\/05\/IMG_2817-640x427.jpg 640w, https:\/\/cenal.gob.ve\/wp-content\/uploads\/2025\/05\/IMG_2817.jpg 1920w\" sizes=\"(max-width: 1024px) 100vw, 1024px\" \/><\/figure>\n\n\n\n<figure class=\"wp-block-image size-large\"><img width=\"1024\" height=\"683\" src=\"http:\/\/cenal.gob.ve\/wp-content\/uploads\/2025\/05\/IMG_2866-1024x683.jpg\" alt=\"\" class=\"wp-image-25907\" srcset=\"https:\/\/cenal.gob.ve\/wp-content\/uploads\/2025\/05\/IMG_2866-1024x683.jpg 1024w, https:\/\/cenal.gob.ve\/wp-content\/uploads\/2025\/05\/IMG_2866-300x200.jpg 300w, https:\/\/cenal.gob.ve\/wp-content\/uploads\/2025\/05\/IMG_2866-768x512.jpg 768w, https:\/\/cenal.gob.ve\/wp-content\/uploads\/2025\/05\/IMG_2866-1536x1024.jpg 1536w, https:\/\/cenal.gob.ve\/wp-content\/uploads\/2025\/05\/IMG_2866-640x427.jpg 640w, https:\/\/cenal.gob.ve\/wp-content\/uploads\/2025\/05\/IMG_2866.jpg 1920w\" sizes=\"(max-width: 1024px) 100vw, 1024px\" \/><\/figure>\n\n\n\n<figure class=\"wp-block-image size-large\"><img width=\"1024\" height=\"683\" src=\"http:\/\/cenal.gob.ve\/wp-content\/uploads\/2025\/05\/IMG_2876-1024x683.jpg\" alt=\"\" class=\"wp-image-25908\" srcset=\"https:\/\/cenal.gob.ve\/wp-content\/uploads\/2025\/05\/IMG_2876-1024x683.jpg 1024w, https:\/\/cenal.gob.ve\/wp-content\/uploads\/2025\/05\/IMG_2876-300x200.jpg 300w, https:\/\/cenal.gob.ve\/wp-content\/uploads\/2025\/05\/IMG_2876-768x512.jpg 768w, https:\/\/cenal.gob.ve\/wp-content\/uploads\/2025\/05\/IMG_2876-1536x1024.jpg 1536w, https:\/\/cenal.gob.ve\/wp-content\/uploads\/2025\/05\/IMG_2876-640x427.jpg 640w, https:\/\/cenal.gob.ve\/wp-content\/uploads\/2025\/05\/IMG_2876.jpg 1920w\" sizes=\"(max-width: 1024px) 100vw, 1024px\" \/><\/figure>\n\n\n\n<figure class=\"wp-block-image size-large\"><img width=\"1024\" height=\"683\" src=\"http:\/\/cenal.gob.ve\/wp-content\/uploads\/2025\/05\/IMG_2875-1024x683.jpg\" alt=\"\" class=\"wp-image-25909\" srcset=\"https:\/\/cenal.gob.ve\/wp-content\/uploads\/2025\/05\/IMG_2875-1024x683.jpg 1024w, https:\/\/cenal.gob.ve\/wp-content\/uploads\/2025\/05\/IMG_2875-300x200.jpg 300w, https:\/\/cenal.gob.ve\/wp-content\/uploads\/2025\/05\/IMG_2875-768x512.jpg 768w, https:\/\/cenal.gob.ve\/wp-content\/uploads\/2025\/05\/IMG_2875-1536x1024.jpg 1536w, https:\/\/cenal.gob.ve\/wp-content\/uploads\/2025\/05\/IMG_2875-640x427.jpg 640w, https:\/\/cenal.gob.ve\/wp-content\/uploads\/2025\/05\/IMG_2875.jpg 1920w\" sizes=\"(max-width: 1024px) 100vw, 1024px\" \/><\/figure>\n","protected":false},"excerpt":{"rendered":"<p>En un acto celebrado este mi\u00e9rcoles 21 de mayo en la nueva Librer\u00edas del Sur Berta Vega abierta en Maracaibo se entregaron certificados a las j\u00f3venes estudiantes ganadoras en Zulia [&hellip;]<\/p>\n","protected":false},"author":10,"featured_media":25894,"comment_status":"open","ping_status":"closed","sticky":false,"template":"","format":"standard","meta":{"spay_email":"","jetpack_publicize_message":"","jetpack_is_tweetstorm":false,"jetpack_publicize_feature_enabled":true},"categories":[2],"tags":[],"yoast_head":"<!-- This site is optimized with the Yoast SEO plugin v19.8 - https:\/\/yoast.com\/wordpress\/plugins\/seo\/ -->\n<title>Estudiantes zulianas recibieron certificados como ganadoras del 1er Concurso Juvenil de Literatura Teresa de la Parra<\/title>\n<meta name=\"robots\" content=\"index, follow, max-snippet:-1, max-image-preview:large, max-video-preview:-1\" \/>\n<link rel=\"canonical\" href=\"https:\/\/cenal.gob.ve\/?p=25893\" \/>\n<meta property=\"og:locale\" content=\"es_ES\" \/>\n<meta property=\"og:type\" content=\"article\" \/>\n<meta property=\"og:title\" content=\"Estudiantes zulianas recibieron certificados como ganadoras del 1er Concurso Juvenil de Literatura Teresa de la Parra\" \/>\n<meta property=\"og:description\" content=\"En un acto celebrado este mi\u00e9rcoles 21 de mayo en la nueva Librer\u00edas del Sur Berta Vega abierta en Maracaibo se entregaron certificados a las j\u00f3venes estudiantes ganadoras en Zulia [&hellip;]\" \/>\n<meta property=\"og:url\" content=\"https:\/\/cenal.gob.ve\/?p=25893\" \/>\n<meta property=\"og:site_name\" content=\"Cenal\" \/>\n<meta property=\"article:published_time\" content=\"2025-05-22T02:41:33+00:00\" \/>\n<meta property=\"article:modified_time\" content=\"2025-05-23T12:03:50+00:00\" \/>\n<meta property=\"og:image\" content=\"http:\/\/cenal.gob.ve\/wp-content\/uploads\/2025\/05\/IMG_2859.jpg\" \/>\n\t<meta property=\"og:image:width\" content=\"1920\" \/>\n\t<meta property=\"og:image:height\" content=\"1280\" \/>\n\t<meta property=\"og:image:type\" content=\"image\/jpeg\" \/>\n<meta name=\"author\" content=\"Prensa Cenal\" \/>\n<meta name=\"twitter:card\" content=\"summary_large_image\" \/>\n<meta name=\"twitter:label1\" content=\"Written by\" \/>\n\t<meta name=\"twitter:data1\" content=\"Prensa Cenal\" \/>\n\t<meta name=\"twitter:label2\" content=\"Est. reading time\" \/>\n\t<meta name=\"twitter:data2\" content=\"5 minutos\" \/>\n<script type=\"application\/ld+json\" class=\"yoast-schema-graph\">{\"@context\":\"https:\/\/schema.org\",\"@graph\":[{\"@type\":\"Article\",\"@id\":\"https:\/\/cenal.gob.ve\/?p=25893#article\",\"isPartOf\":{\"@id\":\"https:\/\/cenal.gob.ve\/?p=25893\"},\"author\":{\"name\":\"Prensa Cenal\",\"@id\":\"https:\/\/cenal.gob.ve\/#\/schema\/person\/e3ed34623f400ffab8bc7a63b2f5533f\"},\"headline\":\"Estudiantes zulianas recibieron certificados como ganadoras del 1er Concurso Juvenil de Literatura Teresa de la Parra\",\"datePublished\":\"2025-05-22T02:41:33+00:00\",\"dateModified\":\"2025-05-23T12:03:50+00:00\",\"mainEntityOfPage\":{\"@id\":\"https:\/\/cenal.gob.ve\/?p=25893\"},\"wordCount\":464,\"commentCount\":0,\"publisher\":{\"@id\":\"https:\/\/cenal.gob.ve\/#organization\"},\"articleSection\":[\"Cenal\"],\"inLanguage\":\"es\",\"potentialAction\":[{\"@type\":\"CommentAction\",\"name\":\"Comment\",\"target\":[\"https:\/\/cenal.gob.ve\/?p=25893#respond\"]}]},{\"@type\":\"WebPage\",\"@id\":\"https:\/\/cenal.gob.ve\/?p=25893\",\"url\":\"https:\/\/cenal.gob.ve\/?p=25893\",\"name\":\"Estudiantes zulianas recibieron certificados como ganadoras del 1er Concurso Juvenil de Literatura Teresa de la Parra\",\"isPartOf\":{\"@id\":\"https:\/\/cenal.gob.ve\/#website\"},\"datePublished\":\"2025-05-22T02:41:33+00:00\",\"dateModified\":\"2025-05-23T12:03:50+00:00\",\"breadcrumb\":{\"@id\":\"https:\/\/cenal.gob.ve\/?p=25893#breadcrumb\"},\"inLanguage\":\"es\",\"potentialAction\":[{\"@type\":\"ReadAction\",\"target\":[\"https:\/\/cenal.gob.ve\/?p=25893\"]}]},{\"@type\":\"BreadcrumbList\",\"@id\":\"https:\/\/cenal.gob.ve\/?p=25893#breadcrumb\",\"itemListElement\":[{\"@type\":\"ListItem\",\"position\":1,\"name\":\"Home\",\"item\":\"https:\/\/cenal.gob.ve\/\"},{\"@type\":\"ListItem\",\"position\":2,\"name\":\"Estudiantes zulianas recibieron certificados como ganadoras del 1er Concurso Juvenil de Literatura Teresa de la Parra\"}]},{\"@type\":\"WebSite\",\"@id\":\"https:\/\/cenal.gob.ve\/#website\",\"url\":\"https:\/\/cenal.gob.ve\/\",\"name\":\"Cenal\",\"description\":\"\",\"publisher\":{\"@id\":\"https:\/\/cenal.gob.ve\/#organization\"},\"potentialAction\":[{\"@type\":\"SearchAction\",\"target\":{\"@type\":\"EntryPoint\",\"urlTemplate\":\"https:\/\/cenal.gob.ve\/?s={search_term_string}\"},\"query-input\":\"required name=search_term_string\"}],\"inLanguage\":\"es\"},{\"@type\":\"Organization\",\"@id\":\"https:\/\/cenal.gob.ve\/#organization\",\"name\":\"CENAL\",\"url\":\"https:\/\/cenal.gob.ve\/\",\"sameAs\":[],\"logo\":{\"@type\":\"ImageObject\",\"inLanguage\":\"es\",\"@id\":\"https:\/\/cenal.gob.ve\/#\/schema\/logo\/image\/\",\"url\":\"https:\/\/i0.wp.com\/cenal.gob.ve\/wp-content\/uploads\/2022\/10\/cropped-images.jpg?fit=512%2C512\",\"contentUrl\":\"https:\/\/i0.wp.com\/cenal.gob.ve\/wp-content\/uploads\/2022\/10\/cropped-images.jpg?fit=512%2C512\",\"width\":512,\"height\":512,\"caption\":\"CENAL\"},\"image\":{\"@id\":\"https:\/\/cenal.gob.ve\/#\/schema\/logo\/image\/\"}},{\"@type\":\"Person\",\"@id\":\"https:\/\/cenal.gob.ve\/#\/schema\/person\/e3ed34623f400ffab8bc7a63b2f5533f\",\"name\":\"Prensa Cenal\",\"image\":{\"@type\":\"ImageObject\",\"inLanguage\":\"es\",\"@id\":\"https:\/\/cenal.gob.ve\/#\/schema\/person\/image\/\",\"url\":\"https:\/\/secure.gravatar.com\/avatar\/594b4ed34090910c619ac3679001d491?s=96&d=mm&r=g\",\"contentUrl\":\"https:\/\/secure.gravatar.com\/avatar\/594b4ed34090910c619ac3679001d491?s=96&d=mm&r=g\",\"caption\":\"Prensa Cenal\"},\"url\":\"https:\/\/cenal.gob.ve\/?author=10\"}]}<\/script>\n<!-- \/ Yoast SEO plugin. -->","yoast_head_json":{"title":"Estudiantes zulianas recibieron certificados como ganadoras del 1er Concurso Juvenil de Literatura Teresa de la Parra","robots":{"index":"index","follow":"follow","max-snippet":"max-snippet:-1","max-image-preview":"max-image-preview:large","max-video-preview":"max-video-preview:-1"},"canonical":"https:\/\/cenal.gob.ve\/?p=25893","og_locale":"es_ES","og_type":"article","og_title":"Estudiantes zulianas recibieron certificados como ganadoras del 1er Concurso Juvenil de Literatura Teresa de la Parra","og_description":"En un acto celebrado este mi\u00e9rcoles 21 de mayo en la nueva Librer\u00edas del Sur Berta Vega abierta en Maracaibo se entregaron certificados a las j\u00f3venes estudiantes ganadoras en Zulia [&hellip;]","og_url":"https:\/\/cenal.gob.ve\/?p=25893","og_site_name":"Cenal","article_published_time":"2025-05-22T02:41:33+00:00","article_modified_time":"2025-05-23T12:03:50+00:00","og_image":[{"width":1920,"height":1280,"url":"http:\/\/cenal.gob.ve\/wp-content\/uploads\/2025\/05\/IMG_2859.jpg","type":"image\/jpeg"}],"author":"Prensa Cenal","twitter_card":"summary_large_image","twitter_misc":{"Written by":"Prensa Cenal","Est. reading time":"5 minutos"},"schema":{"@context":"https:\/\/schema.org","@graph":[{"@type":"Article","@id":"https:\/\/cenal.gob.ve\/?p=25893#article","isPartOf":{"@id":"https:\/\/cenal.gob.ve\/?p=25893"},"author":{"name":"Prensa Cenal","@id":"https:\/\/cenal.gob.ve\/#\/schema\/person\/e3ed34623f400ffab8bc7a63b2f5533f"},"headline":"Estudiantes zulianas recibieron certificados como ganadoras del 1er Concurso Juvenil de Literatura Teresa de la Parra","datePublished":"2025-05-22T02:41:33+00:00","dateModified":"2025-05-23T12:03:50+00:00","mainEntityOfPage":{"@id":"https:\/\/cenal.gob.ve\/?p=25893"},"wordCount":464,"commentCount":0,"publisher":{"@id":"https:\/\/cenal.gob.ve\/#organization"},"articleSection":["Cenal"],"inLanguage":"es","potentialAction":[{"@type":"CommentAction","name":"Comment","target":["https:\/\/cenal.gob.ve\/?p=25893#respond"]}]},{"@type":"WebPage","@id":"https:\/\/cenal.gob.ve\/?p=25893","url":"https:\/\/cenal.gob.ve\/?p=25893","name":"Estudiantes zulianas recibieron certificados como ganadoras del 1er Concurso Juvenil de Literatura Teresa de la Parra","isPartOf":{"@id":"https:\/\/cenal.gob.ve\/#website"},"datePublished":"2025-05-22T02:41:33+00:00","dateModified":"2025-05-23T12:03:50+00:00","breadcrumb":{"@id":"https:\/\/cenal.gob.ve\/?p=25893#breadcrumb"},"inLanguage":"es","potentialAction":[{"@type":"ReadAction","target":["https:\/\/cenal.gob.ve\/?p=25893"]}]},{"@type":"BreadcrumbList","@id":"https:\/\/cenal.gob.ve\/?p=25893#breadcrumb","itemListElement":[{"@type":"ListItem","position":1,"name":"Home","item":"https:\/\/cenal.gob.ve\/"},{"@type":"ListItem","position":2,"name":"Estudiantes zulianas recibieron certificados como ganadoras del 1er Concurso Juvenil de Literatura Teresa de la Parra"}]},{"@type":"WebSite","@id":"https:\/\/cenal.gob.ve\/#website","url":"https:\/\/cenal.gob.ve\/","name":"Cenal","description":"","publisher":{"@id":"https:\/\/cenal.gob.ve\/#organization"},"potentialAction":[{"@type":"SearchAction","target":{"@type":"EntryPoint","urlTemplate":"https:\/\/cenal.gob.ve\/?s={search_term_string}"},"query-input":"required name=search_term_string"}],"inLanguage":"es"},{"@type":"Organization","@id":"https:\/\/cenal.gob.ve\/#organization","name":"CENAL","url":"https:\/\/cenal.gob.ve\/","sameAs":[],"logo":{"@type":"ImageObject","inLanguage":"es","@id":"https:\/\/cenal.gob.ve\/#\/schema\/logo\/image\/","url":"https:\/\/i0.wp.com\/cenal.gob.ve\/wp-content\/uploads\/2022\/10\/cropped-images.jpg?fit=512%2C512","contentUrl":"https:\/\/i0.wp.com\/cenal.gob.ve\/wp-content\/uploads\/2022\/10\/cropped-images.jpg?fit=512%2C512","width":512,"height":512,"caption":"CENAL"},"image":{"@id":"https:\/\/cenal.gob.ve\/#\/schema\/logo\/image\/"}},{"@type":"Person","@id":"https:\/\/cenal.gob.ve\/#\/schema\/person\/e3ed34623f400ffab8bc7a63b2f5533f","name":"Prensa Cenal","image":{"@type":"ImageObject","inLanguage":"es","@id":"https:\/\/cenal.gob.ve\/#\/schema\/person\/image\/","url":"https:\/\/secure.gravatar.com\/avatar\/594b4ed34090910c619ac3679001d491?s=96&d=mm&r=g","contentUrl":"https:\/\/secure.gravatar.com\/avatar\/594b4ed34090910c619ac3679001d491?s=96&d=mm&r=g","caption":"Prensa Cenal"},"url":"https:\/\/cenal.gob.ve\/?author=10"}]}},"jetpack_featured_media_url":"https:\/\/cenal.gob.ve\/wp-content\/uploads\/2025\/05\/IMG_2859.jpg","jetpack_publicize_connections":[],"jetpack_shortlink":"https:\/\/wp.me\/p5FMhp-6JD","_links":{"self":[{"href":"https:\/\/cenal.gob.ve\/index.php?rest_route=\/wp\/v2\/posts\/25893"}],"collection":[{"href":"https:\/\/cenal.gob.ve\/index.php?rest_route=\/wp\/v2\/posts"}],"about":[{"href":"https:\/\/cenal.gob.ve\/index.php?rest_route=\/wp\/v2\/types\/post"}],"author":[{"embeddable":true,"href":"https:\/\/cenal.gob.ve\/index.php?rest_route=\/wp\/v2\/users\/10"}],"replies":[{"embeddable":true,"href":"https:\/\/cenal.gob.ve\/index.php?rest_route=%2Fwp%2Fv2%2Fcomments&post=25893"}],"version-history":[{"count":2,"href":"https:\/\/cenal.gob.ve\/index.php?rest_route=\/wp\/v2\/posts\/25893\/revisions"}],"predecessor-version":[{"id":25933,"href":"https:\/\/cenal.gob.ve\/index.php?rest_route=\/wp\/v2\/posts\/25893\/revisions\/25933"}],"wp:featuredmedia":[{"embeddable":true,"href":"https:\/\/cenal.gob.ve\/index.php?rest_route=\/wp\/v2\/media\/25894"}],"wp:attachment":[{"href":"https:\/\/cenal.gob.ve\/index.php?rest_route=%2Fwp%2Fv2%2Fmedia&parent=25893"}],"wp:term":[{"taxonomy":"category","embeddable":true,"href":"https:\/\/cenal.gob.ve\/index.php?rest_route=%2Fwp%2Fv2%2Fcategories&post=25893"},{"taxonomy":"post_tag","embeddable":true,"href":"https:\/\/cenal.gob.ve\/index.php?rest_route=%2Fwp%2Fv2%2Ftags&post=25893"}],"curies":[{"name":"wp","href":"https:\/\/api.w.org\/{rel}","templated":true}]}}