{"id":25938,"date":"2025-05-23T12:45:47","date_gmt":"2025-05-23T16:45:47","guid":{"rendered":"https:\/\/cenal.gob.ve\/?p=25938"},"modified":"2025-05-23T12:45:55","modified_gmt":"2025-05-23T16:45:55","slug":"la-21-a-filven-se-inaugurara-en-julio-con-el-lema-leer-humaniza","status":"publish","type":"post","link":"https:\/\/cenal.gob.ve\/?p=25938","title":{"rendered":"La 21.\u00aa Filven se inaugurar\u00e1 en julio con el lema Leer humaniza"},"content":{"rendered":"\n<p>Los preparativos de lo que ser\u00e1 la 21<sup>.a<\/sup>&nbsp;Feria Internacional del Libro de Venezuela (Filven 2025) ya est\u00e1n en marcha para que la gran fiesta literaria del pa\u00eds se celebre del 3 al 13 de julio pr\u00f3ximo en la Galer\u00eda de Arte Nacional (GAN) y la Plaza de la Juventud de Caracas, bajo el lema Leer humaniza, con Egipto como pa\u00eds invitado de honor y en homenaje a los escritores Esteban Emilio Mosonyi Sz\u00e1s, Jean Marc Sellier de Civrieux (\u5341), Judith Valencia y Gonzalo Fragui.&nbsp;<\/p>\n\n\n\n<p>As\u00ed lo anunciaron este martes 20 de mayo el ministro del Poder Popular para la Cultura (MPPC), Ernesto Villegas, y el viceministro de Fomento para la Econom\u00eda Cultural y presidente del Centro Nacional del Libro (Cenal), Ra\u00fal Cazal, durante una rueda de prensa realizada en la GAN para ofrecer detalles en torno a la nueva edici\u00f3n de la Filven, en la que estuvieron acompa\u00f1ados por los homenajeados Esteban Emilio Mosonyi Sz\u00e1s y Judith Valencia.<\/p>\n\n\n\n<p>La 21<sup>.a<\/sup>\u00a0Filven tendr\u00e1 como ejes tem\u00e1ticos la \u201cNarrativa actual de Venezuela\u201d, la \u201cComuna como espacio de transformaci\u00f3n lectora\u201d y \u201cEgipto: desde la Biblioteca de Alejandr\u00eda hasta la biblioteca digital\u201d y <a href=\"https:\/\/cenal.gob.ve\/?p=25856\">ya est\u00e1 abierto el registro de expositores y de actividades<\/a>, hasta el pr\u00f3ximo 15 de junio, expresaron las autoridades.<\/p>\n\n\n\n<p>El ministro de Cultura destac\u00f3 la importancia de este evento como un espacio creado por el Comandante Hugo Ch\u00e1vez que se ha mantenido en el tiempo y que regresa cada a\u00f1o como un gran acontecimiento de acceso libre y del que se ha apropiado el pueblo venezolano. Destac\u00f3 que con la nueva edici\u00f3n de la Filven se reafirma el compromiso del Gobierno Bolivariano, liderado por el presidente Nicol\u00e1s Maduro, con la promoci\u00f3n del libro y la lectura.<\/p>\n\n\n\n<figure class=\"wp-block-image\"><img src=\"https:\/\/filven.com\/wp-content\/uploads\/2025\/05\/1000073945-1024x682.jpg\" alt=\"\" class=\"wp-image-22278\"\/><\/figure>\n\n\n\n<p>Villegas resalt\u00f3 la participaci\u00f3n de la Rep\u00fablica \u00c1rabe de Egipto como pa\u00eds invitado de honor con su cultura milenaria y agreg\u00f3 que Venezuela tambi\u00e9n compartir\u00e1 su patrimonio cultural heredado de sus pueblos originarios. Como parte de la delegaci\u00f3n egipcia \u201cvan a venir una veintena de escritores, escritoras, editores, traductores, quienes van a estar presentes mostrando todo lo que tiene que ver la cultura de ese pa\u00eds milenario\u201d, a\u00f1adi\u00f3 por su parte el viceministro Cazal.<\/p>\n\n\n\n<p>Adem\u00e1s, estar\u00e1n participando con editoriales y escritores Argentina, Espa\u00f1a, Pa\u00eds Vasco, Per\u00fa, Colombia, Cuba, China, Canad\u00e1, M\u00e9xico, T\u00fanez, Bolivia, Guatemala, Honduras, Ir\u00e1n, Brasil y Turqu\u00eda, indic\u00f3 el ministro Villegas, mientras que por Venezuela, agreg\u00f3 el viceministro Cazal, asistir\u00e1n, entre otros, autores como Laura Antillano, Luis Britto Garc\u00eda, Carmen Boh\u00f3rquez, Luis Alberto Crespo, Benito Yrady, Antonio Trujillo, C\u00f3simo Madrillo, Miguel \u00c1ngel P\u00e9rez Pirela y Tarek William Saab, este \u00faltimo celebrando sus 45 a\u00f1os de vida y obra literaria.<\/p>\n\n\n\n<p>A prop\u00f3sito de la celebraci\u00f3n de los 45 a\u00f1os de vida literaria de Tarek William Saab, en la 21.\u00aa Filven se presentar\u00e1n su poemario in\u00e9dito Un tren viaja al cielo de la medianoche (2021-2025), una segunda edici\u00f3n de su libro Los r\u00edos de la ira (1984-1986) y una antolog\u00eda po\u00e9tica titulada So\u00f1ando el largo viaje (1984-2025). Tambi\u00e9n se presentar\u00e1 SAAB (una vida literaria), de Alberto Jim\u00e9nez Ure.<\/p>\n\n\n\n<p>El presidente del Cenal, Ra\u00fal Cazal, inform\u00f3, adem\u00e1s, que en esta edici\u00f3n se presentar\u00e1n m\u00e1s de cien novedades literarias por parte del MPPC, a trav\u00e9s de sus editoriales El perro y rana, Monte \u00c1vila y Biblioteca Ayacucho.<\/p>\n\n\n\n<p>\u201cNuevas publicaciones destacadas; entre las obras que se lanzar\u00e1n se incluye \u2018El Pa\u00eds de las Perlas\u2019. La obra est\u00e1 actualmente en proceso de impresi\u00f3n con un mayor tiraje\u201d, ilustr\u00f3 Cazal en referencia a lo que podr\u00e1n encontrar los lectores y lectoras en la 21<sup>.a<\/sup>&nbsp;Filven.<\/p>\n\n\n\n<figure class=\"wp-block-image\"><img src=\"https:\/\/filven.com\/wp-content\/uploads\/2025\/05\/1000073946-1024x682.jpg\" alt=\"\" class=\"wp-image-22279\"\/><\/figure>\n\n\n\n<p>Asimismo, el ministro Villegas record\u00f3 que la Filven no es solo un espacio para adultos por cuanto contar\u00e1 con el Pabell\u00f3n Infantil. \u201cLos ni\u00f1os de pronto podr\u00e1n aburrirse escuch\u00e1ndonos, pero no podr\u00e1n aburrirse en los espacios espec\u00edficamente creados para ellos aqu\u00ed en el Pabell\u00f3n Infantil de la Filven n\u00famero 21\u201d, asegur\u00f3.<\/p>\n\n\n\n<p>Tambi\u00e9n manifest\u00f3 que las actividades literarias de la Filven estar\u00e1n complementadas con las actividades propias de la GAN, y como parte del encuentro de todas las artes anunci\u00f3 que se prepara una exposici\u00f3n con dibujos y pinturas del homenajeado Marc de Civrieux.<\/p>\n\n\n\n<p>El ministro Villegas igualmente record\u00f3 que, posterior a la inauguraci\u00f3n en Caracas, la Filven recorre el pa\u00eds con sus ediciones regionales, y como una novedad anunci\u00f3 que con la edici\u00f3n 21 la Filven iniciar\u00e1 su gira en Tumeremo, la capital administrativa del estado Guayana Esequiba, situada en el municipio Sifontes del estado Bol\u00edvar.<\/p>\n\n\n\n<p>El titular del despacho de Cultura destac\u00f3 la importancia de desarrollar esta feria regional. \u201cMal har\u00edamos si no la desarroll\u00e1ramos, as\u00ed que para Tumeremos vamos con la vig\u00e9sima primera edici\u00f3n de la Feria Internacional del Libro de Venezuela\u201d, afirm\u00f3.<\/p>\n\n\n\n<p><strong>Cuatro escritores ser\u00e1n homenajeados<\/strong><\/p>\n\n\n\n<p>Ra\u00fal Cazal, viceministro de Cultura y presidente del Cenal, ente del MPPC organizador de la Filven, destac\u00f3 que la edici\u00f3n 21 de la m\u00e1xima fiesta literaria del pa\u00eds rendir\u00e1 homenaje a los escritores Esteban Emilio Mosonyi Sz\u00e1s, Jean Marc Sellier de Civrieux (\u5341), Judith Valencia y Gonzalo Fragui.&nbsp;<\/p>\n\n\n\n<p>Sobre&nbsp;Esteban Emilio Mosonyi Sz\u00e1sz,&nbsp;quien naci\u00f3 en<strong>&nbsp;<\/strong>Hungr\u00eda (1939) y arrib\u00f3 con su familia a Venezuela siendo ni\u00f1o huyendo de la postguerra en Europa, el viceministro Cazal sostuvo que se trata de un autor muy venezolano aun cuando es originario de Budapest y cuya obra se ha centrado en la revitalizaci\u00f3n transgeneracional de lenguas, identidades y culturas ind\u00edgenas.&nbsp;Mosonyi Sz\u00e1sz&nbsp;actualmente desarrolla el Taller Antropoling\u00fc\u00edstico de Activaci\u00f3n Inmediata, aplicado en la revitalizaci\u00f3n de la lengua caribana.<\/p>\n\n\n\n<p>Respecto a&nbsp;Jean Marc Sellier de Civrieux,&nbsp;quien<strong>&nbsp;<\/strong>naci\u00f3 en Niza, Francia, en 1919, naturalizado venezolano en 1948, Cazal expuso que como investigador &nbsp;y autor form\u00f3 parte de la generaci\u00f3n fundadora de la llamada antropolog\u00eda contempor\u00e1nea venezolana.<\/p>\n\n\n\n<figure class=\"wp-block-image\"><img src=\"https:\/\/filven.com\/wp-content\/uploads\/2025\/05\/1000073947-1024x682.jpg\" alt=\"\" class=\"wp-image-22280\"\/><\/figure>\n\n\n\n<p>La obra de este autor, quien falleci\u00f3 en M\u00e9rida en 2003, es significativa en el trato a las culturas originarias, geolog\u00eda, geograf\u00eda, historia, pr\u00e1cticas y universo simb\u00f3lico del oriente venezolano, expuso Cazal. \u201cGracias a su tenacidad se logr\u00f3 que un libro de dos tomos, que hab\u00eda estado in\u00e9dito, se publicara; este libro se titula \u2018Celier de Cervirou\u201d, inform\u00f3 el viceministro de Cultura.<br><br>Judith Valencia,&nbsp;quien estuvo en la rueda de prensa&nbsp;junto a las autoridades de Cultura, se mostr\u00f3 complacida por el reconocimiento.<strong>&nbsp;<\/strong>Naci\u00f3 en Caracas (1937), es economista, investigadora y fue profesora titular en la UCV. Ha sido formadora pol\u00edtica para diversas instituciones del Estado venezolano y movimientos sociales aportando a la construcci\u00f3n de la memoria hist\u00f3rica del continente.<\/p>\n\n\n\n<p>El viceministro Cazal expuso que Valencia ha sido una propulsora de publicaciones y ademas \u201cha dejado una huella muy profunda en sus estudiantes\u201d. Adicion\u00f3 que esta escritora posee un enfoque rebelde que se manifiesta no solo en su escritura, sino tambi\u00e9n en su compromiso con la est\u00e9tica. \u201cElla es una propulsora de hacer cosas que tengan el valor est\u00e9tico para que se lean, especialmente para la juventud\u201d, dijo.<\/p>\n\n\n\n<p>Finalmente,&nbsp;el cuadro de homenajeados es completado por&nbsp;Gonzalo Fragui<strong>&nbsp;(<\/strong>M\u00e9rida,1960), quien es poeta, narrador, periodista, fil\u00f3sofo y editor. Cazal destac\u00f3 que es un poeta reconocido, fundador del Fondo Editorial Mucuglifo, \u201cuna importante plataforma en los a\u00f1os 80 y 90 donde se recopil\u00f3 buena parte de la poes\u00eda de esa \u00e9poca, cuando era muy dif\u00edcil publicar\u201d.<\/p>\n\n\n\n<p>Fragui fue reconocido con el Premio Nacional de Cultura, Menci\u00f3n Honor\u00edfica, 2023-2024. Entre sus publicaciones est\u00e1 la m\u00e1s reciente titulada La horas del Sur, con poemas reunidos desde 2005 hasta 2025, editada por El perro y la rana.<\/p>\n\n\n\n<figure class=\"wp-block-image\"><img src=\"https:\/\/filven.com\/wp-content\/uploads\/2025\/05\/1000074040-1024x683.jpg\" alt=\"\" class=\"wp-image-22292\"\/><\/figure>\n\n\n\n<figure class=\"wp-block-image\"><img src=\"https:\/\/filven.com\/wp-content\/uploads\/2025\/05\/1000073949-1024x682.jpg\" alt=\"\" class=\"wp-image-22281\"\/><\/figure>\n\n\n\n<figure class=\"wp-block-image\"><img src=\"https:\/\/filven.com\/wp-content\/uploads\/2025\/05\/1000073926-1024x682.jpg\" alt=\"\" class=\"wp-image-22282\"\/><\/figure>\n","protected":false},"excerpt":{"rendered":"<p>Los preparativos de lo que ser\u00e1 la 21.a&nbsp;Feria Internacional del Libro de Venezuela (Filven 2025) ya est\u00e1n en marcha para que la gran fiesta literaria del pa\u00eds se celebre del [&hellip;]<\/p>\n","protected":false},"author":10,"featured_media":25939,"comment_status":"open","ping_status":"closed","sticky":false,"template":"","format":"standard","meta":{"spay_email":"","jetpack_publicize_message":"","jetpack_is_tweetstorm":false,"jetpack_publicize_feature_enabled":true},"categories":[2,12],"tags":[],"yoast_head":"<!-- This site is optimized with the Yoast SEO plugin v19.8 - https:\/\/yoast.com\/wordpress\/plugins\/seo\/ -->\n<title>La 21.\u00aa Filven se inaugurar\u00e1 en julio con el lema Leer humaniza<\/title>\n<meta name=\"robots\" content=\"index, follow, max-snippet:-1, max-image-preview:large, max-video-preview:-1\" \/>\n<link rel=\"canonical\" href=\"https:\/\/cenal.gob.ve\/?p=25938\" \/>\n<meta property=\"og:locale\" content=\"es_ES\" \/>\n<meta property=\"og:type\" content=\"article\" \/>\n<meta property=\"og:title\" content=\"La 21.\u00aa Filven se inaugurar\u00e1 en julio con el lema Leer humaniza\" \/>\n<meta property=\"og:description\" content=\"Los preparativos de lo que ser\u00e1 la 21.a&nbsp;Feria Internacional del Libro de Venezuela (Filven 2025) ya est\u00e1n en marcha para que la gran fiesta literaria del pa\u00eds se celebre del [&hellip;]\" \/>\n<meta property=\"og:url\" content=\"https:\/\/cenal.gob.ve\/?p=25938\" \/>\n<meta property=\"og:site_name\" content=\"Cenal\" \/>\n<meta property=\"article:published_time\" content=\"2025-05-23T16:45:47+00:00\" \/>\n<meta property=\"article:modified_time\" content=\"2025-05-23T16:45:55+00:00\" \/>\n<meta property=\"og:image\" content=\"http:\/\/cenal.gob.ve\/wp-content\/uploads\/2025\/05\/1000073859.jpg\" \/>\n\t<meta property=\"og:image:width\" content=\"1280\" \/>\n\t<meta property=\"og:image:height\" content=\"853\" \/>\n\t<meta property=\"og:image:type\" content=\"image\/jpeg\" \/>\n<meta name=\"author\" content=\"Prensa Cenal\" \/>\n<meta name=\"twitter:card\" content=\"summary_large_image\" \/>\n<meta name=\"twitter:label1\" content=\"Written by\" \/>\n\t<meta name=\"twitter:data1\" content=\"Prensa Cenal\" \/>\n\t<meta name=\"twitter:label2\" content=\"Est. reading time\" \/>\n\t<meta name=\"twitter:data2\" content=\"7 minutos\" \/>\n<script type=\"application\/ld+json\" class=\"yoast-schema-graph\">{\"@context\":\"https:\/\/schema.org\",\"@graph\":[{\"@type\":\"Article\",\"@id\":\"https:\/\/cenal.gob.ve\/?p=25938#article\",\"isPartOf\":{\"@id\":\"https:\/\/cenal.gob.ve\/?p=25938\"},\"author\":{\"name\":\"Prensa Cenal\",\"@id\":\"https:\/\/cenal.gob.ve\/#\/schema\/person\/e3ed34623f400ffab8bc7a63b2f5533f\"},\"headline\":\"La 21.\u00aa Filven se inaugurar\u00e1 en julio con el lema Leer humaniza\",\"datePublished\":\"2025-05-23T16:45:47+00:00\",\"dateModified\":\"2025-05-23T16:45:55+00:00\",\"mainEntityOfPage\":{\"@id\":\"https:\/\/cenal.gob.ve\/?p=25938\"},\"wordCount\":1348,\"commentCount\":0,\"publisher\":{\"@id\":\"https:\/\/cenal.gob.ve\/#organization\"},\"articleSection\":[\"Cenal\",\"Filven\"],\"inLanguage\":\"es\",\"potentialAction\":[{\"@type\":\"CommentAction\",\"name\":\"Comment\",\"target\":[\"https:\/\/cenal.gob.ve\/?p=25938#respond\"]}]},{\"@type\":\"WebPage\",\"@id\":\"https:\/\/cenal.gob.ve\/?p=25938\",\"url\":\"https:\/\/cenal.gob.ve\/?p=25938\",\"name\":\"La 21.\u00aa Filven se inaugurar\u00e1 en julio con el lema Leer humaniza\",\"isPartOf\":{\"@id\":\"https:\/\/cenal.gob.ve\/#website\"},\"datePublished\":\"2025-05-23T16:45:47+00:00\",\"dateModified\":\"2025-05-23T16:45:55+00:00\",\"breadcrumb\":{\"@id\":\"https:\/\/cenal.gob.ve\/?p=25938#breadcrumb\"},\"inLanguage\":\"es\",\"potentialAction\":[{\"@type\":\"ReadAction\",\"target\":[\"https:\/\/cenal.gob.ve\/?p=25938\"]}]},{\"@type\":\"BreadcrumbList\",\"@id\":\"https:\/\/cenal.gob.ve\/?p=25938#breadcrumb\",\"itemListElement\":[{\"@type\":\"ListItem\",\"position\":1,\"name\":\"Home\",\"item\":\"https:\/\/cenal.gob.ve\/\"},{\"@type\":\"ListItem\",\"position\":2,\"name\":\"La 21.\u00aa Filven se inaugurar\u00e1 en julio con el lema Leer humaniza\"}]},{\"@type\":\"WebSite\",\"@id\":\"https:\/\/cenal.gob.ve\/#website\",\"url\":\"https:\/\/cenal.gob.ve\/\",\"name\":\"Cenal\",\"description\":\"\",\"publisher\":{\"@id\":\"https:\/\/cenal.gob.ve\/#organization\"},\"potentialAction\":[{\"@type\":\"SearchAction\",\"target\":{\"@type\":\"EntryPoint\",\"urlTemplate\":\"https:\/\/cenal.gob.ve\/?s={search_term_string}\"},\"query-input\":\"required name=search_term_string\"}],\"inLanguage\":\"es\"},{\"@type\":\"Organization\",\"@id\":\"https:\/\/cenal.gob.ve\/#organization\",\"name\":\"CENAL\",\"url\":\"https:\/\/cenal.gob.ve\/\",\"sameAs\":[],\"logo\":{\"@type\":\"ImageObject\",\"inLanguage\":\"es\",\"@id\":\"https:\/\/cenal.gob.ve\/#\/schema\/logo\/image\/\",\"url\":\"https:\/\/i0.wp.com\/cenal.gob.ve\/wp-content\/uploads\/2022\/10\/cropped-images.jpg?fit=512%2C512\",\"contentUrl\":\"https:\/\/i0.wp.com\/cenal.gob.ve\/wp-content\/uploads\/2022\/10\/cropped-images.jpg?fit=512%2C512\",\"width\":512,\"height\":512,\"caption\":\"CENAL\"},\"image\":{\"@id\":\"https:\/\/cenal.gob.ve\/#\/schema\/logo\/image\/\"}},{\"@type\":\"Person\",\"@id\":\"https:\/\/cenal.gob.ve\/#\/schema\/person\/e3ed34623f400ffab8bc7a63b2f5533f\",\"name\":\"Prensa Cenal\",\"image\":{\"@type\":\"ImageObject\",\"inLanguage\":\"es\",\"@id\":\"https:\/\/cenal.gob.ve\/#\/schema\/person\/image\/\",\"url\":\"https:\/\/secure.gravatar.com\/avatar\/594b4ed34090910c619ac3679001d491?s=96&d=mm&r=g\",\"contentUrl\":\"https:\/\/secure.gravatar.com\/avatar\/594b4ed34090910c619ac3679001d491?s=96&d=mm&r=g\",\"caption\":\"Prensa Cenal\"},\"url\":\"https:\/\/cenal.gob.ve\/?author=10\"}]}<\/script>\n<!-- \/ Yoast SEO plugin. -->","yoast_head_json":{"title":"La 21.\u00aa Filven se inaugurar\u00e1 en julio con el lema Leer humaniza","robots":{"index":"index","follow":"follow","max-snippet":"max-snippet:-1","max-image-preview":"max-image-preview:large","max-video-preview":"max-video-preview:-1"},"canonical":"https:\/\/cenal.gob.ve\/?p=25938","og_locale":"es_ES","og_type":"article","og_title":"La 21.\u00aa Filven se inaugurar\u00e1 en julio con el lema Leer humaniza","og_description":"Los preparativos de lo que ser\u00e1 la 21.a&nbsp;Feria Internacional del Libro de Venezuela (Filven 2025) ya est\u00e1n en marcha para que la gran fiesta literaria del pa\u00eds se celebre del [&hellip;]","og_url":"https:\/\/cenal.gob.ve\/?p=25938","og_site_name":"Cenal","article_published_time":"2025-05-23T16:45:47+00:00","article_modified_time":"2025-05-23T16:45:55+00:00","og_image":[{"width":1280,"height":853,"url":"http:\/\/cenal.gob.ve\/wp-content\/uploads\/2025\/05\/1000073859.jpg","type":"image\/jpeg"}],"author":"Prensa Cenal","twitter_card":"summary_large_image","twitter_misc":{"Written by":"Prensa Cenal","Est. reading time":"7 minutos"},"schema":{"@context":"https:\/\/schema.org","@graph":[{"@type":"Article","@id":"https:\/\/cenal.gob.ve\/?p=25938#article","isPartOf":{"@id":"https:\/\/cenal.gob.ve\/?p=25938"},"author":{"name":"Prensa Cenal","@id":"https:\/\/cenal.gob.ve\/#\/schema\/person\/e3ed34623f400ffab8bc7a63b2f5533f"},"headline":"La 21.\u00aa Filven se inaugurar\u00e1 en julio con el lema Leer humaniza","datePublished":"2025-05-23T16:45:47+00:00","dateModified":"2025-05-23T16:45:55+00:00","mainEntityOfPage":{"@id":"https:\/\/cenal.gob.ve\/?p=25938"},"wordCount":1348,"commentCount":0,"publisher":{"@id":"https:\/\/cenal.gob.ve\/#organization"},"articleSection":["Cenal","Filven"],"inLanguage":"es","potentialAction":[{"@type":"CommentAction","name":"Comment","target":["https:\/\/cenal.gob.ve\/?p=25938#respond"]}]},{"@type":"WebPage","@id":"https:\/\/cenal.gob.ve\/?p=25938","url":"https:\/\/cenal.gob.ve\/?p=25938","name":"La 21.\u00aa Filven se inaugurar\u00e1 en julio con el lema Leer humaniza","isPartOf":{"@id":"https:\/\/cenal.gob.ve\/#website"},"datePublished":"2025-05-23T16:45:47+00:00","dateModified":"2025-05-23T16:45:55+00:00","breadcrumb":{"@id":"https:\/\/cenal.gob.ve\/?p=25938#breadcrumb"},"inLanguage":"es","potentialAction":[{"@type":"ReadAction","target":["https:\/\/cenal.gob.ve\/?p=25938"]}]},{"@type":"BreadcrumbList","@id":"https:\/\/cenal.gob.ve\/?p=25938#breadcrumb","itemListElement":[{"@type":"ListItem","position":1,"name":"Home","item":"https:\/\/cenal.gob.ve\/"},{"@type":"ListItem","position":2,"name":"La 21.\u00aa Filven se inaugurar\u00e1 en julio con el lema Leer humaniza"}]},{"@type":"WebSite","@id":"https:\/\/cenal.gob.ve\/#website","url":"https:\/\/cenal.gob.ve\/","name":"Cenal","description":"","publisher":{"@id":"https:\/\/cenal.gob.ve\/#organization"},"potentialAction":[{"@type":"SearchAction","target":{"@type":"EntryPoint","urlTemplate":"https:\/\/cenal.gob.ve\/?s={search_term_string}"},"query-input":"required name=search_term_string"}],"inLanguage":"es"},{"@type":"Organization","@id":"https:\/\/cenal.gob.ve\/#organization","name":"CENAL","url":"https:\/\/cenal.gob.ve\/","sameAs":[],"logo":{"@type":"ImageObject","inLanguage":"es","@id":"https:\/\/cenal.gob.ve\/#\/schema\/logo\/image\/","url":"https:\/\/i0.wp.com\/cenal.gob.ve\/wp-content\/uploads\/2022\/10\/cropped-images.jpg?fit=512%2C512","contentUrl":"https:\/\/i0.wp.com\/cenal.gob.ve\/wp-content\/uploads\/2022\/10\/cropped-images.jpg?fit=512%2C512","width":512,"height":512,"caption":"CENAL"},"image":{"@id":"https:\/\/cenal.gob.ve\/#\/schema\/logo\/image\/"}},{"@type":"Person","@id":"https:\/\/cenal.gob.ve\/#\/schema\/person\/e3ed34623f400ffab8bc7a63b2f5533f","name":"Prensa Cenal","image":{"@type":"ImageObject","inLanguage":"es","@id":"https:\/\/cenal.gob.ve\/#\/schema\/person\/image\/","url":"https:\/\/secure.gravatar.com\/avatar\/594b4ed34090910c619ac3679001d491?s=96&d=mm&r=g","contentUrl":"https:\/\/secure.gravatar.com\/avatar\/594b4ed34090910c619ac3679001d491?s=96&d=mm&r=g","caption":"Prensa Cenal"},"url":"https:\/\/cenal.gob.ve\/?author=10"}]}},"jetpack_featured_media_url":"https:\/\/cenal.gob.ve\/wp-content\/uploads\/2025\/05\/1000073859.jpg","jetpack_publicize_connections":[],"jetpack_shortlink":"https:\/\/wp.me\/p5FMhp-6Km","_links":{"self":[{"href":"https:\/\/cenal.gob.ve\/index.php?rest_route=\/wp\/v2\/posts\/25938"}],"collection":[{"href":"https:\/\/cenal.gob.ve\/index.php?rest_route=\/wp\/v2\/posts"}],"about":[{"href":"https:\/\/cenal.gob.ve\/index.php?rest_route=\/wp\/v2\/types\/post"}],"author":[{"embeddable":true,"href":"https:\/\/cenal.gob.ve\/index.php?rest_route=\/wp\/v2\/users\/10"}],"replies":[{"embeddable":true,"href":"https:\/\/cenal.gob.ve\/index.php?rest_route=%2Fwp%2Fv2%2Fcomments&post=25938"}],"version-history":[{"count":1,"href":"https:\/\/cenal.gob.ve\/index.php?rest_route=\/wp\/v2\/posts\/25938\/revisions"}],"predecessor-version":[{"id":25940,"href":"https:\/\/cenal.gob.ve\/index.php?rest_route=\/wp\/v2\/posts\/25938\/revisions\/25940"}],"wp:featuredmedia":[{"embeddable":true,"href":"https:\/\/cenal.gob.ve\/index.php?rest_route=\/wp\/v2\/media\/25939"}],"wp:attachment":[{"href":"https:\/\/cenal.gob.ve\/index.php?rest_route=%2Fwp%2Fv2%2Fmedia&parent=25938"}],"wp:term":[{"taxonomy":"category","embeddable":true,"href":"https:\/\/cenal.gob.ve\/index.php?rest_route=%2Fwp%2Fv2%2Fcategories&post=25938"},{"taxonomy":"post_tag","embeddable":true,"href":"https:\/\/cenal.gob.ve\/index.php?rest_route=%2Fwp%2Fv2%2Ftags&post=25938"}],"curies":[{"name":"wp","href":"https:\/\/api.w.org\/{rel}","templated":true}]}}