{"id":25941,"date":"2025-05-23T13:17:08","date_gmt":"2025-05-23T17:17:08","guid":{"rendered":"https:\/\/cenal.gob.ve\/?p=25941"},"modified":"2025-05-23T13:17:17","modified_gmt":"2025-05-23T17:17:17","slug":"antonio-trujillo-destaco-influencia-de-la-oralidad-en-la-literatura-durante-taller-dictado-en-zulia","status":"publish","type":"post","link":"https:\/\/cenal.gob.ve\/?p=25941","title":{"rendered":"Antonio Trujillo destac\u00f3 influencia de la oralidad en la literatura durante taller dictado en Zulia"},"content":{"rendered":"\n<p>En la Librer\u00eda del Sur Berta Vega, inaugurada en el centro hist\u00f3rico de Maracaibo, el cronista y poeta mirandino Antonio Trujillo dict\u00f3 el taller &#8220;De Testimonios de la niebla a Regiones verbales&#8221;, donde a trav\u00e9s de dos de sus obras literarias convers\u00f3 sobre la importancia de la oralidad y su influencia en la literatura nacional y preservaci\u00f3n de la memoria colectiva.<\/p>\n\n\n\n<p>Trujillo, quien obtuvo el Premio Nacional de Cultura menci\u00f3n Literatura (2024), present\u00f3 su libro &#8220;Testimonios de la niebla&#8221;, que naci\u00f3 en San Antonio de los Altos en los a\u00f1os 80. Originalmente concebido como una revista, este proyecto recopil\u00f3 testimonios que fueron publicados como libro en el a\u00f1o 2000 por la Casa Nacional de las Letras Andr\u00e9s Bello.<\/p>\n\n\n\n<figure class=\"wp-block-image size-large\"><img width=\"1024\" height=\"768\" src=\"https:\/\/cenal.gob.ve\/wp-content\/uploads\/2025\/05\/1000077340-1024x768.jpg\" alt=\"\" class=\"wp-image-25943\" srcset=\"https:\/\/cenal.gob.ve\/wp-content\/uploads\/2025\/05\/1000077340-1024x768.jpg 1024w, https:\/\/cenal.gob.ve\/wp-content\/uploads\/2025\/05\/1000077340-300x225.jpg 300w, https:\/\/cenal.gob.ve\/wp-content\/uploads\/2025\/05\/1000077340-768x576.jpg 768w, https:\/\/cenal.gob.ve\/wp-content\/uploads\/2025\/05\/1000077340-1536x1152.jpg 1536w, https:\/\/cenal.gob.ve\/wp-content\/uploads\/2025\/05\/1000077340-2048x1536.jpg 2048w, https:\/\/cenal.gob.ve\/wp-content\/uploads\/2025\/05\/1000077340-640x480.jpg 640w\" sizes=\"(max-width: 1024px) 100vw, 1024px\" \/><\/figure>\n\n\n\n<p>Asimismo, present\u00f3 &#8220;Regiones verbales&#8221;, que se centra en entrevistas con poetas, donde las historias detr\u00e1s de los poemas son narrados por sus propios autores. Esta iniciativa busca dar voz a los creadores y resaltar la conexi\u00f3n emocional que se establece entre el autor y su obra.<\/p>\n\n\n\n<p>El taller contribuy\u00f3 a la difusi\u00f3n de estas experiencias literarias para ser compartidas en diversas comunidades y que en estas se escriban y recojan nuevas historias a partir de la oralidad.<\/p>\n\n\n\n<p>Trujillo destac\u00f3 la relevancia de los mitos y leyendas. Mencion\u00f3, por ejemplo, el mito de Amalivaca y obras como Maisanta de Jos\u00e9 Le\u00f3n Tapia, que reflejan la escencia de la oralidad.<\/p>\n\n\n\n<figure class=\"wp-block-image size-large\"><img width=\"1024\" height=\"768\" src=\"https:\/\/cenal.gob.ve\/wp-content\/uploads\/2025\/05\/1000077344-1024x768.jpg\" alt=\"\" class=\"wp-image-25944\" srcset=\"https:\/\/cenal.gob.ve\/wp-content\/uploads\/2025\/05\/1000077344-1024x768.jpg 1024w, https:\/\/cenal.gob.ve\/wp-content\/uploads\/2025\/05\/1000077344-300x225.jpg 300w, https:\/\/cenal.gob.ve\/wp-content\/uploads\/2025\/05\/1000077344-768x576.jpg 768w, https:\/\/cenal.gob.ve\/wp-content\/uploads\/2025\/05\/1000077344-1536x1152.jpg 1536w, https:\/\/cenal.gob.ve\/wp-content\/uploads\/2025\/05\/1000077344-2048x1536.jpg 2048w, https:\/\/cenal.gob.ve\/wp-content\/uploads\/2025\/05\/1000077344-640x480.jpg 640w\" sizes=\"(max-width: 1024px) 100vw, 1024px\" \/><\/figure>\n\n\n\n<p>&#8220;La literatura no solo se nutre de libros, sino de las historias que el pueblo guarda con cari\u00f1o&#8221;, afirm\u00f3 Trujillo.<\/p>\n\n\n\n<p>El autor tambi\u00e9n ilustr\u00f3 c\u00f3mo Antonio Jos\u00e9 Torrealba fue informante de R\u00f3mulo Gallegos y mediante la oralidad influy\u00f3 en la inspiraci\u00f3n para la novela Do\u00f1a B\u00e1rbara. &#8220;La voz del pueblo es fundamental para entender nuestra identidad&#8221;, concluy\u00f3.<\/p>\n\n\n\n<figure class=\"wp-block-image size-large\"><img width=\"1024\" height=\"768\" src=\"https:\/\/cenal.gob.ve\/wp-content\/uploads\/2025\/05\/1000077347-1-1024x768.jpg\" alt=\"\" class=\"wp-image-25947\" srcset=\"https:\/\/cenal.gob.ve\/wp-content\/uploads\/2025\/05\/1000077347-1-1024x768.jpg 1024w, https:\/\/cenal.gob.ve\/wp-content\/uploads\/2025\/05\/1000077347-1-300x225.jpg 300w, https:\/\/cenal.gob.ve\/wp-content\/uploads\/2025\/05\/1000077347-1-768x576.jpg 768w, https:\/\/cenal.gob.ve\/wp-content\/uploads\/2025\/05\/1000077347-1-1536x1152.jpg 1536w, https:\/\/cenal.gob.ve\/wp-content\/uploads\/2025\/05\/1000077347-1-2048x1536.jpg 2048w, https:\/\/cenal.gob.ve\/wp-content\/uploads\/2025\/05\/1000077347-1-640x480.jpg 640w\" sizes=\"(max-width: 1024px) 100vw, 1024px\" \/><\/figure>\n\n\n\n<figure class=\"wp-block-image size-large\"><img width=\"1024\" height=\"768\" src=\"https:\/\/cenal.gob.ve\/wp-content\/uploads\/2025\/05\/1000077342-1024x768.jpg\" alt=\"\" class=\"wp-image-25948\" srcset=\"https:\/\/cenal.gob.ve\/wp-content\/uploads\/2025\/05\/1000077342-1024x768.jpg 1024w, https:\/\/cenal.gob.ve\/wp-content\/uploads\/2025\/05\/1000077342-300x225.jpg 300w, https:\/\/cenal.gob.ve\/wp-content\/uploads\/2025\/05\/1000077342-768x576.jpg 768w, https:\/\/cenal.gob.ve\/wp-content\/uploads\/2025\/05\/1000077342-1536x1152.jpg 1536w, https:\/\/cenal.gob.ve\/wp-content\/uploads\/2025\/05\/1000077342-2048x1536.jpg 2048w, https:\/\/cenal.gob.ve\/wp-content\/uploads\/2025\/05\/1000077342-640x480.jpg 640w\" sizes=\"(max-width: 1024px) 100vw, 1024px\" \/><\/figure>\n\n\n\n<figure class=\"wp-block-image size-large\"><img width=\"1024\" height=\"768\" src=\"https:\/\/cenal.gob.ve\/wp-content\/uploads\/2025\/05\/1000077345-1024x768.jpg\" alt=\"\" class=\"wp-image-25949\" srcset=\"https:\/\/cenal.gob.ve\/wp-content\/uploads\/2025\/05\/1000077345-1024x768.jpg 1024w, https:\/\/cenal.gob.ve\/wp-content\/uploads\/2025\/05\/1000077345-300x225.jpg 300w, https:\/\/cenal.gob.ve\/wp-content\/uploads\/2025\/05\/1000077345-768x576.jpg 768w, https:\/\/cenal.gob.ve\/wp-content\/uploads\/2025\/05\/1000077345-1536x1152.jpg 1536w, https:\/\/cenal.gob.ve\/wp-content\/uploads\/2025\/05\/1000077345-2048x1536.jpg 2048w, https:\/\/cenal.gob.ve\/wp-content\/uploads\/2025\/05\/1000077345-640x480.jpg 640w\" sizes=\"(max-width: 1024px) 100vw, 1024px\" \/><\/figure>\n\n\n\n<figure class=\"wp-block-image size-large\"><img width=\"1024\" height=\"768\" src=\"https:\/\/cenal.gob.ve\/wp-content\/uploads\/2025\/05\/1000077349-1024x768.jpg\" alt=\"\" class=\"wp-image-25950\" srcset=\"https:\/\/cenal.gob.ve\/wp-content\/uploads\/2025\/05\/1000077349-1024x768.jpg 1024w, https:\/\/cenal.gob.ve\/wp-content\/uploads\/2025\/05\/1000077349-300x225.jpg 300w, https:\/\/cenal.gob.ve\/wp-content\/uploads\/2025\/05\/1000077349-768x576.jpg 768w, https:\/\/cenal.gob.ve\/wp-content\/uploads\/2025\/05\/1000077349-1536x1152.jpg 1536w, https:\/\/cenal.gob.ve\/wp-content\/uploads\/2025\/05\/1000077349-2048x1536.jpg 2048w, https:\/\/cenal.gob.ve\/wp-content\/uploads\/2025\/05\/1000077349-640x480.jpg 640w\" sizes=\"(max-width: 1024px) 100vw, 1024px\" \/><\/figure>\n\n\n\n<figure class=\"wp-block-image size-large\"><img width=\"1024\" height=\"768\" src=\"https:\/\/cenal.gob.ve\/wp-content\/uploads\/2025\/05\/1000077352-1024x768.jpg\" alt=\"\" class=\"wp-image-25951\" srcset=\"https:\/\/cenal.gob.ve\/wp-content\/uploads\/2025\/05\/1000077352-1024x768.jpg 1024w, https:\/\/cenal.gob.ve\/wp-content\/uploads\/2025\/05\/1000077352-300x225.jpg 300w, https:\/\/cenal.gob.ve\/wp-content\/uploads\/2025\/05\/1000077352-768x576.jpg 768w, https:\/\/cenal.gob.ve\/wp-content\/uploads\/2025\/05\/1000077352-1536x1152.jpg 1536w, https:\/\/cenal.gob.ve\/wp-content\/uploads\/2025\/05\/1000077352-2048x1536.jpg 2048w, https:\/\/cenal.gob.ve\/wp-content\/uploads\/2025\/05\/1000077352-640x480.jpg 640w\" sizes=\"(max-width: 1024px) 100vw, 1024px\" \/><\/figure>\n\n\n\n<figure class=\"wp-block-image size-large\"><img width=\"1024\" height=\"768\" src=\"https:\/\/cenal.gob.ve\/wp-content\/uploads\/2025\/05\/1000077353-1024x768.jpg\" alt=\"\" class=\"wp-image-25952\" srcset=\"https:\/\/cenal.gob.ve\/wp-content\/uploads\/2025\/05\/1000077353-1024x768.jpg 1024w, https:\/\/cenal.gob.ve\/wp-content\/uploads\/2025\/05\/1000077353-300x225.jpg 300w, https:\/\/cenal.gob.ve\/wp-content\/uploads\/2025\/05\/1000077353-768x576.jpg 768w, https:\/\/cenal.gob.ve\/wp-content\/uploads\/2025\/05\/1000077353-1536x1152.jpg 1536w, https:\/\/cenal.gob.ve\/wp-content\/uploads\/2025\/05\/1000077353-2048x1536.jpg 2048w, https:\/\/cenal.gob.ve\/wp-content\/uploads\/2025\/05\/1000077353-640x480.jpg 640w\" sizes=\"(max-width: 1024px) 100vw, 1024px\" \/><\/figure>\n\n\n\n<figure class=\"wp-block-image size-large\"><img width=\"1024\" height=\"768\" src=\"https:\/\/cenal.gob.ve\/wp-content\/uploads\/2025\/05\/1000077351-1-1024x768.jpg\" alt=\"\" class=\"wp-image-25953\" srcset=\"https:\/\/cenal.gob.ve\/wp-content\/uploads\/2025\/05\/1000077351-1-1024x768.jpg 1024w, https:\/\/cenal.gob.ve\/wp-content\/uploads\/2025\/05\/1000077351-1-300x225.jpg 300w, https:\/\/cenal.gob.ve\/wp-content\/uploads\/2025\/05\/1000077351-1-768x576.jpg 768w, https:\/\/cenal.gob.ve\/wp-content\/uploads\/2025\/05\/1000077351-1-1536x1152.jpg 1536w, https:\/\/cenal.gob.ve\/wp-content\/uploads\/2025\/05\/1000077351-1-2048x1536.jpg 2048w, https:\/\/cenal.gob.ve\/wp-content\/uploads\/2025\/05\/1000077351-1-640x480.jpg 640w\" sizes=\"(max-width: 1024px) 100vw, 1024px\" \/><\/figure>\n","protected":false},"excerpt":{"rendered":"<p>En la Librer\u00eda del Sur Berta Vega, inaugurada en el centro hist\u00f3rico de Maracaibo, el cronista y poeta mirandino Antonio Trujillo dict\u00f3 el taller &#8220;De Testimonios de la niebla a [&hellip;]<\/p>\n","protected":false},"author":10,"featured_media":25942,"comment_status":"open","ping_status":"closed","sticky":false,"template":"","format":"standard","meta":{"spay_email":"","jetpack_publicize_message":"","jetpack_is_tweetstorm":false,"jetpack_publicize_feature_enabled":true},"categories":[2],"tags":[],"yoast_head":"<!-- This site is optimized with the Yoast SEO plugin v19.8 - https:\/\/yoast.com\/wordpress\/plugins\/seo\/ -->\n<title>Antonio Trujillo destac\u00f3 influencia de la oralidad en la literatura durante taller dictado en Zulia<\/title>\n<meta name=\"robots\" content=\"index, follow, max-snippet:-1, max-image-preview:large, max-video-preview:-1\" \/>\n<link rel=\"canonical\" href=\"https:\/\/cenal.gob.ve\/?p=25941\" \/>\n<meta property=\"og:locale\" content=\"es_ES\" \/>\n<meta property=\"og:type\" content=\"article\" \/>\n<meta property=\"og:title\" content=\"Antonio Trujillo destac\u00f3 influencia de la oralidad en la literatura durante taller dictado en Zulia\" \/>\n<meta property=\"og:description\" content=\"En la Librer\u00eda del Sur Berta Vega, inaugurada en el centro hist\u00f3rico de Maracaibo, el cronista y poeta mirandino Antonio Trujillo dict\u00f3 el taller &#8220;De Testimonios de la niebla a [&hellip;]\" \/>\n<meta property=\"og:url\" content=\"https:\/\/cenal.gob.ve\/?p=25941\" \/>\n<meta property=\"og:site_name\" content=\"Cenal\" \/>\n<meta property=\"article:published_time\" content=\"2025-05-23T17:17:08+00:00\" \/>\n<meta property=\"article:modified_time\" content=\"2025-05-23T17:17:17+00:00\" \/>\n<meta property=\"og:image\" content=\"http:\/\/cenal.gob.ve\/wp-content\/uploads\/2025\/05\/IMG-20250522-WA0051.jpg\" \/>\n\t<meta property=\"og:image:width\" content=\"2560\" \/>\n\t<meta property=\"og:image:height\" content=\"1920\" \/>\n\t<meta property=\"og:image:type\" content=\"image\/jpeg\" \/>\n<meta name=\"author\" content=\"Prensa Cenal\" \/>\n<meta name=\"twitter:card\" content=\"summary_large_image\" \/>\n<meta name=\"twitter:label1\" content=\"Written by\" \/>\n\t<meta name=\"twitter:data1\" content=\"Prensa Cenal\" \/>\n\t<meta name=\"twitter:label2\" content=\"Est. reading time\" \/>\n\t<meta name=\"twitter:data2\" content=\"4 minutos\" \/>\n<script type=\"application\/ld+json\" class=\"yoast-schema-graph\">{\"@context\":\"https:\/\/schema.org\",\"@graph\":[{\"@type\":\"Article\",\"@id\":\"https:\/\/cenal.gob.ve\/?p=25941#article\",\"isPartOf\":{\"@id\":\"https:\/\/cenal.gob.ve\/?p=25941\"},\"author\":{\"name\":\"Prensa Cenal\",\"@id\":\"https:\/\/cenal.gob.ve\/#\/schema\/person\/e3ed34623f400ffab8bc7a63b2f5533f\"},\"headline\":\"Antonio Trujillo destac\u00f3 influencia de la oralidad en la literatura durante taller dictado en Zulia\",\"datePublished\":\"2025-05-23T17:17:08+00:00\",\"dateModified\":\"2025-05-23T17:17:17+00:00\",\"mainEntityOfPage\":{\"@id\":\"https:\/\/cenal.gob.ve\/?p=25941\"},\"wordCount\":314,\"commentCount\":0,\"publisher\":{\"@id\":\"https:\/\/cenal.gob.ve\/#organization\"},\"articleSection\":[\"Cenal\"],\"inLanguage\":\"es\",\"potentialAction\":[{\"@type\":\"CommentAction\",\"name\":\"Comment\",\"target\":[\"https:\/\/cenal.gob.ve\/?p=25941#respond\"]}]},{\"@type\":\"WebPage\",\"@id\":\"https:\/\/cenal.gob.ve\/?p=25941\",\"url\":\"https:\/\/cenal.gob.ve\/?p=25941\",\"name\":\"Antonio Trujillo destac\u00f3 influencia de la oralidad en la literatura durante taller dictado en Zulia\",\"isPartOf\":{\"@id\":\"https:\/\/cenal.gob.ve\/#website\"},\"datePublished\":\"2025-05-23T17:17:08+00:00\",\"dateModified\":\"2025-05-23T17:17:17+00:00\",\"breadcrumb\":{\"@id\":\"https:\/\/cenal.gob.ve\/?p=25941#breadcrumb\"},\"inLanguage\":\"es\",\"potentialAction\":[{\"@type\":\"ReadAction\",\"target\":[\"https:\/\/cenal.gob.ve\/?p=25941\"]}]},{\"@type\":\"BreadcrumbList\",\"@id\":\"https:\/\/cenal.gob.ve\/?p=25941#breadcrumb\",\"itemListElement\":[{\"@type\":\"ListItem\",\"position\":1,\"name\":\"Home\",\"item\":\"https:\/\/cenal.gob.ve\/\"},{\"@type\":\"ListItem\",\"position\":2,\"name\":\"Antonio Trujillo destac\u00f3 influencia de la oralidad en la literatura durante taller dictado en Zulia\"}]},{\"@type\":\"WebSite\",\"@id\":\"https:\/\/cenal.gob.ve\/#website\",\"url\":\"https:\/\/cenal.gob.ve\/\",\"name\":\"Cenal\",\"description\":\"\",\"publisher\":{\"@id\":\"https:\/\/cenal.gob.ve\/#organization\"},\"potentialAction\":[{\"@type\":\"SearchAction\",\"target\":{\"@type\":\"EntryPoint\",\"urlTemplate\":\"https:\/\/cenal.gob.ve\/?s={search_term_string}\"},\"query-input\":\"required name=search_term_string\"}],\"inLanguage\":\"es\"},{\"@type\":\"Organization\",\"@id\":\"https:\/\/cenal.gob.ve\/#organization\",\"name\":\"CENAL\",\"url\":\"https:\/\/cenal.gob.ve\/\",\"sameAs\":[],\"logo\":{\"@type\":\"ImageObject\",\"inLanguage\":\"es\",\"@id\":\"https:\/\/cenal.gob.ve\/#\/schema\/logo\/image\/\",\"url\":\"https:\/\/i0.wp.com\/cenal.gob.ve\/wp-content\/uploads\/2022\/10\/cropped-images.jpg?fit=512%2C512\",\"contentUrl\":\"https:\/\/i0.wp.com\/cenal.gob.ve\/wp-content\/uploads\/2022\/10\/cropped-images.jpg?fit=512%2C512\",\"width\":512,\"height\":512,\"caption\":\"CENAL\"},\"image\":{\"@id\":\"https:\/\/cenal.gob.ve\/#\/schema\/logo\/image\/\"}},{\"@type\":\"Person\",\"@id\":\"https:\/\/cenal.gob.ve\/#\/schema\/person\/e3ed34623f400ffab8bc7a63b2f5533f\",\"name\":\"Prensa Cenal\",\"image\":{\"@type\":\"ImageObject\",\"inLanguage\":\"es\",\"@id\":\"https:\/\/cenal.gob.ve\/#\/schema\/person\/image\/\",\"url\":\"https:\/\/secure.gravatar.com\/avatar\/594b4ed34090910c619ac3679001d491?s=96&d=mm&r=g\",\"contentUrl\":\"https:\/\/secure.gravatar.com\/avatar\/594b4ed34090910c619ac3679001d491?s=96&d=mm&r=g\",\"caption\":\"Prensa Cenal\"},\"url\":\"https:\/\/cenal.gob.ve\/?author=10\"}]}<\/script>\n<!-- \/ Yoast SEO plugin. -->","yoast_head_json":{"title":"Antonio Trujillo destac\u00f3 influencia de la oralidad en la literatura durante taller dictado en Zulia","robots":{"index":"index","follow":"follow","max-snippet":"max-snippet:-1","max-image-preview":"max-image-preview:large","max-video-preview":"max-video-preview:-1"},"canonical":"https:\/\/cenal.gob.ve\/?p=25941","og_locale":"es_ES","og_type":"article","og_title":"Antonio Trujillo destac\u00f3 influencia de la oralidad en la literatura durante taller dictado en Zulia","og_description":"En la Librer\u00eda del Sur Berta Vega, inaugurada en el centro hist\u00f3rico de Maracaibo, el cronista y poeta mirandino Antonio Trujillo dict\u00f3 el taller &#8220;De Testimonios de la niebla a [&hellip;]","og_url":"https:\/\/cenal.gob.ve\/?p=25941","og_site_name":"Cenal","article_published_time":"2025-05-23T17:17:08+00:00","article_modified_time":"2025-05-23T17:17:17+00:00","og_image":[{"width":2560,"height":1920,"url":"http:\/\/cenal.gob.ve\/wp-content\/uploads\/2025\/05\/IMG-20250522-WA0051.jpg","type":"image\/jpeg"}],"author":"Prensa Cenal","twitter_card":"summary_large_image","twitter_misc":{"Written by":"Prensa Cenal","Est. reading time":"4 minutos"},"schema":{"@context":"https:\/\/schema.org","@graph":[{"@type":"Article","@id":"https:\/\/cenal.gob.ve\/?p=25941#article","isPartOf":{"@id":"https:\/\/cenal.gob.ve\/?p=25941"},"author":{"name":"Prensa Cenal","@id":"https:\/\/cenal.gob.ve\/#\/schema\/person\/e3ed34623f400ffab8bc7a63b2f5533f"},"headline":"Antonio Trujillo destac\u00f3 influencia de la oralidad en la literatura durante taller dictado en Zulia","datePublished":"2025-05-23T17:17:08+00:00","dateModified":"2025-05-23T17:17:17+00:00","mainEntityOfPage":{"@id":"https:\/\/cenal.gob.ve\/?p=25941"},"wordCount":314,"commentCount":0,"publisher":{"@id":"https:\/\/cenal.gob.ve\/#organization"},"articleSection":["Cenal"],"inLanguage":"es","potentialAction":[{"@type":"CommentAction","name":"Comment","target":["https:\/\/cenal.gob.ve\/?p=25941#respond"]}]},{"@type":"WebPage","@id":"https:\/\/cenal.gob.ve\/?p=25941","url":"https:\/\/cenal.gob.ve\/?p=25941","name":"Antonio Trujillo destac\u00f3 influencia de la oralidad en la literatura durante taller dictado en Zulia","isPartOf":{"@id":"https:\/\/cenal.gob.ve\/#website"},"datePublished":"2025-05-23T17:17:08+00:00","dateModified":"2025-05-23T17:17:17+00:00","breadcrumb":{"@id":"https:\/\/cenal.gob.ve\/?p=25941#breadcrumb"},"inLanguage":"es","potentialAction":[{"@type":"ReadAction","target":["https:\/\/cenal.gob.ve\/?p=25941"]}]},{"@type":"BreadcrumbList","@id":"https:\/\/cenal.gob.ve\/?p=25941#breadcrumb","itemListElement":[{"@type":"ListItem","position":1,"name":"Home","item":"https:\/\/cenal.gob.ve\/"},{"@type":"ListItem","position":2,"name":"Antonio Trujillo destac\u00f3 influencia de la oralidad en la literatura durante taller dictado en Zulia"}]},{"@type":"WebSite","@id":"https:\/\/cenal.gob.ve\/#website","url":"https:\/\/cenal.gob.ve\/","name":"Cenal","description":"","publisher":{"@id":"https:\/\/cenal.gob.ve\/#organization"},"potentialAction":[{"@type":"SearchAction","target":{"@type":"EntryPoint","urlTemplate":"https:\/\/cenal.gob.ve\/?s={search_term_string}"},"query-input":"required name=search_term_string"}],"inLanguage":"es"},{"@type":"Organization","@id":"https:\/\/cenal.gob.ve\/#organization","name":"CENAL","url":"https:\/\/cenal.gob.ve\/","sameAs":[],"logo":{"@type":"ImageObject","inLanguage":"es","@id":"https:\/\/cenal.gob.ve\/#\/schema\/logo\/image\/","url":"https:\/\/i0.wp.com\/cenal.gob.ve\/wp-content\/uploads\/2022\/10\/cropped-images.jpg?fit=512%2C512","contentUrl":"https:\/\/i0.wp.com\/cenal.gob.ve\/wp-content\/uploads\/2022\/10\/cropped-images.jpg?fit=512%2C512","width":512,"height":512,"caption":"CENAL"},"image":{"@id":"https:\/\/cenal.gob.ve\/#\/schema\/logo\/image\/"}},{"@type":"Person","@id":"https:\/\/cenal.gob.ve\/#\/schema\/person\/e3ed34623f400ffab8bc7a63b2f5533f","name":"Prensa Cenal","image":{"@type":"ImageObject","inLanguage":"es","@id":"https:\/\/cenal.gob.ve\/#\/schema\/person\/image\/","url":"https:\/\/secure.gravatar.com\/avatar\/594b4ed34090910c619ac3679001d491?s=96&d=mm&r=g","contentUrl":"https:\/\/secure.gravatar.com\/avatar\/594b4ed34090910c619ac3679001d491?s=96&d=mm&r=g","caption":"Prensa Cenal"},"url":"https:\/\/cenal.gob.ve\/?author=10"}]}},"jetpack_featured_media_url":"https:\/\/cenal.gob.ve\/wp-content\/uploads\/2025\/05\/IMG-20250522-WA0051.jpg","jetpack_publicize_connections":[],"jetpack_shortlink":"https:\/\/wp.me\/p5FMhp-6Kp","_links":{"self":[{"href":"https:\/\/cenal.gob.ve\/index.php?rest_route=\/wp\/v2\/posts\/25941"}],"collection":[{"href":"https:\/\/cenal.gob.ve\/index.php?rest_route=\/wp\/v2\/posts"}],"about":[{"href":"https:\/\/cenal.gob.ve\/index.php?rest_route=\/wp\/v2\/types\/post"}],"author":[{"embeddable":true,"href":"https:\/\/cenal.gob.ve\/index.php?rest_route=\/wp\/v2\/users\/10"}],"replies":[{"embeddable":true,"href":"https:\/\/cenal.gob.ve\/index.php?rest_route=%2Fwp%2Fv2%2Fcomments&post=25941"}],"version-history":[{"count":1,"href":"https:\/\/cenal.gob.ve\/index.php?rest_route=\/wp\/v2\/posts\/25941\/revisions"}],"predecessor-version":[{"id":25954,"href":"https:\/\/cenal.gob.ve\/index.php?rest_route=\/wp\/v2\/posts\/25941\/revisions\/25954"}],"wp:featuredmedia":[{"embeddable":true,"href":"https:\/\/cenal.gob.ve\/index.php?rest_route=\/wp\/v2\/media\/25942"}],"wp:attachment":[{"href":"https:\/\/cenal.gob.ve\/index.php?rest_route=%2Fwp%2Fv2%2Fmedia&parent=25941"}],"wp:term":[{"taxonomy":"category","embeddable":true,"href":"https:\/\/cenal.gob.ve\/index.php?rest_route=%2Fwp%2Fv2%2Fcategories&post=25941"},{"taxonomy":"post_tag","embeddable":true,"href":"https:\/\/cenal.gob.ve\/index.php?rest_route=%2Fwp%2Fv2%2Ftags&post=25941"}],"curies":[{"name":"wp","href":"https:\/\/api.w.org\/{rel}","templated":true}]}}