{"id":25955,"date":"2025-05-28T18:38:57","date_gmt":"2025-05-28T22:38:57","guid":{"rendered":"https:\/\/cenal.gob.ve\/?p=25955"},"modified":"2025-05-28T19:25:25","modified_gmt":"2025-05-28T23:25:25","slug":"reconocieron-trabajos-literarios-de-jovenes-estudiantes-del-estado-miranda","status":"publish","type":"post","link":"https:\/\/cenal.gob.ve\/?p=25955","title":{"rendered":"Reconocieron trabajos literarios de j\u00f3venes estudiantes del estado Miranda"},"content":{"rendered":"\n<p>Tres estudiantes de la Unidad Educativa Estadal Carmen Ruiz de Charallave, estado Miranda, que resultaron ganadoras del 1er Concurso Nacional Juvenil de Literatura Teresa de la Parra, convocado por el Centro Nacional del Libro (Cenal), recibieron este mi\u00e9rcoles 28 de mayo sus respectivos certificados en presencia de autoridades regionales y representantes del Ministerio del Poder Popular para la Cultura.<\/p>\n\n\n\n<p>Se trata de Divianny Ariani Veramendez Plaza, de 12 a\u00f1os; Frangelis Gabriela S\u00e1nchez Torrealba, tambi\u00e9n de 12 a\u00f1os, y Vanessa Nazareth Leal Rever\u00f3n, de 13 a\u00f1os, quienes fueron premiadas en la categor\u00eda &#8220;Cuentos&#8221; del referido concurso, enmarcado en el Plan Nacional de Lectura Manuel Vadell.<\/p>\n\n\n\n<figure class=\"wp-block-image size-large\"><img width=\"1024\" height=\"768\" src=\"https:\/\/cenal.gob.ve\/wp-content\/uploads\/2025\/05\/1000083608-1024x768.jpg\" alt=\"\" class=\"wp-image-25976\" srcset=\"https:\/\/cenal.gob.ve\/wp-content\/uploads\/2025\/05\/1000083608-1024x768.jpg 1024w, https:\/\/cenal.gob.ve\/wp-content\/uploads\/2025\/05\/1000083608-300x225.jpg 300w, https:\/\/cenal.gob.ve\/wp-content\/uploads\/2025\/05\/1000083608-768x576.jpg 768w, https:\/\/cenal.gob.ve\/wp-content\/uploads\/2025\/05\/1000083608-640x480.jpg 640w, https:\/\/cenal.gob.ve\/wp-content\/uploads\/2025\/05\/1000083608.jpg 1280w\" sizes=\"(max-width: 1024px) 100vw, 1024px\" \/><\/figure>\n\n\n\n<p>Gabriela Simoza y Rosa Becerra, autoridades \u00fanicas de Cultura y Educaci\u00f3n de Miranda, respectivamente; Yris Villamizar, gerente general de Estrategias del Cenal, ente adscrito al MPPC, y Gabriel Hinojosa, director de la referida unidad educativa, hicieron entrega de los reconocimientos.<\/p>\n\n\n\n<p>Tambi\u00e9n estuvieron presentes Dilimar Rojas, directora del Centro de Desarrollo para la Calidad Educativa del municipio Crist\u00f3bal Rojas; Elis Monrroy, directora de la Biblioteca P\u00fablica Rafael Vicente Egui, de Charallave, y Leonardo C\u00e1diz, profesor de Castellano.<\/p>\n\n\n\n<p>Simoza, autoridad \u00fanica de Cultura en Miranda y diputada electa a la Asamblea Nacional, destac\u00f3 la importancia de homenajear a tres j\u00f3venes escritoras en un acto que celebra la escritura. Felicit\u00f3 a  Vanessa, Daviani y Frangeli como ejemplos de lo que los j\u00f3venes venezolanos pueden lograr a pesar de las dificultades.<\/p>\n\n\n\n<figure class=\"wp-block-image size-large\"><img width=\"1024\" height=\"768\" src=\"https:\/\/cenal.gob.ve\/wp-content\/uploads\/2025\/05\/1000083567-1024x768.jpg\" alt=\"\" class=\"wp-image-25965\" srcset=\"https:\/\/cenal.gob.ve\/wp-content\/uploads\/2025\/05\/1000083567-1024x768.jpg 1024w, https:\/\/cenal.gob.ve\/wp-content\/uploads\/2025\/05\/1000083567-300x225.jpg 300w, https:\/\/cenal.gob.ve\/wp-content\/uploads\/2025\/05\/1000083567-768x576.jpg 768w, https:\/\/cenal.gob.ve\/wp-content\/uploads\/2025\/05\/1000083567-640x480.jpg 640w, https:\/\/cenal.gob.ve\/wp-content\/uploads\/2025\/05\/1000083567.jpg 1280w\" sizes=\"(max-width: 1024px) 100vw, 1024px\" \/><\/figure>\n\n\n\n<figure class=\"wp-block-image size-large\"><img width=\"1024\" height=\"768\" src=\"https:\/\/cenal.gob.ve\/wp-content\/uploads\/2025\/05\/1000083579-1024x768.jpg\" alt=\"\" class=\"wp-image-25961\" srcset=\"https:\/\/cenal.gob.ve\/wp-content\/uploads\/2025\/05\/1000083579-1024x768.jpg 1024w, https:\/\/cenal.gob.ve\/wp-content\/uploads\/2025\/05\/1000083579-300x225.jpg 300w, https:\/\/cenal.gob.ve\/wp-content\/uploads\/2025\/05\/1000083579-768x576.jpg 768w, https:\/\/cenal.gob.ve\/wp-content\/uploads\/2025\/05\/1000083579-640x480.jpg 640w, https:\/\/cenal.gob.ve\/wp-content\/uploads\/2025\/05\/1000083579.jpg 1280w\" sizes=\"(max-width: 1024px) 100vw, 1024px\" \/><\/figure>\n\n\n\n<p>&#8220;Les pido que sigamos so\u00f1ando, que no dejemos de pensar en grande, en que ustedes van a llegar muy lejos&#8221;, apunt\u00f3 Simoza, quien adem\u00e1s resalt\u00f3 el papel de todas las instituciones involucradas en la promoci\u00f3n de espacios para el intercambio de saberes, la promoci\u00f3n del libro y la lectura y el reconocimiento literario.<\/p>\n\n\n\n<p>Por su parte, Becerra resalt\u00f3 que el reconocimiento a j\u00f3venes escritoras es resultado del trabajo conjunto y coordinado en el \u00e1mbito cultural y educativo, en el que tambi\u00e9n tiene espacio el plan &#8220;A viva voz&#8221; en las comunidades que impulsa la Gobernaci\u00f3n del estado Miranda.<\/p>\n\n\n\n<figure class=\"wp-block-image size-large\"><img width=\"1024\" height=\"768\" src=\"https:\/\/cenal.gob.ve\/wp-content\/uploads\/2025\/05\/1000083577-1024x768.jpg\" alt=\"\" class=\"wp-image-25959\" srcset=\"https:\/\/cenal.gob.ve\/wp-content\/uploads\/2025\/05\/1000083577-1024x768.jpg 1024w, https:\/\/cenal.gob.ve\/wp-content\/uploads\/2025\/05\/1000083577-300x225.jpg 300w, https:\/\/cenal.gob.ve\/wp-content\/uploads\/2025\/05\/1000083577-768x576.jpg 768w, https:\/\/cenal.gob.ve\/wp-content\/uploads\/2025\/05\/1000083577-640x480.jpg 640w, https:\/\/cenal.gob.ve\/wp-content\/uploads\/2025\/05\/1000083577.jpg 1280w\" sizes=\"(max-width: 1024px) 100vw, 1024px\" \/><\/figure>\n\n\n\n<p>El concurso estuvo dirigido a estudiantes de bachiller e inspirado en la celebraci\u00f3n de la vida y obra de Teresa de la Parra, una de las escritoras venezolanas m\u00e1s destacadas del siglo XX. Participaron 228 estudiantes de 18 estados del pa\u00eds en tres categor\u00edas: cuento, ensayo y cartas.<\/p>\n\n\n\n<p>La gerente general de Estrategias del Cenal, Yris Villamizar, se\u00f1al\u00f3 que, adem\u00e1s de estos certificados, el premio consiste en la publicaci\u00f3n de las obras ganadoras en una antolog\u00eda que ser\u00e1 presentada en la 21.\u00aa Filven a celebrarse en Caracas.<\/p>\n\n\n\n<figure class=\"wp-block-image size-large\"><img width=\"1024\" height=\"768\" src=\"https:\/\/cenal.gob.ve\/wp-content\/uploads\/2025\/05\/1000083581-1024x768.jpg\" alt=\"\" class=\"wp-image-25960\" srcset=\"https:\/\/cenal.gob.ve\/wp-content\/uploads\/2025\/05\/1000083581-1024x768.jpg 1024w, https:\/\/cenal.gob.ve\/wp-content\/uploads\/2025\/05\/1000083581-300x225.jpg 300w, https:\/\/cenal.gob.ve\/wp-content\/uploads\/2025\/05\/1000083581-768x576.jpg 768w, https:\/\/cenal.gob.ve\/wp-content\/uploads\/2025\/05\/1000083581-640x480.jpg 640w, https:\/\/cenal.gob.ve\/wp-content\/uploads\/2025\/05\/1000083581.jpg 1280w\" sizes=\"(max-width: 1024px) 100vw, 1024px\" \/><\/figure>\n\n\n\n<p>Este semillero para la generaci\u00f3n de nuevas escritoras desde los centros de educaci\u00f3n media general y t\u00e9cnica del pa\u00eds inici\u00f3 con la formaci\u00f3n de docentes de Castellano a trav\u00e9s del seminario Tras la huella de Teresa de la Parra, dictado por la Escuela Taller de Narraci\u00f3n de Venezuela (Estanave), una iniciativa del Cenal en coordinaci\u00f3n con la Universidad Nacional Experimental de las Artes (Unearte).<\/p>\n\n\n\n<p>En este seminario cerca de 300 docentes, de todo el territorio nacional, adquirieron herramientas de lectura y escritura con las que finalmente pudieron guiar el trabajo de las j\u00f3venes que participaron en el 1er Concurso Nacional Juvenil de Literatura Teresa de la Parra.<\/p>\n\n\n\n<p>&#8220;El objetivo es aumentar la participaci\u00f3n de la mujer en eventos literarios&#8221;, destac\u00f3 Villamizar.<\/p>\n\n\n\n<p><strong>Donaci\u00f3n de libros<\/strong><\/p>\n\n\n\n<p>Por otra parte, el Centro Nacional del Libro (Cenal) don\u00f3 115 ejemplares de libros de diversos t\u00edtulos y g\u00e9neros literarios a la Unidad Educativa Estadal Carmen Ruiz, con el fin de fomentar el h\u00e1bito de la lectura.<\/p>\n\n\n\n<p>El donativo incluy\u00f3 t\u00edtulos de editoriales del MPPC as\u00ed como otras p\u00fablicas, privadas y e independientes.<\/p>\n\n\n\n<figure class=\"wp-block-image size-large\"><img width=\"1024\" height=\"767\" src=\"https:\/\/cenal.gob.ve\/wp-content\/uploads\/2025\/05\/1000083576-1024x767.jpg\" alt=\"\" class=\"wp-image-25962\" srcset=\"https:\/\/cenal.gob.ve\/wp-content\/uploads\/2025\/05\/1000083576-1024x767.jpg 1024w, https:\/\/cenal.gob.ve\/wp-content\/uploads\/2025\/05\/1000083576-300x225.jpg 300w, https:\/\/cenal.gob.ve\/wp-content\/uploads\/2025\/05\/1000083576-768x575.jpg 768w, https:\/\/cenal.gob.ve\/wp-content\/uploads\/2025\/05\/1000083576-640x480.jpg 640w, https:\/\/cenal.gob.ve\/wp-content\/uploads\/2025\/05\/1000083576.jpg 1280w\" sizes=\"(max-width: 1024px) 100vw, 1024px\" \/><\/figure>\n\n\n\n<p>&#8220;Nuestro objetivo es llegar a todos los espacios para garantizar el acceso al libro y a la lectura&#8221;, sostuvo Villamizar, representante del Cenal.<\/p>\n\n\n\n<p>Entre los t\u00edtulos se hallan el cuento &#8220;Kuay Nabaida (La mar de arriba&#8221;, versi\u00f3n de Gustavo Pereira; &#8220;EI Credo de Aquiles Nazoa. Visi\u00f3n y pasi\u00f3n&#8221;, de Earle Herrera; &#8220;El Estado docente&#8221;, de Luis Beltr\u00e1n Prieto Figueroa; &#8220;Bichitos de mi patio&#8221;, de Liliana Peraza; &#8220;Vanka&#8221;, de Ant\u00f3n P\u00e1vllvich Ch\u00e9jov, todos con ediciones de El perro y la rana.<\/p>\n\n\n\n<p>Tambi\u00e9n cl\u00e1sicos como &#8220;Do\u00f1a B\u00e1rbara&#8221;, de R\u00f3mulo Gallegos; y &#8220;Florentino y el Diablo&#8221;, de Alberto Arvelo Torrealba, con ediciones de Garzamora.<\/p>\n\n\n\n<figure class=\"wp-block-image size-large\"><img width=\"1024\" height=\"767\" src=\"https:\/\/cenal.gob.ve\/wp-content\/uploads\/2025\/05\/1000083569-1024x767.jpg\" alt=\"\" class=\"wp-image-25963\" srcset=\"https:\/\/cenal.gob.ve\/wp-content\/uploads\/2025\/05\/1000083569-1024x767.jpg 1024w, https:\/\/cenal.gob.ve\/wp-content\/uploads\/2025\/05\/1000083569-300x225.jpg 300w, https:\/\/cenal.gob.ve\/wp-content\/uploads\/2025\/05\/1000083569-768x575.jpg 768w, https:\/\/cenal.gob.ve\/wp-content\/uploads\/2025\/05\/1000083569-640x480.jpg 640w, https:\/\/cenal.gob.ve\/wp-content\/uploads\/2025\/05\/1000083569.jpg 1280w\" sizes=\"(max-width: 1024px) 100vw, 1024px\" \/><\/figure>\n\n\n\n<figure class=\"wp-block-image size-large\"><img width=\"1024\" height=\"768\" src=\"https:\/\/cenal.gob.ve\/wp-content\/uploads\/2025\/05\/1000083578-1024x768.jpg\" alt=\"\" class=\"wp-image-25964\" srcset=\"https:\/\/cenal.gob.ve\/wp-content\/uploads\/2025\/05\/1000083578-1024x768.jpg 1024w, https:\/\/cenal.gob.ve\/wp-content\/uploads\/2025\/05\/1000083578-300x225.jpg 300w, https:\/\/cenal.gob.ve\/wp-content\/uploads\/2025\/05\/1000083578-768x576.jpg 768w, https:\/\/cenal.gob.ve\/wp-content\/uploads\/2025\/05\/1000083578-640x480.jpg 640w, https:\/\/cenal.gob.ve\/wp-content\/uploads\/2025\/05\/1000083578.jpg 1280w\" sizes=\"(max-width: 1024px) 100vw, 1024px\" \/><\/figure>\n\n\n\n<figure class=\"wp-block-image size-large\"><img width=\"1024\" height=\"768\" src=\"https:\/\/cenal.gob.ve\/wp-content\/uploads\/2025\/05\/1000083573-1024x768.jpg\" alt=\"\" class=\"wp-image-25966\" srcset=\"https:\/\/cenal.gob.ve\/wp-content\/uploads\/2025\/05\/1000083573-1024x768.jpg 1024w, https:\/\/cenal.gob.ve\/wp-content\/uploads\/2025\/05\/1000083573-300x225.jpg 300w, https:\/\/cenal.gob.ve\/wp-content\/uploads\/2025\/05\/1000083573-768x576.jpg 768w, https:\/\/cenal.gob.ve\/wp-content\/uploads\/2025\/05\/1000083573-640x480.jpg 640w, https:\/\/cenal.gob.ve\/wp-content\/uploads\/2025\/05\/1000083573.jpg 1280w\" sizes=\"(max-width: 1024px) 100vw, 1024px\" \/><\/figure>\n\n\n\n<figure class=\"wp-block-image size-large\"><img width=\"1024\" height=\"768\" src=\"https:\/\/cenal.gob.ve\/wp-content\/uploads\/2025\/05\/1000083572-1024x768.jpg\" alt=\"\" class=\"wp-image-25967\" srcset=\"https:\/\/cenal.gob.ve\/wp-content\/uploads\/2025\/05\/1000083572-1024x768.jpg 1024w, https:\/\/cenal.gob.ve\/wp-content\/uploads\/2025\/05\/1000083572-300x225.jpg 300w, https:\/\/cenal.gob.ve\/wp-content\/uploads\/2025\/05\/1000083572-768x576.jpg 768w, https:\/\/cenal.gob.ve\/wp-content\/uploads\/2025\/05\/1000083572-640x480.jpg 640w, https:\/\/cenal.gob.ve\/wp-content\/uploads\/2025\/05\/1000083572.jpg 1280w\" sizes=\"(max-width: 1024px) 100vw, 1024px\" \/><\/figure>\n\n\n\n<figure class=\"wp-block-image size-large\"><img width=\"1024\" height=\"768\" src=\"https:\/\/cenal.gob.ve\/wp-content\/uploads\/2025\/05\/1000083565-1024x768.jpg\" alt=\"\" class=\"wp-image-25968\" srcset=\"https:\/\/cenal.gob.ve\/wp-content\/uploads\/2025\/05\/1000083565-1024x768.jpg 1024w, https:\/\/cenal.gob.ve\/wp-content\/uploads\/2025\/05\/1000083565-300x225.jpg 300w, https:\/\/cenal.gob.ve\/wp-content\/uploads\/2025\/05\/1000083565-768x576.jpg 768w, https:\/\/cenal.gob.ve\/wp-content\/uploads\/2025\/05\/1000083565-640x480.jpg 640w, https:\/\/cenal.gob.ve\/wp-content\/uploads\/2025\/05\/1000083565.jpg 1280w\" sizes=\"(max-width: 1024px) 100vw, 1024px\" \/><\/figure>\n\n\n\n<figure class=\"wp-block-image size-large\"><img width=\"1024\" height=\"574\" src=\"https:\/\/cenal.gob.ve\/wp-content\/uploads\/2025\/05\/1000083570-1024x574.jpg\" alt=\"\" class=\"wp-image-25969\" srcset=\"https:\/\/cenal.gob.ve\/wp-content\/uploads\/2025\/05\/1000083570-1024x574.jpg 1024w, https:\/\/cenal.gob.ve\/wp-content\/uploads\/2025\/05\/1000083570-300x168.jpg 300w, https:\/\/cenal.gob.ve\/wp-content\/uploads\/2025\/05\/1000083570-768x430.jpg 768w, https:\/\/cenal.gob.ve\/wp-content\/uploads\/2025\/05\/1000083570-640x359.jpg 640w, https:\/\/cenal.gob.ve\/wp-content\/uploads\/2025\/05\/1000083570.jpg 1280w\" sizes=\"(max-width: 1024px) 100vw, 1024px\" \/><\/figure>\n\n\n\n<figure class=\"wp-block-image size-large\"><img width=\"1024\" height=\"768\" src=\"https:\/\/cenal.gob.ve\/wp-content\/uploads\/2025\/05\/1000083571-1024x768.jpg\" alt=\"\" class=\"wp-image-25971\" srcset=\"https:\/\/cenal.gob.ve\/wp-content\/uploads\/2025\/05\/1000083571-1024x768.jpg 1024w, https:\/\/cenal.gob.ve\/wp-content\/uploads\/2025\/05\/1000083571-300x225.jpg 300w, https:\/\/cenal.gob.ve\/wp-content\/uploads\/2025\/05\/1000083571-768x576.jpg 768w, https:\/\/cenal.gob.ve\/wp-content\/uploads\/2025\/05\/1000083571-640x480.jpg 640w, https:\/\/cenal.gob.ve\/wp-content\/uploads\/2025\/05\/1000083571.jpg 1280w\" sizes=\"(max-width: 1024px) 100vw, 1024px\" \/><\/figure>\n\n\n\n<figure class=\"wp-block-image size-large\"><img width=\"1024\" height=\"605\" src=\"https:\/\/cenal.gob.ve\/wp-content\/uploads\/2025\/05\/1000083582-1024x605.jpg\" alt=\"\" class=\"wp-image-25972\" srcset=\"https:\/\/cenal.gob.ve\/wp-content\/uploads\/2025\/05\/1000083582-1024x605.jpg 1024w, https:\/\/cenal.gob.ve\/wp-content\/uploads\/2025\/05\/1000083582-300x177.jpg 300w, https:\/\/cenal.gob.ve\/wp-content\/uploads\/2025\/05\/1000083582-768x454.jpg 768w, https:\/\/cenal.gob.ve\/wp-content\/uploads\/2025\/05\/1000083582-640x378.jpg 640w, https:\/\/cenal.gob.ve\/wp-content\/uploads\/2025\/05\/1000083582.jpg 1280w\" sizes=\"(max-width: 1024px) 100vw, 1024px\" \/><\/figure>\n","protected":false},"excerpt":{"rendered":"<p>Tres estudiantes de la Unidad Educativa Estadal Carmen Ruiz de Charallave, estado Miranda, que resultaron ganadoras del 1er Concurso Nacional Juvenil de Literatura Teresa de la Parra, convocado por el [&hellip;]<\/p>\n","protected":false},"author":10,"featured_media":25983,"comment_status":"open","ping_status":"closed","sticky":false,"template":"","format":"standard","meta":{"spay_email":"","jetpack_publicize_message":"","jetpack_is_tweetstorm":false,"jetpack_publicize_feature_enabled":true},"categories":[2,57],"tags":[],"yoast_head":"<!-- This site is optimized with the Yoast SEO plugin v19.8 - https:\/\/yoast.com\/wordpress\/plugins\/seo\/ -->\n<title>Reconocieron trabajos literarios de j\u00f3venes estudiantes del estado Miranda<\/title>\n<meta name=\"robots\" content=\"index, follow, max-snippet:-1, max-image-preview:large, max-video-preview:-1\" \/>\n<link rel=\"canonical\" href=\"https:\/\/cenal.gob.ve\/?p=25955\" \/>\n<meta property=\"og:locale\" content=\"es_ES\" \/>\n<meta property=\"og:type\" content=\"article\" \/>\n<meta property=\"og:title\" content=\"Reconocieron trabajos literarios de j\u00f3venes estudiantes del estado Miranda\" \/>\n<meta property=\"og:description\" content=\"Tres estudiantes de la Unidad Educativa Estadal Carmen Ruiz de Charallave, estado Miranda, que resultaron ganadoras del 1er Concurso Nacional Juvenil de Literatura Teresa de la Parra, convocado por el [&hellip;]\" \/>\n<meta property=\"og:url\" content=\"https:\/\/cenal.gob.ve\/?p=25955\" \/>\n<meta property=\"og:site_name\" content=\"Cenal\" \/>\n<meta property=\"article:published_time\" content=\"2025-05-28T22:38:57+00:00\" \/>\n<meta property=\"article:modified_time\" content=\"2025-05-28T23:25:25+00:00\" \/>\n<meta property=\"og:image\" content=\"http:\/\/cenal.gob.ve\/wp-content\/uploads\/2025\/05\/IMG-20250528-WA0026.jpg\" \/>\n\t<meta property=\"og:image:width\" content=\"1080\" \/>\n\t<meta property=\"og:image:height\" content=\"598\" \/>\n\t<meta property=\"og:image:type\" content=\"image\/jpeg\" \/>\n<meta name=\"author\" content=\"Prensa Cenal\" \/>\n<meta name=\"twitter:card\" content=\"summary_large_image\" \/>\n<meta name=\"twitter:label1\" content=\"Written by\" \/>\n\t<meta name=\"twitter:data1\" content=\"Prensa Cenal\" \/>\n\t<meta name=\"twitter:label2\" content=\"Est. reading time\" \/>\n\t<meta name=\"twitter:data2\" content=\"6 minutos\" \/>\n<script type=\"application\/ld+json\" class=\"yoast-schema-graph\">{\"@context\":\"https:\/\/schema.org\",\"@graph\":[{\"@type\":\"Article\",\"@id\":\"https:\/\/cenal.gob.ve\/?p=25955#article\",\"isPartOf\":{\"@id\":\"https:\/\/cenal.gob.ve\/?p=25955\"},\"author\":{\"name\":\"Prensa Cenal\",\"@id\":\"https:\/\/cenal.gob.ve\/#\/schema\/person\/e3ed34623f400ffab8bc7a63b2f5533f\"},\"headline\":\"Reconocieron trabajos literarios de j\u00f3venes estudiantes del estado Miranda\",\"datePublished\":\"2025-05-28T22:38:57+00:00\",\"dateModified\":\"2025-05-28T23:25:25+00:00\",\"mainEntityOfPage\":{\"@id\":\"https:\/\/cenal.gob.ve\/?p=25955\"},\"wordCount\":754,\"commentCount\":2,\"publisher\":{\"@id\":\"https:\/\/cenal.gob.ve\/#organization\"},\"articleSection\":[\"Cenal\",\"Plan Nacional de Lectura\"],\"inLanguage\":\"es\",\"potentialAction\":[{\"@type\":\"CommentAction\",\"name\":\"Comment\",\"target\":[\"https:\/\/cenal.gob.ve\/?p=25955#respond\"]}]},{\"@type\":\"WebPage\",\"@id\":\"https:\/\/cenal.gob.ve\/?p=25955\",\"url\":\"https:\/\/cenal.gob.ve\/?p=25955\",\"name\":\"Reconocieron trabajos literarios de j\u00f3venes estudiantes del estado Miranda\",\"isPartOf\":{\"@id\":\"https:\/\/cenal.gob.ve\/#website\"},\"datePublished\":\"2025-05-28T22:38:57+00:00\",\"dateModified\":\"2025-05-28T23:25:25+00:00\",\"breadcrumb\":{\"@id\":\"https:\/\/cenal.gob.ve\/?p=25955#breadcrumb\"},\"inLanguage\":\"es\",\"potentialAction\":[{\"@type\":\"ReadAction\",\"target\":[\"https:\/\/cenal.gob.ve\/?p=25955\"]}]},{\"@type\":\"BreadcrumbList\",\"@id\":\"https:\/\/cenal.gob.ve\/?p=25955#breadcrumb\",\"itemListElement\":[{\"@type\":\"ListItem\",\"position\":1,\"name\":\"Home\",\"item\":\"https:\/\/cenal.gob.ve\/\"},{\"@type\":\"ListItem\",\"position\":2,\"name\":\"Reconocieron trabajos literarios de j\u00f3venes estudiantes del estado Miranda\"}]},{\"@type\":\"WebSite\",\"@id\":\"https:\/\/cenal.gob.ve\/#website\",\"url\":\"https:\/\/cenal.gob.ve\/\",\"name\":\"Cenal\",\"description\":\"\",\"publisher\":{\"@id\":\"https:\/\/cenal.gob.ve\/#organization\"},\"potentialAction\":[{\"@type\":\"SearchAction\",\"target\":{\"@type\":\"EntryPoint\",\"urlTemplate\":\"https:\/\/cenal.gob.ve\/?s={search_term_string}\"},\"query-input\":\"required name=search_term_string\"}],\"inLanguage\":\"es\"},{\"@type\":\"Organization\",\"@id\":\"https:\/\/cenal.gob.ve\/#organization\",\"name\":\"CENAL\",\"url\":\"https:\/\/cenal.gob.ve\/\",\"sameAs\":[],\"logo\":{\"@type\":\"ImageObject\",\"inLanguage\":\"es\",\"@id\":\"https:\/\/cenal.gob.ve\/#\/schema\/logo\/image\/\",\"url\":\"https:\/\/i0.wp.com\/cenal.gob.ve\/wp-content\/uploads\/2022\/10\/cropped-images.jpg?fit=512%2C512\",\"contentUrl\":\"https:\/\/i0.wp.com\/cenal.gob.ve\/wp-content\/uploads\/2022\/10\/cropped-images.jpg?fit=512%2C512\",\"width\":512,\"height\":512,\"caption\":\"CENAL\"},\"image\":{\"@id\":\"https:\/\/cenal.gob.ve\/#\/schema\/logo\/image\/\"}},{\"@type\":\"Person\",\"@id\":\"https:\/\/cenal.gob.ve\/#\/schema\/person\/e3ed34623f400ffab8bc7a63b2f5533f\",\"name\":\"Prensa Cenal\",\"image\":{\"@type\":\"ImageObject\",\"inLanguage\":\"es\",\"@id\":\"https:\/\/cenal.gob.ve\/#\/schema\/person\/image\/\",\"url\":\"https:\/\/secure.gravatar.com\/avatar\/594b4ed34090910c619ac3679001d491?s=96&d=mm&r=g\",\"contentUrl\":\"https:\/\/secure.gravatar.com\/avatar\/594b4ed34090910c619ac3679001d491?s=96&d=mm&r=g\",\"caption\":\"Prensa Cenal\"},\"url\":\"https:\/\/cenal.gob.ve\/?author=10\"}]}<\/script>\n<!-- \/ Yoast SEO plugin. -->","yoast_head_json":{"title":"Reconocieron trabajos literarios de j\u00f3venes estudiantes del estado Miranda","robots":{"index":"index","follow":"follow","max-snippet":"max-snippet:-1","max-image-preview":"max-image-preview:large","max-video-preview":"max-video-preview:-1"},"canonical":"https:\/\/cenal.gob.ve\/?p=25955","og_locale":"es_ES","og_type":"article","og_title":"Reconocieron trabajos literarios de j\u00f3venes estudiantes del estado Miranda","og_description":"Tres estudiantes de la Unidad Educativa Estadal Carmen Ruiz de Charallave, estado Miranda, que resultaron ganadoras del 1er Concurso Nacional Juvenil de Literatura Teresa de la Parra, convocado por el [&hellip;]","og_url":"https:\/\/cenal.gob.ve\/?p=25955","og_site_name":"Cenal","article_published_time":"2025-05-28T22:38:57+00:00","article_modified_time":"2025-05-28T23:25:25+00:00","og_image":[{"width":1080,"height":598,"url":"http:\/\/cenal.gob.ve\/wp-content\/uploads\/2025\/05\/IMG-20250528-WA0026.jpg","type":"image\/jpeg"}],"author":"Prensa Cenal","twitter_card":"summary_large_image","twitter_misc":{"Written by":"Prensa Cenal","Est. reading time":"6 minutos"},"schema":{"@context":"https:\/\/schema.org","@graph":[{"@type":"Article","@id":"https:\/\/cenal.gob.ve\/?p=25955#article","isPartOf":{"@id":"https:\/\/cenal.gob.ve\/?p=25955"},"author":{"name":"Prensa Cenal","@id":"https:\/\/cenal.gob.ve\/#\/schema\/person\/e3ed34623f400ffab8bc7a63b2f5533f"},"headline":"Reconocieron trabajos literarios de j\u00f3venes estudiantes del estado Miranda","datePublished":"2025-05-28T22:38:57+00:00","dateModified":"2025-05-28T23:25:25+00:00","mainEntityOfPage":{"@id":"https:\/\/cenal.gob.ve\/?p=25955"},"wordCount":754,"commentCount":2,"publisher":{"@id":"https:\/\/cenal.gob.ve\/#organization"},"articleSection":["Cenal","Plan Nacional de Lectura"],"inLanguage":"es","potentialAction":[{"@type":"CommentAction","name":"Comment","target":["https:\/\/cenal.gob.ve\/?p=25955#respond"]}]},{"@type":"WebPage","@id":"https:\/\/cenal.gob.ve\/?p=25955","url":"https:\/\/cenal.gob.ve\/?p=25955","name":"Reconocieron trabajos literarios de j\u00f3venes estudiantes del estado Miranda","isPartOf":{"@id":"https:\/\/cenal.gob.ve\/#website"},"datePublished":"2025-05-28T22:38:57+00:00","dateModified":"2025-05-28T23:25:25+00:00","breadcrumb":{"@id":"https:\/\/cenal.gob.ve\/?p=25955#breadcrumb"},"inLanguage":"es","potentialAction":[{"@type":"ReadAction","target":["https:\/\/cenal.gob.ve\/?p=25955"]}]},{"@type":"BreadcrumbList","@id":"https:\/\/cenal.gob.ve\/?p=25955#breadcrumb","itemListElement":[{"@type":"ListItem","position":1,"name":"Home","item":"https:\/\/cenal.gob.ve\/"},{"@type":"ListItem","position":2,"name":"Reconocieron trabajos literarios de j\u00f3venes estudiantes del estado Miranda"}]},{"@type":"WebSite","@id":"https:\/\/cenal.gob.ve\/#website","url":"https:\/\/cenal.gob.ve\/","name":"Cenal","description":"","publisher":{"@id":"https:\/\/cenal.gob.ve\/#organization"},"potentialAction":[{"@type":"SearchAction","target":{"@type":"EntryPoint","urlTemplate":"https:\/\/cenal.gob.ve\/?s={search_term_string}"},"query-input":"required name=search_term_string"}],"inLanguage":"es"},{"@type":"Organization","@id":"https:\/\/cenal.gob.ve\/#organization","name":"CENAL","url":"https:\/\/cenal.gob.ve\/","sameAs":[],"logo":{"@type":"ImageObject","inLanguage":"es","@id":"https:\/\/cenal.gob.ve\/#\/schema\/logo\/image\/","url":"https:\/\/i0.wp.com\/cenal.gob.ve\/wp-content\/uploads\/2022\/10\/cropped-images.jpg?fit=512%2C512","contentUrl":"https:\/\/i0.wp.com\/cenal.gob.ve\/wp-content\/uploads\/2022\/10\/cropped-images.jpg?fit=512%2C512","width":512,"height":512,"caption":"CENAL"},"image":{"@id":"https:\/\/cenal.gob.ve\/#\/schema\/logo\/image\/"}},{"@type":"Person","@id":"https:\/\/cenal.gob.ve\/#\/schema\/person\/e3ed34623f400ffab8bc7a63b2f5533f","name":"Prensa Cenal","image":{"@type":"ImageObject","inLanguage":"es","@id":"https:\/\/cenal.gob.ve\/#\/schema\/person\/image\/","url":"https:\/\/secure.gravatar.com\/avatar\/594b4ed34090910c619ac3679001d491?s=96&d=mm&r=g","contentUrl":"https:\/\/secure.gravatar.com\/avatar\/594b4ed34090910c619ac3679001d491?s=96&d=mm&r=g","caption":"Prensa Cenal"},"url":"https:\/\/cenal.gob.ve\/?author=10"}]}},"jetpack_featured_media_url":"https:\/\/cenal.gob.ve\/wp-content\/uploads\/2025\/05\/IMG-20250528-WA0026.jpg","jetpack_publicize_connections":[],"jetpack_shortlink":"https:\/\/wp.me\/p5FMhp-6KD","_links":{"self":[{"href":"https:\/\/cenal.gob.ve\/index.php?rest_route=\/wp\/v2\/posts\/25955"}],"collection":[{"href":"https:\/\/cenal.gob.ve\/index.php?rest_route=\/wp\/v2\/posts"}],"about":[{"href":"https:\/\/cenal.gob.ve\/index.php?rest_route=\/wp\/v2\/types\/post"}],"author":[{"embeddable":true,"href":"https:\/\/cenal.gob.ve\/index.php?rest_route=\/wp\/v2\/users\/10"}],"replies":[{"embeddable":true,"href":"https:\/\/cenal.gob.ve\/index.php?rest_route=%2Fwp%2Fv2%2Fcomments&post=25955"}],"version-history":[{"count":6,"href":"https:\/\/cenal.gob.ve\/index.php?rest_route=\/wp\/v2\/posts\/25955\/revisions"}],"predecessor-version":[{"id":25982,"href":"https:\/\/cenal.gob.ve\/index.php?rest_route=\/wp\/v2\/posts\/25955\/revisions\/25982"}],"wp:featuredmedia":[{"embeddable":true,"href":"https:\/\/cenal.gob.ve\/index.php?rest_route=\/wp\/v2\/media\/25983"}],"wp:attachment":[{"href":"https:\/\/cenal.gob.ve\/index.php?rest_route=%2Fwp%2Fv2%2Fmedia&parent=25955"}],"wp:term":[{"taxonomy":"category","embeddable":true,"href":"https:\/\/cenal.gob.ve\/index.php?rest_route=%2Fwp%2Fv2%2Fcategories&post=25955"},{"taxonomy":"post_tag","embeddable":true,"href":"https:\/\/cenal.gob.ve\/index.php?rest_route=%2Fwp%2Fv2%2Ftags&post=25955"}],"curies":[{"name":"wp","href":"https:\/\/api.w.org\/{rel}","templated":true}]}}