{"id":25986,"date":"2025-06-05T21:21:48","date_gmt":"2025-06-06T01:21:48","guid":{"rendered":"https:\/\/cenal.gob.ve\/?p=25986"},"modified":"2025-06-05T21:21:52","modified_gmt":"2025-06-06T01:21:52","slug":"destacaron-en-lara-aporte-de-tarek-william-saab-a-la-poesia-latinoamericana","status":"publish","type":"post","link":"https:\/\/cenal.gob.ve\/?p=25986","title":{"rendered":"Destacaron en Lara aporte de Tarek William Saab a la poes\u00eda latinoamericana"},"content":{"rendered":"\n<p>De cara a la celebraci\u00f3n de sus 45 a\u00f1os de Vida Literaria en la Filven 2025, a realizarse en Caracas en julio, este 4 de junio el poeta y Fiscal General de la Rep\u00fablica, Tarek William Saab, present\u00f3 en Barquisimeto sus libros &#8220;En un paisaje boreal&#8221;, &#8220;Hoguera de una Adolescencia Intemporal&#8221; y &#8220;Discursos al pie del hemiciclo&#8221; (segundo volumen), as\u00ed como &#8220;SAAB, Una Historia&#8221; de Alberto Jim\u00e9nez Ure.<\/p>\n\n\n\n<p>La actividad literaria se desarroll\u00f3 en el auditorio de la Gobernaci\u00f3n del estado Lara y cont\u00f3 con la numerosa participaci\u00f3n de artistas, cultores y un masivo publico entusiasta que fue a escuchar las historias de las obras de Tarek William Saab y su recital de poes\u00eda.<\/p>\n\n\n\n<p>La presentaci\u00f3n de los libros estuvo a cargo de los escritores Gabriel Jim\u00e9nez Em\u00e1n y Luis Figuera, quienes explicaron al p\u00fablico presente el importante aporte que el poeta Tarek William Saab ha generado para la poes\u00eda de Venezuela y Latinoam\u00e9rica durante sus 45 a\u00f1os de Vida Literaria.<\/p>\n\n\n\n<figure class=\"wp-block-image size-large\"><img width=\"980\" height=\"1024\" src=\"https:\/\/cenal.gob.ve\/wp-content\/uploads\/2025\/06\/1000096250-980x1024.jpg\" alt=\"\" class=\"wp-image-25988\" srcset=\"https:\/\/cenal.gob.ve\/wp-content\/uploads\/2025\/06\/1000096250-980x1024.jpg 980w, https:\/\/cenal.gob.ve\/wp-content\/uploads\/2025\/06\/1000096250-287x300.jpg 287w, https:\/\/cenal.gob.ve\/wp-content\/uploads\/2025\/06\/1000096250-768x802.jpg 768w, https:\/\/cenal.gob.ve\/wp-content\/uploads\/2025\/06\/1000096250-640x668.jpg 640w, https:\/\/cenal.gob.ve\/wp-content\/uploads\/2025\/06\/1000096250.jpg 1034w\" sizes=\"(max-width: 980px) 100vw, 980px\" \/><\/figure>\n\n\n\n<p>Jim\u00e9nez Em\u00e1n, poeta, novelista y ensayista, en sus palabras de presentaci\u00f3n hizo un interesante recorrido por la poes\u00eda de Saab desde los a\u00f1os 80 hasta el presente. Resalt\u00f3 el impacto que signific\u00f3 su obra primigenia Los r\u00edos de la ira (1987), que ver\u00e1 su segunda edici\u00f3n en julio con la Filven 2025.<\/p>\n\n\n\n<p>Jim\u00e9nez Em\u00e1n tambi\u00e9n destac\u00f3 la positiva valoraci\u00f3n que en torno a ese libro -as\u00ed como a sus posteriores poemarios El Hacha De los Santos y Pr\u00edncipe de Lluvia y Duelo- tuvieran los prestigiosos poetas venezolanos Juan Liscano, Jes\u00fas Sanoja Hern\u00e1ndez, Luis Alberto Crespo y Gustavo Pereira.<\/p>\n\n\n\n<p>Igualmente Jim\u00e9nez Em\u00e1n ley\u00f3 varios poemas de Saab que componen su poemario Memorias de Gulan Rubani y En Un Paisaje Boreal. Hizo \u00e9nfasis en su voz l\u00edrica muy personal que le ha ganado numerosos lectores y un espacio muy importante en la poes\u00eda venezolana moderna.<\/p>\n\n\n\n<p>Por su parte, Saab resalt\u00f3 que pr\u00f3ximamente se celebrar\u00e1n los 45 a\u00f1os de su vida literaria en la Filven 2025, y rese\u00f1\u00f3 su pasi\u00f3n por la lectura y escritura desde muy joven, cuando empez\u00f3 a dar sus primeros pasos en la poes\u00eda, la cu\u00e1l asumi\u00f3 como una forma de vida y de ver el mundo de una manera especial.<\/p>\n\n\n\n<figure class=\"wp-block-image size-large\"><img width=\"793\" height=\"1024\" src=\"https:\/\/cenal.gob.ve\/wp-content\/uploads\/2025\/06\/1000096251-793x1024.jpg\" alt=\"\" class=\"wp-image-25989\" srcset=\"https:\/\/cenal.gob.ve\/wp-content\/uploads\/2025\/06\/1000096251-793x1024.jpg 793w, https:\/\/cenal.gob.ve\/wp-content\/uploads\/2025\/06\/1000096251-232x300.jpg 232w, https:\/\/cenal.gob.ve\/wp-content\/uploads\/2025\/06\/1000096251-768x992.jpg 768w, https:\/\/cenal.gob.ve\/wp-content\/uploads\/2025\/06\/1000096251-640x827.jpg 640w, https:\/\/cenal.gob.ve\/wp-content\/uploads\/2025\/06\/1000096251.jpg 836w\" sizes=\"(max-width: 793px) 100vw, 793px\" \/><\/figure>\n\n\n\n<figure class=\"wp-block-image size-large\"><img width=\"1024\" height=\"576\" src=\"https:\/\/cenal.gob.ve\/wp-content\/uploads\/2025\/06\/1000096249-1024x576.jpg\" alt=\"\" class=\"wp-image-25990\" srcset=\"https:\/\/cenal.gob.ve\/wp-content\/uploads\/2025\/06\/1000096249-1024x576.jpg 1024w, https:\/\/cenal.gob.ve\/wp-content\/uploads\/2025\/06\/1000096249-300x169.jpg 300w, https:\/\/cenal.gob.ve\/wp-content\/uploads\/2025\/06\/1000096249-768x432.jpg 768w, https:\/\/cenal.gob.ve\/wp-content\/uploads\/2025\/06\/1000096249-640x360.jpg 640w, https:\/\/cenal.gob.ve\/wp-content\/uploads\/2025\/06\/1000096249.jpg 1080w\" sizes=\"(max-width: 1024px) 100vw, 1024px\" \/><\/figure>\n","protected":false},"excerpt":{"rendered":"<p>De cara a la celebraci\u00f3n de sus 45 a\u00f1os de Vida Literaria en la Filven 2025, a realizarse en Caracas en julio, este 4 de junio el poeta y Fiscal [&hellip;]<\/p>\n","protected":false},"author":10,"featured_media":25987,"comment_status":"open","ping_status":"closed","sticky":false,"template":"","format":"standard","meta":{"spay_email":"","jetpack_publicize_message":"","jetpack_is_tweetstorm":false,"jetpack_publicize_feature_enabled":true},"categories":[2],"tags":[],"yoast_head":"<!-- This site is optimized with the Yoast SEO plugin v19.8 - https:\/\/yoast.com\/wordpress\/plugins\/seo\/ -->\n<title>Destacaron en Lara aporte de Tarek William Saab a la poes\u00eda latinoamericana<\/title>\n<meta name=\"robots\" content=\"index, follow, max-snippet:-1, max-image-preview:large, max-video-preview:-1\" \/>\n<link rel=\"canonical\" href=\"https:\/\/cenal.gob.ve\/?p=25986\" \/>\n<meta property=\"og:locale\" content=\"es_ES\" \/>\n<meta property=\"og:type\" content=\"article\" \/>\n<meta property=\"og:title\" content=\"Destacaron en Lara aporte de Tarek William Saab a la poes\u00eda latinoamericana\" \/>\n<meta property=\"og:description\" content=\"De cara a la celebraci\u00f3n de sus 45 a\u00f1os de Vida Literaria en la Filven 2025, a realizarse en Caracas en julio, este 4 de junio el poeta y Fiscal [&hellip;]\" \/>\n<meta property=\"og:url\" content=\"https:\/\/cenal.gob.ve\/?p=25986\" \/>\n<meta property=\"og:site_name\" content=\"Cenal\" \/>\n<meta property=\"article:published_time\" content=\"2025-06-06T01:21:48+00:00\" \/>\n<meta property=\"article:modified_time\" content=\"2025-06-06T01:21:52+00:00\" \/>\n<meta property=\"og:image\" content=\"http:\/\/cenal.gob.ve\/wp-content\/uploads\/2025\/06\/IMG-20250605-WA0052.jpg\" \/>\n\t<meta property=\"og:image:width\" content=\"836\" \/>\n\t<meta property=\"og:image:height\" content=\"573\" \/>\n\t<meta property=\"og:image:type\" content=\"image\/jpeg\" \/>\n<meta name=\"author\" content=\"Prensa Cenal\" \/>\n<meta name=\"twitter:card\" content=\"summary_large_image\" \/>\n<meta name=\"twitter:label1\" content=\"Written by\" \/>\n\t<meta name=\"twitter:data1\" content=\"Prensa Cenal\" \/>\n\t<meta name=\"twitter:label2\" content=\"Est. reading time\" \/>\n\t<meta name=\"twitter:data2\" content=\"3 minutos\" \/>\n<script type=\"application\/ld+json\" class=\"yoast-schema-graph\">{\"@context\":\"https:\/\/schema.org\",\"@graph\":[{\"@type\":\"Article\",\"@id\":\"https:\/\/cenal.gob.ve\/?p=25986#article\",\"isPartOf\":{\"@id\":\"https:\/\/cenal.gob.ve\/?p=25986\"},\"author\":{\"name\":\"Prensa Cenal\",\"@id\":\"https:\/\/cenal.gob.ve\/#\/schema\/person\/e3ed34623f400ffab8bc7a63b2f5533f\"},\"headline\":\"Destacaron en Lara aporte de Tarek William Saab a la poes\u00eda latinoamericana\",\"datePublished\":\"2025-06-06T01:21:48+00:00\",\"dateModified\":\"2025-06-06T01:21:52+00:00\",\"mainEntityOfPage\":{\"@id\":\"https:\/\/cenal.gob.ve\/?p=25986\"},\"wordCount\":405,\"commentCount\":0,\"publisher\":{\"@id\":\"https:\/\/cenal.gob.ve\/#organization\"},\"articleSection\":[\"Cenal\"],\"inLanguage\":\"es\",\"potentialAction\":[{\"@type\":\"CommentAction\",\"name\":\"Comment\",\"target\":[\"https:\/\/cenal.gob.ve\/?p=25986#respond\"]}]},{\"@type\":\"WebPage\",\"@id\":\"https:\/\/cenal.gob.ve\/?p=25986\",\"url\":\"https:\/\/cenal.gob.ve\/?p=25986\",\"name\":\"Destacaron en Lara aporte de Tarek William Saab a la poes\u00eda latinoamericana\",\"isPartOf\":{\"@id\":\"https:\/\/cenal.gob.ve\/#website\"},\"datePublished\":\"2025-06-06T01:21:48+00:00\",\"dateModified\":\"2025-06-06T01:21:52+00:00\",\"breadcrumb\":{\"@id\":\"https:\/\/cenal.gob.ve\/?p=25986#breadcrumb\"},\"inLanguage\":\"es\",\"potentialAction\":[{\"@type\":\"ReadAction\",\"target\":[\"https:\/\/cenal.gob.ve\/?p=25986\"]}]},{\"@type\":\"BreadcrumbList\",\"@id\":\"https:\/\/cenal.gob.ve\/?p=25986#breadcrumb\",\"itemListElement\":[{\"@type\":\"ListItem\",\"position\":1,\"name\":\"Home\",\"item\":\"https:\/\/cenal.gob.ve\/\"},{\"@type\":\"ListItem\",\"position\":2,\"name\":\"Destacaron en Lara aporte de Tarek William Saab a la poes\u00eda latinoamericana\"}]},{\"@type\":\"WebSite\",\"@id\":\"https:\/\/cenal.gob.ve\/#website\",\"url\":\"https:\/\/cenal.gob.ve\/\",\"name\":\"Cenal\",\"description\":\"\",\"publisher\":{\"@id\":\"https:\/\/cenal.gob.ve\/#organization\"},\"potentialAction\":[{\"@type\":\"SearchAction\",\"target\":{\"@type\":\"EntryPoint\",\"urlTemplate\":\"https:\/\/cenal.gob.ve\/?s={search_term_string}\"},\"query-input\":\"required name=search_term_string\"}],\"inLanguage\":\"es\"},{\"@type\":\"Organization\",\"@id\":\"https:\/\/cenal.gob.ve\/#organization\",\"name\":\"CENAL\",\"url\":\"https:\/\/cenal.gob.ve\/\",\"sameAs\":[],\"logo\":{\"@type\":\"ImageObject\",\"inLanguage\":\"es\",\"@id\":\"https:\/\/cenal.gob.ve\/#\/schema\/logo\/image\/\",\"url\":\"https:\/\/i0.wp.com\/cenal.gob.ve\/wp-content\/uploads\/2022\/10\/cropped-images.jpg?fit=512%2C512\",\"contentUrl\":\"https:\/\/i0.wp.com\/cenal.gob.ve\/wp-content\/uploads\/2022\/10\/cropped-images.jpg?fit=512%2C512\",\"width\":512,\"height\":512,\"caption\":\"CENAL\"},\"image\":{\"@id\":\"https:\/\/cenal.gob.ve\/#\/schema\/logo\/image\/\"}},{\"@type\":\"Person\",\"@id\":\"https:\/\/cenal.gob.ve\/#\/schema\/person\/e3ed34623f400ffab8bc7a63b2f5533f\",\"name\":\"Prensa Cenal\",\"image\":{\"@type\":\"ImageObject\",\"inLanguage\":\"es\",\"@id\":\"https:\/\/cenal.gob.ve\/#\/schema\/person\/image\/\",\"url\":\"https:\/\/secure.gravatar.com\/avatar\/594b4ed34090910c619ac3679001d491?s=96&d=mm&r=g\",\"contentUrl\":\"https:\/\/secure.gravatar.com\/avatar\/594b4ed34090910c619ac3679001d491?s=96&d=mm&r=g\",\"caption\":\"Prensa Cenal\"},\"url\":\"https:\/\/cenal.gob.ve\/?author=10\"}]}<\/script>\n<!-- \/ Yoast SEO plugin. -->","yoast_head_json":{"title":"Destacaron en Lara aporte de Tarek William Saab a la poes\u00eda latinoamericana","robots":{"index":"index","follow":"follow","max-snippet":"max-snippet:-1","max-image-preview":"max-image-preview:large","max-video-preview":"max-video-preview:-1"},"canonical":"https:\/\/cenal.gob.ve\/?p=25986","og_locale":"es_ES","og_type":"article","og_title":"Destacaron en Lara aporte de Tarek William Saab a la poes\u00eda latinoamericana","og_description":"De cara a la celebraci\u00f3n de sus 45 a\u00f1os de Vida Literaria en la Filven 2025, a realizarse en Caracas en julio, este 4 de junio el poeta y Fiscal [&hellip;]","og_url":"https:\/\/cenal.gob.ve\/?p=25986","og_site_name":"Cenal","article_published_time":"2025-06-06T01:21:48+00:00","article_modified_time":"2025-06-06T01:21:52+00:00","og_image":[{"width":836,"height":573,"url":"http:\/\/cenal.gob.ve\/wp-content\/uploads\/2025\/06\/IMG-20250605-WA0052.jpg","type":"image\/jpeg"}],"author":"Prensa Cenal","twitter_card":"summary_large_image","twitter_misc":{"Written by":"Prensa Cenal","Est. reading time":"3 minutos"},"schema":{"@context":"https:\/\/schema.org","@graph":[{"@type":"Article","@id":"https:\/\/cenal.gob.ve\/?p=25986#article","isPartOf":{"@id":"https:\/\/cenal.gob.ve\/?p=25986"},"author":{"name":"Prensa Cenal","@id":"https:\/\/cenal.gob.ve\/#\/schema\/person\/e3ed34623f400ffab8bc7a63b2f5533f"},"headline":"Destacaron en Lara aporte de Tarek William Saab a la poes\u00eda latinoamericana","datePublished":"2025-06-06T01:21:48+00:00","dateModified":"2025-06-06T01:21:52+00:00","mainEntityOfPage":{"@id":"https:\/\/cenal.gob.ve\/?p=25986"},"wordCount":405,"commentCount":0,"publisher":{"@id":"https:\/\/cenal.gob.ve\/#organization"},"articleSection":["Cenal"],"inLanguage":"es","potentialAction":[{"@type":"CommentAction","name":"Comment","target":["https:\/\/cenal.gob.ve\/?p=25986#respond"]}]},{"@type":"WebPage","@id":"https:\/\/cenal.gob.ve\/?p=25986","url":"https:\/\/cenal.gob.ve\/?p=25986","name":"Destacaron en Lara aporte de Tarek William Saab a la poes\u00eda latinoamericana","isPartOf":{"@id":"https:\/\/cenal.gob.ve\/#website"},"datePublished":"2025-06-06T01:21:48+00:00","dateModified":"2025-06-06T01:21:52+00:00","breadcrumb":{"@id":"https:\/\/cenal.gob.ve\/?p=25986#breadcrumb"},"inLanguage":"es","potentialAction":[{"@type":"ReadAction","target":["https:\/\/cenal.gob.ve\/?p=25986"]}]},{"@type":"BreadcrumbList","@id":"https:\/\/cenal.gob.ve\/?p=25986#breadcrumb","itemListElement":[{"@type":"ListItem","position":1,"name":"Home","item":"https:\/\/cenal.gob.ve\/"},{"@type":"ListItem","position":2,"name":"Destacaron en Lara aporte de Tarek William Saab a la poes\u00eda latinoamericana"}]},{"@type":"WebSite","@id":"https:\/\/cenal.gob.ve\/#website","url":"https:\/\/cenal.gob.ve\/","name":"Cenal","description":"","publisher":{"@id":"https:\/\/cenal.gob.ve\/#organization"},"potentialAction":[{"@type":"SearchAction","target":{"@type":"EntryPoint","urlTemplate":"https:\/\/cenal.gob.ve\/?s={search_term_string}"},"query-input":"required name=search_term_string"}],"inLanguage":"es"},{"@type":"Organization","@id":"https:\/\/cenal.gob.ve\/#organization","name":"CENAL","url":"https:\/\/cenal.gob.ve\/","sameAs":[],"logo":{"@type":"ImageObject","inLanguage":"es","@id":"https:\/\/cenal.gob.ve\/#\/schema\/logo\/image\/","url":"https:\/\/i0.wp.com\/cenal.gob.ve\/wp-content\/uploads\/2022\/10\/cropped-images.jpg?fit=512%2C512","contentUrl":"https:\/\/i0.wp.com\/cenal.gob.ve\/wp-content\/uploads\/2022\/10\/cropped-images.jpg?fit=512%2C512","width":512,"height":512,"caption":"CENAL"},"image":{"@id":"https:\/\/cenal.gob.ve\/#\/schema\/logo\/image\/"}},{"@type":"Person","@id":"https:\/\/cenal.gob.ve\/#\/schema\/person\/e3ed34623f400ffab8bc7a63b2f5533f","name":"Prensa Cenal","image":{"@type":"ImageObject","inLanguage":"es","@id":"https:\/\/cenal.gob.ve\/#\/schema\/person\/image\/","url":"https:\/\/secure.gravatar.com\/avatar\/594b4ed34090910c619ac3679001d491?s=96&d=mm&r=g","contentUrl":"https:\/\/secure.gravatar.com\/avatar\/594b4ed34090910c619ac3679001d491?s=96&d=mm&r=g","caption":"Prensa Cenal"},"url":"https:\/\/cenal.gob.ve\/?author=10"}]}},"jetpack_featured_media_url":"https:\/\/cenal.gob.ve\/wp-content\/uploads\/2025\/06\/IMG-20250605-WA0052.jpg","jetpack_publicize_connections":[],"jetpack_shortlink":"https:\/\/wp.me\/p5FMhp-6L8","_links":{"self":[{"href":"https:\/\/cenal.gob.ve\/index.php?rest_route=\/wp\/v2\/posts\/25986"}],"collection":[{"href":"https:\/\/cenal.gob.ve\/index.php?rest_route=\/wp\/v2\/posts"}],"about":[{"href":"https:\/\/cenal.gob.ve\/index.php?rest_route=\/wp\/v2\/types\/post"}],"author":[{"embeddable":true,"href":"https:\/\/cenal.gob.ve\/index.php?rest_route=\/wp\/v2\/users\/10"}],"replies":[{"embeddable":true,"href":"https:\/\/cenal.gob.ve\/index.php?rest_route=%2Fwp%2Fv2%2Fcomments&post=25986"}],"version-history":[{"count":1,"href":"https:\/\/cenal.gob.ve\/index.php?rest_route=\/wp\/v2\/posts\/25986\/revisions"}],"predecessor-version":[{"id":25991,"href":"https:\/\/cenal.gob.ve\/index.php?rest_route=\/wp\/v2\/posts\/25986\/revisions\/25991"}],"wp:featuredmedia":[{"embeddable":true,"href":"https:\/\/cenal.gob.ve\/index.php?rest_route=\/wp\/v2\/media\/25987"}],"wp:attachment":[{"href":"https:\/\/cenal.gob.ve\/index.php?rest_route=%2Fwp%2Fv2%2Fmedia&parent=25986"}],"wp:term":[{"taxonomy":"category","embeddable":true,"href":"https:\/\/cenal.gob.ve\/index.php?rest_route=%2Fwp%2Fv2%2Fcategories&post=25986"},{"taxonomy":"post_tag","embeddable":true,"href":"https:\/\/cenal.gob.ve\/index.php?rest_route=%2Fwp%2Fv2%2Ftags&post=25986"}],"curies":[{"name":"wp","href":"https:\/\/api.w.org\/{rel}","templated":true}]}}