{"id":26050,"date":"2025-07-06T16:18:10","date_gmt":"2025-07-06T20:18:10","guid":{"rendered":"https:\/\/cenal.gob.ve\/?p=26050"},"modified":"2025-07-06T16:18:16","modified_gmt":"2025-07-06T20:18:16","slug":"tarek-william-saab-45-anos-de-poesia-revolucionaria-y-sensibilidad-expansiva","status":"publish","type":"post","link":"https:\/\/cenal.gob.ve\/?p=26050","title":{"rendered":"Tarek William Saab: 45 a\u00f1os de poes\u00eda revolucionaria y sensibilidad expansiva"},"content":{"rendered":"\n<p>La sala Egipto de la 21a Feria Internacional del Libro de Venezuela (Filven 2025) reuni\u00f3 a un p\u00fablico comprometido con la obra de Tarek William Saab, quien cumple 45 a\u00f1os de vida literaria. Ante asistentes que colmaron el espacio, se celebr\u00f3 la trayectoria del actual fiscal general de la Rep\u00fablica, autor y figura destacada de esta edici\u00f3n, donde ha presentado dos obras emblem\u00e1ticas:&nbsp;<em>Los r\u00edos de la ira<\/em>&nbsp;(nueva edici\u00f3n de su poemario debut de 1987) y&nbsp;<em>Un tren viaja al cielo de la medianoch<\/em>e.<\/p>\n\n\n\n<p>Lo acompa\u00f1\u00f3 un panel multidisciplinario que teji\u00f3 el reconocimiento: el viceministro del Poder Popular para la Econom\u00eda Cultural y presidente del Centro Nacional del Libro (Cenal), Ra\u00fal Cazal; el escritor brasile\u00f1o Diego Ruzzar\u00edn; el ensayista Alberto Jim\u00e9nez Ure (autor de Saab, una vida literaria); el poeta fundacional Luis Alberto Crespo; el narrador Jes\u00fas Salazar; el editor Luis Figuera; el cuentista Gabriel Jim\u00e9nez Em\u00e1n; el investigador Cristian Far\u00edas y el periodista Marcos Gonz\u00e1lez.<\/p>\n\n\n\n<p>En un recorrido \u00edntimo, los panelistas destacaron los or\u00edgenes humildes del poeta en El Tigre, Anzo\u00e1tegui, donde \u201cla mesa de Guanipa respira en sus versos\u201d y el petr\u00f3leo marc\u00f3 su imaginario. Revivieron entre risas una an\u00e9cdota curiosa: cuando Papel Literario, bajo la direcci\u00f3n de Crespo, public\u00f3 sus primeros poemas creyendo que eran de \u201cun poeta \u00e1rabe consagrado\u201d.<\/p>\n\n\n\n<figure class=\"wp-block-image\"><img src=\"https:\/\/filven.com\/wp-content\/uploads\/2025\/07\/photo_2025-07-05_20-33-19-1024x682.jpg\" alt=\"\" class=\"wp-image-26067\"\/><\/figure>\n\n\n\n<p>Sobre la obra de Saab, coincidieron en se\u00f1alar su \u201csingularidad tem\u00e1tica\u201d y \u201csonoridad \u00fanica\u201d. Subrayaron c\u00f3mo&nbsp;<em>M\u00e9rida del mar negro y la lluvia<\/em>, que escribi\u00f3 a los 22 a\u00f1os, permanece como \u201cuno de los poemas m\u00e1s bellos de la poes\u00eda venezolana\u201d, mientras&nbsp;<em>El hacha de los Andes<\/em>&nbsp;fue reivindicado como \u201cobra cumbre de la poes\u00eda comprometida\u201d. Calificaron su voz como una expansi\u00f3n del yo on\u00edrico que trasciende hermetismos: \u201cNo es poeta rebuscado, sino creador que expande sensibilidades\u201d.<\/p>\n\n\n\n<p>El acto recorri\u00f3 a\u00f1os de creaci\u00f3n donde pol\u00edtica y l\u00edrica se fusionan. Hubo una conclusi\u00f3n un\u00e1nime: no es exagerado afirmar que Saab es una de las voces esenciales de la poes\u00eda contempor\u00e1nea latinoamericana. Este homenaje confirma que la poes\u00eda de Tarek William Saab sigue tendiendo puentes entre la trinchera y el verso, demostrando que en Venezuela la revoluci\u00f3n tambi\u00e9n se escribe con tinta de poeta.<\/p>\n\n\n\n<p>La Filven extiende su invitaci\u00f3n a explorar esta y otras experiencias literarias: m\u00e1s de 600 propuestas esperan al p\u00fablico hasta el 13 de julio. Un llamado a sumergirse entre libros, descubrir autores in\u00e9ditos, participar en debates que interrogan nuestro tiempo y encontrar en cada p\u00e1gina esa chispa que, como los versos de Saab, desaf\u00eda el olvido. La cita es en la Galer\u00eda de Arte Nacional y la plaza de la Juventud, donde hasta el pr\u00f3ximo domingo 13 de julio pueden disfrutar de toda la programaci\u00f3n cultural que ofrece la feria.<\/p>\n\n\n\n<figure class=\"wp-block-image\"><img src=\"https:\/\/filven.com\/wp-content\/uploads\/2025\/07\/photo_2025-07-05_20-33-19-3-1024x682.jpg\" alt=\"\" class=\"wp-image-26068\"\/><\/figure>\n\n\n\n<p>FILVEN\/BC\/REP<\/p>\n\n\n\n<p><\/p>\n","protected":false},"excerpt":{"rendered":"<p>La sala Egipto de la 21a Feria Internacional del Libro de Venezuela (Filven 2025) reuni\u00f3 a un p\u00fablico comprometido con la obra de Tarek William Saab, quien cumple 45 a\u00f1os [&hellip;]<\/p>\n","protected":false},"author":10,"featured_media":26051,"comment_status":"open","ping_status":"closed","sticky":false,"template":"","format":"standard","meta":{"spay_email":"","jetpack_publicize_message":"","jetpack_is_tweetstorm":false,"jetpack_publicize_feature_enabled":true},"categories":[12],"tags":[],"yoast_head":"<!-- This site is optimized with the Yoast SEO plugin v19.8 - https:\/\/yoast.com\/wordpress\/plugins\/seo\/ -->\n<title>Tarek William Saab: 45 a\u00f1os de poes\u00eda revolucionaria y sensibilidad expansiva<\/title>\n<meta name=\"robots\" content=\"index, follow, max-snippet:-1, max-image-preview:large, max-video-preview:-1\" \/>\n<link rel=\"canonical\" href=\"https:\/\/cenal.gob.ve\/?p=26050\" \/>\n<meta property=\"og:locale\" content=\"es_ES\" \/>\n<meta property=\"og:type\" content=\"article\" \/>\n<meta property=\"og:title\" content=\"Tarek William Saab: 45 a\u00f1os de poes\u00eda revolucionaria y sensibilidad expansiva\" \/>\n<meta property=\"og:description\" content=\"La sala Egipto de la 21a Feria Internacional del Libro de Venezuela (Filven 2025) reuni\u00f3 a un p\u00fablico comprometido con la obra de Tarek William Saab, quien cumple 45 a\u00f1os [&hellip;]\" \/>\n<meta property=\"og:url\" content=\"https:\/\/cenal.gob.ve\/?p=26050\" \/>\n<meta property=\"og:site_name\" content=\"Cenal\" \/>\n<meta property=\"article:published_time\" content=\"2025-07-06T20:18:10+00:00\" \/>\n<meta property=\"article:modified_time\" content=\"2025-07-06T20:18:16+00:00\" \/>\n<meta property=\"og:image\" content=\"http:\/\/cenal.gob.ve\/wp-content\/uploads\/2025\/07\/photo_2025-07-05_20-33-19-2-1024x682-1.jpg\" \/>\n\t<meta property=\"og:image:width\" content=\"1024\" \/>\n\t<meta property=\"og:image:height\" content=\"682\" \/>\n\t<meta property=\"og:image:type\" content=\"image\/jpeg\" \/>\n<meta name=\"author\" content=\"Prensa Cenal\" \/>\n<meta name=\"twitter:card\" content=\"summary_large_image\" \/>\n<meta name=\"twitter:label1\" content=\"Written by\" \/>\n\t<meta name=\"twitter:data1\" content=\"Prensa Cenal\" \/>\n\t<meta name=\"twitter:label2\" content=\"Est. reading time\" \/>\n\t<meta name=\"twitter:data2\" content=\"3 minutos\" \/>\n<script type=\"application\/ld+json\" class=\"yoast-schema-graph\">{\"@context\":\"https:\/\/schema.org\",\"@graph\":[{\"@type\":\"Article\",\"@id\":\"https:\/\/cenal.gob.ve\/?p=26050#article\",\"isPartOf\":{\"@id\":\"https:\/\/cenal.gob.ve\/?p=26050\"},\"author\":{\"name\":\"Prensa Cenal\",\"@id\":\"https:\/\/cenal.gob.ve\/#\/schema\/person\/e3ed34623f400ffab8bc7a63b2f5533f\"},\"headline\":\"Tarek William Saab: 45 a\u00f1os de poes\u00eda revolucionaria y sensibilidad expansiva\",\"datePublished\":\"2025-07-06T20:18:10+00:00\",\"dateModified\":\"2025-07-06T20:18:16+00:00\",\"mainEntityOfPage\":{\"@id\":\"https:\/\/cenal.gob.ve\/?p=26050\"},\"wordCount\":512,\"commentCount\":1,\"publisher\":{\"@id\":\"https:\/\/cenal.gob.ve\/#organization\"},\"articleSection\":[\"Filven\"],\"inLanguage\":\"es\",\"potentialAction\":[{\"@type\":\"CommentAction\",\"name\":\"Comment\",\"target\":[\"https:\/\/cenal.gob.ve\/?p=26050#respond\"]}]},{\"@type\":\"WebPage\",\"@id\":\"https:\/\/cenal.gob.ve\/?p=26050\",\"url\":\"https:\/\/cenal.gob.ve\/?p=26050\",\"name\":\"Tarek William Saab: 45 a\u00f1os de poes\u00eda revolucionaria y sensibilidad expansiva\",\"isPartOf\":{\"@id\":\"https:\/\/cenal.gob.ve\/#website\"},\"datePublished\":\"2025-07-06T20:18:10+00:00\",\"dateModified\":\"2025-07-06T20:18:16+00:00\",\"breadcrumb\":{\"@id\":\"https:\/\/cenal.gob.ve\/?p=26050#breadcrumb\"},\"inLanguage\":\"es\",\"potentialAction\":[{\"@type\":\"ReadAction\",\"target\":[\"https:\/\/cenal.gob.ve\/?p=26050\"]}]},{\"@type\":\"BreadcrumbList\",\"@id\":\"https:\/\/cenal.gob.ve\/?p=26050#breadcrumb\",\"itemListElement\":[{\"@type\":\"ListItem\",\"position\":1,\"name\":\"Home\",\"item\":\"https:\/\/cenal.gob.ve\/\"},{\"@type\":\"ListItem\",\"position\":2,\"name\":\"Tarek William Saab: 45 a\u00f1os de poes\u00eda revolucionaria y sensibilidad expansiva\"}]},{\"@type\":\"WebSite\",\"@id\":\"https:\/\/cenal.gob.ve\/#website\",\"url\":\"https:\/\/cenal.gob.ve\/\",\"name\":\"Cenal\",\"description\":\"\",\"publisher\":{\"@id\":\"https:\/\/cenal.gob.ve\/#organization\"},\"potentialAction\":[{\"@type\":\"SearchAction\",\"target\":{\"@type\":\"EntryPoint\",\"urlTemplate\":\"https:\/\/cenal.gob.ve\/?s={search_term_string}\"},\"query-input\":\"required name=search_term_string\"}],\"inLanguage\":\"es\"},{\"@type\":\"Organization\",\"@id\":\"https:\/\/cenal.gob.ve\/#organization\",\"name\":\"CENAL\",\"url\":\"https:\/\/cenal.gob.ve\/\",\"sameAs\":[],\"logo\":{\"@type\":\"ImageObject\",\"inLanguage\":\"es\",\"@id\":\"https:\/\/cenal.gob.ve\/#\/schema\/logo\/image\/\",\"url\":\"https:\/\/i0.wp.com\/cenal.gob.ve\/wp-content\/uploads\/2022\/10\/cropped-images.jpg?fit=512%2C512\",\"contentUrl\":\"https:\/\/i0.wp.com\/cenal.gob.ve\/wp-content\/uploads\/2022\/10\/cropped-images.jpg?fit=512%2C512\",\"width\":512,\"height\":512,\"caption\":\"CENAL\"},\"image\":{\"@id\":\"https:\/\/cenal.gob.ve\/#\/schema\/logo\/image\/\"}},{\"@type\":\"Person\",\"@id\":\"https:\/\/cenal.gob.ve\/#\/schema\/person\/e3ed34623f400ffab8bc7a63b2f5533f\",\"name\":\"Prensa Cenal\",\"image\":{\"@type\":\"ImageObject\",\"inLanguage\":\"es\",\"@id\":\"https:\/\/cenal.gob.ve\/#\/schema\/person\/image\/\",\"url\":\"https:\/\/secure.gravatar.com\/avatar\/594b4ed34090910c619ac3679001d491?s=96&d=mm&r=g\",\"contentUrl\":\"https:\/\/secure.gravatar.com\/avatar\/594b4ed34090910c619ac3679001d491?s=96&d=mm&r=g\",\"caption\":\"Prensa Cenal\"},\"url\":\"https:\/\/cenal.gob.ve\/?author=10\"}]}<\/script>\n<!-- \/ Yoast SEO plugin. -->","yoast_head_json":{"title":"Tarek William Saab: 45 a\u00f1os de poes\u00eda revolucionaria y sensibilidad expansiva","robots":{"index":"index","follow":"follow","max-snippet":"max-snippet:-1","max-image-preview":"max-image-preview:large","max-video-preview":"max-video-preview:-1"},"canonical":"https:\/\/cenal.gob.ve\/?p=26050","og_locale":"es_ES","og_type":"article","og_title":"Tarek William Saab: 45 a\u00f1os de poes\u00eda revolucionaria y sensibilidad expansiva","og_description":"La sala Egipto de la 21a Feria Internacional del Libro de Venezuela (Filven 2025) reuni\u00f3 a un p\u00fablico comprometido con la obra de Tarek William Saab, quien cumple 45 a\u00f1os [&hellip;]","og_url":"https:\/\/cenal.gob.ve\/?p=26050","og_site_name":"Cenal","article_published_time":"2025-07-06T20:18:10+00:00","article_modified_time":"2025-07-06T20:18:16+00:00","og_image":[{"width":1024,"height":682,"url":"http:\/\/cenal.gob.ve\/wp-content\/uploads\/2025\/07\/photo_2025-07-05_20-33-19-2-1024x682-1.jpg","type":"image\/jpeg"}],"author":"Prensa Cenal","twitter_card":"summary_large_image","twitter_misc":{"Written by":"Prensa Cenal","Est. reading time":"3 minutos"},"schema":{"@context":"https:\/\/schema.org","@graph":[{"@type":"Article","@id":"https:\/\/cenal.gob.ve\/?p=26050#article","isPartOf":{"@id":"https:\/\/cenal.gob.ve\/?p=26050"},"author":{"name":"Prensa Cenal","@id":"https:\/\/cenal.gob.ve\/#\/schema\/person\/e3ed34623f400ffab8bc7a63b2f5533f"},"headline":"Tarek William Saab: 45 a\u00f1os de poes\u00eda revolucionaria y sensibilidad expansiva","datePublished":"2025-07-06T20:18:10+00:00","dateModified":"2025-07-06T20:18:16+00:00","mainEntityOfPage":{"@id":"https:\/\/cenal.gob.ve\/?p=26050"},"wordCount":512,"commentCount":1,"publisher":{"@id":"https:\/\/cenal.gob.ve\/#organization"},"articleSection":["Filven"],"inLanguage":"es","potentialAction":[{"@type":"CommentAction","name":"Comment","target":["https:\/\/cenal.gob.ve\/?p=26050#respond"]}]},{"@type":"WebPage","@id":"https:\/\/cenal.gob.ve\/?p=26050","url":"https:\/\/cenal.gob.ve\/?p=26050","name":"Tarek William Saab: 45 a\u00f1os de poes\u00eda revolucionaria y sensibilidad expansiva","isPartOf":{"@id":"https:\/\/cenal.gob.ve\/#website"},"datePublished":"2025-07-06T20:18:10+00:00","dateModified":"2025-07-06T20:18:16+00:00","breadcrumb":{"@id":"https:\/\/cenal.gob.ve\/?p=26050#breadcrumb"},"inLanguage":"es","potentialAction":[{"@type":"ReadAction","target":["https:\/\/cenal.gob.ve\/?p=26050"]}]},{"@type":"BreadcrumbList","@id":"https:\/\/cenal.gob.ve\/?p=26050#breadcrumb","itemListElement":[{"@type":"ListItem","position":1,"name":"Home","item":"https:\/\/cenal.gob.ve\/"},{"@type":"ListItem","position":2,"name":"Tarek William Saab: 45 a\u00f1os de poes\u00eda revolucionaria y sensibilidad expansiva"}]},{"@type":"WebSite","@id":"https:\/\/cenal.gob.ve\/#website","url":"https:\/\/cenal.gob.ve\/","name":"Cenal","description":"","publisher":{"@id":"https:\/\/cenal.gob.ve\/#organization"},"potentialAction":[{"@type":"SearchAction","target":{"@type":"EntryPoint","urlTemplate":"https:\/\/cenal.gob.ve\/?s={search_term_string}"},"query-input":"required name=search_term_string"}],"inLanguage":"es"},{"@type":"Organization","@id":"https:\/\/cenal.gob.ve\/#organization","name":"CENAL","url":"https:\/\/cenal.gob.ve\/","sameAs":[],"logo":{"@type":"ImageObject","inLanguage":"es","@id":"https:\/\/cenal.gob.ve\/#\/schema\/logo\/image\/","url":"https:\/\/i0.wp.com\/cenal.gob.ve\/wp-content\/uploads\/2022\/10\/cropped-images.jpg?fit=512%2C512","contentUrl":"https:\/\/i0.wp.com\/cenal.gob.ve\/wp-content\/uploads\/2022\/10\/cropped-images.jpg?fit=512%2C512","width":512,"height":512,"caption":"CENAL"},"image":{"@id":"https:\/\/cenal.gob.ve\/#\/schema\/logo\/image\/"}},{"@type":"Person","@id":"https:\/\/cenal.gob.ve\/#\/schema\/person\/e3ed34623f400ffab8bc7a63b2f5533f","name":"Prensa Cenal","image":{"@type":"ImageObject","inLanguage":"es","@id":"https:\/\/cenal.gob.ve\/#\/schema\/person\/image\/","url":"https:\/\/secure.gravatar.com\/avatar\/594b4ed34090910c619ac3679001d491?s=96&d=mm&r=g","contentUrl":"https:\/\/secure.gravatar.com\/avatar\/594b4ed34090910c619ac3679001d491?s=96&d=mm&r=g","caption":"Prensa Cenal"},"url":"https:\/\/cenal.gob.ve\/?author=10"}]}},"jetpack_featured_media_url":"https:\/\/cenal.gob.ve\/wp-content\/uploads\/2025\/07\/photo_2025-07-05_20-33-19-2-1024x682-1.jpg","jetpack_publicize_connections":[],"jetpack_shortlink":"https:\/\/wp.me\/p5FMhp-6Ma","_links":{"self":[{"href":"https:\/\/cenal.gob.ve\/index.php?rest_route=\/wp\/v2\/posts\/26050"}],"collection":[{"href":"https:\/\/cenal.gob.ve\/index.php?rest_route=\/wp\/v2\/posts"}],"about":[{"href":"https:\/\/cenal.gob.ve\/index.php?rest_route=\/wp\/v2\/types\/post"}],"author":[{"embeddable":true,"href":"https:\/\/cenal.gob.ve\/index.php?rest_route=\/wp\/v2\/users\/10"}],"replies":[{"embeddable":true,"href":"https:\/\/cenal.gob.ve\/index.php?rest_route=%2Fwp%2Fv2%2Fcomments&post=26050"}],"version-history":[{"count":1,"href":"https:\/\/cenal.gob.ve\/index.php?rest_route=\/wp\/v2\/posts\/26050\/revisions"}],"predecessor-version":[{"id":26052,"href":"https:\/\/cenal.gob.ve\/index.php?rest_route=\/wp\/v2\/posts\/26050\/revisions\/26052"}],"wp:featuredmedia":[{"embeddable":true,"href":"https:\/\/cenal.gob.ve\/index.php?rest_route=\/wp\/v2\/media\/26051"}],"wp:attachment":[{"href":"https:\/\/cenal.gob.ve\/index.php?rest_route=%2Fwp%2Fv2%2Fmedia&parent=26050"}],"wp:term":[{"taxonomy":"category","embeddable":true,"href":"https:\/\/cenal.gob.ve\/index.php?rest_route=%2Fwp%2Fv2%2Fcategories&post=26050"},{"taxonomy":"post_tag","embeddable":true,"href":"https:\/\/cenal.gob.ve\/index.php?rest_route=%2Fwp%2Fv2%2Ftags&post=26050"}],"curies":[{"name":"wp","href":"https:\/\/api.w.org\/{rel}","templated":true}]}}