{"id":26053,"date":"2025-07-06T16:54:14","date_gmt":"2025-07-06T20:54:14","guid":{"rendered":"https:\/\/cenal.gob.ve\/?p=26053"},"modified":"2025-07-06T16:54:17","modified_gmt":"2025-07-06T20:54:17","slug":"letras-y-memoria-en-la-galeria-de-arte-nacional","status":"publish","type":"post","link":"https:\/\/cenal.gob.ve\/?p=26053","title":{"rendered":"Letras y memoria en la Galer\u00eda de Arte Nacional"},"content":{"rendered":"\n<p>La Galer\u00eda de Arte Nacional y la plaza de la Juventud, epicentro de la 21a Feria Internacional del Libro de Venezuela (Filven) 2025, respiraron este s\u00e1bado un aire cargado de tinta, ideas y multitudes. Desde temprano, el rumor de pasos curiosos, el susurro de p\u00e1ginas y el zumbido de voces tejieron una atm\u00f3sfera \u00fanica donde la cultura brot\u00f3 en cada rinc\u00f3n, entre estands abarrotados y paredes que custodian la memoria de la pl\u00e1stica venezolana.<\/p>\n\n\n\n<p>La ma\u00f1ana comenz\u00f3 con el recogimiento po\u00e9tico del homenaje a Gonzalo Fragui, mientras el foro \u201cTodo comienza en las aguas\u201d flu\u00eda bajo la sabidur\u00eda del homenajeado Esteban Emilio Mosonyi. En paralelo, el conversatorio sobre Gouda Abdul Khalek \u2014economista egipcio referente del pensamiento cr\u00edtico en justicia social\u2014 dirigido por Gustavo Velasco, demostr\u00f3 la diversidad tem\u00e1tica bajo este techo de arte.<\/p>\n\n\n\n<p>En la sala Judith Valencia, el taller \u201cEl quicio de los \u00e1ngeles\u201d explor\u00f3 el legado del maestro Juan Calzadilla, cuya ausencia f\u00edsica contrasta con su eterna presencia en las letras.<\/p>\n\n\n\n<p>El mediod\u00eda trajo destellos plurales. La exposici\u00f3n \u201cMarc de Civrieux. De Par\u00eds al Orinoco\u201d uni\u00f3 dos mundos, mientras en la sala Filven el experto internacional Dr. Yousry Abushady devel\u00f3 \u201cLa verdad del reactor nuclear sirio\u201d, denunciando manipulaciones de agencias globales de noticias.<\/p>\n\n\n\n<p>La identidad sigui\u00f3 resonando en la conferencia \u201cEl ind\u00edgena de los 20 idiomas\u201d, honrando el legado ling\u00fc\u00edstico de Esteban Emilio Mosonyi.<\/p>\n\n\n\n<figure class=\"wp-block-image\"><img src=\"https:\/\/filven.com\/wp-content\/uploads\/2025\/07\/photo_2025-07-06_09-16-29-1024x683.jpg\" alt=\"\" class=\"wp-image-26085\"\/><\/figure>\n\n\n\n<p>La tarde teji\u00f3 puentes entre culturas. El periodista egipcio Sayed Gubeyal analiz\u00f3 los cambios geopol\u00edticos, mientras el arte isl\u00e1mico revelaba sus c\u00f3digos milenarios. En otro espacio, la Fundaci\u00f3n Nicol\u00e1s Guill\u00e9n evoc\u00f3 los versos de Andr\u00e9s Eloy Blanco a 70 a\u00f1os de su siembra, guiados por Norberto Codina Boeras.<\/p>\n\n\n\n<p>Entonces irrumpieron los tambores: la inauguraci\u00f3n de \u201cUn Pueblo en Destierro\u201d transform\u00f3 la GAN. Mientras se recorr\u00eda la muestra fotogr\u00e1fica sobre el \u00e9xodo de Turiamo (1957), los Diablos Danzantes invadieron el espacio.<\/p>\n\n\n\n<p>Sus m\u00e1scaras, cintas multicolores y cascabeles convirtieron los pasillos en rito viviente. Bailaron entre estands, cantaron frente a fotograf\u00edas de su tradici\u00f3n Patrimonio de la Humanidad, y con cada zapateo reafirmaron que la memoria siempre florece. Fueron guardianes de la tradici\u00f3n recorriendo los espacios de la feria, recordando que la cultura es cuerpo en movimiento.<\/p>\n\n\n\n<p>Mientras los debates intelectuales ard\u00edan, un contrapunto de risas animaba el pabell\u00f3n infantil. En la sala Civreaux, Wilmer G\u00f3mez lideraba el conversatorio sobre actividades para personas con discapacidad visual y ciegas, recordando que la inclusi\u00f3n tambi\u00e9n es poes\u00eda cotidiana.<\/p>\n\n\n\n<p>El ocaso encendi\u00f3 fusiones: La Librer\u00eda Digital CCS analiz\u00f3&nbsp;<strong>Nuevas voces<\/strong>&nbsp;en la sala Mosonyi, mientras el colombiano Sergio Santana Archbold present\u00f3<strong>&nbsp;H\u00e9ctor Lavoe. La voz del barrio<\/strong>. La geopol\u00edtica reson\u00f3 con&nbsp;<em>El Esequibo: camino secreto de la anexi\u00f3n<\/em>, de Ger\u00f3nimo P\u00e9rez Rascaniere, y Carmen Boh\u00f3rquez reivindic\u00f3 a Francisco de Miranda como precursor de las independencias.<\/p>\n\n\n\n<p>El crep\u00fasculo congreg\u00f3 constelaciones: Tarek William Saab recibi\u00f3 un homenaje multitudinario en la sala Egipto, donde poetas, narradores e investigadores destacaron su trayectoria. Simult\u00e1neamente, Luis Britto Garc\u00eda present\u00f3&nbsp;<em>Anda nada<\/em>&nbsp;\u2014libro de relatos breves donde el Caribe encuentra sus met\u00e1foras\u2014 junto a Miguel \u00c1ngel P\u00e9rez Pirela, mientras en otros espacios se defend\u00eda el legado bolivariano frente a las fake news.<\/p>\n\n\n\n<p>Bajo las luces de la GAN, la jornada culmin\u00f3 con el eco de los versos y el murmullo de los debates. La feria extiende su invitaci\u00f3n a perderse entre libros que guardan mundos, a descubrir a autoras y autores que desaf\u00edan el tiempo, y a celebrar el di\u00e1logo inagotable entre nuestras ra\u00edces y el porvenir.<\/p>\n\n\n\n<p>En la Filven 2025 las puertas siguen abiertas, las p\u00e1ginas esperan ser le\u00eddas y la memoria colectiva sigue escribi\u00e9ndose.<\/p>\n\n\n\n<figure class=\"wp-block-image\"><img src=\"https:\/\/filven.com\/wp-content\/uploads\/2025\/07\/photo_2025-07-06_09-16-12-1024x683.jpg\" alt=\"\" class=\"wp-image-26077\"\/><\/figure>\n\n\n\n<p>FILVEN\/BC\/MCV<\/p>\n\n\n\n<p><strong>Otras noticias de la  21.a Filven 2025 aqu\u00ed: <\/strong><\/p>\n\n\n\n<p><a href=\"https:\/\/filven.com\/tarek-william-saab-45-anos-de-poesia-revolucionaria-y-sensibilidad-expansiva\/\">Tarek William Saab: 45 a\u00f1os de poes\u00eda revolucionaria y sensibilidad expansiva<\/a><\/p>\n\n\n\n<p><a href=\"https:\/\/filven.com\/gonzalo-fragui-presento-en-la-filven-20-anos-de-su-produccion-poetica\/\">Gonzalo Fragui present\u00f3 en la Filven 20 a\u00f1os de su producci\u00f3n po\u00e9tica<\/a><\/p>\n\n\n\n<p><a href=\"https:\/\/filven.com\/dictan-taller-de-escritura-para-profundizar-en-la-obra-del-poeta-juan-calzadilla\/\">Dictan taller de escritura para profundizar en la obra del poeta Juan Calzadilla<\/a><\/p>\n\n\n\n<p><a href=\"https:\/\/filven.com\/la-filven-es-motivo-de-felicidad-para-amantes-del-libro-y-la-lectura\/\">La Filven es motivo de felicidad para amantes del libro y la lectura<\/a><\/p>\n\n\n\n<p><a href=\"https:\/\/filven.com\/las-obras-artisticas-de-marc-de-civrieux-llegan-a-la-gan\/\">Las obras art\u00edsticas de<\/a> <a href=\"https:\/\/filven.com\/las-obras-artisticas-de-marc-de-civrieux-llegan-a-la-gan\/\">Marc de Civrieux llegan a la GAN<\/a><\/p>\n\n\n\n<p><a href=\"https:\/\/filven.com\/periodista-egipcio-advierte-sobre-los-riesgos-de-un-escenario-belico-mundial\/\">Periodista egipcio advierte sobre los riesgos de un escenario b\u00e9lico mundial<\/a><\/p>\n\n\n\n<p><a href=\"https:\/\/filven.com\/reivindican-pensamiento-de-miranda-en-el-dia-de-la-independencia\/\">Reivindican pensamiento de Miranda en el D\u00eda de la Independencia<\/a><\/p>\n\n\n\n<p><a href=\"https:\/\/filven.com\/fundaciones-deportivas-trabajan-por-inclusion-de-personas-con-discapacidad\/\">Fundaciones deportivas trabajan por inclusi\u00f3n de personas con discapacidad<\/a><\/p>\n\n\n\n<p><a href=\"https:\/\/filven.com\/como-caudal-del-nilo-y-del-orinoco-fluye-la-creatividad-en-el-pabellon-infantil\/\">Como caudal del Nilo y del Orinoco fluye la creatividad en el Pabell\u00f3n Infantil<\/a><\/p>\n\n\n\n<p><a href=\"https:\/\/filven.com\/venezolanos-se-acercan-al-pensamiento-economico-de-gouda-abdul-khalek\/\">Venezolanos se acercan al pensamiento econ\u00f3mico de Gouda Abdul Khalek<\/a><\/p>\n\n\n\n<p><a href=\"https:\/\/filven.com\/voces-indigenas-y-expertos-analizan-el-valor-del-agua-como-simbolo-de-vida-y-resistencia\/\">Voces ind\u00edgenas y expertos analizan el valor del agua como s\u00edmbolo de vida y resistencia<\/a><\/p>\n\n\n\n<p><a href=\"https:\/\/filven.com\/egipto-reivindica-idioma-antiguo-para-promover-su-identidad\/\">Egipto reivindica idioma antiguo para promover su identidad<\/a><\/p>\n\n\n\n<p><a href=\"https:\/\/filven.com\/experto-denuncia-uso-de-falsos-informes-para-asediar-a-pueblos-de-asia-occidental\/\">Experto denuncia uso de falsos informes para asediar a pueblos de Asia Occidental<\/a><\/p>\n\n\n\n<p><a href=\"https:\/\/filven.com\/analizan-en-la-filven-influencia-de-cuba-en-la-obra-de-andres-eloy-blanco\/\">Analizan en la Filven influencia de Cuba en la obra de Andr\u00e9s Eloy Blanco<\/a><\/p>\n\n\n\n<p><a href=\"https:\/\/filven.com\/luis-britto-garcia-presento-anda-nada-un-canonazo-de-relatos-breves\/\">Luis Britto Garc\u00eda present\u00f3 Anda nada, \u201cun ca\u00f1onazo\u201d de relatos breves<\/a><\/p>\n\n\n\n<p><a href=\"https:\/\/filven.com\/legado-de-bolivar-enfrenta-las-fake-news-y-la-desinformacion\/\">Legado de Bol\u00edvar enfrenta las \u201cFake News\u201d y la desinformaci\u00f3n<\/a><\/p>\n\n\n\n<p><a href=\"https:\/\/filven.com\/filven-se-llena-de-salsa-para-celebrar-a-hector-lavoe-la-voz-del-barrio\/\">Filven se llena de salsa para celebrar a H\u00e9ctor Lavoe, la voz del barrio<\/a><\/p>\n\n\n\n<p><a href=\"Egipto: Tierra de faraones que guarda encanto y misterio\">Egipto: Tierra de faraones que guarda encanto y misterio<\/a><\/p>\n\n\n\n<p><a href=\"https:\/\/filven.com\/libreria-digital-ccs-un-esfuerzo-de-resistencia-ante-una-crisis-forzada-por-el-bloqueo\/\">Librer\u00eda Digital CCS, un esfuerzo de resistencia ante una crisis forzada por el bloqueo<\/a><\/p>\n\n\n\n<p><\/p>\n\n\n\n<p><\/p>\n\n\n\n<p><\/p>\n","protected":false},"excerpt":{"rendered":"<p>La Galer\u00eda de Arte Nacional y la plaza de la Juventud, epicentro de la 21a Feria Internacional del Libro de Venezuela (Filven) 2025, respiraron este s\u00e1bado un aire cargado de [&hellip;]<\/p>\n","protected":false},"author":10,"featured_media":26054,"comment_status":"open","ping_status":"closed","sticky":false,"template":"","format":"standard","meta":{"spay_email":"","jetpack_publicize_message":"","jetpack_is_tweetstorm":false,"jetpack_publicize_feature_enabled":true},"categories":[12],"tags":[],"yoast_head":"<!-- This site is optimized with the Yoast SEO plugin v19.8 - https:\/\/yoast.com\/wordpress\/plugins\/seo\/ -->\n<title>Letras y memoria en la Galer\u00eda de Arte Nacional<\/title>\n<meta name=\"robots\" content=\"index, follow, max-snippet:-1, max-image-preview:large, max-video-preview:-1\" \/>\n<link rel=\"canonical\" href=\"https:\/\/cenal.gob.ve\/?p=26053\" \/>\n<meta property=\"og:locale\" content=\"es_ES\" \/>\n<meta property=\"og:type\" content=\"article\" \/>\n<meta property=\"og:title\" content=\"Letras y memoria en la Galer\u00eda de Arte Nacional\" \/>\n<meta property=\"og:description\" content=\"La Galer\u00eda de Arte Nacional y la plaza de la Juventud, epicentro de la 21a Feria Internacional del Libro de Venezuela (Filven) 2025, respiraron este s\u00e1bado un aire cargado de [&hellip;]\" \/>\n<meta property=\"og:url\" content=\"https:\/\/cenal.gob.ve\/?p=26053\" \/>\n<meta property=\"og:site_name\" content=\"Cenal\" \/>\n<meta property=\"article:published_time\" content=\"2025-07-06T20:54:14+00:00\" \/>\n<meta property=\"article:modified_time\" content=\"2025-07-06T20:54:17+00:00\" \/>\n<meta property=\"og:image\" content=\"http:\/\/cenal.gob.ve\/wp-content\/uploads\/2025\/07\/WhatsApp-Image-2025-07-04-at-8.18.25-PM-1024x682-1.jpeg\" \/>\n\t<meta property=\"og:image:width\" content=\"1024\" \/>\n\t<meta property=\"og:image:height\" content=\"682\" \/>\n\t<meta property=\"og:image:type\" content=\"image\/jpeg\" \/>\n<meta name=\"author\" content=\"Prensa Cenal\" \/>\n<meta name=\"twitter:card\" content=\"summary_large_image\" \/>\n<meta name=\"twitter:label1\" content=\"Written by\" \/>\n\t<meta name=\"twitter:data1\" content=\"Prensa Cenal\" \/>\n\t<meta name=\"twitter:label2\" content=\"Est. reading time\" \/>\n\t<meta name=\"twitter:data2\" content=\"5 minutos\" \/>\n<script type=\"application\/ld+json\" class=\"yoast-schema-graph\">{\"@context\":\"https:\/\/schema.org\",\"@graph\":[{\"@type\":\"Article\",\"@id\":\"https:\/\/cenal.gob.ve\/?p=26053#article\",\"isPartOf\":{\"@id\":\"https:\/\/cenal.gob.ve\/?p=26053\"},\"author\":{\"name\":\"Prensa Cenal\",\"@id\":\"https:\/\/cenal.gob.ve\/#\/schema\/person\/e3ed34623f400ffab8bc7a63b2f5533f\"},\"headline\":\"Letras y memoria en la Galer\u00eda de Arte Nacional\",\"datePublished\":\"2025-07-06T20:54:14+00:00\",\"dateModified\":\"2025-07-06T20:54:17+00:00\",\"mainEntityOfPage\":{\"@id\":\"https:\/\/cenal.gob.ve\/?p=26053\"},\"wordCount\":910,\"commentCount\":0,\"publisher\":{\"@id\":\"https:\/\/cenal.gob.ve\/#organization\"},\"articleSection\":[\"Filven\"],\"inLanguage\":\"es\",\"potentialAction\":[{\"@type\":\"CommentAction\",\"name\":\"Comment\",\"target\":[\"https:\/\/cenal.gob.ve\/?p=26053#respond\"]}]},{\"@type\":\"WebPage\",\"@id\":\"https:\/\/cenal.gob.ve\/?p=26053\",\"url\":\"https:\/\/cenal.gob.ve\/?p=26053\",\"name\":\"Letras y memoria en la Galer\u00eda de Arte Nacional\",\"isPartOf\":{\"@id\":\"https:\/\/cenal.gob.ve\/#website\"},\"datePublished\":\"2025-07-06T20:54:14+00:00\",\"dateModified\":\"2025-07-06T20:54:17+00:00\",\"breadcrumb\":{\"@id\":\"https:\/\/cenal.gob.ve\/?p=26053#breadcrumb\"},\"inLanguage\":\"es\",\"potentialAction\":[{\"@type\":\"ReadAction\",\"target\":[\"https:\/\/cenal.gob.ve\/?p=26053\"]}]},{\"@type\":\"BreadcrumbList\",\"@id\":\"https:\/\/cenal.gob.ve\/?p=26053#breadcrumb\",\"itemListElement\":[{\"@type\":\"ListItem\",\"position\":1,\"name\":\"Home\",\"item\":\"https:\/\/cenal.gob.ve\/\"},{\"@type\":\"ListItem\",\"position\":2,\"name\":\"Letras y memoria en la Galer\u00eda de Arte Nacional\"}]},{\"@type\":\"WebSite\",\"@id\":\"https:\/\/cenal.gob.ve\/#website\",\"url\":\"https:\/\/cenal.gob.ve\/\",\"name\":\"Cenal\",\"description\":\"\",\"publisher\":{\"@id\":\"https:\/\/cenal.gob.ve\/#organization\"},\"potentialAction\":[{\"@type\":\"SearchAction\",\"target\":{\"@type\":\"EntryPoint\",\"urlTemplate\":\"https:\/\/cenal.gob.ve\/?s={search_term_string}\"},\"query-input\":\"required name=search_term_string\"}],\"inLanguage\":\"es\"},{\"@type\":\"Organization\",\"@id\":\"https:\/\/cenal.gob.ve\/#organization\",\"name\":\"CENAL\",\"url\":\"https:\/\/cenal.gob.ve\/\",\"sameAs\":[],\"logo\":{\"@type\":\"ImageObject\",\"inLanguage\":\"es\",\"@id\":\"https:\/\/cenal.gob.ve\/#\/schema\/logo\/image\/\",\"url\":\"https:\/\/i0.wp.com\/cenal.gob.ve\/wp-content\/uploads\/2022\/10\/cropped-images.jpg?fit=512%2C512\",\"contentUrl\":\"https:\/\/i0.wp.com\/cenal.gob.ve\/wp-content\/uploads\/2022\/10\/cropped-images.jpg?fit=512%2C512\",\"width\":512,\"height\":512,\"caption\":\"CENAL\"},\"image\":{\"@id\":\"https:\/\/cenal.gob.ve\/#\/schema\/logo\/image\/\"}},{\"@type\":\"Person\",\"@id\":\"https:\/\/cenal.gob.ve\/#\/schema\/person\/e3ed34623f400ffab8bc7a63b2f5533f\",\"name\":\"Prensa Cenal\",\"image\":{\"@type\":\"ImageObject\",\"inLanguage\":\"es\",\"@id\":\"https:\/\/cenal.gob.ve\/#\/schema\/person\/image\/\",\"url\":\"https:\/\/secure.gravatar.com\/avatar\/594b4ed34090910c619ac3679001d491?s=96&d=mm&r=g\",\"contentUrl\":\"https:\/\/secure.gravatar.com\/avatar\/594b4ed34090910c619ac3679001d491?s=96&d=mm&r=g\",\"caption\":\"Prensa Cenal\"},\"url\":\"https:\/\/cenal.gob.ve\/?author=10\"}]}<\/script>\n<!-- \/ Yoast SEO plugin. -->","yoast_head_json":{"title":"Letras y memoria en la Galer\u00eda de Arte Nacional","robots":{"index":"index","follow":"follow","max-snippet":"max-snippet:-1","max-image-preview":"max-image-preview:large","max-video-preview":"max-video-preview:-1"},"canonical":"https:\/\/cenal.gob.ve\/?p=26053","og_locale":"es_ES","og_type":"article","og_title":"Letras y memoria en la Galer\u00eda de Arte Nacional","og_description":"La Galer\u00eda de Arte Nacional y la plaza de la Juventud, epicentro de la 21a Feria Internacional del Libro de Venezuela (Filven) 2025, respiraron este s\u00e1bado un aire cargado de [&hellip;]","og_url":"https:\/\/cenal.gob.ve\/?p=26053","og_site_name":"Cenal","article_published_time":"2025-07-06T20:54:14+00:00","article_modified_time":"2025-07-06T20:54:17+00:00","og_image":[{"width":1024,"height":682,"url":"http:\/\/cenal.gob.ve\/wp-content\/uploads\/2025\/07\/WhatsApp-Image-2025-07-04-at-8.18.25-PM-1024x682-1.jpeg","type":"image\/jpeg"}],"author":"Prensa Cenal","twitter_card":"summary_large_image","twitter_misc":{"Written by":"Prensa Cenal","Est. reading time":"5 minutos"},"schema":{"@context":"https:\/\/schema.org","@graph":[{"@type":"Article","@id":"https:\/\/cenal.gob.ve\/?p=26053#article","isPartOf":{"@id":"https:\/\/cenal.gob.ve\/?p=26053"},"author":{"name":"Prensa Cenal","@id":"https:\/\/cenal.gob.ve\/#\/schema\/person\/e3ed34623f400ffab8bc7a63b2f5533f"},"headline":"Letras y memoria en la Galer\u00eda de Arte Nacional","datePublished":"2025-07-06T20:54:14+00:00","dateModified":"2025-07-06T20:54:17+00:00","mainEntityOfPage":{"@id":"https:\/\/cenal.gob.ve\/?p=26053"},"wordCount":910,"commentCount":0,"publisher":{"@id":"https:\/\/cenal.gob.ve\/#organization"},"articleSection":["Filven"],"inLanguage":"es","potentialAction":[{"@type":"CommentAction","name":"Comment","target":["https:\/\/cenal.gob.ve\/?p=26053#respond"]}]},{"@type":"WebPage","@id":"https:\/\/cenal.gob.ve\/?p=26053","url":"https:\/\/cenal.gob.ve\/?p=26053","name":"Letras y memoria en la Galer\u00eda de Arte Nacional","isPartOf":{"@id":"https:\/\/cenal.gob.ve\/#website"},"datePublished":"2025-07-06T20:54:14+00:00","dateModified":"2025-07-06T20:54:17+00:00","breadcrumb":{"@id":"https:\/\/cenal.gob.ve\/?p=26053#breadcrumb"},"inLanguage":"es","potentialAction":[{"@type":"ReadAction","target":["https:\/\/cenal.gob.ve\/?p=26053"]}]},{"@type":"BreadcrumbList","@id":"https:\/\/cenal.gob.ve\/?p=26053#breadcrumb","itemListElement":[{"@type":"ListItem","position":1,"name":"Home","item":"https:\/\/cenal.gob.ve\/"},{"@type":"ListItem","position":2,"name":"Letras y memoria en la Galer\u00eda de Arte Nacional"}]},{"@type":"WebSite","@id":"https:\/\/cenal.gob.ve\/#website","url":"https:\/\/cenal.gob.ve\/","name":"Cenal","description":"","publisher":{"@id":"https:\/\/cenal.gob.ve\/#organization"},"potentialAction":[{"@type":"SearchAction","target":{"@type":"EntryPoint","urlTemplate":"https:\/\/cenal.gob.ve\/?s={search_term_string}"},"query-input":"required name=search_term_string"}],"inLanguage":"es"},{"@type":"Organization","@id":"https:\/\/cenal.gob.ve\/#organization","name":"CENAL","url":"https:\/\/cenal.gob.ve\/","sameAs":[],"logo":{"@type":"ImageObject","inLanguage":"es","@id":"https:\/\/cenal.gob.ve\/#\/schema\/logo\/image\/","url":"https:\/\/i0.wp.com\/cenal.gob.ve\/wp-content\/uploads\/2022\/10\/cropped-images.jpg?fit=512%2C512","contentUrl":"https:\/\/i0.wp.com\/cenal.gob.ve\/wp-content\/uploads\/2022\/10\/cropped-images.jpg?fit=512%2C512","width":512,"height":512,"caption":"CENAL"},"image":{"@id":"https:\/\/cenal.gob.ve\/#\/schema\/logo\/image\/"}},{"@type":"Person","@id":"https:\/\/cenal.gob.ve\/#\/schema\/person\/e3ed34623f400ffab8bc7a63b2f5533f","name":"Prensa Cenal","image":{"@type":"ImageObject","inLanguage":"es","@id":"https:\/\/cenal.gob.ve\/#\/schema\/person\/image\/","url":"https:\/\/secure.gravatar.com\/avatar\/594b4ed34090910c619ac3679001d491?s=96&d=mm&r=g","contentUrl":"https:\/\/secure.gravatar.com\/avatar\/594b4ed34090910c619ac3679001d491?s=96&d=mm&r=g","caption":"Prensa Cenal"},"url":"https:\/\/cenal.gob.ve\/?author=10"}]}},"jetpack_featured_media_url":"https:\/\/cenal.gob.ve\/wp-content\/uploads\/2025\/07\/WhatsApp-Image-2025-07-04-at-8.18.25-PM-1024x682-1.jpeg","jetpack_publicize_connections":[],"jetpack_shortlink":"https:\/\/wp.me\/p5FMhp-6Md","_links":{"self":[{"href":"https:\/\/cenal.gob.ve\/index.php?rest_route=\/wp\/v2\/posts\/26053"}],"collection":[{"href":"https:\/\/cenal.gob.ve\/index.php?rest_route=\/wp\/v2\/posts"}],"about":[{"href":"https:\/\/cenal.gob.ve\/index.php?rest_route=\/wp\/v2\/types\/post"}],"author":[{"embeddable":true,"href":"https:\/\/cenal.gob.ve\/index.php?rest_route=\/wp\/v2\/users\/10"}],"replies":[{"embeddable":true,"href":"https:\/\/cenal.gob.ve\/index.php?rest_route=%2Fwp%2Fv2%2Fcomments&post=26053"}],"version-history":[{"count":1,"href":"https:\/\/cenal.gob.ve\/index.php?rest_route=\/wp\/v2\/posts\/26053\/revisions"}],"predecessor-version":[{"id":26055,"href":"https:\/\/cenal.gob.ve\/index.php?rest_route=\/wp\/v2\/posts\/26053\/revisions\/26055"}],"wp:featuredmedia":[{"embeddable":true,"href":"https:\/\/cenal.gob.ve\/index.php?rest_route=\/wp\/v2\/media\/26054"}],"wp:attachment":[{"href":"https:\/\/cenal.gob.ve\/index.php?rest_route=%2Fwp%2Fv2%2Fmedia&parent=26053"}],"wp:term":[{"taxonomy":"category","embeddable":true,"href":"https:\/\/cenal.gob.ve\/index.php?rest_route=%2Fwp%2Fv2%2Fcategories&post=26053"},{"taxonomy":"post_tag","embeddable":true,"href":"https:\/\/cenal.gob.ve\/index.php?rest_route=%2Fwp%2Fv2%2Ftags&post=26053"}],"curies":[{"name":"wp","href":"https:\/\/api.w.org\/{rel}","templated":true}]}}