{"id":26056,"date":"2025-07-07T16:05:45","date_gmt":"2025-07-07T20:05:45","guid":{"rendered":"https:\/\/cenal.gob.ve\/?p=26056"},"modified":"2025-07-07T16:28:04","modified_gmt":"2025-07-07T20:28:04","slug":"domingo-de-letras-y-abrazos-la-filven-palpita-entre-familias-y-libros","status":"publish","type":"post","link":"https:\/\/cenal.gob.ve\/?p=26056","title":{"rendered":"Domingo de letras y abrazos: la Filven palpita entre familias y libros"},"content":{"rendered":"\n<p>Desde la ma\u00f1ana del domingo 6 de julio, la 21a Feria Internacional del Libro de Venezuela (Filven) 2025 se visti\u00f3 de los colores de sus visitantes. Cientos de familias cruzaron sus puertas como un r\u00edo de curiosidad: ni\u00f1os y ni\u00f1as tirando de las manos de sus familiares, j\u00f3venes hojeando novelas, padres cargando bolsas con tesoros reci\u00e9n descubiertos. El aire ol\u00eda a papel nuevo y esperanza.<\/p>\n\n\n\n<p>La ma\u00f1ana comenz\u00f3 con voces que tej\u00edan puentes. En la Sala Marc de Civrieux, Omaira Forero convers\u00f3 con cinco escritores en \u201cTiempo de letras\u201d, mientras en la Sala Filven se rend\u00eda homenaje al etn\u00f3logo franc\u00e9s con \u201cLa tentaci\u00f3n de las perlas\u201d. Casi al mismo tiempo, en la Sala Egipto, una lectura desde la arquitectura desentra\u00f1aba los secretos de las pir\u00e1mides, y en la Sala Mosonyi, la ciencia ficci\u00f3n venezolana navegaba por \u201cR\u00edos milenarios\u201d.<\/p>\n\n\n\n<p>Pero el coraz\u00f3n lat\u00eda fuerte en el Pabell\u00f3n Infantil: ni\u00f1os y ni\u00f1as pintando murales inspirados en \u201cEl secreto del cangrejo azul\u201d, de Tony Tong; otros sellando culturas entre el Nilo y el Orinoco con acuarelas, y decenas m\u00e1s en el hechizo de \u201cLa nana m\u00e1gica\u201d en el anfiteatro. En este pabell\u00f3n los libros no solo se le\u00edan, se tocaban, se coloreaban, se transformaban en t\u00edteres y canciones.<\/p>\n\n\n\n<p>Entre caf\u00e9s y libros, las voces del p\u00fablico tej\u00edan su propia cr\u00f3nica. Fernando, acompa\u00f1ado de sus hijas y esposa, compart\u00eda con emoci\u00f3n: \u201cEsto viene de Ch\u00e1vez\u201d, quien hizo realidad \u201cel d\u00eda que entregaron miles de Don Quijote en Plaza Bol\u00edvar. A veces compramos, a veces solo disfrutamos el ambiente, pero siempre es extraordinario\u201d.<\/p>\n\n\n\n<figure class=\"wp-block-image\"><img src=\"https:\/\/filven.com\/wp-content\/uploads\/2025\/07\/photo_2025-07-06_13-52-11-682x1024.jpg\" alt=\"\" class=\"wp-image-26319\"\/><\/figure>\n\n\n\n<p>Karelys, docente de preescolar, observaba sonriente: \u201cIncentiva a ni\u00f1os y adultos. He visto m\u00e1s opciones infantiles que nunca, \u00a1y los libros para primera infancia son una joya!\u201d.<\/p>\n\n\n\n<p>El mediod\u00eda trajo historias que desaf\u00edan el tiempo. En la Sala Juan Calzadilla, el homenaje al poeta reuni\u00f3 a tres generaciones frente a sus manuscritos. Mientras, Lourdes Manrique analizaba la geopol\u00edtica de Ch\u00e1vez \u201cdesde el coraz\u00f3n\u201d en la Sala Judith Valencia, y en la Sala Filven, Esteban Emilio Mosonyi volv\u00eda a vivir en su \u201cLiteratura ind\u00edgena\u201d.<\/p>\n\n\n\n<p>En los espacios de la plaza de la Juventud, un visitante respiraba hondo: \u201cEste aire natural, el pabell\u00f3n infantil\u2026 es hermoso. Nos sentimos bien tratados, a\u00f1oramos un pa\u00eds as\u00ed\u201d. Italo Vera, expositor y profesor, a\u00f1ad\u00eda: \u201cComo asistente y participante, me emociona el entusiasmo por la literatura. \u00a1Hay tanta vida alrededor de los libros!\u201d.<\/p>\n\n\n\n<p>Por la tarde, el libro mostr\u00f3 su poder integrador: asistentes discut\u00edan sobre Frantz Fanon en la Sala Fragui, j\u00f3venes grababan poemas en el taller \u201cCrear con palabras\u201d, y ni\u00f1as y ni\u00f1os tej\u00edan mu\u00f1ecas Abayomi \u2013s\u00edmbolo de resistencia afro\u2013 junto a abuelas que recordaban sus ra\u00edces. En la Sala Egipto, egipcios y venezolanos descubr\u00edan versos comunes en \u201cPoes\u00eda con ojos de Nilo\u201d.<\/p>\n\n\n\n<figure class=\"wp-block-image\"><img src=\"https:\/\/filven.com\/wp-content\/uploads\/2025\/07\/photo_2025-07-07_09-12-06-1024x1024.jpg\" alt=\"\" class=\"wp-image-26279\"\/><\/figure>\n\n\n\n<p>El ocaso lleg\u00f3 con cantos a la memoria: Tarek William Saab reuni\u00f3 a cinco poetas que leyeron sus versos como ofrenda en la Sala Filven, mientras en la Sala Mosonyi se presentaba \u201cUn lago cuenta su historia\u201d, una de las \u00faltimas ediciones de la Revista Nacional de Cultura. Al fondo, ni\u00f1os y ni\u00f1as re\u00edan con \u201cEl cangrejo de Luxor\u201d convertido en t\u00edtere.<\/p>\n\n\n\n<p>Este domingo, los libros fueron m\u00e1s que objetos: fueron mesas donde Fernando ense\u00f1\u00f3 a sus hijas a descifrar mundos; puentes entre Karelys y sus futuros alumnos; bancas donde un visitante an\u00f3nimo so\u00f1\u00f3 un pa\u00eds.<\/p>\n\n\n\n<p>La 21a Feria Internacional del Libro de Venezuela sigue abierta hasta el 13 de julio. La invitaci\u00f3n es a recorrerla desde muy temprano de manos de quienes nos aman, pues aqu\u00ed, entre cuentos y debates, cada libro es un hogar compartido.<\/p>\n\n\n\n<figure class=\"wp-block-image\"><img src=\"https:\/\/filven.com\/wp-content\/uploads\/2025\/07\/photo_2025-07-06_13-52-15-1024x683.jpg\" alt=\"\" class=\"wp-image-26320\"\/><\/figure>\n\n\n\n<p>FILVEN\/BC\/REP<\/p>\n\n\n\n<p><a href=\"https:\/\/filven.com\/antologia-sonando-un-largo-viaje-reune-45-anos-de-poesia-de-tarek-wiliam-saab\/\">Antolog\u00eda \u201cSo\u00f1ando un largo viaje\u201d re\u00fane 45 a\u00f1os de poes\u00eda de Tarek\u00a0Wiliam\u00a0Saab<\/a><\/p>\n\n\n\n<p><a href=\"https:\/\/filven.com\/la-conquista-del-esequibo-es-un-viejo-objetivo-de-estados-unidos\/\">La conquista del Esequibo es un viejo objetivo de Estados Unidos<\/a><\/p>\n\n\n\n<p><a href=\"https:\/\/filven.com\/sayed-goubeyal-expuso-ventajas-de-los-medios-digitales-como-via-para-democratizar-el-pensamiento-politico\/\">Sayed Goubeyal expuso ventajas de los medios digitales como v\u00eda para democratizar el pensamiento pol\u00edtico<\/a><\/p>\n\n\n\n<p><a href=\"https:\/\/filven.com\/monteavila-presento-en-la-filven-la-tentacion-de-las-perlas-de-marc-de-civrieux\/\">Monte\u00e1vila present\u00f3 en la Filven La tentaci\u00f3n de las perlas de Marc de Civrieux<\/a><\/p>\n\n\n\n<p><a href=\"https:\/\/filven.com\/especialistas-encuentran-en-frantz-fanon-una-guia-para-entender-las-asimetrias-del-poder\/\">Especialistas encuentran en Frantz Fanon una gu\u00eda para entender las asimetr\u00edas del poder<\/a><\/p>\n\n\n\n<p><a href=\"https:\/\/filven.com\/gan-ofrece-recorrido-por-la-produccion-pictorica-de-juan-calzadilla\/\">GAN ofrece recorrido por la producci\u00f3n pict\u00f3rica de Juan Calzadilla<\/a><\/p>\n\n\n\n<p><a href=\"https:\/\/filven.com\/destacan-fundamentos-humanistas-de-iran-frente-al-asedio-de-occidente\/\">Destacan fundamentos humanistas de Ir\u00e1n frente al asedio de Occidente<\/a><\/p>\n\n\n\n<p><a href=\"https:\/\/filven.com\/la-pentade-retrata-en-palabras-la-magia-ancestral-de-egipto\/\">\u201cLa P\u00e9ntade\u201d retrata en palabras la magia ancestral de Egipto<\/a><\/p>\n\n\n\n<p><a href=\"https:\/\/filven.com\/revista-nacional-de-cultura-86-anos-de-memoria-viva\/\">Revista Nacional de C<\/a><a href=\"ultura: 86 a\u00f1os de mem\">ultura: 86 a\u00f1os de mem<\/a><a href=\"https:\/\/filven.com\/revista-nacional-de-cultura-86-anos-de-memoria-viva\/\">oria viva<\/a><\/p>\n\n\n\n<p><a href=\"https:\/\/filven.com\/mas-alla-de-las-piramides-el-egipto-medieval-y-su-arte-islamico-llegan-a-la-filven\/\">M\u00e1s all\u00e1 de las pir\u00e1mides: El Egipto medieval y su arte isl\u00e1mico llegan a la Filven<\/a><\/p>\n\n\n\n<p><a href=\"https:\/\/filven.com\/obra-de-anahi-arizmendi-recoge-aportes-de-simon-rodriguez-para-defender-la-infancia\/\">Obra de Anah\u00ed Arizmendi recoge aportes de Sim\u00f3n Rodr\u00edguez para defender la infancia<\/a><\/p>\n\n\n\n<p><a href=\"https:\/\/filven.com\/miguel-barnet-develo-la-resistencia-invisibilizada-de-los-cimarrones\/\">Miguel Barnet devel\u00f3 la resistencia invisibilizada de los cimarrones<\/a><\/p>\n\n\n\n<p><a href=\"https:\/\/filven.com\/investigadora-analiza-la-influencia-de-chavez-a-traves-de-la-geopolitica-desde-el-corazon\/\">Investigadora analiza la influencia de Ch\u00e1vez a trav\u00e9s de la \u201cgeopol\u00edtica desde el coraz\u00f3n\u201d<\/a><\/p>\n\n\n\n<p><a href=\"https:\/\/filven.com\/destacan-importancia-de-la-uicom-como-plataforma-para-el-estudio-y-combate-de-la-ciberguerra\/\">Destacan importancia de la Uicom como plataforma para el estudio y combate de la ciberguerra<\/a><\/p>\n\n\n\n<p><a href=\"https:\/\/filven.com\/mosonyi-promueve-literatura-indigena-para-incentivar-estudio-de-los-pueblos-originarios\/\">Mosonyi promueve literatura ind\u00edgena para incentivar estudio de los pueblos originarios<\/a><\/p>\n\n\n\n<p><a href=\"https:\/\/filven.com\/vielma-mora-presento-libro-que-honra-victoria-sovietica-sobre-el-fascismo\/\">Vielma Mora present\u00f3 libro que honra victoria sovi\u00e9tica sobre el fascismo<\/a><\/p>\n\n\n\n<p><a href=\"https:\/\/filven.com\/libro-de-rolando-graterol-estudia-la-amenaza-del-injerencismo-contra-la-industria-petrolera\/\">Libro de Rolando Graterol estudia la amenaza del injerencismo contra la industria petrolera<\/a><\/p>\n\n\n\n<p><a href=\"https:\/\/filven.com\/del-discurso-de-angostura-al-libro-azul-una-reflexion-colectiva-sobre-el-ideario-revolucionario\/\">\u201cDel Discurso de Angostura al Libro azul\u201d, una reflexi\u00f3n colectiva sobre el ideario revolucionario<\/a><\/p>\n\n\n\n<p><a href=\"https:\/\/filven.com\/la-poesia-un-puente-cultural-entre-venezuela-y-egipto\/\">La poes\u00eda, un puente cultural entre Venezuela y Egipto<\/a><\/p>\n","protected":false},"excerpt":{"rendered":"<p>Desde la ma\u00f1ana del domingo 6 de julio, la 21a Feria Internacional del Libro de Venezuela (Filven) 2025 se visti\u00f3 de los colores de sus visitantes. Cientos de familias cruzaron [&hellip;]<\/p>\n","protected":false},"author":10,"featured_media":26057,"comment_status":"open","ping_status":"closed","sticky":false,"template":"","format":"standard","meta":{"spay_email":"","jetpack_publicize_message":"","jetpack_is_tweetstorm":false,"jetpack_publicize_feature_enabled":true},"categories":[12],"tags":[],"yoast_head":"<!-- This site is optimized with the Yoast SEO plugin v19.8 - https:\/\/yoast.com\/wordpress\/plugins\/seo\/ -->\n<title>Domingo de letras y abrazos: la Filven palpita entre familias y libros<\/title>\n<meta name=\"robots\" content=\"index, follow, max-snippet:-1, max-image-preview:large, max-video-preview:-1\" \/>\n<link rel=\"canonical\" href=\"https:\/\/cenal.gob.ve\/?p=26056\" \/>\n<meta property=\"og:locale\" content=\"es_ES\" \/>\n<meta property=\"og:type\" content=\"article\" \/>\n<meta property=\"og:title\" content=\"Domingo de letras y abrazos: la Filven palpita entre familias y libros\" \/>\n<meta property=\"og:description\" content=\"Desde la ma\u00f1ana del domingo 6 de julio, la 21a Feria Internacional del Libro de Venezuela (Filven) 2025 se visti\u00f3 de los colores de sus visitantes. Cientos de familias cruzaron [&hellip;]\" \/>\n<meta property=\"og:url\" content=\"https:\/\/cenal.gob.ve\/?p=26056\" \/>\n<meta property=\"og:site_name\" content=\"Cenal\" \/>\n<meta property=\"article:published_time\" content=\"2025-07-07T20:05:45+00:00\" \/>\n<meta property=\"article:modified_time\" content=\"2025-07-07T20:28:04+00:00\" \/>\n<meta property=\"og:image\" content=\"http:\/\/cenal.gob.ve\/wp-content\/uploads\/2025\/07\/photo_2025-07-06_13-52-19-1024x682-1.jpg\" \/>\n\t<meta property=\"og:image:width\" content=\"1024\" \/>\n\t<meta property=\"og:image:height\" content=\"682\" \/>\n\t<meta property=\"og:image:type\" content=\"image\/jpeg\" \/>\n<meta name=\"author\" content=\"Prensa Cenal\" \/>\n<meta name=\"twitter:card\" content=\"summary_large_image\" \/>\n<meta name=\"twitter:label1\" content=\"Written by\" \/>\n\t<meta name=\"twitter:data1\" content=\"Prensa Cenal\" \/>\n\t<meta name=\"twitter:label2\" content=\"Est. reading time\" \/>\n\t<meta name=\"twitter:data2\" content=\"5 minutos\" \/>\n<script type=\"application\/ld+json\" class=\"yoast-schema-graph\">{\"@context\":\"https:\/\/schema.org\",\"@graph\":[{\"@type\":\"Article\",\"@id\":\"https:\/\/cenal.gob.ve\/?p=26056#article\",\"isPartOf\":{\"@id\":\"https:\/\/cenal.gob.ve\/?p=26056\"},\"author\":{\"name\":\"Prensa Cenal\",\"@id\":\"https:\/\/cenal.gob.ve\/#\/schema\/person\/e3ed34623f400ffab8bc7a63b2f5533f\"},\"headline\":\"Domingo de letras y abrazos: la Filven palpita entre familias y libros\",\"datePublished\":\"2025-07-07T20:05:45+00:00\",\"dateModified\":\"2025-07-07T20:28:04+00:00\",\"mainEntityOfPage\":{\"@id\":\"https:\/\/cenal.gob.ve\/?p=26056\"},\"wordCount\":931,\"commentCount\":0,\"publisher\":{\"@id\":\"https:\/\/cenal.gob.ve\/#organization\"},\"articleSection\":[\"Filven\"],\"inLanguage\":\"es\",\"potentialAction\":[{\"@type\":\"CommentAction\",\"name\":\"Comment\",\"target\":[\"https:\/\/cenal.gob.ve\/?p=26056#respond\"]}]},{\"@type\":\"WebPage\",\"@id\":\"https:\/\/cenal.gob.ve\/?p=26056\",\"url\":\"https:\/\/cenal.gob.ve\/?p=26056\",\"name\":\"Domingo de letras y abrazos: la Filven palpita entre familias y libros\",\"isPartOf\":{\"@id\":\"https:\/\/cenal.gob.ve\/#website\"},\"datePublished\":\"2025-07-07T20:05:45+00:00\",\"dateModified\":\"2025-07-07T20:28:04+00:00\",\"breadcrumb\":{\"@id\":\"https:\/\/cenal.gob.ve\/?p=26056#breadcrumb\"},\"inLanguage\":\"es\",\"potentialAction\":[{\"@type\":\"ReadAction\",\"target\":[\"https:\/\/cenal.gob.ve\/?p=26056\"]}]},{\"@type\":\"BreadcrumbList\",\"@id\":\"https:\/\/cenal.gob.ve\/?p=26056#breadcrumb\",\"itemListElement\":[{\"@type\":\"ListItem\",\"position\":1,\"name\":\"Home\",\"item\":\"https:\/\/cenal.gob.ve\/\"},{\"@type\":\"ListItem\",\"position\":2,\"name\":\"Domingo de letras y abrazos: la Filven palpita entre familias y libros\"}]},{\"@type\":\"WebSite\",\"@id\":\"https:\/\/cenal.gob.ve\/#website\",\"url\":\"https:\/\/cenal.gob.ve\/\",\"name\":\"Cenal\",\"description\":\"\",\"publisher\":{\"@id\":\"https:\/\/cenal.gob.ve\/#organization\"},\"potentialAction\":[{\"@type\":\"SearchAction\",\"target\":{\"@type\":\"EntryPoint\",\"urlTemplate\":\"https:\/\/cenal.gob.ve\/?s={search_term_string}\"},\"query-input\":\"required name=search_term_string\"}],\"inLanguage\":\"es\"},{\"@type\":\"Organization\",\"@id\":\"https:\/\/cenal.gob.ve\/#organization\",\"name\":\"CENAL\",\"url\":\"https:\/\/cenal.gob.ve\/\",\"sameAs\":[],\"logo\":{\"@type\":\"ImageObject\",\"inLanguage\":\"es\",\"@id\":\"https:\/\/cenal.gob.ve\/#\/schema\/logo\/image\/\",\"url\":\"https:\/\/i0.wp.com\/cenal.gob.ve\/wp-content\/uploads\/2022\/10\/cropped-images.jpg?fit=512%2C512\",\"contentUrl\":\"https:\/\/i0.wp.com\/cenal.gob.ve\/wp-content\/uploads\/2022\/10\/cropped-images.jpg?fit=512%2C512\",\"width\":512,\"height\":512,\"caption\":\"CENAL\"},\"image\":{\"@id\":\"https:\/\/cenal.gob.ve\/#\/schema\/logo\/image\/\"}},{\"@type\":\"Person\",\"@id\":\"https:\/\/cenal.gob.ve\/#\/schema\/person\/e3ed34623f400ffab8bc7a63b2f5533f\",\"name\":\"Prensa Cenal\",\"image\":{\"@type\":\"ImageObject\",\"inLanguage\":\"es\",\"@id\":\"https:\/\/cenal.gob.ve\/#\/schema\/person\/image\/\",\"url\":\"https:\/\/secure.gravatar.com\/avatar\/594b4ed34090910c619ac3679001d491?s=96&d=mm&r=g\",\"contentUrl\":\"https:\/\/secure.gravatar.com\/avatar\/594b4ed34090910c619ac3679001d491?s=96&d=mm&r=g\",\"caption\":\"Prensa Cenal\"},\"url\":\"https:\/\/cenal.gob.ve\/?author=10\"}]}<\/script>\n<!-- \/ Yoast SEO plugin. -->","yoast_head_json":{"title":"Domingo de letras y abrazos: la Filven palpita entre familias y libros","robots":{"index":"index","follow":"follow","max-snippet":"max-snippet:-1","max-image-preview":"max-image-preview:large","max-video-preview":"max-video-preview:-1"},"canonical":"https:\/\/cenal.gob.ve\/?p=26056","og_locale":"es_ES","og_type":"article","og_title":"Domingo de letras y abrazos: la Filven palpita entre familias y libros","og_description":"Desde la ma\u00f1ana del domingo 6 de julio, la 21a Feria Internacional del Libro de Venezuela (Filven) 2025 se visti\u00f3 de los colores de sus visitantes. Cientos de familias cruzaron [&hellip;]","og_url":"https:\/\/cenal.gob.ve\/?p=26056","og_site_name":"Cenal","article_published_time":"2025-07-07T20:05:45+00:00","article_modified_time":"2025-07-07T20:28:04+00:00","og_image":[{"width":1024,"height":682,"url":"http:\/\/cenal.gob.ve\/wp-content\/uploads\/2025\/07\/photo_2025-07-06_13-52-19-1024x682-1.jpg","type":"image\/jpeg"}],"author":"Prensa Cenal","twitter_card":"summary_large_image","twitter_misc":{"Written by":"Prensa Cenal","Est. reading time":"5 minutos"},"schema":{"@context":"https:\/\/schema.org","@graph":[{"@type":"Article","@id":"https:\/\/cenal.gob.ve\/?p=26056#article","isPartOf":{"@id":"https:\/\/cenal.gob.ve\/?p=26056"},"author":{"name":"Prensa Cenal","@id":"https:\/\/cenal.gob.ve\/#\/schema\/person\/e3ed34623f400ffab8bc7a63b2f5533f"},"headline":"Domingo de letras y abrazos: la Filven palpita entre familias y libros","datePublished":"2025-07-07T20:05:45+00:00","dateModified":"2025-07-07T20:28:04+00:00","mainEntityOfPage":{"@id":"https:\/\/cenal.gob.ve\/?p=26056"},"wordCount":931,"commentCount":0,"publisher":{"@id":"https:\/\/cenal.gob.ve\/#organization"},"articleSection":["Filven"],"inLanguage":"es","potentialAction":[{"@type":"CommentAction","name":"Comment","target":["https:\/\/cenal.gob.ve\/?p=26056#respond"]}]},{"@type":"WebPage","@id":"https:\/\/cenal.gob.ve\/?p=26056","url":"https:\/\/cenal.gob.ve\/?p=26056","name":"Domingo de letras y abrazos: la Filven palpita entre familias y libros","isPartOf":{"@id":"https:\/\/cenal.gob.ve\/#website"},"datePublished":"2025-07-07T20:05:45+00:00","dateModified":"2025-07-07T20:28:04+00:00","breadcrumb":{"@id":"https:\/\/cenal.gob.ve\/?p=26056#breadcrumb"},"inLanguage":"es","potentialAction":[{"@type":"ReadAction","target":["https:\/\/cenal.gob.ve\/?p=26056"]}]},{"@type":"BreadcrumbList","@id":"https:\/\/cenal.gob.ve\/?p=26056#breadcrumb","itemListElement":[{"@type":"ListItem","position":1,"name":"Home","item":"https:\/\/cenal.gob.ve\/"},{"@type":"ListItem","position":2,"name":"Domingo de letras y abrazos: la Filven palpita entre familias y libros"}]},{"@type":"WebSite","@id":"https:\/\/cenal.gob.ve\/#website","url":"https:\/\/cenal.gob.ve\/","name":"Cenal","description":"","publisher":{"@id":"https:\/\/cenal.gob.ve\/#organization"},"potentialAction":[{"@type":"SearchAction","target":{"@type":"EntryPoint","urlTemplate":"https:\/\/cenal.gob.ve\/?s={search_term_string}"},"query-input":"required name=search_term_string"}],"inLanguage":"es"},{"@type":"Organization","@id":"https:\/\/cenal.gob.ve\/#organization","name":"CENAL","url":"https:\/\/cenal.gob.ve\/","sameAs":[],"logo":{"@type":"ImageObject","inLanguage":"es","@id":"https:\/\/cenal.gob.ve\/#\/schema\/logo\/image\/","url":"https:\/\/i0.wp.com\/cenal.gob.ve\/wp-content\/uploads\/2022\/10\/cropped-images.jpg?fit=512%2C512","contentUrl":"https:\/\/i0.wp.com\/cenal.gob.ve\/wp-content\/uploads\/2022\/10\/cropped-images.jpg?fit=512%2C512","width":512,"height":512,"caption":"CENAL"},"image":{"@id":"https:\/\/cenal.gob.ve\/#\/schema\/logo\/image\/"}},{"@type":"Person","@id":"https:\/\/cenal.gob.ve\/#\/schema\/person\/e3ed34623f400ffab8bc7a63b2f5533f","name":"Prensa Cenal","image":{"@type":"ImageObject","inLanguage":"es","@id":"https:\/\/cenal.gob.ve\/#\/schema\/person\/image\/","url":"https:\/\/secure.gravatar.com\/avatar\/594b4ed34090910c619ac3679001d491?s=96&d=mm&r=g","contentUrl":"https:\/\/secure.gravatar.com\/avatar\/594b4ed34090910c619ac3679001d491?s=96&d=mm&r=g","caption":"Prensa Cenal"},"url":"https:\/\/cenal.gob.ve\/?author=10"}]}},"jetpack_featured_media_url":"https:\/\/cenal.gob.ve\/wp-content\/uploads\/2025\/07\/photo_2025-07-06_13-52-19-1024x682-1.jpg","jetpack_publicize_connections":[],"jetpack_shortlink":"https:\/\/wp.me\/p5FMhp-6Mg","_links":{"self":[{"href":"https:\/\/cenal.gob.ve\/index.php?rest_route=\/wp\/v2\/posts\/26056"}],"collection":[{"href":"https:\/\/cenal.gob.ve\/index.php?rest_route=\/wp\/v2\/posts"}],"about":[{"href":"https:\/\/cenal.gob.ve\/index.php?rest_route=\/wp\/v2\/types\/post"}],"author":[{"embeddable":true,"href":"https:\/\/cenal.gob.ve\/index.php?rest_route=\/wp\/v2\/users\/10"}],"replies":[{"embeddable":true,"href":"https:\/\/cenal.gob.ve\/index.php?rest_route=%2Fwp%2Fv2%2Fcomments&post=26056"}],"version-history":[{"count":2,"href":"https:\/\/cenal.gob.ve\/index.php?rest_route=\/wp\/v2\/posts\/26056\/revisions"}],"predecessor-version":[{"id":26060,"href":"https:\/\/cenal.gob.ve\/index.php?rest_route=\/wp\/v2\/posts\/26056\/revisions\/26060"}],"wp:featuredmedia":[{"embeddable":true,"href":"https:\/\/cenal.gob.ve\/index.php?rest_route=\/wp\/v2\/media\/26057"}],"wp:attachment":[{"href":"https:\/\/cenal.gob.ve\/index.php?rest_route=%2Fwp%2Fv2%2Fmedia&parent=26056"}],"wp:term":[{"taxonomy":"category","embeddable":true,"href":"https:\/\/cenal.gob.ve\/index.php?rest_route=%2Fwp%2Fv2%2Fcategories&post=26056"},{"taxonomy":"post_tag","embeddable":true,"href":"https:\/\/cenal.gob.ve\/index.php?rest_route=%2Fwp%2Fv2%2Ftags&post=26056"}],"curies":[{"name":"wp","href":"https:\/\/api.w.org\/{rel}","templated":true}]}}