{"id":26061,"date":"2025-07-08T12:58:11","date_gmt":"2025-07-08T16:58:11","guid":{"rendered":"https:\/\/cenal.gob.ve\/?p=26061"},"modified":"2025-07-08T13:24:24","modified_gmt":"2025-07-08T17:24:24","slug":"filven-2025-celebra-la-interculturalidad-en-rios-de-palabras","status":"publish","type":"post","link":"https:\/\/cenal.gob.ve\/?p=26061","title":{"rendered":"Filven 2025 celebra la interculturalidad en r\u00edos de palabras"},"content":{"rendered":"\n<p>La Galer\u00eda de Arte Nacional (GAN) y la plaza de la Juventud, flanqueadas por Parque Central y las residencias de Bellas Artes, se convirtieron en el Orinoco, que se abre paso entre un mar de ni\u00f1os, ni\u00f1as y j\u00f3venes para encontrarse con el Nilo y fluir juntos en la Feria Internacional del Libro de Venezuela (Filven) 2025, con un solo coraz\u00f3n por la interculturalidad.<\/p>\n\n\n\n<p>Este lunes 7 de julio, la celebraci\u00f3n literaria continu\u00f3 recibiendo a miles de visitantes que albergan la sed del encuentro con la palabra escrita. Un r\u00edo de gente recorri\u00f3 las \u00e1reas de la GAN donde est\u00e1n localizadas las salas que dan la bienvenida a presentaciones de libros, conversatorios y debates, pertinentes para dar a conocer las novedades en cuanto al contexto literario, cultural, social y pol\u00edtico en agenda nacional y mundial.<\/p>\n\n\n\n<p>Durante la ma\u00f1ana, el p\u00fablico acompa\u00f1\u00f3 a Judith Valencia, una homenajeada de esta Filven, para presentar su libro<em>&nbsp;El personaje capital (se) disuelve (en) su territorio<\/em>. El cual aviv\u00f3 un rico intercambio de ideas sobre sus textos de econom\u00eda y pol\u00edtica, con una denuncia sobre las pretensiones imperialistas en la regi\u00f3n.<\/p>\n\n\n\n<figure class=\"wp-block-image\"><img src=\"https:\/\/filven.com\/wp-content\/uploads\/2025\/07\/photo_2025-07-07_16-55-36-1-1024x682.jpg\" alt=\"\" class=\"wp-image-26427\"\/><\/figure>\n\n\n\n<p>Mientras estos debates ocurr\u00edan, en el Pabell\u00f3n Infantil empezaba la magia. La curiara que atraviesa los r\u00edos milenarios de la imaginaci\u00f3n los llev\u00f3 a los ni\u00f1os y las ni\u00f1as a un lugar de juegos, cuentacuentos, y talleres de caricaturas para infancias y j\u00f3venes.<\/p>\n\n\n\n<p>Al mediod\u00eda, el legado de Arist\u00f3bulo Ist\u00fariz se celebr\u00f3 a casa llena con la presentaci\u00f3n de&nbsp;<em>Vida, pensamiento y obra de Arist\u00f3bulo Ist\u00fariz,<\/em>&nbsp;de Iraida Zamora, Yaritza Mota, Yeira Mart\u00ednez, \u00c1ngel Qui\u00f1ones y Efra\u00edn Valenzuela, un trabajo publicado por la Universidad Internacional de las Comunicaciones (Uicom).<\/p>\n\n\n\n<p>Adem\u00e1s se present\u00f3&nbsp;<em>ABC de la vida bolivariana<\/em>, de Yaritza Mota, y&nbsp;<em>Arist\u00f3bulo Ist\u00fariz, comuna o nada hacia el nuevo Estado<\/em>, de Zoraima Echenique y Jes\u00fas M\u00e9ndez. Tres libros que hacen homenaje a su labor incansable por una educaci\u00f3n liberadora.<\/p>\n\n\n\n<figure class=\"wp-block-image\"><img src=\"https:\/\/filven.com\/wp-content\/uploads\/2025\/07\/photo_2025-07-07_14-51-23-682x1024.jpg\" alt=\"\" class=\"wp-image-26426\"\/><\/figure>\n\n\n\n<p>Por la tarde, el sol calent\u00f3 los motores y las aguas se desbordaron de algarab\u00eda. En esta jornada, la diosa Isis y Narmer, el primer fara\u00f3n de Egipto, ataviados de brillantes tocados, atrajeron la mirada curiosa de las y los visitantes. Las fotograf\u00edas y las selfies no faltaron; quienes se tropezaron con estos personajes ilustres de la cultura egipcia decidieron guardar este recuerdo en la imagen digitalizadas de su celular.<\/p>\n\n\n\n<p>Entretanto, en la Sala Filven, Rosin\u00e9s Ch\u00e1vez, hija del Comandante Hugo Ch\u00e1vez, presentaba&nbsp;<em>La barca de nuestros sue\u00f1os inconclusos<\/em>, en un emotivo encuentro que se hizo multitudinario y donde se pudieron observar l\u00e1grimas y sonrisas, mientras Rosin\u00e9s recordaba el inmenso amor que su padre ten\u00eda por el pueblo venezolano. Ella y Ernesto Villegas hicieron una reflexi\u00f3n sobre la vida que, pese a sus contradicciones, consigue color en la esperanza.<\/p>\n\n\n\n<p>Adem\u00e1s, el ministro de Cultura le permiti\u00f3 al p\u00fablico presente que le hiciera preguntas a la hija del Comandante, lo que caus\u00f3 furor y alegr\u00eda entre la multitud.<\/p>\n\n\n\n<figure class=\"wp-block-image\"><img src=\"https:\/\/filven.com\/wp-content\/uploads\/2025\/07\/photo_2025-07-08_08-59-24-1024x682.jpg\" alt=\"\" class=\"wp-image-26428\"\/><\/figure>\n\n\n\n<p>All\u00ed, entre el jolgorio de gente visitando stands, la dimensi\u00f3n de aguas celestes del Pabell\u00f3n Infantil cerr\u00f3 un d\u00eda de aventuras con los cuentos de papel de Lorito el payaso y un taller de poes\u00eda para j\u00f3venes dictado por el poeta Jos\u00e9 Javier S\u00e1nchez.<\/p>\n\n\n\n<p>La tarde del lunes, el poemario&nbsp;<em>Raz\u00f3n perdida<\/em>, de Gustavo Pereira, traducido al \u00e1rabe y publicado por la Editorial Alnabega, fue presentado ante un p\u00fablico diverso de ciudadanos venezolanos y egipcios. En el encuentro, el presentador Osama Al Buhair destac\u00f3 el verbo del autor margarite\u00f1o cuyos somaris gritan contra el centralismo de occidente.<\/p>\n\n\n\n<p><strong>Descuentos en el Pabell\u00f3n Egipto<\/strong><\/p>\n\n\n\n<p>\u00a1Excelentes noticias! Mohamad Abdelwahab, subjefe de Misi\u00f3n de la embajada de Egipto en Caracas, inform\u00f3 este lunes 7, que hasta el martes 8 de julio, de 6:00 p. m. a 8:00 p. m., habr\u00e1 en el pabell\u00f3n de Egipto descuento de 50% en todos los libros y del 30% en otros art\u00edculos alusivos a la cultura egipcia.<\/p>\n\n\n\n<p>Los y las visitantes pueden hallar libros de distintos g\u00e9neros de autores y autoras egipcios traducidos al espa\u00f1ol. Tambi\u00e9n encontrar\u00e1n libros con caligraf\u00eda \u00e1rabe de autores venezolanos.<\/p>\n\n\n\n<p>Adem\u00e1s, hay variedad de artesan\u00edas propias de Egipto, entre tapetes, vasos, platos y otros productos.<\/p>\n\n\n\n<p>Se trata de una ocasi\u00f3n muy importante para la naci\u00f3n \u00e1rabe y Venezuela, en el marco de las relaciones diplom\u00e1ticas establecidas entre ambos pa\u00edses desde hace 75 a\u00f1os.<\/p>\n\n\n\n<p>En esta ocasi\u00f3n, la Filven une a dos r\u00edos milenarios: el Nilo y el Orinoco que se entrelazan en un flujo simb\u00f3lico que representa la relaci\u00f3n diplom\u00e1tica y la cooperaci\u00f3n complementaria entre Egipto y Venezuela.<\/p>\n\n\n\n<p>Con estas met\u00e1foras, a trav\u00e9s de la palabra escrita, celebran la interculturalidad, el reconocimiento mutuo, y con el lema \u201cLeer humaniza\u201d de la Filven, la concientizaci\u00f3n del p\u00fablico mediante el abrazo de los libros.<\/p>\n\n\n\n<p>La m\u00e1xima fiesta de la palabra se celebra hasta el domingo 13 de julio en la GAN y la plaza de la Juventud, donde m\u00e1s de 80 expositores dejan una huella en su paso por la tierra de Bol\u00edvar y Miranda.<\/p>\n\n\n\n<figure class=\"wp-block-image\"><img src=\"https:\/\/filven.com\/wp-content\/uploads\/2025\/07\/PR-1024x768.jpg\" alt=\"\" class=\"wp-image-26430\"\/><\/figure>\n\n\n\n<p>FILVEN \/SE\/MCV<\/p>\n\n\n\n<p><a href=\"https:\/\/filven.com\/pabellon-de-egipto-en-filven-ofrece-50-de-descuento-en-libros\/\">Pabell\u00f3n de Egipto<\/a> <a href=\"https:\/\/filven.com\/pabellon-de-egipto-en-filven-ofrece-50-de-descuento-en-libros\/\">en Filven ofrece 50% de descuento en libros<\/a><\/p>\n\n\n\n<p><a href=\"https:\/\/filven.com\/obra-de-judith-valencia-desnuda-las-politicas-imperialistas-y-hegemonicas-hacia-latinoamerica\/\">Obra de Judith Valencia desnuda las pol\u00edticas imperialistas y hegem\u00f3nicas hacia Latinoam\u00e9rica<\/a><\/p>\n\n\n\n<p><a href=\"https:\/\/filven.com\/voces-y-miradas-editoriales-matizan-una-feria-que-humaniza\/\">Voces y miradas editoriales matizan una feria que humaniza<\/a><\/p>\n\n\n\n<p><a href=\"https:\/\/filven.com\/el-braille-empodera-a-las-personas-con-discapacidad-visual\/\">El<\/a> <a href=\"https:\/\/filven.com\/el-braille-empodera-a-las-personas-con-discapacidad-visual\/\">braille empodera a las personas con discapacidad visual<\/a><\/p>\n\n\n\n<p><a href=\"https:\/\/filven.com\/indigenas-analizaron-programas-de-revitalizacion-de-sus-idiomas-y-cultura\/\">Ind\u00edgenas analizaron programas de revitalizaci\u00f3n de sus idiomas y cultura<\/a><\/p>\n\n\n\n<p><a href=\"https:\/\/filven.com\/rememoran-la-lucha-insurgente-del-cacique-guaicapuro\/\">Rememoran la lucha insurgente del cacique Guaicapuro<\/a><\/p>\n\n\n\n<p><a href=\"https:\/\/filven.com\/el-legado-de-aristobulo-isturiz-ahora-es-palabra-viva\/\">El legado de Arist\u00f3bulo Ist\u00fariz ahora es palabra viva<\/a><\/p>\n\n\n\n<p><a href=\"https:\/\/filven.com\/compiladores-destacan-influencia-del-legado-de-bolivar-en-el-pensamiento-de-chavez\/\">Compiladores destacan influencia del legado de Bol\u00edvar en el pensamiento de Ch\u00e1vez<\/a><\/p>\n\n\n\n<p><a href=\"https:\/\/filven.com\/razon-perdida-de-gustavo-pereira-ahora-es-una-huella-venezolana-en-egipto\/\">Raz\u00f3n perdida, de Gustavo Pereira, ahora es una huella venezolana en Egipto<\/a><\/p>\n\n\n\n<p><a href=\"https:\/\/filven.com\/revistas-que-contribuyen-al-conocimiento-de-la-historia-insurgente-fueron-presentadas-en-la-21a-filven\/\">Revistas que contribuyen al conocimiento de la historia insurgente fueron presentadas en la 21\u00aa Filven<\/a><\/p>\n\n\n\n<p><a href=\"https:\/\/filven.com\/lele-es-polvo-de-estrellas-promueve-apoyo-a-la-comunidad-neurodivergente\/\">Lele es polvo de estrellas promueve apoyo a la comunidad neurodivergente<\/a><\/p>\n\n\n\n<p><a href=\"https:\/\/filven.com\/novela-malparidas-de-natalia-bericat-expone-la-violencia-de-genero-desde-una-mirada-historica\/\">Novela \u201cMalparidas\u201d de Natalia Bericat expone la violencia de g\u00e9nero desde una mirada hist\u00f3rica<\/a><\/p>\n\n\n\n<p><a href=\"https:\/\/filven.com\/rosines-y-hugo-chavez-siguen-unidos-a-traves-de-la-palabra-y-la-creacion\/\">Rosin\u00e9s y Hugo Ch\u00e1vez siguen unidos a trav\u00e9s de la palabra y la creaci\u00f3n<\/a><\/p>\n\n\n\n<p><a href=\"https:\/\/filven.com\/rio-quemado-de-jorge-rodriguez-teje-un-puente-de-poesia-con-egipto\/\">R\u00edo quemado de Jorge Rodr\u00edguez teje un puente de poes\u00eda con Egipto<\/a><\/p>\n\n\n\n<p><a href=\"https:\/\/filven.com\/abordaron-en-filven-garantia-de-una-democracia-mas-participativa-con-propuesta-de-reforma-constitucional\/\">Abordaron en Filven garant\u00eda de una democracia m\u00e1s participativa con propuesta de reforma constitucional<\/a><\/p>\n\n\n\n<p><a href=\"https:\/\/filven.com\/en-la-filven-crean-conciencia-a-traves-de-la-literatura-para-salvar-el-planeta\/\">En la Filven crean conciencia a trav\u00e9s de la literatura para salvar el planeta<\/a><\/p>\n\n\n\n<p><a href=\"https:\/\/filven.com\/desde-filven-invitan-a-promover-creatividad-de-jovenes-con-tea-mediante-cultura-del-reciclaje\/\">Desde Filven invitan a promover creatividad de j\u00f3venes con TEA mediante cultura del reciclaje<\/a><\/p>\n\n\n\n<p><a href=\"https:\/\/filven.com\/el-orgullo-de-ser-afrodescendiente-se-puede-inculcar-desde-las-aulas\/\">El orgullo de ser afrodescendiente se puede inculcar desde las aulas<\/a><\/p>\n\n\n\n<p><a href=\"https:\/\/filven.com\/cosimo-mandrillo-ensena-claves-para-lograr-una-buena-traduccion-literaria\/\">C\u00f3simo Mandrillo ense\u00f1a claves para lograr una buena traducci\u00f3n\u00a0literaria<\/a><\/p>\n\n\n\n<p><a href=\"https:\/\/filven.com\/investigacion-desentrana-vulnerabilidad-de-migrantes-venezolanos-en-colombia\/\">Investigaci\u00f3n desentra\u00f1a vulnerabilidad de migrantes venezolanos en Colombia<\/a><\/p>\n\n\n\n<p><\/p>\n","protected":false},"excerpt":{"rendered":"<p>La Galer\u00eda de Arte Nacional (GAN) y la plaza de la Juventud, flanqueadas por Parque Central y las residencias de Bellas Artes, se convirtieron en el Orinoco, que se abre [&hellip;]<\/p>\n","protected":false},"author":10,"featured_media":26062,"comment_status":"open","ping_status":"closed","sticky":false,"template":"","format":"standard","meta":{"spay_email":"","jetpack_publicize_message":"","jetpack_is_tweetstorm":false,"jetpack_publicize_feature_enabled":true},"categories":[12],"tags":[],"yoast_head":"<!-- This site is optimized with the Yoast SEO plugin v19.8 - https:\/\/yoast.com\/wordpress\/plugins\/seo\/ -->\n<title>Filven 2025 celebra la interculturalidad en r\u00edos de palabras<\/title>\n<meta name=\"robots\" content=\"index, follow, max-snippet:-1, max-image-preview:large, max-video-preview:-1\" \/>\n<link rel=\"canonical\" href=\"https:\/\/cenal.gob.ve\/?p=26061\" \/>\n<meta property=\"og:locale\" content=\"es_ES\" \/>\n<meta property=\"og:type\" content=\"article\" \/>\n<meta property=\"og:title\" content=\"Filven 2025 celebra la interculturalidad en r\u00edos de palabras\" \/>\n<meta property=\"og:description\" content=\"La Galer\u00eda de Arte Nacional (GAN) y la plaza de la Juventud, flanqueadas por Parque Central y las residencias de Bellas Artes, se convirtieron en el Orinoco, que se abre [&hellip;]\" \/>\n<meta property=\"og:url\" content=\"https:\/\/cenal.gob.ve\/?p=26061\" \/>\n<meta property=\"og:site_name\" content=\"Cenal\" \/>\n<meta property=\"article:published_time\" content=\"2025-07-08T16:58:11+00:00\" \/>\n<meta property=\"article:modified_time\" content=\"2025-07-08T17:24:24+00:00\" \/>\n<meta property=\"og:image\" content=\"http:\/\/cenal.gob.ve\/wp-content\/uploads\/2025\/07\/photo_2025-07-08_06-29-11-1-1024x682-1.jpg\" \/>\n\t<meta property=\"og:image:width\" content=\"1024\" \/>\n\t<meta property=\"og:image:height\" content=\"682\" \/>\n\t<meta property=\"og:image:type\" content=\"image\/jpeg\" \/>\n<meta name=\"author\" content=\"Prensa Cenal\" \/>\n<meta name=\"twitter:card\" content=\"summary_large_image\" \/>\n<meta name=\"twitter:label1\" content=\"Written by\" \/>\n\t<meta name=\"twitter:data1\" content=\"Prensa Cenal\" \/>\n\t<meta name=\"twitter:label2\" content=\"Est. reading time\" \/>\n\t<meta name=\"twitter:data2\" content=\"6 minutos\" \/>\n<script type=\"application\/ld+json\" class=\"yoast-schema-graph\">{\"@context\":\"https:\/\/schema.org\",\"@graph\":[{\"@type\":\"Article\",\"@id\":\"https:\/\/cenal.gob.ve\/?p=26061#article\",\"isPartOf\":{\"@id\":\"https:\/\/cenal.gob.ve\/?p=26061\"},\"author\":{\"name\":\"Prensa Cenal\",\"@id\":\"https:\/\/cenal.gob.ve\/#\/schema\/person\/e3ed34623f400ffab8bc7a63b2f5533f\"},\"headline\":\"Filven 2025 celebra la interculturalidad en r\u00edos de palabras\",\"datePublished\":\"2025-07-08T16:58:11+00:00\",\"dateModified\":\"2025-07-08T17:24:24+00:00\",\"mainEntityOfPage\":{\"@id\":\"https:\/\/cenal.gob.ve\/?p=26061\"},\"wordCount\":1172,\"commentCount\":0,\"publisher\":{\"@id\":\"https:\/\/cenal.gob.ve\/#organization\"},\"articleSection\":[\"Filven\"],\"inLanguage\":\"es\",\"potentialAction\":[{\"@type\":\"CommentAction\",\"name\":\"Comment\",\"target\":[\"https:\/\/cenal.gob.ve\/?p=26061#respond\"]}]},{\"@type\":\"WebPage\",\"@id\":\"https:\/\/cenal.gob.ve\/?p=26061\",\"url\":\"https:\/\/cenal.gob.ve\/?p=26061\",\"name\":\"Filven 2025 celebra la interculturalidad en r\u00edos de palabras\",\"isPartOf\":{\"@id\":\"https:\/\/cenal.gob.ve\/#website\"},\"datePublished\":\"2025-07-08T16:58:11+00:00\",\"dateModified\":\"2025-07-08T17:24:24+00:00\",\"breadcrumb\":{\"@id\":\"https:\/\/cenal.gob.ve\/?p=26061#breadcrumb\"},\"inLanguage\":\"es\",\"potentialAction\":[{\"@type\":\"ReadAction\",\"target\":[\"https:\/\/cenal.gob.ve\/?p=26061\"]}]},{\"@type\":\"BreadcrumbList\",\"@id\":\"https:\/\/cenal.gob.ve\/?p=26061#breadcrumb\",\"itemListElement\":[{\"@type\":\"ListItem\",\"position\":1,\"name\":\"Home\",\"item\":\"https:\/\/cenal.gob.ve\/\"},{\"@type\":\"ListItem\",\"position\":2,\"name\":\"Filven 2025 celebra la interculturalidad en r\u00edos de palabras\"}]},{\"@type\":\"WebSite\",\"@id\":\"https:\/\/cenal.gob.ve\/#website\",\"url\":\"https:\/\/cenal.gob.ve\/\",\"name\":\"Cenal\",\"description\":\"\",\"publisher\":{\"@id\":\"https:\/\/cenal.gob.ve\/#organization\"},\"potentialAction\":[{\"@type\":\"SearchAction\",\"target\":{\"@type\":\"EntryPoint\",\"urlTemplate\":\"https:\/\/cenal.gob.ve\/?s={search_term_string}\"},\"query-input\":\"required name=search_term_string\"}],\"inLanguage\":\"es\"},{\"@type\":\"Organization\",\"@id\":\"https:\/\/cenal.gob.ve\/#organization\",\"name\":\"CENAL\",\"url\":\"https:\/\/cenal.gob.ve\/\",\"sameAs\":[],\"logo\":{\"@type\":\"ImageObject\",\"inLanguage\":\"es\",\"@id\":\"https:\/\/cenal.gob.ve\/#\/schema\/logo\/image\/\",\"url\":\"https:\/\/i0.wp.com\/cenal.gob.ve\/wp-content\/uploads\/2022\/10\/cropped-images.jpg?fit=512%2C512\",\"contentUrl\":\"https:\/\/i0.wp.com\/cenal.gob.ve\/wp-content\/uploads\/2022\/10\/cropped-images.jpg?fit=512%2C512\",\"width\":512,\"height\":512,\"caption\":\"CENAL\"},\"image\":{\"@id\":\"https:\/\/cenal.gob.ve\/#\/schema\/logo\/image\/\"}},{\"@type\":\"Person\",\"@id\":\"https:\/\/cenal.gob.ve\/#\/schema\/person\/e3ed34623f400ffab8bc7a63b2f5533f\",\"name\":\"Prensa Cenal\",\"image\":{\"@type\":\"ImageObject\",\"inLanguage\":\"es\",\"@id\":\"https:\/\/cenal.gob.ve\/#\/schema\/person\/image\/\",\"url\":\"https:\/\/secure.gravatar.com\/avatar\/594b4ed34090910c619ac3679001d491?s=96&d=mm&r=g\",\"contentUrl\":\"https:\/\/secure.gravatar.com\/avatar\/594b4ed34090910c619ac3679001d491?s=96&d=mm&r=g\",\"caption\":\"Prensa Cenal\"},\"url\":\"https:\/\/cenal.gob.ve\/?author=10\"}]}<\/script>\n<!-- \/ Yoast SEO plugin. -->","yoast_head_json":{"title":"Filven 2025 celebra la interculturalidad en r\u00edos de palabras","robots":{"index":"index","follow":"follow","max-snippet":"max-snippet:-1","max-image-preview":"max-image-preview:large","max-video-preview":"max-video-preview:-1"},"canonical":"https:\/\/cenal.gob.ve\/?p=26061","og_locale":"es_ES","og_type":"article","og_title":"Filven 2025 celebra la interculturalidad en r\u00edos de palabras","og_description":"La Galer\u00eda de Arte Nacional (GAN) y la plaza de la Juventud, flanqueadas por Parque Central y las residencias de Bellas Artes, se convirtieron en el Orinoco, que se abre [&hellip;]","og_url":"https:\/\/cenal.gob.ve\/?p=26061","og_site_name":"Cenal","article_published_time":"2025-07-08T16:58:11+00:00","article_modified_time":"2025-07-08T17:24:24+00:00","og_image":[{"width":1024,"height":682,"url":"http:\/\/cenal.gob.ve\/wp-content\/uploads\/2025\/07\/photo_2025-07-08_06-29-11-1-1024x682-1.jpg","type":"image\/jpeg"}],"author":"Prensa Cenal","twitter_card":"summary_large_image","twitter_misc":{"Written by":"Prensa Cenal","Est. reading time":"6 minutos"},"schema":{"@context":"https:\/\/schema.org","@graph":[{"@type":"Article","@id":"https:\/\/cenal.gob.ve\/?p=26061#article","isPartOf":{"@id":"https:\/\/cenal.gob.ve\/?p=26061"},"author":{"name":"Prensa Cenal","@id":"https:\/\/cenal.gob.ve\/#\/schema\/person\/e3ed34623f400ffab8bc7a63b2f5533f"},"headline":"Filven 2025 celebra la interculturalidad en r\u00edos de palabras","datePublished":"2025-07-08T16:58:11+00:00","dateModified":"2025-07-08T17:24:24+00:00","mainEntityOfPage":{"@id":"https:\/\/cenal.gob.ve\/?p=26061"},"wordCount":1172,"commentCount":0,"publisher":{"@id":"https:\/\/cenal.gob.ve\/#organization"},"articleSection":["Filven"],"inLanguage":"es","potentialAction":[{"@type":"CommentAction","name":"Comment","target":["https:\/\/cenal.gob.ve\/?p=26061#respond"]}]},{"@type":"WebPage","@id":"https:\/\/cenal.gob.ve\/?p=26061","url":"https:\/\/cenal.gob.ve\/?p=26061","name":"Filven 2025 celebra la interculturalidad en r\u00edos de palabras","isPartOf":{"@id":"https:\/\/cenal.gob.ve\/#website"},"datePublished":"2025-07-08T16:58:11+00:00","dateModified":"2025-07-08T17:24:24+00:00","breadcrumb":{"@id":"https:\/\/cenal.gob.ve\/?p=26061#breadcrumb"},"inLanguage":"es","potentialAction":[{"@type":"ReadAction","target":["https:\/\/cenal.gob.ve\/?p=26061"]}]},{"@type":"BreadcrumbList","@id":"https:\/\/cenal.gob.ve\/?p=26061#breadcrumb","itemListElement":[{"@type":"ListItem","position":1,"name":"Home","item":"https:\/\/cenal.gob.ve\/"},{"@type":"ListItem","position":2,"name":"Filven 2025 celebra la interculturalidad en r\u00edos de palabras"}]},{"@type":"WebSite","@id":"https:\/\/cenal.gob.ve\/#website","url":"https:\/\/cenal.gob.ve\/","name":"Cenal","description":"","publisher":{"@id":"https:\/\/cenal.gob.ve\/#organization"},"potentialAction":[{"@type":"SearchAction","target":{"@type":"EntryPoint","urlTemplate":"https:\/\/cenal.gob.ve\/?s={search_term_string}"},"query-input":"required name=search_term_string"}],"inLanguage":"es"},{"@type":"Organization","@id":"https:\/\/cenal.gob.ve\/#organization","name":"CENAL","url":"https:\/\/cenal.gob.ve\/","sameAs":[],"logo":{"@type":"ImageObject","inLanguage":"es","@id":"https:\/\/cenal.gob.ve\/#\/schema\/logo\/image\/","url":"https:\/\/i0.wp.com\/cenal.gob.ve\/wp-content\/uploads\/2022\/10\/cropped-images.jpg?fit=512%2C512","contentUrl":"https:\/\/i0.wp.com\/cenal.gob.ve\/wp-content\/uploads\/2022\/10\/cropped-images.jpg?fit=512%2C512","width":512,"height":512,"caption":"CENAL"},"image":{"@id":"https:\/\/cenal.gob.ve\/#\/schema\/logo\/image\/"}},{"@type":"Person","@id":"https:\/\/cenal.gob.ve\/#\/schema\/person\/e3ed34623f400ffab8bc7a63b2f5533f","name":"Prensa Cenal","image":{"@type":"ImageObject","inLanguage":"es","@id":"https:\/\/cenal.gob.ve\/#\/schema\/person\/image\/","url":"https:\/\/secure.gravatar.com\/avatar\/594b4ed34090910c619ac3679001d491?s=96&d=mm&r=g","contentUrl":"https:\/\/secure.gravatar.com\/avatar\/594b4ed34090910c619ac3679001d491?s=96&d=mm&r=g","caption":"Prensa Cenal"},"url":"https:\/\/cenal.gob.ve\/?author=10"}]}},"jetpack_featured_media_url":"https:\/\/cenal.gob.ve\/wp-content\/uploads\/2025\/07\/photo_2025-07-08_06-29-11-1-1024x682-1.jpg","jetpack_publicize_connections":[],"jetpack_shortlink":"https:\/\/wp.me\/p5FMhp-6Ml","_links":{"self":[{"href":"https:\/\/cenal.gob.ve\/index.php?rest_route=\/wp\/v2\/posts\/26061"}],"collection":[{"href":"https:\/\/cenal.gob.ve\/index.php?rest_route=\/wp\/v2\/posts"}],"about":[{"href":"https:\/\/cenal.gob.ve\/index.php?rest_route=\/wp\/v2\/types\/post"}],"author":[{"embeddable":true,"href":"https:\/\/cenal.gob.ve\/index.php?rest_route=\/wp\/v2\/users\/10"}],"replies":[{"embeddable":true,"href":"https:\/\/cenal.gob.ve\/index.php?rest_route=%2Fwp%2Fv2%2Fcomments&post=26061"}],"version-history":[{"count":2,"href":"https:\/\/cenal.gob.ve\/index.php?rest_route=\/wp\/v2\/posts\/26061\/revisions"}],"predecessor-version":[{"id":26065,"href":"https:\/\/cenal.gob.ve\/index.php?rest_route=\/wp\/v2\/posts\/26061\/revisions\/26065"}],"wp:featuredmedia":[{"embeddable":true,"href":"https:\/\/cenal.gob.ve\/index.php?rest_route=\/wp\/v2\/media\/26062"}],"wp:attachment":[{"href":"https:\/\/cenal.gob.ve\/index.php?rest_route=%2Fwp%2Fv2%2Fmedia&parent=26061"}],"wp:term":[{"taxonomy":"category","embeddable":true,"href":"https:\/\/cenal.gob.ve\/index.php?rest_route=%2Fwp%2Fv2%2Fcategories&post=26061"},{"taxonomy":"post_tag","embeddable":true,"href":"https:\/\/cenal.gob.ve\/index.php?rest_route=%2Fwp%2Fv2%2Ftags&post=26061"}],"curies":[{"name":"wp","href":"https:\/\/api.w.org\/{rel}","templated":true}]}}