{"id":26066,"date":"2025-07-09T18:08:00","date_gmt":"2025-07-09T22:08:00","guid":{"rendered":"https:\/\/cenal.gob.ve\/?p=26066"},"modified":"2025-07-10T16:32:31","modified_gmt":"2025-07-10T20:32:31","slug":"la-filven-siembra-lectores-entre-rios-de-papel","status":"publish","type":"post","link":"https:\/\/cenal.gob.ve\/?p=26066","title":{"rendered":"La Filven siembra lectores entre r\u00edos de papel"},"content":{"rendered":"\n<p><br>Este martes 8 de julio, la 21a Feria Internacional del Libro de Venezuela (Filven) 2025 confirm\u00f3 su vocaci\u00f3n esencial de convertir los libros en puentes accesibles para sus visitantes. Desde tempranas horas de la ma\u00f1ana, la feria despleg\u00f3 su din\u00e1mica y multitudinaria variedad de stands en la Galer\u00eda de Arte Nacional y en la plaza de la Juventud de Caracas.<\/p>\n\n\n\n<p>Es un epicentro cultural donde cl\u00e1sicos universales, estudios pol\u00edticos y acad\u00e9micos, narrativas contempor\u00e1neas, poes\u00eda vibrante y \u00e1lbumes infantiles conviven en los estands abarrotados de personas. Visitantes de todas las edades y de diferentes naciones exploran este mosaico literario que demuestra c\u00f3mo los libros tejen una comunidad de \u00e1vidos lectores.<\/p>\n\n\n\n<p><strong>El d\u00eda en m\u00faltiples voces<\/strong><\/p>\n\n\n\n<p>Mientras se analizaban los v\u00ednculos bolivarianos con el continente africano en la presentaci\u00f3n del libro&nbsp;<em>Hugo Ch\u00e1vez y la Madre \u00c1frica<\/em>, el historiador Ubaldo Garc\u00eda reivindicaba en otra sala al pr\u00f3cer trujillano Antonio Nicol\u00e1s Brice\u00f1o con documentos que humanizan su lucha. Adem\u00e1s, la Feria mostr\u00f3 su capacidad para albergar di\u00e1logos simult\u00e1neos: el VII Coloquio de Literatura Infantil y Juvenil contrastaba con debates sobre algoritmos y poder, mientras talleres docentes como Una gota de luna sembraban estrategias pedag\u00f3gicas.<\/p>\n\n\n\n<figure class=\"wp-block-image\"><img src=\"https:\/\/filven.com\/wp-content\/uploads\/2025\/07\/photo_2025-07-09_09-23-14-1024x682.jpg\" alt=\"\" class=\"wp-image-26719\"\/><\/figure>\n\n\n\n<p><strong>Homenajes que trascienden<\/strong><\/p>\n\n\n\n<p>La tarde rindi\u00f3 tributo a dos pilares culturales: Esteban Emilio Mosonyi, honrado con&nbsp;<strong><em>Reflexiones cr\u00edticas en torno al Carib<\/em>e<\/strong>, y Juan Calzadilla, cuya antolog\u00eda&nbsp;<strong><em>Cabos sueltos<\/em><\/strong>&nbsp;reuni\u00f3 a tres generaciones. El momento l\u00edrico lo coron\u00f3 la cubana Nancy Morej\u00f3n con&nbsp;<em>P\u00e1jara de cristal, f\u00f3sforo y aire<\/em>, donde versos como&nbsp;<em>Tengo los pies sobre la tierra y la frente en lo infinito<\/em>&nbsp;resonaron entre el p\u00fablico.<\/p>\n\n\n\n<figure class=\"wp-block-image\"><img src=\"https:\/\/filven.com\/wp-content\/uploads\/2025\/07\/photo_2025-07-09_09-24-27-1024x682.jpg\" alt=\"\" class=\"wp-image-26720\"\/><\/figure>\n\n\n\n<p><strong>Atardecer con reflexi\u00f3n pol\u00edtica<\/strong><\/p>\n\n\n\n<p>El rector de la Universidad Nacional de las Comunas, Jorge Arreaza, y el ministro del Poder Popular para la Cultura, Ernesto Villegas, cerraron la jornada analizando&nbsp;<em>Hommo Populus<\/em>, del economista venezolano Luis Berrizbeit\u00eda. Acto seguido, las \u00faltimas luces de la Feria se iban apagando entre familias que buscaban tesoros literarios con esa emoci\u00f3n \u00fanica de quien sabe que un libro espera para expandir sus horizontes.<\/p>\n\n\n\n<p>La Filven 2025 seguir\u00e1 con sus puertas abiertas hasta el domingo 13 de julio, destacando en la ciudad capital como un espacio donde cada libro abierto es una ventana a Venezuela. Bajo el lema \u201cLeer humaniza\u201d, este laberinto de letras invita a perderse para encontrarnos nuevamente en comunidad.<\/p>\n\n\n\n<figure class=\"wp-block-image\"><img src=\"https:\/\/filven.com\/wp-content\/uploads\/2025\/07\/photo_2025-07-09_09-25-02-1024x682.jpg\" alt=\"\" class=\"wp-image-26721\"\/><\/figure>\n\n\n\n<p>FILVEN\/BC\/MR<\/p>\n\n\n\n<p>O<strong>tras notas aqu\u00ed: <\/strong><\/p>\n\n\n\n<p><a href=\"https:\/\/filven.com\/rinden-homenaje-a-mosonyi-con-llamado-a-fortalecer-las-lenguas-indigenas\/\">Rinden homenaje a Mosonyi con llamado a fortalecer las lenguas ind\u00edgenas<\/a><\/p>\n\n\n\n<p><a href=\"https:\/\/filven.com\/cuba-y-venezuela-escriben-en-filven-una-nueva-historia-entre-sus-paginas-de-hermandad\/\">Cuba y Venezuela escriben en Filven una nueva historia entre sus p\u00e1ginas de hermandad<\/a><\/p>\n\n\n\n<p><a href=\"https:\/\/filven.com\/autores-reflexionan-sobre-desafios-de-la-literatura-infantil-latinoamericana\/\">Autores reflexionan sobre desaf\u00edos de la literatura infantil latinoamericana<\/a><\/p>\n\n\n\n<p><a href=\"https:\/\/filven.com\/la-filven-siembra-lectores-entre-rios-de-papel\/\">La Filven siembra lectores entre r\u00edos de papel<\/a><br><a href=\"https:\/\/filven.com\/con-cabos-sueltos-homenajean-a-juan-calzadilla-y-su-impronta-poetica\/\">Con<\/a> <a href=\"https:\/\/filven.com\/con-cabos-sueltos-homenajean-a-juan-calzadilla-y-su-impronta-poetica\/\">Cabos sueltos homenajean a Juan Calzadilla y su impronta po\u00e9tica<\/a><\/p>\n\n\n\n<p><a href=\"https:\/\/filven.com\/la-ruta-del-insomne-resalta-valor-literario-de-ramos-sucre\/\">La ruta del insomne resalta valor literario de Ramos Sucre<\/a><\/p>\n\n\n\n<p><a href=\"https:\/\/filven.com\/la-memoria-viva-de-nora-castaneda-es-reconocida-en-la-filven\/\">La memoria viva de Nora Casta\u00f1eda es reconocida en la Filven<\/a><\/p>\n\n\n\n<p><a href=\"https:\/\/filven.com\/la-poesia-de-nancy-morejon-alza-vuelo-con-pajara-de-cristal-fosforo-y-aire\/\">La poes\u00eda de Nancy Morej\u00f3n alza vuelo con P\u00e1jara de cristal, f\u00f3sforo y aire<\/a><br><a href=\"https:\/\/filven.com\/flora-tristan-precursora-del-socialismo-feminista-es-hija-del-libertador\/\">Flora Trist\u00e1n, precursora del socialismo feminista, \u00bfes hija del Libertador?<\/a><\/p>\n\n\n\n<p><a href=\"https:\/\/filven.com\/el-pensamiento-disruptivo-de-chavez-esta-contenido-en-la-obra-republica-comunal\/\">El pensamiento disruptivo de Ch\u00e1vez est\u00e1 contenido en la obra Rep\u00fablica comunal<\/a><\/p>\n\n\n\n<p><a href=\"https:\/\/filven.com\/hugo-chavez-y-la-madre-africa-testimonio-del-pensamiento-emancipador-y-la-solidaridad-global\/\">Hugo Ch\u00e1vez y la Madre \u00c1frica: testimonio del pensamiento emancipador y la solidaridad global<\/a><\/p>\n\n\n\n<p><a href=\"https:\/\/filven.com\/relatos-de-combatiente-de-la-guerrilla-caraquena-de-los-60-tomaron-la-filven\/\">Relatos de combatiente de la guerrilla caraque\u00f1a de los 60 tomaron la Filven<\/a><\/p>\n\n\n\n<p><a href=\"https:\/\/filven.com\/homo-populus-el-pueblo-como-sujeto-politico-de-luis-berrizbeitia-define-al-pueblo-organizado\/\">Homo populus. El pueblo como sujeto pol\u00edtico de Luis Berrizbeit\u00eda define al pueblo organizado<\/a><\/p>\n\n\n\n<p><a href=\"https:\/\/filven.com\/expositores-internacionales-valoran-la-filven-como-un-universo-de-diversidad-cultural\/\">Expositores internacionales valoran la Filven como un universo de diversidad cultural<\/a><\/p>\n\n\n\n<p><a href=\"https:\/\/filven.com\/islam-y-cultura-conductores-de-un-mensaje-de-paz-que-une-voces-en-la-filven-2025\/\">Islam y cultura: conductores de un mensaje de paz que une voces en la Filven 2025<\/a><\/p>\n\n\n\n<p><a href=\"https:\/\/filven.com\/coloquio-de-literatura-infantil-y-juvenil-trasciende-la-filven-hasta-las-escuelas\/\">Coloquio de Literatura Infantil y Juvenil trasciende la Filven hasta las escuelas<\/a><\/p>\n\n\n\n<p><a href=\"https:\/\/filven.com\/cesar-luis-franco-analiza-desafios-de-la-literatura-infantil-en-desarrollo-de-la-identidad-cultural\/\">C\u00e9sar Luis Franco analiza desaf\u00edos de la literatura infantil para desarrollo de la identidad cultural<\/a><\/p>\n\n\n\n<p><a href=\"https:\/\/filven.com\/trilogia-infantil-de-iliana-gomez-fomenta-el-dialogo-intercultural\/\">Trilog\u00eda infantil de Iliana G\u00f3mez fomenta el di\u00e1logo intercultural<\/a><\/p>\n\n\n\n<p><a href=\"https:\/\/filven.com\/filven-impulsa-herramientas-ludicas-para-promocionar-la-lectura-en-los-mas-jovenes\/\">Filven impulsa herramientas l\u00fadicas para promocionar la lectura en los m\u00e1s j\u00f3venes<\/a><\/p>\n\n\n\n<p><a href=\"https:\/\/filven.com\/handy-el-setouhy-impulsa-el-analisis-de-la-arquitectura-como-producto-cultural\/\">Handy El-Setouhy impulsa el an\u00e1lisis de la arquitectura como producto cultural<\/a><\/p>\n\n\n\n<p><a href=\"https:\/\/filven.com\/antonio-nicolas-briceno-al-panteon-nacional-las-razones-del-procer-trujillano\/\">Antonio Nicol\u00e1s Brice\u00f1o al Pante\u00f3n Nacional: las razones del pr\u00f3cer trujillano<\/a><\/p>\n\n\n\n<p><a href=\"https:\/\/filven.com\/sudeaseg-aporta-su-experiencia-para-recuperar-la-cultura-del-seguro-en-venezuela\/\">Sudeaseg aporta su experiencia para recuperar la cultura del seguro en Venezuela<\/a><\/p>\n\n\n\n<p><\/p>\n","protected":false},"excerpt":{"rendered":"<p>Este martes 8 de julio, la 21a Feria Internacional del Libro de Venezuela (Filven) 2025 confirm\u00f3 su vocaci\u00f3n esencial de convertir los libros en puentes accesibles para sus visitantes. Desde [&hellip;]<\/p>\n","protected":false},"author":10,"featured_media":26067,"comment_status":"open","ping_status":"closed","sticky":false,"template":"","format":"standard","meta":{"spay_email":"","jetpack_publicize_message":"","jetpack_is_tweetstorm":false,"jetpack_publicize_feature_enabled":true},"categories":[12],"tags":[],"yoast_head":"<!-- This site is optimized with the Yoast SEO plugin v19.8 - https:\/\/yoast.com\/wordpress\/plugins\/seo\/ -->\n<title>La Filven siembra lectores entre r\u00edos de papel<\/title>\n<meta name=\"robots\" content=\"index, follow, max-snippet:-1, max-image-preview:large, max-video-preview:-1\" \/>\n<link rel=\"canonical\" href=\"https:\/\/cenal.gob.ve\/?p=26066\" \/>\n<meta property=\"og:locale\" content=\"es_ES\" \/>\n<meta property=\"og:type\" content=\"article\" \/>\n<meta property=\"og:title\" content=\"La Filven siembra lectores entre r\u00edos de papel\" \/>\n<meta property=\"og:description\" content=\"Este martes 8 de julio, la 21a Feria Internacional del Libro de Venezuela (Filven) 2025 confirm\u00f3 su vocaci\u00f3n esencial de convertir los libros en puentes accesibles para sus visitantes. Desde [&hellip;]\" \/>\n<meta property=\"og:url\" content=\"https:\/\/cenal.gob.ve\/?p=26066\" \/>\n<meta property=\"og:site_name\" content=\"Cenal\" \/>\n<meta property=\"article:published_time\" content=\"2025-07-09T22:08:00+00:00\" \/>\n<meta property=\"article:modified_time\" content=\"2025-07-10T20:32:31+00:00\" \/>\n<meta property=\"og:image\" content=\"http:\/\/cenal.gob.ve\/wp-content\/uploads\/2025\/07\/photo_2025-07-09_12-31-11-1024x682-1.jpg\" \/>\n\t<meta property=\"og:image:width\" content=\"1024\" \/>\n\t<meta property=\"og:image:height\" content=\"682\" \/>\n\t<meta property=\"og:image:type\" content=\"image\/jpeg\" \/>\n<meta name=\"author\" content=\"Prensa Cenal\" \/>\n<meta name=\"twitter:card\" content=\"summary_large_image\" \/>\n<meta name=\"twitter:label1\" content=\"Written by\" \/>\n\t<meta name=\"twitter:data1\" content=\"Prensa Cenal\" \/>\n\t<meta name=\"twitter:label2\" content=\"Est. reading time\" \/>\n\t<meta name=\"twitter:data2\" content=\"4 minutos\" \/>\n<script type=\"application\/ld+json\" class=\"yoast-schema-graph\">{\"@context\":\"https:\/\/schema.org\",\"@graph\":[{\"@type\":\"Article\",\"@id\":\"https:\/\/cenal.gob.ve\/?p=26066#article\",\"isPartOf\":{\"@id\":\"https:\/\/cenal.gob.ve\/?p=26066\"},\"author\":{\"name\":\"Prensa Cenal\",\"@id\":\"https:\/\/cenal.gob.ve\/#\/schema\/person\/e3ed34623f400ffab8bc7a63b2f5533f\"},\"headline\":\"La Filven siembra lectores entre r\u00edos de papel\",\"datePublished\":\"2025-07-09T22:08:00+00:00\",\"dateModified\":\"2025-07-10T20:32:31+00:00\",\"mainEntityOfPage\":{\"@id\":\"https:\/\/cenal.gob.ve\/?p=26066\"},\"wordCount\":715,\"commentCount\":0,\"publisher\":{\"@id\":\"https:\/\/cenal.gob.ve\/#organization\"},\"articleSection\":[\"Filven\"],\"inLanguage\":\"es\",\"potentialAction\":[{\"@type\":\"CommentAction\",\"name\":\"Comment\",\"target\":[\"https:\/\/cenal.gob.ve\/?p=26066#respond\"]}]},{\"@type\":\"WebPage\",\"@id\":\"https:\/\/cenal.gob.ve\/?p=26066\",\"url\":\"https:\/\/cenal.gob.ve\/?p=26066\",\"name\":\"La Filven siembra lectores entre r\u00edos de papel\",\"isPartOf\":{\"@id\":\"https:\/\/cenal.gob.ve\/#website\"},\"datePublished\":\"2025-07-09T22:08:00+00:00\",\"dateModified\":\"2025-07-10T20:32:31+00:00\",\"breadcrumb\":{\"@id\":\"https:\/\/cenal.gob.ve\/?p=26066#breadcrumb\"},\"inLanguage\":\"es\",\"potentialAction\":[{\"@type\":\"ReadAction\",\"target\":[\"https:\/\/cenal.gob.ve\/?p=26066\"]}]},{\"@type\":\"BreadcrumbList\",\"@id\":\"https:\/\/cenal.gob.ve\/?p=26066#breadcrumb\",\"itemListElement\":[{\"@type\":\"ListItem\",\"position\":1,\"name\":\"Home\",\"item\":\"https:\/\/cenal.gob.ve\/\"},{\"@type\":\"ListItem\",\"position\":2,\"name\":\"La Filven siembra lectores entre r\u00edos de papel\"}]},{\"@type\":\"WebSite\",\"@id\":\"https:\/\/cenal.gob.ve\/#website\",\"url\":\"https:\/\/cenal.gob.ve\/\",\"name\":\"Cenal\",\"description\":\"\",\"publisher\":{\"@id\":\"https:\/\/cenal.gob.ve\/#organization\"},\"potentialAction\":[{\"@type\":\"SearchAction\",\"target\":{\"@type\":\"EntryPoint\",\"urlTemplate\":\"https:\/\/cenal.gob.ve\/?s={search_term_string}\"},\"query-input\":\"required name=search_term_string\"}],\"inLanguage\":\"es\"},{\"@type\":\"Organization\",\"@id\":\"https:\/\/cenal.gob.ve\/#organization\",\"name\":\"CENAL\",\"url\":\"https:\/\/cenal.gob.ve\/\",\"sameAs\":[],\"logo\":{\"@type\":\"ImageObject\",\"inLanguage\":\"es\",\"@id\":\"https:\/\/cenal.gob.ve\/#\/schema\/logo\/image\/\",\"url\":\"https:\/\/i0.wp.com\/cenal.gob.ve\/wp-content\/uploads\/2022\/10\/cropped-images.jpg?fit=512%2C512\",\"contentUrl\":\"https:\/\/i0.wp.com\/cenal.gob.ve\/wp-content\/uploads\/2022\/10\/cropped-images.jpg?fit=512%2C512\",\"width\":512,\"height\":512,\"caption\":\"CENAL\"},\"image\":{\"@id\":\"https:\/\/cenal.gob.ve\/#\/schema\/logo\/image\/\"}},{\"@type\":\"Person\",\"@id\":\"https:\/\/cenal.gob.ve\/#\/schema\/person\/e3ed34623f400ffab8bc7a63b2f5533f\",\"name\":\"Prensa Cenal\",\"image\":{\"@type\":\"ImageObject\",\"inLanguage\":\"es\",\"@id\":\"https:\/\/cenal.gob.ve\/#\/schema\/person\/image\/\",\"url\":\"https:\/\/secure.gravatar.com\/avatar\/594b4ed34090910c619ac3679001d491?s=96&d=mm&r=g\",\"contentUrl\":\"https:\/\/secure.gravatar.com\/avatar\/594b4ed34090910c619ac3679001d491?s=96&d=mm&r=g\",\"caption\":\"Prensa Cenal\"},\"url\":\"https:\/\/cenal.gob.ve\/?author=10\"}]}<\/script>\n<!-- \/ Yoast SEO plugin. -->","yoast_head_json":{"title":"La Filven siembra lectores entre r\u00edos de papel","robots":{"index":"index","follow":"follow","max-snippet":"max-snippet:-1","max-image-preview":"max-image-preview:large","max-video-preview":"max-video-preview:-1"},"canonical":"https:\/\/cenal.gob.ve\/?p=26066","og_locale":"es_ES","og_type":"article","og_title":"La Filven siembra lectores entre r\u00edos de papel","og_description":"Este martes 8 de julio, la 21a Feria Internacional del Libro de Venezuela (Filven) 2025 confirm\u00f3 su vocaci\u00f3n esencial de convertir los libros en puentes accesibles para sus visitantes. Desde [&hellip;]","og_url":"https:\/\/cenal.gob.ve\/?p=26066","og_site_name":"Cenal","article_published_time":"2025-07-09T22:08:00+00:00","article_modified_time":"2025-07-10T20:32:31+00:00","og_image":[{"width":1024,"height":682,"url":"http:\/\/cenal.gob.ve\/wp-content\/uploads\/2025\/07\/photo_2025-07-09_12-31-11-1024x682-1.jpg","type":"image\/jpeg"}],"author":"Prensa Cenal","twitter_card":"summary_large_image","twitter_misc":{"Written by":"Prensa Cenal","Est. reading time":"4 minutos"},"schema":{"@context":"https:\/\/schema.org","@graph":[{"@type":"Article","@id":"https:\/\/cenal.gob.ve\/?p=26066#article","isPartOf":{"@id":"https:\/\/cenal.gob.ve\/?p=26066"},"author":{"name":"Prensa Cenal","@id":"https:\/\/cenal.gob.ve\/#\/schema\/person\/e3ed34623f400ffab8bc7a63b2f5533f"},"headline":"La Filven siembra lectores entre r\u00edos de papel","datePublished":"2025-07-09T22:08:00+00:00","dateModified":"2025-07-10T20:32:31+00:00","mainEntityOfPage":{"@id":"https:\/\/cenal.gob.ve\/?p=26066"},"wordCount":715,"commentCount":0,"publisher":{"@id":"https:\/\/cenal.gob.ve\/#organization"},"articleSection":["Filven"],"inLanguage":"es","potentialAction":[{"@type":"CommentAction","name":"Comment","target":["https:\/\/cenal.gob.ve\/?p=26066#respond"]}]},{"@type":"WebPage","@id":"https:\/\/cenal.gob.ve\/?p=26066","url":"https:\/\/cenal.gob.ve\/?p=26066","name":"La Filven siembra lectores entre r\u00edos de papel","isPartOf":{"@id":"https:\/\/cenal.gob.ve\/#website"},"datePublished":"2025-07-09T22:08:00+00:00","dateModified":"2025-07-10T20:32:31+00:00","breadcrumb":{"@id":"https:\/\/cenal.gob.ve\/?p=26066#breadcrumb"},"inLanguage":"es","potentialAction":[{"@type":"ReadAction","target":["https:\/\/cenal.gob.ve\/?p=26066"]}]},{"@type":"BreadcrumbList","@id":"https:\/\/cenal.gob.ve\/?p=26066#breadcrumb","itemListElement":[{"@type":"ListItem","position":1,"name":"Home","item":"https:\/\/cenal.gob.ve\/"},{"@type":"ListItem","position":2,"name":"La Filven siembra lectores entre r\u00edos de papel"}]},{"@type":"WebSite","@id":"https:\/\/cenal.gob.ve\/#website","url":"https:\/\/cenal.gob.ve\/","name":"Cenal","description":"","publisher":{"@id":"https:\/\/cenal.gob.ve\/#organization"},"potentialAction":[{"@type":"SearchAction","target":{"@type":"EntryPoint","urlTemplate":"https:\/\/cenal.gob.ve\/?s={search_term_string}"},"query-input":"required name=search_term_string"}],"inLanguage":"es"},{"@type":"Organization","@id":"https:\/\/cenal.gob.ve\/#organization","name":"CENAL","url":"https:\/\/cenal.gob.ve\/","sameAs":[],"logo":{"@type":"ImageObject","inLanguage":"es","@id":"https:\/\/cenal.gob.ve\/#\/schema\/logo\/image\/","url":"https:\/\/i0.wp.com\/cenal.gob.ve\/wp-content\/uploads\/2022\/10\/cropped-images.jpg?fit=512%2C512","contentUrl":"https:\/\/i0.wp.com\/cenal.gob.ve\/wp-content\/uploads\/2022\/10\/cropped-images.jpg?fit=512%2C512","width":512,"height":512,"caption":"CENAL"},"image":{"@id":"https:\/\/cenal.gob.ve\/#\/schema\/logo\/image\/"}},{"@type":"Person","@id":"https:\/\/cenal.gob.ve\/#\/schema\/person\/e3ed34623f400ffab8bc7a63b2f5533f","name":"Prensa Cenal","image":{"@type":"ImageObject","inLanguage":"es","@id":"https:\/\/cenal.gob.ve\/#\/schema\/person\/image\/","url":"https:\/\/secure.gravatar.com\/avatar\/594b4ed34090910c619ac3679001d491?s=96&d=mm&r=g","contentUrl":"https:\/\/secure.gravatar.com\/avatar\/594b4ed34090910c619ac3679001d491?s=96&d=mm&r=g","caption":"Prensa Cenal"},"url":"https:\/\/cenal.gob.ve\/?author=10"}]}},"jetpack_featured_media_url":"https:\/\/cenal.gob.ve\/wp-content\/uploads\/2025\/07\/photo_2025-07-09_12-31-11-1024x682-1.jpg","jetpack_publicize_connections":[],"jetpack_shortlink":"https:\/\/wp.me\/p5FMhp-6Mq","_links":{"self":[{"href":"https:\/\/cenal.gob.ve\/index.php?rest_route=\/wp\/v2\/posts\/26066"}],"collection":[{"href":"https:\/\/cenal.gob.ve\/index.php?rest_route=\/wp\/v2\/posts"}],"about":[{"href":"https:\/\/cenal.gob.ve\/index.php?rest_route=\/wp\/v2\/types\/post"}],"author":[{"embeddable":true,"href":"https:\/\/cenal.gob.ve\/index.php?rest_route=\/wp\/v2\/users\/10"}],"replies":[{"embeddable":true,"href":"https:\/\/cenal.gob.ve\/index.php?rest_route=%2Fwp%2Fv2%2Fcomments&post=26066"}],"version-history":[{"count":2,"href":"https:\/\/cenal.gob.ve\/index.php?rest_route=\/wp\/v2\/posts\/26066\/revisions"}],"predecessor-version":[{"id":26070,"href":"https:\/\/cenal.gob.ve\/index.php?rest_route=\/wp\/v2\/posts\/26066\/revisions\/26070"}],"wp:featuredmedia":[{"embeddable":true,"href":"https:\/\/cenal.gob.ve\/index.php?rest_route=\/wp\/v2\/media\/26067"}],"wp:attachment":[{"href":"https:\/\/cenal.gob.ve\/index.php?rest_route=%2Fwp%2Fv2%2Fmedia&parent=26066"}],"wp:term":[{"taxonomy":"category","embeddable":true,"href":"https:\/\/cenal.gob.ve\/index.php?rest_route=%2Fwp%2Fv2%2Fcategories&post=26066"},{"taxonomy":"post_tag","embeddable":true,"href":"https:\/\/cenal.gob.ve\/index.php?rest_route=%2Fwp%2Fv2%2Ftags&post=26066"}],"curies":[{"name":"wp","href":"https:\/\/api.w.org\/{rel}","templated":true}]}}