{"id":26071,"date":"2025-07-11T16:09:52","date_gmt":"2025-07-11T20:09:52","guid":{"rendered":"https:\/\/cenal.gob.ve\/?p=26071"},"modified":"2025-07-11T16:09:59","modified_gmt":"2025-07-11T20:09:59","slug":"voces-de-resistencia-cultura-y-humor-fluyen-en-la-filven-2025","status":"publish","type":"post","link":"https:\/\/cenal.gob.ve\/?p=26071","title":{"rendered":"Voces de resistencia, cultura y humor fluyen en la Filven 2025"},"content":{"rendered":"\n<p>Las aguas de dos r\u00edos milenarios siguen fluyendo juntos y con ellos traen voces de resistencia a la Feria Internacional del Libro de Venezuela (Filven) 2025. Este mi\u00e9rcoles 9 de julio, la fiesta de la palabra se convirti\u00f3 en un escenario donde la literatura, la memoria hist\u00f3rica, la promoci\u00f3n de la lectura y el libro como plan nacional y la preservaci\u00f3n cultural entretejieron una jornada inolvidable.<\/p>\n\n\n\n<p>En horas de la ma\u00f1ana, la lluvia arreci\u00f3 contra Caracas. En la Galer\u00eda de Arte Nacional y la plaza de la Juventud, los libreros llegaban por gotas para armar los tarantines donde exponen tesoros literarios. Sin embargo, tras ver c\u00f3mo el aguacero era arropado por los rayos del sol, los amantes de los libros comenzaron a llegar para unirse a la celebraci\u00f3n.<\/p>\n\n\n\n<p>El VII Encuentro de Formadores y Mediadores para la Lectura se dio con \u00e9xito. Hombres y mujeres compartieron ideas y propuestas para la consolidaci\u00f3n del Plan Nacional de Lectura \u201cManuel Vadell\u201d. A la cita asisti\u00f3 el ministro del Poder Popular para la Cultura, Ernesto Villegas Poljak.<\/p>\n\n\n\n<figure class=\"wp-block-image\"><img src=\"https:\/\/filven.com\/wp-content\/uploads\/2025\/07\/photo_2025-07-10_06-27-32-1024x682.jpg\" alt=\"\" class=\"wp-image-26912\"\/><\/figure>\n\n\n\n<p>Desde all\u00ed, Villegas inst\u00f3 a los presentes a convertir a Venezuela en \u201cla sala de lectura permanente m\u00e1s grande del planeta\u201d y avanzar en propuestas para masificar la lectura, tal como lo instruy\u00f3 el presidente Nicol\u00e1s Maduro durante la inauguraci\u00f3n de la Filven.<\/p>\n\n\n\n<p>Muchas voces surgieron en respuesta para destacar la importancia de territorializar la lectura, con el fin de llegar a todos los rincones del pa\u00eds. Para que la lectura tome las comunas, germinaron entre todos los presentes algunas ideas sobre bibliotecas y salas de lecturas comunales.<\/p>\n\n\n\n<p>En paralelo, la din\u00e1mica se extend\u00eda despu\u00e9s de las 10:00 de la ma\u00f1ana, cuando j\u00f3venes, periodistas y escritores participaron en el&nbsp;<em>Taller de redacci\u00f3n para escritores y periodistas<\/em>, dictado por la escritora mexicana, Beatriz Mar\u00eda Escalante. Este espacio de desarrollo sirvi\u00f3 para despejar dudas, mejorar t\u00e9cnicas, intercambiar experiencias y, sobre todo, incentivar el amor por narrar.<\/p>\n\n\n\n<p><strong>Por Juan Calzadilla<\/strong><\/p>\n\n\n\n<p>En una expresi\u00f3n de admiraci\u00f3n y cari\u00f1o, poetas de fronteras diversas convergieron en una sola voz por el poeta y artista pl\u00e1stico venezolano Juan Calzadilla, quien trascendi\u00f3 a la inmortalidad el pasado 15 de junio. En un recital po\u00e9tico convocado por Abisinia Editorial, le cantaron a su vida, a su obra po\u00e9tica y a todo \u00e9l, porque hoy es impronta en la poes\u00eda nuestroamericana.<\/p>\n\n\n\n<figure class=\"wp-block-image\"><img src=\"https:\/\/filven.com\/wp-content\/uploads\/2025\/07\/photo_2025-07-09_18-43-14-1024x683.jpg\" alt=\"\" class=\"wp-image-26911\"\/><\/figure>\n\n\n\n<p>En la sala que, como homenaje, lleva su nombre se reunieron para leerle y declamarle, mientras parte de su obra pict\u00f3rica \u2013esas figuras humanas que danzan entre trazos negros\u2013 les miraba desde el rinc\u00f3n de la eternidad. Adicionalmente, Fredy Yezzed, editor de la casa editorial que hizo la invitaci\u00f3n, revel\u00f3 que ya trabajan en una obra reunida de Juan Calzadilla.<\/p>\n\n\n\n<p><strong>Entre r\u00edos y libros<\/strong><\/p>\n\n\n\n<p>El d\u00eda anticipaba una tarde con sol de lluvia y mantuvo asustados a muchos. Sin embargo, la amenaza se borr\u00f3 con el brillo luminoso del astro que sali\u00f3 a brindar su color y calor. Las presentaciones de libros amenizaron la fiesta, destacando el texto Las derivas autoritarias del capitalismo, que se consagr\u00f3 entre los asistentes como una herramienta para desmontar las pr\u00e1cticas a las que el imperialismo recurre para ejercer dominio sobre los pueblos.<\/p>\n\n\n\n<figure class=\"wp-block-image\"><img src=\"https:\/\/filven.com\/wp-content\/uploads\/2025\/07\/photo_2025-07-09_09-20-41-1024x682.jpg\" alt=\"\" class=\"wp-image-26913\"\/><\/figure>\n\n\n\n<p>Acto seguido, la energ\u00eda contagiosa del escritor mexicano \u00d3scar de la Borbolla hizo re\u00edr a todos los presentes en la Sala Filven, durante la presentaci\u00f3n de su novela&nbsp;<em>Pasado cero<\/em>, donde reflexiona sobre la p\u00e9rdida de la memoria y la b\u00fasqueda de la identidad.<\/p>\n\n\n\n<p>Con humor y amor, como dir\u00eda el poeta Aquiles Nazoa, hizo del escenario una gran sala de narraci\u00f3n esc\u00e9nica, como un cuentacuentos, para compartir an\u00e9cdotas de su vida y sobre su nueva obra literaria.<\/p>\n\n\n\n<p><strong>\u00a1A la carga!<\/strong><\/p>\n\n\n\n<p>No se puede terminar este recuento sin pasear por el lugar con la mayor cantidad de magia en toda la Filven: el Pabell\u00f3n Infantil. A pesar de la lluvia y las calles anegadas, los retrasos del Metro y las camionetas, los ni\u00f1os se montaban en la curiara que cruza el Orinoco y el Nilo y gritaban: \u00a1A la carga!, con toda su imaginaci\u00f3n.<\/p>\n\n\n\n<p>Tanto las salas de dibujo y lectura, como el anfiteatro, se desbordaron de peque\u00f1os que llegaban de comunidades, escuelas y comunas. No hubo momento de descanso. A pesar de las actividades programadas, tuvieron que inventarse otras para cumplir el sue\u00f1o de los visitantes: navegar en la imaginaci\u00f3n.<\/p>\n\n\n\n<figure class=\"wp-block-image\"><img src=\"https:\/\/filven.com\/wp-content\/uploads\/2025\/07\/photo_2025-07-09_15-40-03-1024x682.jpg\" alt=\"\" class=\"wp-image-26914\"\/><\/figure>\n\n\n\n<p>As\u00ed es la Filven. Se desborda de alegr\u00eda, uno se encuentra con amigos, se llora a quienes se despiden, se r\u00ede con quienes se comparte desde el humor, se celebra. Esta fiesta contin\u00faa hasta el domingo 13 de julio con presentaciones de libros, charlas, talleres y debates. Fiesta y m\u00e1s fiesta de la palabra en torno al libro, con Egipto como pa\u00eds invitado de honor.<\/p>\n\n\n\n<figure class=\"wp-block-image\"><img src=\"https:\/\/filven.com\/wp-content\/uploads\/2025\/07\/photo_2025-07-09_16-15-27-1024x682.jpg\" alt=\"\" class=\"wp-image-26915\"\/><\/figure>\n\n\n\n<p>FILVEN\/SE\/MR<\/p>\n\n\n\n<p>Otras noticias aqu\u00ed: <a href=\"https:\/\/filven.com\/\">Filven 2025<\/a><\/p>\n","protected":false},"excerpt":{"rendered":"<p>Las aguas de dos r\u00edos milenarios siguen fluyendo juntos y con ellos traen voces de resistencia a la Feria Internacional del Libro de Venezuela (Filven) 2025. Este mi\u00e9rcoles 9 de [&hellip;]<\/p>\n","protected":false},"author":10,"featured_media":26072,"comment_status":"open","ping_status":"closed","sticky":false,"template":"","format":"standard","meta":{"spay_email":"","jetpack_publicize_message":"","jetpack_is_tweetstorm":false,"jetpack_publicize_feature_enabled":true},"categories":[12],"tags":[],"yoast_head":"<!-- This site is optimized with the Yoast SEO plugin v19.8 - https:\/\/yoast.com\/wordpress\/plugins\/seo\/ -->\n<title>Voces de resistencia, cultura y humor fluyen en la Filven 2025<\/title>\n<meta name=\"robots\" content=\"index, follow, max-snippet:-1, max-image-preview:large, max-video-preview:-1\" \/>\n<link rel=\"canonical\" href=\"https:\/\/cenal.gob.ve\/?p=26071\" \/>\n<meta property=\"og:locale\" content=\"es_ES\" \/>\n<meta property=\"og:type\" content=\"article\" \/>\n<meta property=\"og:title\" content=\"Voces de resistencia, cultura y humor fluyen en la Filven 2025\" \/>\n<meta property=\"og:description\" content=\"Las aguas de dos r\u00edos milenarios siguen fluyendo juntos y con ellos traen voces de resistencia a la Feria Internacional del Libro de Venezuela (Filven) 2025. Este mi\u00e9rcoles 9 de [&hellip;]\" \/>\n<meta property=\"og:url\" content=\"https:\/\/cenal.gob.ve\/?p=26071\" \/>\n<meta property=\"og:site_name\" content=\"Cenal\" \/>\n<meta property=\"article:published_time\" content=\"2025-07-11T20:09:52+00:00\" \/>\n<meta property=\"article:modified_time\" content=\"2025-07-11T20:09:59+00:00\" \/>\n<meta property=\"og:image\" content=\"http:\/\/cenal.gob.ve\/wp-content\/uploads\/2025\/07\/photo_2025-07-09_15-24-34-1024x682-1.jpg\" \/>\n\t<meta property=\"og:image:width\" content=\"1024\" \/>\n\t<meta property=\"og:image:height\" content=\"682\" \/>\n\t<meta property=\"og:image:type\" content=\"image\/jpeg\" \/>\n<meta name=\"author\" content=\"Prensa Cenal\" \/>\n<meta name=\"twitter:card\" content=\"summary_large_image\" \/>\n<meta name=\"twitter:label1\" content=\"Written by\" \/>\n\t<meta name=\"twitter:data1\" content=\"Prensa Cenal\" \/>\n\t<meta name=\"twitter:label2\" content=\"Est. reading time\" \/>\n\t<meta name=\"twitter:data2\" content=\"5 minutos\" \/>\n<script type=\"application\/ld+json\" class=\"yoast-schema-graph\">{\"@context\":\"https:\/\/schema.org\",\"@graph\":[{\"@type\":\"Article\",\"@id\":\"https:\/\/cenal.gob.ve\/?p=26071#article\",\"isPartOf\":{\"@id\":\"https:\/\/cenal.gob.ve\/?p=26071\"},\"author\":{\"name\":\"Prensa Cenal\",\"@id\":\"https:\/\/cenal.gob.ve\/#\/schema\/person\/e3ed34623f400ffab8bc7a63b2f5533f\"},\"headline\":\"Voces de resistencia, cultura y humor fluyen en la Filven 2025\",\"datePublished\":\"2025-07-11T20:09:52+00:00\",\"dateModified\":\"2025-07-11T20:09:59+00:00\",\"mainEntityOfPage\":{\"@id\":\"https:\/\/cenal.gob.ve\/?p=26071\"},\"wordCount\":848,\"commentCount\":0,\"publisher\":{\"@id\":\"https:\/\/cenal.gob.ve\/#organization\"},\"articleSection\":[\"Filven\"],\"inLanguage\":\"es\",\"potentialAction\":[{\"@type\":\"CommentAction\",\"name\":\"Comment\",\"target\":[\"https:\/\/cenal.gob.ve\/?p=26071#respond\"]}]},{\"@type\":\"WebPage\",\"@id\":\"https:\/\/cenal.gob.ve\/?p=26071\",\"url\":\"https:\/\/cenal.gob.ve\/?p=26071\",\"name\":\"Voces de resistencia, cultura y humor fluyen en la Filven 2025\",\"isPartOf\":{\"@id\":\"https:\/\/cenal.gob.ve\/#website\"},\"datePublished\":\"2025-07-11T20:09:52+00:00\",\"dateModified\":\"2025-07-11T20:09:59+00:00\",\"breadcrumb\":{\"@id\":\"https:\/\/cenal.gob.ve\/?p=26071#breadcrumb\"},\"inLanguage\":\"es\",\"potentialAction\":[{\"@type\":\"ReadAction\",\"target\":[\"https:\/\/cenal.gob.ve\/?p=26071\"]}]},{\"@type\":\"BreadcrumbList\",\"@id\":\"https:\/\/cenal.gob.ve\/?p=26071#breadcrumb\",\"itemListElement\":[{\"@type\":\"ListItem\",\"position\":1,\"name\":\"Home\",\"item\":\"https:\/\/cenal.gob.ve\/\"},{\"@type\":\"ListItem\",\"position\":2,\"name\":\"Voces de resistencia, cultura y humor fluyen en la Filven 2025\"}]},{\"@type\":\"WebSite\",\"@id\":\"https:\/\/cenal.gob.ve\/#website\",\"url\":\"https:\/\/cenal.gob.ve\/\",\"name\":\"Cenal\",\"description\":\"\",\"publisher\":{\"@id\":\"https:\/\/cenal.gob.ve\/#organization\"},\"potentialAction\":[{\"@type\":\"SearchAction\",\"target\":{\"@type\":\"EntryPoint\",\"urlTemplate\":\"https:\/\/cenal.gob.ve\/?s={search_term_string}\"},\"query-input\":\"required name=search_term_string\"}],\"inLanguage\":\"es\"},{\"@type\":\"Organization\",\"@id\":\"https:\/\/cenal.gob.ve\/#organization\",\"name\":\"CENAL\",\"url\":\"https:\/\/cenal.gob.ve\/\",\"sameAs\":[],\"logo\":{\"@type\":\"ImageObject\",\"inLanguage\":\"es\",\"@id\":\"https:\/\/cenal.gob.ve\/#\/schema\/logo\/image\/\",\"url\":\"https:\/\/i0.wp.com\/cenal.gob.ve\/wp-content\/uploads\/2022\/10\/cropped-images.jpg?fit=512%2C512\",\"contentUrl\":\"https:\/\/i0.wp.com\/cenal.gob.ve\/wp-content\/uploads\/2022\/10\/cropped-images.jpg?fit=512%2C512\",\"width\":512,\"height\":512,\"caption\":\"CENAL\"},\"image\":{\"@id\":\"https:\/\/cenal.gob.ve\/#\/schema\/logo\/image\/\"}},{\"@type\":\"Person\",\"@id\":\"https:\/\/cenal.gob.ve\/#\/schema\/person\/e3ed34623f400ffab8bc7a63b2f5533f\",\"name\":\"Prensa Cenal\",\"image\":{\"@type\":\"ImageObject\",\"inLanguage\":\"es\",\"@id\":\"https:\/\/cenal.gob.ve\/#\/schema\/person\/image\/\",\"url\":\"https:\/\/secure.gravatar.com\/avatar\/594b4ed34090910c619ac3679001d491?s=96&d=mm&r=g\",\"contentUrl\":\"https:\/\/secure.gravatar.com\/avatar\/594b4ed34090910c619ac3679001d491?s=96&d=mm&r=g\",\"caption\":\"Prensa Cenal\"},\"url\":\"https:\/\/cenal.gob.ve\/?author=10\"}]}<\/script>\n<!-- \/ Yoast SEO plugin. -->","yoast_head_json":{"title":"Voces de resistencia, cultura y humor fluyen en la Filven 2025","robots":{"index":"index","follow":"follow","max-snippet":"max-snippet:-1","max-image-preview":"max-image-preview:large","max-video-preview":"max-video-preview:-1"},"canonical":"https:\/\/cenal.gob.ve\/?p=26071","og_locale":"es_ES","og_type":"article","og_title":"Voces de resistencia, cultura y humor fluyen en la Filven 2025","og_description":"Las aguas de dos r\u00edos milenarios siguen fluyendo juntos y con ellos traen voces de resistencia a la Feria Internacional del Libro de Venezuela (Filven) 2025. Este mi\u00e9rcoles 9 de [&hellip;]","og_url":"https:\/\/cenal.gob.ve\/?p=26071","og_site_name":"Cenal","article_published_time":"2025-07-11T20:09:52+00:00","article_modified_time":"2025-07-11T20:09:59+00:00","og_image":[{"width":1024,"height":682,"url":"http:\/\/cenal.gob.ve\/wp-content\/uploads\/2025\/07\/photo_2025-07-09_15-24-34-1024x682-1.jpg","type":"image\/jpeg"}],"author":"Prensa Cenal","twitter_card":"summary_large_image","twitter_misc":{"Written by":"Prensa Cenal","Est. reading time":"5 minutos"},"schema":{"@context":"https:\/\/schema.org","@graph":[{"@type":"Article","@id":"https:\/\/cenal.gob.ve\/?p=26071#article","isPartOf":{"@id":"https:\/\/cenal.gob.ve\/?p=26071"},"author":{"name":"Prensa Cenal","@id":"https:\/\/cenal.gob.ve\/#\/schema\/person\/e3ed34623f400ffab8bc7a63b2f5533f"},"headline":"Voces de resistencia, cultura y humor fluyen en la Filven 2025","datePublished":"2025-07-11T20:09:52+00:00","dateModified":"2025-07-11T20:09:59+00:00","mainEntityOfPage":{"@id":"https:\/\/cenal.gob.ve\/?p=26071"},"wordCount":848,"commentCount":0,"publisher":{"@id":"https:\/\/cenal.gob.ve\/#organization"},"articleSection":["Filven"],"inLanguage":"es","potentialAction":[{"@type":"CommentAction","name":"Comment","target":["https:\/\/cenal.gob.ve\/?p=26071#respond"]}]},{"@type":"WebPage","@id":"https:\/\/cenal.gob.ve\/?p=26071","url":"https:\/\/cenal.gob.ve\/?p=26071","name":"Voces de resistencia, cultura y humor fluyen en la Filven 2025","isPartOf":{"@id":"https:\/\/cenal.gob.ve\/#website"},"datePublished":"2025-07-11T20:09:52+00:00","dateModified":"2025-07-11T20:09:59+00:00","breadcrumb":{"@id":"https:\/\/cenal.gob.ve\/?p=26071#breadcrumb"},"inLanguage":"es","potentialAction":[{"@type":"ReadAction","target":["https:\/\/cenal.gob.ve\/?p=26071"]}]},{"@type":"BreadcrumbList","@id":"https:\/\/cenal.gob.ve\/?p=26071#breadcrumb","itemListElement":[{"@type":"ListItem","position":1,"name":"Home","item":"https:\/\/cenal.gob.ve\/"},{"@type":"ListItem","position":2,"name":"Voces de resistencia, cultura y humor fluyen en la Filven 2025"}]},{"@type":"WebSite","@id":"https:\/\/cenal.gob.ve\/#website","url":"https:\/\/cenal.gob.ve\/","name":"Cenal","description":"","publisher":{"@id":"https:\/\/cenal.gob.ve\/#organization"},"potentialAction":[{"@type":"SearchAction","target":{"@type":"EntryPoint","urlTemplate":"https:\/\/cenal.gob.ve\/?s={search_term_string}"},"query-input":"required name=search_term_string"}],"inLanguage":"es"},{"@type":"Organization","@id":"https:\/\/cenal.gob.ve\/#organization","name":"CENAL","url":"https:\/\/cenal.gob.ve\/","sameAs":[],"logo":{"@type":"ImageObject","inLanguage":"es","@id":"https:\/\/cenal.gob.ve\/#\/schema\/logo\/image\/","url":"https:\/\/i0.wp.com\/cenal.gob.ve\/wp-content\/uploads\/2022\/10\/cropped-images.jpg?fit=512%2C512","contentUrl":"https:\/\/i0.wp.com\/cenal.gob.ve\/wp-content\/uploads\/2022\/10\/cropped-images.jpg?fit=512%2C512","width":512,"height":512,"caption":"CENAL"},"image":{"@id":"https:\/\/cenal.gob.ve\/#\/schema\/logo\/image\/"}},{"@type":"Person","@id":"https:\/\/cenal.gob.ve\/#\/schema\/person\/e3ed34623f400ffab8bc7a63b2f5533f","name":"Prensa Cenal","image":{"@type":"ImageObject","inLanguage":"es","@id":"https:\/\/cenal.gob.ve\/#\/schema\/person\/image\/","url":"https:\/\/secure.gravatar.com\/avatar\/594b4ed34090910c619ac3679001d491?s=96&d=mm&r=g","contentUrl":"https:\/\/secure.gravatar.com\/avatar\/594b4ed34090910c619ac3679001d491?s=96&d=mm&r=g","caption":"Prensa Cenal"},"url":"https:\/\/cenal.gob.ve\/?author=10"}]}},"jetpack_featured_media_url":"https:\/\/cenal.gob.ve\/wp-content\/uploads\/2025\/07\/photo_2025-07-09_15-24-34-1024x682-1.jpg","jetpack_publicize_connections":[],"jetpack_shortlink":"https:\/\/wp.me\/p5FMhp-6Mv","_links":{"self":[{"href":"https:\/\/cenal.gob.ve\/index.php?rest_route=\/wp\/v2\/posts\/26071"}],"collection":[{"href":"https:\/\/cenal.gob.ve\/index.php?rest_route=\/wp\/v2\/posts"}],"about":[{"href":"https:\/\/cenal.gob.ve\/index.php?rest_route=\/wp\/v2\/types\/post"}],"author":[{"embeddable":true,"href":"https:\/\/cenal.gob.ve\/index.php?rest_route=\/wp\/v2\/users\/10"}],"replies":[{"embeddable":true,"href":"https:\/\/cenal.gob.ve\/index.php?rest_route=%2Fwp%2Fv2%2Fcomments&post=26071"}],"version-history":[{"count":1,"href":"https:\/\/cenal.gob.ve\/index.php?rest_route=\/wp\/v2\/posts\/26071\/revisions"}],"predecessor-version":[{"id":26073,"href":"https:\/\/cenal.gob.ve\/index.php?rest_route=\/wp\/v2\/posts\/26071\/revisions\/26073"}],"wp:featuredmedia":[{"embeddable":true,"href":"https:\/\/cenal.gob.ve\/index.php?rest_route=\/wp\/v2\/media\/26072"}],"wp:attachment":[{"href":"https:\/\/cenal.gob.ve\/index.php?rest_route=%2Fwp%2Fv2%2Fmedia&parent=26071"}],"wp:term":[{"taxonomy":"category","embeddable":true,"href":"https:\/\/cenal.gob.ve\/index.php?rest_route=%2Fwp%2Fv2%2Fcategories&post=26071"},{"taxonomy":"post_tag","embeddable":true,"href":"https:\/\/cenal.gob.ve\/index.php?rest_route=%2Fwp%2Fv2%2Ftags&post=26071"}],"curies":[{"name":"wp","href":"https:\/\/api.w.org\/{rel}","templated":true}]}}