{"id":26074,"date":"2025-07-11T16:14:16","date_gmt":"2025-07-11T20:14:16","guid":{"rendered":"https:\/\/cenal.gob.ve\/?p=26074"},"modified":"2025-07-11T16:15:15","modified_gmt":"2025-07-11T20:15:15","slug":"venezuela-un-faro-de-resistencia-antifascista-en-la-21a-feria-internacional-del-libro","status":"publish","type":"post","link":"https:\/\/cenal.gob.ve\/?p=26074","title":{"rendered":"Venezuela, un faro de resistencia antifascista en la 21a Feria Internacional del Libro"},"content":{"rendered":"\n<p>Durante la 21a Feria Internacional del Libro de Venezuela (Filven) 2025, asistentes de distintas nacionalidaded han reafirmado la posici\u00f3n de Venezuela como un basti\u00f3n en la lucha contra el fascismo, imperialismo y sionismo. Cada a\u00f1o, la Feria se va consolidando como un espacio de reflexi\u00f3n y resistencia cultural, donde destacan voces y pensamientos que abogan por la justicia y la igualdad en el mundo.<\/p>\n\n\n\n<p>Wafica Ibrahim, directora de la cadena informativa Almayadeen para Latinoam\u00e9rica, subray\u00f3 que \u201cVenezuela se ha convertido en el epicentro del antifascismo universal\u201d. La comunicadora destac\u00f3 la importancia de la Venezuela chavista y bolivariana en la resistencia contra las fuerzas imperialistas que amenazan a los pueblos. Para ella, la Feria con su programaci\u00f3n refleja este principio, con editoriales que promueven causas significativas y encuentros que giran en torno a las luchas de los pueblos.<\/p>\n\n\n\n<p>\u201cLas editoriales que participan, en su mayor\u00eda, son casas con causa, producciones con causa. Al pasear por la Feria puedes ver que tienen entre sus lemas la causa que quisieron hacer llegar a trav\u00e9s de sus libros. Eso, m\u00e1s todos los encuentros que se est\u00e1n realizando, charlas, conversatorios y conferencias, todo gira alrededor de la causa de nuestros pueblos\u201d, expres\u00f3 Ibrahim.<\/p>\n\n\n\n<figure class=\"wp-block-image\"><img src=\"https:\/\/filven.com\/wp-content\/uploads\/2025\/07\/photo_2025-07-09_16-07-13-1024x682.jpg\" alt=\"\" class=\"wp-image-27203\"\/><\/figure>\n\n\n\n<p>Por su parte, Ram\u00f3n Medero, presidente de la Fundaci\u00f3n Segundo Paso para Nuestra Am\u00e9rica, enfatiz\u00f3 que \u201cVenezuela es un epicentro clave para luchar contra el fascismo en nuestra Am\u00e9rica\u201d. De igual manera, advirti\u00f3 sobre el avance del fascismo en la regi\u00f3n y la necesidad existente para que Venezuela act\u00fae como un muro de contenci\u00f3n. La Filven, seg\u00fan \u00e9l, es una herramienta poderosa que reivindica la literatura y el arte como formas de resistencia contra el fascismo.<\/p>\n\n\n\n<figure class=\"wp-block-image\"><img src=\"https:\/\/filven.com\/wp-content\/uploads\/2025\/07\/photo_2025-07-11_11-14-36-1024x1020.jpg\" alt=\"\" class=\"wp-image-27205\"\/><\/figure>\n\n\n\n<p>\u201cLa Filven es una feria que exalta la creatividad, la literatura, los valores m\u00e1s nobles de la humanidad que est\u00e1n en manos y en boca de escritores, poetas, literatos, ni\u00f1os y del arte en general. Es una herramienta, un arma poderosa de destrucci\u00f3n del fascismo y para la construcci\u00f3n de un mundo mejor. Es as\u00ed como este evento reivindica el humanismo, siendo una propuesta para la refundaci\u00f3n de la humanidad\u201d, se\u00f1al\u00f3.<\/p>\n\n\n\n<p><strong>Barrera contra el fascismo<\/strong><\/p>\n\n\n\n<p>Rafael Hern\u00e1ndez Garc\u00e9s, de la Direcci\u00f3n de Cultura del estado Sucre, calific\u00f3 la Filven como una \u201cbarrera contra el fascismo\u201d, porque ubica a Venezuela en el centro de la pol\u00edtica y cultura mundial. La Feria ofrece alternativas v\u00e1lidas frente a las amenazas del fascismo contempor\u00e1neo. \u201cSin duda alguna, el conjunto de experiencias que se han vivido ac\u00e1, estos d\u00edas, servir\u00e1 de mucho como vivencias para plantarle cara al fascismo, a sus personajes y mecanismos\u201d.<\/p>\n\n\n\n<figure class=\"wp-block-image\"><img src=\"https:\/\/filven.com\/wp-content\/uploads\/2025\/07\/photo_2025-07-09_20-17-09-1024x682.jpg\" alt=\"\" class=\"wp-image-27204\"\/><\/figure>\n\n\n\n<p>En tanto, el historiador Eloy Rever\u00f3n resalt\u00f3 la importancia de la Feria como un espacio que se alinea con los principios bolivarianos de libertad, uni\u00f3n e integraci\u00f3n, todos y cada uno de ellos intr\u00ednsecamente opuestos al fascismo. \u201cEl hecho de ser una feria bolivariana, en la Rep\u00fablica Bolivariana de Venezuela, ya nos gu\u00eda con una serie de principios que por antonomasia se oponen al fascismo\u201d, explic\u00f3.<\/p>\n\n\n\n<p><strong>Espacio de resistencia cultural<\/strong><\/p>\n\n\n\n<p>La Filven 2025 celebra mucho m\u00e1s que literatura, pues tambi\u00e9n se erige como un espacio de resistencia cultural, donde las ideas de libertad y justicia se promueven en el contexto mundial actual. Los testimonios recogidos reflejan un compromiso con la defensa de los valores humanos frente a la opresi\u00f3n y la injusticia social.<\/p>\n\n\n\n<p>Venezuela, en ese contexto, se posiciona como un pa\u00eds en lucha y un referente para otros pueblos que buscan resistir frente a la adversidad. La Filven, en su esencia, se convierte en una tribuna poderosa para la revoluci\u00f3n cultural que busca construir un futuro mejor.<\/p>\n\n\n\n<p>La 21a Feria Internacional del Libro de Venezuela seguir\u00e1 abierta al p\u00fablico hasta el pr\u00f3ximo domingo 13 de julio en la Galer\u00eda de Arte Nacional y la plaza de la Juventud de Caracas, con actividades de formaci\u00f3n, presentaciones de libros, conversatorios, homenajes y una amplia programaci\u00f3n en su pabell\u00f3n infantil.<\/p>\n\n\n\n<figure class=\"wp-block-image\"><img src=\"https:\/\/filven.com\/wp-content\/uploads\/2025\/07\/photo_2025-07-11_11-16-29-1024x682.jpg\" alt=\"\" class=\"wp-image-27206\"\/><\/figure>\n\n\n\n<p>FILVEN\/BC\/MR<\/p>\n\n\n\n<p>Otras noticias aqu\u00ed:\u00a0<a href=\"https:\/\/filven.com\/\">Filven 2025<\/a><\/p>\n","protected":false},"excerpt":{"rendered":"<p>Durante la 21a Feria Internacional del Libro de Venezuela (Filven) 2025, asistentes de distintas nacionalidaded han reafirmado la posici\u00f3n de Venezuela como un basti\u00f3n en la lucha contra el fascismo, [&hellip;]<\/p>\n","protected":false},"author":10,"featured_media":0,"comment_status":"open","ping_status":"closed","sticky":false,"template":"","format":"standard","meta":{"spay_email":"","jetpack_publicize_message":"","jetpack_is_tweetstorm":false,"jetpack_publicize_feature_enabled":true},"categories":[1],"tags":[],"yoast_head":"<!-- This site is optimized with the Yoast SEO plugin v19.8 - https:\/\/yoast.com\/wordpress\/plugins\/seo\/ -->\n<title>Venezuela, un faro de resistencia antifascista en la 21a Feria Internacional del Libro<\/title>\n<meta name=\"robots\" content=\"index, follow, max-snippet:-1, max-image-preview:large, max-video-preview:-1\" \/>\n<link rel=\"canonical\" href=\"https:\/\/cenal.gob.ve\/?p=26074\" \/>\n<meta property=\"og:locale\" content=\"es_ES\" \/>\n<meta property=\"og:type\" content=\"article\" \/>\n<meta property=\"og:title\" content=\"Venezuela, un faro de resistencia antifascista en la 21a Feria Internacional del Libro\" \/>\n<meta property=\"og:description\" content=\"Durante la 21a Feria Internacional del Libro de Venezuela (Filven) 2025, asistentes de distintas nacionalidaded han reafirmado la posici\u00f3n de Venezuela como un basti\u00f3n en la lucha contra el fascismo, [&hellip;]\" \/>\n<meta property=\"og:url\" content=\"https:\/\/cenal.gob.ve\/?p=26074\" \/>\n<meta property=\"og:site_name\" content=\"Cenal\" \/>\n<meta property=\"article:published_time\" content=\"2025-07-11T20:14:16+00:00\" \/>\n<meta property=\"article:modified_time\" content=\"2025-07-11T20:15:15+00:00\" \/>\n<meta property=\"og:image\" content=\"https:\/\/filven.com\/wp-content\/uploads\/2025\/07\/photo_2025-07-09_16-07-13-1024x682.jpg\" \/>\n<meta name=\"author\" content=\"Prensa Cenal\" \/>\n<meta name=\"twitter:card\" content=\"summary_large_image\" \/>\n<meta name=\"twitter:label1\" content=\"Written by\" \/>\n\t<meta name=\"twitter:data1\" content=\"Prensa Cenal\" \/>\n\t<meta name=\"twitter:label2\" content=\"Est. reading time\" \/>\n\t<meta name=\"twitter:data2\" content=\"4 minutos\" \/>\n<script type=\"application\/ld+json\" class=\"yoast-schema-graph\">{\"@context\":\"https:\/\/schema.org\",\"@graph\":[{\"@type\":\"Article\",\"@id\":\"https:\/\/cenal.gob.ve\/?p=26074#article\",\"isPartOf\":{\"@id\":\"https:\/\/cenal.gob.ve\/?p=26074\"},\"author\":{\"name\":\"Prensa Cenal\",\"@id\":\"https:\/\/cenal.gob.ve\/#\/schema\/person\/e3ed34623f400ffab8bc7a63b2f5533f\"},\"headline\":\"Venezuela, un faro de resistencia antifascista en la 21a Feria Internacional del Libro\",\"datePublished\":\"2025-07-11T20:14:16+00:00\",\"dateModified\":\"2025-07-11T20:15:15+00:00\",\"mainEntityOfPage\":{\"@id\":\"https:\/\/cenal.gob.ve\/?p=26074\"},\"wordCount\":707,\"commentCount\":0,\"publisher\":{\"@id\":\"https:\/\/cenal.gob.ve\/#organization\"},\"articleSection\":[\"Sin categoria\"],\"inLanguage\":\"es\",\"potentialAction\":[{\"@type\":\"CommentAction\",\"name\":\"Comment\",\"target\":[\"https:\/\/cenal.gob.ve\/?p=26074#respond\"]}]},{\"@type\":\"WebPage\",\"@id\":\"https:\/\/cenal.gob.ve\/?p=26074\",\"url\":\"https:\/\/cenal.gob.ve\/?p=26074\",\"name\":\"Venezuela, un faro de resistencia antifascista en la 21a Feria Internacional del Libro\",\"isPartOf\":{\"@id\":\"https:\/\/cenal.gob.ve\/#website\"},\"datePublished\":\"2025-07-11T20:14:16+00:00\",\"dateModified\":\"2025-07-11T20:15:15+00:00\",\"breadcrumb\":{\"@id\":\"https:\/\/cenal.gob.ve\/?p=26074#breadcrumb\"},\"inLanguage\":\"es\",\"potentialAction\":[{\"@type\":\"ReadAction\",\"target\":[\"https:\/\/cenal.gob.ve\/?p=26074\"]}]},{\"@type\":\"BreadcrumbList\",\"@id\":\"https:\/\/cenal.gob.ve\/?p=26074#breadcrumb\",\"itemListElement\":[{\"@type\":\"ListItem\",\"position\":1,\"name\":\"Home\",\"item\":\"https:\/\/cenal.gob.ve\/\"},{\"@type\":\"ListItem\",\"position\":2,\"name\":\"Venezuela, un faro de resistencia antifascista en la 21a Feria Internacional del Libro\"}]},{\"@type\":\"WebSite\",\"@id\":\"https:\/\/cenal.gob.ve\/#website\",\"url\":\"https:\/\/cenal.gob.ve\/\",\"name\":\"Cenal\",\"description\":\"\",\"publisher\":{\"@id\":\"https:\/\/cenal.gob.ve\/#organization\"},\"potentialAction\":[{\"@type\":\"SearchAction\",\"target\":{\"@type\":\"EntryPoint\",\"urlTemplate\":\"https:\/\/cenal.gob.ve\/?s={search_term_string}\"},\"query-input\":\"required name=search_term_string\"}],\"inLanguage\":\"es\"},{\"@type\":\"Organization\",\"@id\":\"https:\/\/cenal.gob.ve\/#organization\",\"name\":\"CENAL\",\"url\":\"https:\/\/cenal.gob.ve\/\",\"sameAs\":[],\"logo\":{\"@type\":\"ImageObject\",\"inLanguage\":\"es\",\"@id\":\"https:\/\/cenal.gob.ve\/#\/schema\/logo\/image\/\",\"url\":\"https:\/\/i0.wp.com\/cenal.gob.ve\/wp-content\/uploads\/2022\/10\/cropped-images.jpg?fit=512%2C512\",\"contentUrl\":\"https:\/\/i0.wp.com\/cenal.gob.ve\/wp-content\/uploads\/2022\/10\/cropped-images.jpg?fit=512%2C512\",\"width\":512,\"height\":512,\"caption\":\"CENAL\"},\"image\":{\"@id\":\"https:\/\/cenal.gob.ve\/#\/schema\/logo\/image\/\"}},{\"@type\":\"Person\",\"@id\":\"https:\/\/cenal.gob.ve\/#\/schema\/person\/e3ed34623f400ffab8bc7a63b2f5533f\",\"name\":\"Prensa Cenal\",\"image\":{\"@type\":\"ImageObject\",\"inLanguage\":\"es\",\"@id\":\"https:\/\/cenal.gob.ve\/#\/schema\/person\/image\/\",\"url\":\"https:\/\/secure.gravatar.com\/avatar\/594b4ed34090910c619ac3679001d491?s=96&d=mm&r=g\",\"contentUrl\":\"https:\/\/secure.gravatar.com\/avatar\/594b4ed34090910c619ac3679001d491?s=96&d=mm&r=g\",\"caption\":\"Prensa Cenal\"},\"url\":\"https:\/\/cenal.gob.ve\/?author=10\"}]}<\/script>\n<!-- \/ Yoast SEO plugin. -->","yoast_head_json":{"title":"Venezuela, un faro de resistencia antifascista en la 21a Feria Internacional del Libro","robots":{"index":"index","follow":"follow","max-snippet":"max-snippet:-1","max-image-preview":"max-image-preview:large","max-video-preview":"max-video-preview:-1"},"canonical":"https:\/\/cenal.gob.ve\/?p=26074","og_locale":"es_ES","og_type":"article","og_title":"Venezuela, un faro de resistencia antifascista en la 21a Feria Internacional del Libro","og_description":"Durante la 21a Feria Internacional del Libro de Venezuela (Filven) 2025, asistentes de distintas nacionalidaded han reafirmado la posici\u00f3n de Venezuela como un basti\u00f3n en la lucha contra el fascismo, [&hellip;]","og_url":"https:\/\/cenal.gob.ve\/?p=26074","og_site_name":"Cenal","article_published_time":"2025-07-11T20:14:16+00:00","article_modified_time":"2025-07-11T20:15:15+00:00","og_image":[{"url":"https:\/\/filven.com\/wp-content\/uploads\/2025\/07\/photo_2025-07-09_16-07-13-1024x682.jpg"}],"author":"Prensa Cenal","twitter_card":"summary_large_image","twitter_misc":{"Written by":"Prensa Cenal","Est. reading time":"4 minutos"},"schema":{"@context":"https:\/\/schema.org","@graph":[{"@type":"Article","@id":"https:\/\/cenal.gob.ve\/?p=26074#article","isPartOf":{"@id":"https:\/\/cenal.gob.ve\/?p=26074"},"author":{"name":"Prensa Cenal","@id":"https:\/\/cenal.gob.ve\/#\/schema\/person\/e3ed34623f400ffab8bc7a63b2f5533f"},"headline":"Venezuela, un faro de resistencia antifascista en la 21a Feria Internacional del Libro","datePublished":"2025-07-11T20:14:16+00:00","dateModified":"2025-07-11T20:15:15+00:00","mainEntityOfPage":{"@id":"https:\/\/cenal.gob.ve\/?p=26074"},"wordCount":707,"commentCount":0,"publisher":{"@id":"https:\/\/cenal.gob.ve\/#organization"},"articleSection":["Sin categoria"],"inLanguage":"es","potentialAction":[{"@type":"CommentAction","name":"Comment","target":["https:\/\/cenal.gob.ve\/?p=26074#respond"]}]},{"@type":"WebPage","@id":"https:\/\/cenal.gob.ve\/?p=26074","url":"https:\/\/cenal.gob.ve\/?p=26074","name":"Venezuela, un faro de resistencia antifascista en la 21a Feria Internacional del Libro","isPartOf":{"@id":"https:\/\/cenal.gob.ve\/#website"},"datePublished":"2025-07-11T20:14:16+00:00","dateModified":"2025-07-11T20:15:15+00:00","breadcrumb":{"@id":"https:\/\/cenal.gob.ve\/?p=26074#breadcrumb"},"inLanguage":"es","potentialAction":[{"@type":"ReadAction","target":["https:\/\/cenal.gob.ve\/?p=26074"]}]},{"@type":"BreadcrumbList","@id":"https:\/\/cenal.gob.ve\/?p=26074#breadcrumb","itemListElement":[{"@type":"ListItem","position":1,"name":"Home","item":"https:\/\/cenal.gob.ve\/"},{"@type":"ListItem","position":2,"name":"Venezuela, un faro de resistencia antifascista en la 21a Feria Internacional del Libro"}]},{"@type":"WebSite","@id":"https:\/\/cenal.gob.ve\/#website","url":"https:\/\/cenal.gob.ve\/","name":"Cenal","description":"","publisher":{"@id":"https:\/\/cenal.gob.ve\/#organization"},"potentialAction":[{"@type":"SearchAction","target":{"@type":"EntryPoint","urlTemplate":"https:\/\/cenal.gob.ve\/?s={search_term_string}"},"query-input":"required name=search_term_string"}],"inLanguage":"es"},{"@type":"Organization","@id":"https:\/\/cenal.gob.ve\/#organization","name":"CENAL","url":"https:\/\/cenal.gob.ve\/","sameAs":[],"logo":{"@type":"ImageObject","inLanguage":"es","@id":"https:\/\/cenal.gob.ve\/#\/schema\/logo\/image\/","url":"https:\/\/i0.wp.com\/cenal.gob.ve\/wp-content\/uploads\/2022\/10\/cropped-images.jpg?fit=512%2C512","contentUrl":"https:\/\/i0.wp.com\/cenal.gob.ve\/wp-content\/uploads\/2022\/10\/cropped-images.jpg?fit=512%2C512","width":512,"height":512,"caption":"CENAL"},"image":{"@id":"https:\/\/cenal.gob.ve\/#\/schema\/logo\/image\/"}},{"@type":"Person","@id":"https:\/\/cenal.gob.ve\/#\/schema\/person\/e3ed34623f400ffab8bc7a63b2f5533f","name":"Prensa Cenal","image":{"@type":"ImageObject","inLanguage":"es","@id":"https:\/\/cenal.gob.ve\/#\/schema\/person\/image\/","url":"https:\/\/secure.gravatar.com\/avatar\/594b4ed34090910c619ac3679001d491?s=96&d=mm&r=g","contentUrl":"https:\/\/secure.gravatar.com\/avatar\/594b4ed34090910c619ac3679001d491?s=96&d=mm&r=g","caption":"Prensa Cenal"},"url":"https:\/\/cenal.gob.ve\/?author=10"}]}},"jetpack_featured_media_url":"","jetpack_publicize_connections":[],"jetpack_shortlink":"https:\/\/wp.me\/p5FMhp-6My","_links":{"self":[{"href":"https:\/\/cenal.gob.ve\/index.php?rest_route=\/wp\/v2\/posts\/26074"}],"collection":[{"href":"https:\/\/cenal.gob.ve\/index.php?rest_route=\/wp\/v2\/posts"}],"about":[{"href":"https:\/\/cenal.gob.ve\/index.php?rest_route=\/wp\/v2\/types\/post"}],"author":[{"embeddable":true,"href":"https:\/\/cenal.gob.ve\/index.php?rest_route=\/wp\/v2\/users\/10"}],"replies":[{"embeddable":true,"href":"https:\/\/cenal.gob.ve\/index.php?rest_route=%2Fwp%2Fv2%2Fcomments&post=26074"}],"version-history":[{"count":2,"href":"https:\/\/cenal.gob.ve\/index.php?rest_route=\/wp\/v2\/posts\/26074\/revisions"}],"predecessor-version":[{"id":26076,"href":"https:\/\/cenal.gob.ve\/index.php?rest_route=\/wp\/v2\/posts\/26074\/revisions\/26076"}],"wp:attachment":[{"href":"https:\/\/cenal.gob.ve\/index.php?rest_route=%2Fwp%2Fv2%2Fmedia&parent=26074"}],"wp:term":[{"taxonomy":"category","embeddable":true,"href":"https:\/\/cenal.gob.ve\/index.php?rest_route=%2Fwp%2Fv2%2Fcategories&post=26074"},{"taxonomy":"post_tag","embeddable":true,"href":"https:\/\/cenal.gob.ve\/index.php?rest_route=%2Fwp%2Fv2%2Ftags&post=26074"}],"curies":[{"name":"wp","href":"https:\/\/api.w.org\/{rel}","templated":true}]}}