{"id":26077,"date":"2025-07-12T12:50:13","date_gmt":"2025-07-12T16:50:13","guid":{"rendered":"https:\/\/cenal.gob.ve\/?p=26077"},"modified":"2025-07-12T12:52:30","modified_gmt":"2025-07-12T16:52:30","slug":"un-viernes-familiar-en-la-filven-libros-arte-y-encuentros","status":"publish","type":"post","link":"https:\/\/cenal.gob.ve\/?p=26077","title":{"rendered":"Un viernes familiar en la Filven: libros, arte y encuentros"},"content":{"rendered":"\n<p>Un ambiente distendido caracteriz\u00f3 el viernes a la 21a Feria Internacional del Libro de Venezuela (Filven) 2025. Desde temprano, familias completas y grupos de amigos recorrieron los estands de la plaza de la Juventud y la Galer\u00eda de Arte Nacional, donde la exposici\u00f3n de obras venezolanas dialogaba con las novedades editoriales. Se registr\u00f3 una gran afluencia de p\u00fablico, con un ambiente de curiosidad y alegr\u00eda compartida entre libros y obras art\u00edsticas.<\/p>\n\n\n\n<p>La poes\u00eda y la historia abrieron la jornada. En la Sala Filven, Pedro Calzadilla y Ra\u00fal Cazal presentaron el libro (bifronte)&nbsp;<em>Hojas sueltas y Guacho<\/em>, de la homenajeada Judith Valencia, mientras en la Mosonyi, Luis Britto Garc\u00eda acompa\u00f1aba el foro \u201cEntre el Orinoco y el Nilo\u201d con acad\u00e9micos venezolanos y egipcios. Dos salas m\u00e1s all\u00e1, Roger Herrera desgranaba a \u201cBol\u00edvar y el discurso po\u00e9tico\u201d ante un p\u00fablico \u00e1vido, y en la sala Civreaux, Egidio Gabriel Saldivia, de la Biblioteca Nacional, tej\u00eda estrategias para crear comunidades lectoras.<\/p>\n\n\n\n<figure class=\"wp-block-image\"><img src=\"https:\/\/filven.com\/wp-content\/uploads\/2025\/07\/photo_2025-07-12_09-41-04-1024x555.jpg\" alt=\"\" class=\"wp-image-27396\"\/><\/figure>\n\n\n\n<p>La ma\u00f1ana continu\u00f3 celebrando ra\u00edces culturales: en Civreaux, Vladimir Sosa Sarabia y Humberto Castillo presentaron la&nbsp;<em>Filmograf\u00eda venezolana 1954-1972<\/em>, testimonio de 59 a\u00f1os de trabajo de la Cinemateca Nacional. En paralelo, Armando Car\u00edas defend\u00eda los \u201cDerechos de ni\u00f1os a escuchar cuentos\u201d, con intervenciones teatrales del grupo Comunicalle, y la ministra Gabriela Jim\u00e9nez mostraba nuevas publicaciones del Ministerio del Poder Popular para la Ciencia y Tecnolog\u00eda.<\/p>\n\n\n\n<figure class=\"wp-block-image\"><img src=\"https:\/\/filven.com\/wp-content\/uploads\/2025\/07\/photo_2025-07-07_17-24-44-1024x682.jpg\" alt=\"\" class=\"wp-image-27397\"\/><\/figure>\n\n\n\n<p>Al mediod\u00eda, la memoria tom\u00f3 la palabra: en la sala Civreaux, Jos\u00e9 Gregorio Linares revel\u00f3 secretos del Archivo Hist\u00f3rico de Miraflores, mientras en la Sala Filven, Jessica Serrano Jayaro guiaba a madres y padres en el abordaje del autismo con&nbsp;<em>Umbrales e infinitos<\/em>.<\/p>\n\n\n\n<p>La tarde teji\u00f3 rutas simult\u00e1neas. En la Sala Mosonyi, Daisy Barreto desentra\u00f1aba las ra\u00edces de&nbsp;<em>Mar\u00eda Lionza: divinidad sin fronteras<\/em>, fusionando investigaci\u00f3n cient\u00edfica con la exaltaci\u00f3n de esta figura sagrada que encarna tradiciones ancestrales venezolanas. Adem\u00e1s, contrastes literarios brillaban en otros espacios en la presentaci\u00f3n de la autora argentina Natalia Bericat, quien presentaba su novela&nbsp;<em>Los jardines de Juan<\/em>a, sobre salud mental, en la Sala Filven, mientras el peruano Jorge Millones analizaba el impacto social de la tecnolog\u00eda con&nbsp;<em>Inteligencia Artificial y estupidez natural<\/em>, en la Sala Egipto<\/p>\n\n\n\n<figure class=\"wp-block-image\"><img src=\"https:\/\/filven.com\/wp-content\/uploads\/2025\/07\/photo_2025-07-11_16-52-17-1024x682.jpg\" alt=\"\" class=\"wp-image-27398\"\/><\/figure>\n\n\n\n<p>Afuera, en la Plaza de la Juventud, el grupo La Obra de los Mimos transformaba mitos egipcios en teatro gestual con \u201cLos misterios del antiguo Egipto\u201d, rodeado de familias que disfrutaron la presentaci\u00f3n. Dentro, en la Sala Fragui, Enrique Hern\u00e1ndez D\u2019Jes\u00fas rend\u00eda tributo al vanguardista<em>&nbsp;Libro mudo<\/em>, de Carlos Contramaestre, sumergiendo al p\u00fablico en la irreverencia del arte experimental.<\/p>\n\n\n\n<p>Al caer la noche, la Sala Filven se convirti\u00f3 en santuario de memoria. La investigadora Joanna Cadenas present\u00f3&nbsp;<em>Cine y revitalizaci\u00f3n ind\u00edgena<\/em>, junto al cineasta Carlos Azp\u00farua y el antrop\u00f3logo homenajeado, Esteban Emilio Mosonyi. El acto incluy\u00f3 la proyecci\u00f3n del documental fundacional&nbsp;<em>Yo hablo a Caracas<\/em>&nbsp;(1978) y el avance del pr\u00f3ximo largometraje&nbsp;<em>Mosonyi, guardi\u00e1n de las palabras<\/em>, tejiendo un di\u00e1logo entre luchas originarias y resistencia cultural.<\/p>\n\n\n\n<figure class=\"wp-block-image\"><img src=\"https:\/\/filven.com\/wp-content\/uploads\/2025\/07\/photo_2025-07-12_07-38-20-1-1024x682.jpg\" alt=\"\" class=\"wp-image-27399\"\/><\/figure>\n\n\n\n<p>Al cierre de la jornada tambi\u00e9n se present\u00f3&nbsp;<em>Sobre blanco \/ On white<\/em>, de Freddy \u00d1\u00e1\u00f1ez, una obra que busca derribar las percepciones que ubican a la poes\u00eda fuera de la racionalidad, lejos de su verdadero arraigo: el lenguaje.<\/p>\n\n\n\n<p>Este s\u00e1bado, la Filven extiende su invitaci\u00f3n final: un \u00faltimo fin de semana para perderse entre libros abrazados por el arte, donde cada sala es un refugio y cada palabra, un puente hacia el otro.<\/p>\n\n\n\n<figure class=\"wp-block-image\"><img src=\"https:\/\/filven.com\/wp-content\/uploads\/2025\/07\/photo_2025-07-12_09-44-45-1024x682.jpg\" alt=\"\" class=\"wp-image-27400\"\/><\/figure>\n\n\n\n<p>Otras noticias de Filven 2025 <a href=\"https:\/\/filven.com\/\">aqu\u00ed<\/a><\/p>\n","protected":false},"excerpt":{"rendered":"<p>Un ambiente distendido caracteriz\u00f3 el viernes a la 21a Feria Internacional del Libro de Venezuela (Filven) 2025. Desde temprano, familias completas y grupos de amigos recorrieron los estands de la [&hellip;]<\/p>\n","protected":false},"author":10,"featured_media":26078,"comment_status":"open","ping_status":"closed","sticky":false,"template":"","format":"standard","meta":{"spay_email":"","jetpack_publicize_message":"","jetpack_is_tweetstorm":false,"jetpack_publicize_feature_enabled":true},"categories":[12],"tags":[],"yoast_head":"<!-- This site is optimized with the Yoast SEO plugin v19.8 - https:\/\/yoast.com\/wordpress\/plugins\/seo\/ -->\n<title>Un viernes familiar en la Filven: libros, arte y encuentros<\/title>\n<meta name=\"robots\" content=\"index, follow, max-snippet:-1, max-image-preview:large, max-video-preview:-1\" \/>\n<link rel=\"canonical\" href=\"https:\/\/cenal.gob.ve\/?p=26077\" \/>\n<meta property=\"og:locale\" content=\"es_ES\" \/>\n<meta property=\"og:type\" content=\"article\" \/>\n<meta property=\"og:title\" content=\"Un viernes familiar en la Filven: libros, arte y encuentros\" \/>\n<meta property=\"og:description\" content=\"Un ambiente distendido caracteriz\u00f3 el viernes a la 21a Feria Internacional del Libro de Venezuela (Filven) 2025. Desde temprano, familias completas y grupos de amigos recorrieron los estands de la [&hellip;]\" \/>\n<meta property=\"og:url\" content=\"https:\/\/cenal.gob.ve\/?p=26077\" \/>\n<meta property=\"og:site_name\" content=\"Cenal\" \/>\n<meta property=\"article:published_time\" content=\"2025-07-12T16:50:13+00:00\" \/>\n<meta property=\"article:modified_time\" content=\"2025-07-12T16:52:30+00:00\" \/>\n<meta property=\"og:image\" content=\"http:\/\/cenal.gob.ve\/wp-content\/uploads\/2025\/07\/photo_2025-07-09_15-23-57-1-1024x682-1.jpg\" \/>\n\t<meta property=\"og:image:width\" content=\"1024\" \/>\n\t<meta property=\"og:image:height\" content=\"682\" \/>\n\t<meta property=\"og:image:type\" content=\"image\/jpeg\" \/>\n<meta name=\"author\" content=\"Prensa Cenal\" \/>\n<meta name=\"twitter:card\" content=\"summary_large_image\" \/>\n<meta name=\"twitter:label1\" content=\"Written by\" \/>\n\t<meta name=\"twitter:data1\" content=\"Prensa Cenal\" \/>\n\t<meta name=\"twitter:label2\" content=\"Est. reading time\" \/>\n\t<meta name=\"twitter:data2\" content=\"4 minutos\" \/>\n<script type=\"application\/ld+json\" class=\"yoast-schema-graph\">{\"@context\":\"https:\/\/schema.org\",\"@graph\":[{\"@type\":\"Article\",\"@id\":\"https:\/\/cenal.gob.ve\/?p=26077#article\",\"isPartOf\":{\"@id\":\"https:\/\/cenal.gob.ve\/?p=26077\"},\"author\":{\"name\":\"Prensa Cenal\",\"@id\":\"https:\/\/cenal.gob.ve\/#\/schema\/person\/e3ed34623f400ffab8bc7a63b2f5533f\"},\"headline\":\"Un viernes familiar en la Filven: libros, arte y encuentros\",\"datePublished\":\"2025-07-12T16:50:13+00:00\",\"dateModified\":\"2025-07-12T16:52:30+00:00\",\"mainEntityOfPage\":{\"@id\":\"https:\/\/cenal.gob.ve\/?p=26077\"},\"wordCount\":630,\"commentCount\":0,\"publisher\":{\"@id\":\"https:\/\/cenal.gob.ve\/#organization\"},\"articleSection\":[\"Filven\"],\"inLanguage\":\"es\",\"potentialAction\":[{\"@type\":\"CommentAction\",\"name\":\"Comment\",\"target\":[\"https:\/\/cenal.gob.ve\/?p=26077#respond\"]}]},{\"@type\":\"WebPage\",\"@id\":\"https:\/\/cenal.gob.ve\/?p=26077\",\"url\":\"https:\/\/cenal.gob.ve\/?p=26077\",\"name\":\"Un viernes familiar en la Filven: libros, arte y encuentros\",\"isPartOf\":{\"@id\":\"https:\/\/cenal.gob.ve\/#website\"},\"datePublished\":\"2025-07-12T16:50:13+00:00\",\"dateModified\":\"2025-07-12T16:52:30+00:00\",\"breadcrumb\":{\"@id\":\"https:\/\/cenal.gob.ve\/?p=26077#breadcrumb\"},\"inLanguage\":\"es\",\"potentialAction\":[{\"@type\":\"ReadAction\",\"target\":[\"https:\/\/cenal.gob.ve\/?p=26077\"]}]},{\"@type\":\"BreadcrumbList\",\"@id\":\"https:\/\/cenal.gob.ve\/?p=26077#breadcrumb\",\"itemListElement\":[{\"@type\":\"ListItem\",\"position\":1,\"name\":\"Home\",\"item\":\"https:\/\/cenal.gob.ve\/\"},{\"@type\":\"ListItem\",\"position\":2,\"name\":\"Un viernes familiar en la Filven: libros, arte y encuentros\"}]},{\"@type\":\"WebSite\",\"@id\":\"https:\/\/cenal.gob.ve\/#website\",\"url\":\"https:\/\/cenal.gob.ve\/\",\"name\":\"Cenal\",\"description\":\"\",\"publisher\":{\"@id\":\"https:\/\/cenal.gob.ve\/#organization\"},\"potentialAction\":[{\"@type\":\"SearchAction\",\"target\":{\"@type\":\"EntryPoint\",\"urlTemplate\":\"https:\/\/cenal.gob.ve\/?s={search_term_string}\"},\"query-input\":\"required name=search_term_string\"}],\"inLanguage\":\"es\"},{\"@type\":\"Organization\",\"@id\":\"https:\/\/cenal.gob.ve\/#organization\",\"name\":\"CENAL\",\"url\":\"https:\/\/cenal.gob.ve\/\",\"sameAs\":[],\"logo\":{\"@type\":\"ImageObject\",\"inLanguage\":\"es\",\"@id\":\"https:\/\/cenal.gob.ve\/#\/schema\/logo\/image\/\",\"url\":\"https:\/\/i0.wp.com\/cenal.gob.ve\/wp-content\/uploads\/2022\/10\/cropped-images.jpg?fit=512%2C512\",\"contentUrl\":\"https:\/\/i0.wp.com\/cenal.gob.ve\/wp-content\/uploads\/2022\/10\/cropped-images.jpg?fit=512%2C512\",\"width\":512,\"height\":512,\"caption\":\"CENAL\"},\"image\":{\"@id\":\"https:\/\/cenal.gob.ve\/#\/schema\/logo\/image\/\"}},{\"@type\":\"Person\",\"@id\":\"https:\/\/cenal.gob.ve\/#\/schema\/person\/e3ed34623f400ffab8bc7a63b2f5533f\",\"name\":\"Prensa Cenal\",\"image\":{\"@type\":\"ImageObject\",\"inLanguage\":\"es\",\"@id\":\"https:\/\/cenal.gob.ve\/#\/schema\/person\/image\/\",\"url\":\"https:\/\/secure.gravatar.com\/avatar\/594b4ed34090910c619ac3679001d491?s=96&d=mm&r=g\",\"contentUrl\":\"https:\/\/secure.gravatar.com\/avatar\/594b4ed34090910c619ac3679001d491?s=96&d=mm&r=g\",\"caption\":\"Prensa Cenal\"},\"url\":\"https:\/\/cenal.gob.ve\/?author=10\"}]}<\/script>\n<!-- \/ Yoast SEO plugin. -->","yoast_head_json":{"title":"Un viernes familiar en la Filven: libros, arte y encuentros","robots":{"index":"index","follow":"follow","max-snippet":"max-snippet:-1","max-image-preview":"max-image-preview:large","max-video-preview":"max-video-preview:-1"},"canonical":"https:\/\/cenal.gob.ve\/?p=26077","og_locale":"es_ES","og_type":"article","og_title":"Un viernes familiar en la Filven: libros, arte y encuentros","og_description":"Un ambiente distendido caracteriz\u00f3 el viernes a la 21a Feria Internacional del Libro de Venezuela (Filven) 2025. Desde temprano, familias completas y grupos de amigos recorrieron los estands de la [&hellip;]","og_url":"https:\/\/cenal.gob.ve\/?p=26077","og_site_name":"Cenal","article_published_time":"2025-07-12T16:50:13+00:00","article_modified_time":"2025-07-12T16:52:30+00:00","og_image":[{"width":1024,"height":682,"url":"http:\/\/cenal.gob.ve\/wp-content\/uploads\/2025\/07\/photo_2025-07-09_15-23-57-1-1024x682-1.jpg","type":"image\/jpeg"}],"author":"Prensa Cenal","twitter_card":"summary_large_image","twitter_misc":{"Written by":"Prensa Cenal","Est. reading time":"4 minutos"},"schema":{"@context":"https:\/\/schema.org","@graph":[{"@type":"Article","@id":"https:\/\/cenal.gob.ve\/?p=26077#article","isPartOf":{"@id":"https:\/\/cenal.gob.ve\/?p=26077"},"author":{"name":"Prensa Cenal","@id":"https:\/\/cenal.gob.ve\/#\/schema\/person\/e3ed34623f400ffab8bc7a63b2f5533f"},"headline":"Un viernes familiar en la Filven: libros, arte y encuentros","datePublished":"2025-07-12T16:50:13+00:00","dateModified":"2025-07-12T16:52:30+00:00","mainEntityOfPage":{"@id":"https:\/\/cenal.gob.ve\/?p=26077"},"wordCount":630,"commentCount":0,"publisher":{"@id":"https:\/\/cenal.gob.ve\/#organization"},"articleSection":["Filven"],"inLanguage":"es","potentialAction":[{"@type":"CommentAction","name":"Comment","target":["https:\/\/cenal.gob.ve\/?p=26077#respond"]}]},{"@type":"WebPage","@id":"https:\/\/cenal.gob.ve\/?p=26077","url":"https:\/\/cenal.gob.ve\/?p=26077","name":"Un viernes familiar en la Filven: libros, arte y encuentros","isPartOf":{"@id":"https:\/\/cenal.gob.ve\/#website"},"datePublished":"2025-07-12T16:50:13+00:00","dateModified":"2025-07-12T16:52:30+00:00","breadcrumb":{"@id":"https:\/\/cenal.gob.ve\/?p=26077#breadcrumb"},"inLanguage":"es","potentialAction":[{"@type":"ReadAction","target":["https:\/\/cenal.gob.ve\/?p=26077"]}]},{"@type":"BreadcrumbList","@id":"https:\/\/cenal.gob.ve\/?p=26077#breadcrumb","itemListElement":[{"@type":"ListItem","position":1,"name":"Home","item":"https:\/\/cenal.gob.ve\/"},{"@type":"ListItem","position":2,"name":"Un viernes familiar en la Filven: libros, arte y encuentros"}]},{"@type":"WebSite","@id":"https:\/\/cenal.gob.ve\/#website","url":"https:\/\/cenal.gob.ve\/","name":"Cenal","description":"","publisher":{"@id":"https:\/\/cenal.gob.ve\/#organization"},"potentialAction":[{"@type":"SearchAction","target":{"@type":"EntryPoint","urlTemplate":"https:\/\/cenal.gob.ve\/?s={search_term_string}"},"query-input":"required name=search_term_string"}],"inLanguage":"es"},{"@type":"Organization","@id":"https:\/\/cenal.gob.ve\/#organization","name":"CENAL","url":"https:\/\/cenal.gob.ve\/","sameAs":[],"logo":{"@type":"ImageObject","inLanguage":"es","@id":"https:\/\/cenal.gob.ve\/#\/schema\/logo\/image\/","url":"https:\/\/i0.wp.com\/cenal.gob.ve\/wp-content\/uploads\/2022\/10\/cropped-images.jpg?fit=512%2C512","contentUrl":"https:\/\/i0.wp.com\/cenal.gob.ve\/wp-content\/uploads\/2022\/10\/cropped-images.jpg?fit=512%2C512","width":512,"height":512,"caption":"CENAL"},"image":{"@id":"https:\/\/cenal.gob.ve\/#\/schema\/logo\/image\/"}},{"@type":"Person","@id":"https:\/\/cenal.gob.ve\/#\/schema\/person\/e3ed34623f400ffab8bc7a63b2f5533f","name":"Prensa Cenal","image":{"@type":"ImageObject","inLanguage":"es","@id":"https:\/\/cenal.gob.ve\/#\/schema\/person\/image\/","url":"https:\/\/secure.gravatar.com\/avatar\/594b4ed34090910c619ac3679001d491?s=96&d=mm&r=g","contentUrl":"https:\/\/secure.gravatar.com\/avatar\/594b4ed34090910c619ac3679001d491?s=96&d=mm&r=g","caption":"Prensa Cenal"},"url":"https:\/\/cenal.gob.ve\/?author=10"}]}},"jetpack_featured_media_url":"https:\/\/cenal.gob.ve\/wp-content\/uploads\/2025\/07\/photo_2025-07-09_15-23-57-1-1024x682-1.jpg","jetpack_publicize_connections":[],"jetpack_shortlink":"https:\/\/wp.me\/p5FMhp-6MB","_links":{"self":[{"href":"https:\/\/cenal.gob.ve\/index.php?rest_route=\/wp\/v2\/posts\/26077"}],"collection":[{"href":"https:\/\/cenal.gob.ve\/index.php?rest_route=\/wp\/v2\/posts"}],"about":[{"href":"https:\/\/cenal.gob.ve\/index.php?rest_route=\/wp\/v2\/types\/post"}],"author":[{"embeddable":true,"href":"https:\/\/cenal.gob.ve\/index.php?rest_route=\/wp\/v2\/users\/10"}],"replies":[{"embeddable":true,"href":"https:\/\/cenal.gob.ve\/index.php?rest_route=%2Fwp%2Fv2%2Fcomments&post=26077"}],"version-history":[{"count":2,"href":"https:\/\/cenal.gob.ve\/index.php?rest_route=\/wp\/v2\/posts\/26077\/revisions"}],"predecessor-version":[{"id":26081,"href":"https:\/\/cenal.gob.ve\/index.php?rest_route=\/wp\/v2\/posts\/26077\/revisions\/26081"}],"wp:featuredmedia":[{"embeddable":true,"href":"https:\/\/cenal.gob.ve\/index.php?rest_route=\/wp\/v2\/media\/26078"}],"wp:attachment":[{"href":"https:\/\/cenal.gob.ve\/index.php?rest_route=%2Fwp%2Fv2%2Fmedia&parent=26077"}],"wp:term":[{"taxonomy":"category","embeddable":true,"href":"https:\/\/cenal.gob.ve\/index.php?rest_route=%2Fwp%2Fv2%2Fcategories&post=26077"},{"taxonomy":"post_tag","embeddable":true,"href":"https:\/\/cenal.gob.ve\/index.php?rest_route=%2Fwp%2Fv2%2Ftags&post=26077"}],"curies":[{"name":"wp","href":"https:\/\/api.w.org\/{rel}","templated":true}]}}