{"id":26083,"date":"2025-07-12T14:27:00","date_gmt":"2025-07-12T18:27:00","guid":{"rendered":"https:\/\/cenal.gob.ve\/?p=26083"},"modified":"2025-07-17T14:32:10","modified_gmt":"2025-07-17T18:32:10","slug":"cultura-literatura-y-artesania-asi-palpita-el-pabellon-egipto-en-la-filven-2025","status":"publish","type":"post","link":"https:\/\/cenal.gob.ve\/?p=26083","title":{"rendered":"Cultura, literatura y artesan\u00eda: as\u00ed palpita el Pabell\u00f3n Egipto en la Filven 2025"},"content":{"rendered":"\n<p>Entre aromas a papiro, pir\u00e1mides y libros que cruzaron fronteras, el Pabell\u00f3n Egipto se ha convertido en una parada obligatoria de la 21a Feria Internacional del Libro de Venezuela (Filven) 2025. Bajo el cuidado de su delegaci\u00f3n diplom\u00e1tica, quienes se muestran muy contentos con la receptividad, los visitantes en estos espacios encuentran no solo literatura, sino tambi\u00e9n artesan\u00eda y una particular hospitalidad egipcia que ha sabido conectarse profundamente con el alma de los venezolanos.<\/p>\n\n\n\n<p>Greis Greige, integrante de la delegaci\u00f3n de la Embajada de Egipto, cuenta con orgullo que la respuesta ha sido inesperadamente hermosa. \u201cLa gente se acerca al estand para hablar, para comprar artesan\u00edas\u2026y los egipcios est\u00e1n maravillados con la atenci\u00f3n del Gobierno, del personal de la Filven. Les encanta Venezuela\u201d. El Pabell\u00f3n Egipto exhibe libros en \u00e1rabe, ingl\u00e9s y tambi\u00e9n en espa\u00f1ol. Al respecto, Greige coment\u00f3 que los encargados se han sorprendido con la acogida de sus obras en \u00e1rabe. \u201cAunque muchos no pueden leerlas, las adquieren atra\u00eddos por sus ilustraciones, el dise\u00f1o y el deseo de llevarse un pedacito de Egipto a casa\u201d.<\/p>\n\n\n\n<figure class=\"wp-block-image\"><img src=\"https:\/\/filven.com\/wp-content\/uploads\/2025\/07\/photo_2025-07-12_19-58-34-1024x683.jpg\" alt=\"\" class=\"wp-image-27465\"\/><\/figure>\n\n\n\n<p>Entre los m\u00e1s buscados tambi\u00e9n destacan libros infantiles para colorear con im\u00e1genes de paisajes y monumentos egipcios, as\u00ed como el libro sobre el exmandatario Gamal Abdel Nasser. Por otra parte, una joya narrativa que ha capturado miradas son los cuentos de Alejandra, una ni\u00f1a venezolana que viaja por Alejandr\u00eda, Aswan y Luxor descubriendo la historia del papiro y creando met\u00e1foras que enlanzan ambas culturas. Estas obras de Iliana G\u00f3mez, publicados por la editorial egipcia Hapi, se presentaron como parte de las actividades de la Feria.<\/p>\n\n\n\n<figure class=\"wp-block-image\"><img src=\"https:\/\/filven.com\/wp-content\/uploads\/2025\/07\/photo_2025-07-09_16-14-57-1-1024x682.jpg\" alt=\"\" class=\"wp-image-27466\"\/><\/figure>\n\n\n\n<p>La recreaci\u00f3n de una esfinge y una pir\u00e1mide dentro del recinto son testigos de esta experiencia que convierte la visita en un peque\u00f1o viaje inmersivo. Quienes no adquieren libros, aprovechan la oportunidad para tomarse fotos y sumergirse en esta cultura. \u201cSe siente como si estuvieramos visitando un pedazo de Egipto aqu\u00ed en Venezuela\u201d, coment\u00f3 Greis con una sonrisa que parece envolver todo el pabell\u00f3n.<\/p>\n\n\n\n<p><strong>La Filven entra en su recta final<\/strong><\/p>\n\n\n\n<p>Esta fiesta que celebra la literatura, fomenta tambi\u00e9n los encuentros que trascienden el idioma, la geograf\u00eda y el tiempo. El Pabell\u00f3n Egipto, con su calidez y riqueza cultural, es una prueba viva de ello.<\/p>\n\n\n\n<p>Queda solo un d\u00eda para recorrer sus pasillos llenos de historias, encuentros, experiencias y aprendizajes. Las familias a\u00fan tienen tiempo de sumarse a esta celebraci\u00f3n de la palabra, disfrutar las actividades culturales y, sobre todo, de visitar este espacio, un rinc\u00f3n encantado donde literatura, la tradici\u00f3n y el arte se funden en una experiencia que trasciende fronteras. \u00a1El coraz\u00f3n de Egipto sigue latiendo en Caracas por un d\u00eda m\u00e1s!<\/p>\n\n\n\n<figure class=\"wp-block-image\"><img src=\"https:\/\/filven.com\/wp-content\/uploads\/2025\/07\/photo_2025-07-12_19-58-30-682x1024.jpg\" alt=\"\" class=\"wp-image-27467\"\/><\/figure>\n\n\n\n<p><br>\u200eFILVEN\/GG\/MR<\/p>\n","protected":false},"excerpt":{"rendered":"<p>Entre aromas a papiro, pir\u00e1mides y libros que cruzaron fronteras, el Pabell\u00f3n Egipto se ha convertido en una parada obligatoria de la 21a Feria Internacional del Libro de Venezuela (Filven) [&hellip;]<\/p>\n","protected":false},"author":10,"featured_media":26084,"comment_status":"open","ping_status":"closed","sticky":false,"template":"","format":"standard","meta":{"spay_email":"","jetpack_publicize_message":"","jetpack_is_tweetstorm":false,"jetpack_publicize_feature_enabled":true},"categories":[12],"tags":[],"yoast_head":"<!-- This site is optimized with the Yoast SEO plugin v19.8 - https:\/\/yoast.com\/wordpress\/plugins\/seo\/ -->\n<title>Cultura, literatura y artesan\u00eda: as\u00ed palpita el Pabell\u00f3n Egipto en la Filven 2025<\/title>\n<meta name=\"robots\" content=\"index, follow, max-snippet:-1, max-image-preview:large, max-video-preview:-1\" \/>\n<link rel=\"canonical\" href=\"https:\/\/cenal.gob.ve\/?p=26083\" \/>\n<meta property=\"og:locale\" content=\"es_ES\" \/>\n<meta property=\"og:type\" content=\"article\" \/>\n<meta property=\"og:title\" content=\"Cultura, literatura y artesan\u00eda: as\u00ed palpita el Pabell\u00f3n Egipto en la Filven 2025\" \/>\n<meta property=\"og:description\" content=\"Entre aromas a papiro, pir\u00e1mides y libros que cruzaron fronteras, el Pabell\u00f3n Egipto se ha convertido en una parada obligatoria de la 21a Feria Internacional del Libro de Venezuela (Filven) [&hellip;]\" \/>\n<meta property=\"og:url\" content=\"https:\/\/cenal.gob.ve\/?p=26083\" \/>\n<meta property=\"og:site_name\" content=\"Cenal\" \/>\n<meta property=\"article:published_time\" content=\"2025-07-12T18:27:00+00:00\" \/>\n<meta property=\"article:modified_time\" content=\"2025-07-17T18:32:10+00:00\" \/>\n<meta property=\"og:image\" content=\"http:\/\/cenal.gob.ve\/wp-content\/uploads\/2025\/07\/PR-1-1024x768-1.jpg\" \/>\n\t<meta property=\"og:image:width\" content=\"1024\" \/>\n\t<meta property=\"og:image:height\" content=\"768\" \/>\n\t<meta property=\"og:image:type\" content=\"image\/jpeg\" \/>\n<meta name=\"author\" content=\"Prensa Cenal\" \/>\n<meta name=\"twitter:card\" content=\"summary_large_image\" \/>\n<meta name=\"twitter:label1\" content=\"Written by\" \/>\n\t<meta name=\"twitter:data1\" content=\"Prensa Cenal\" \/>\n\t<meta name=\"twitter:label2\" content=\"Est. reading time\" \/>\n\t<meta name=\"twitter:data2\" content=\"3 minutos\" \/>\n<script type=\"application\/ld+json\" class=\"yoast-schema-graph\">{\"@context\":\"https:\/\/schema.org\",\"@graph\":[{\"@type\":\"Article\",\"@id\":\"https:\/\/cenal.gob.ve\/?p=26083#article\",\"isPartOf\":{\"@id\":\"https:\/\/cenal.gob.ve\/?p=26083\"},\"author\":{\"name\":\"Prensa Cenal\",\"@id\":\"https:\/\/cenal.gob.ve\/#\/schema\/person\/e3ed34623f400ffab8bc7a63b2f5533f\"},\"headline\":\"Cultura, literatura y artesan\u00eda: as\u00ed palpita el Pabell\u00f3n Egipto en la Filven 2025\",\"datePublished\":\"2025-07-12T18:27:00+00:00\",\"dateModified\":\"2025-07-17T18:32:10+00:00\",\"mainEntityOfPage\":{\"@id\":\"https:\/\/cenal.gob.ve\/?p=26083\"},\"wordCount\":491,\"commentCount\":1,\"publisher\":{\"@id\":\"https:\/\/cenal.gob.ve\/#organization\"},\"articleSection\":[\"Filven\"],\"inLanguage\":\"es\",\"potentialAction\":[{\"@type\":\"CommentAction\",\"name\":\"Comment\",\"target\":[\"https:\/\/cenal.gob.ve\/?p=26083#respond\"]}]},{\"@type\":\"WebPage\",\"@id\":\"https:\/\/cenal.gob.ve\/?p=26083\",\"url\":\"https:\/\/cenal.gob.ve\/?p=26083\",\"name\":\"Cultura, literatura y artesan\u00eda: as\u00ed palpita el Pabell\u00f3n Egipto en la Filven 2025\",\"isPartOf\":{\"@id\":\"https:\/\/cenal.gob.ve\/#website\"},\"datePublished\":\"2025-07-12T18:27:00+00:00\",\"dateModified\":\"2025-07-17T18:32:10+00:00\",\"breadcrumb\":{\"@id\":\"https:\/\/cenal.gob.ve\/?p=26083#breadcrumb\"},\"inLanguage\":\"es\",\"potentialAction\":[{\"@type\":\"ReadAction\",\"target\":[\"https:\/\/cenal.gob.ve\/?p=26083\"]}]},{\"@type\":\"BreadcrumbList\",\"@id\":\"https:\/\/cenal.gob.ve\/?p=26083#breadcrumb\",\"itemListElement\":[{\"@type\":\"ListItem\",\"position\":1,\"name\":\"Home\",\"item\":\"https:\/\/cenal.gob.ve\/\"},{\"@type\":\"ListItem\",\"position\":2,\"name\":\"Cultura, literatura y artesan\u00eda: as\u00ed palpita el Pabell\u00f3n Egipto en la Filven 2025\"}]},{\"@type\":\"WebSite\",\"@id\":\"https:\/\/cenal.gob.ve\/#website\",\"url\":\"https:\/\/cenal.gob.ve\/\",\"name\":\"Cenal\",\"description\":\"\",\"publisher\":{\"@id\":\"https:\/\/cenal.gob.ve\/#organization\"},\"potentialAction\":[{\"@type\":\"SearchAction\",\"target\":{\"@type\":\"EntryPoint\",\"urlTemplate\":\"https:\/\/cenal.gob.ve\/?s={search_term_string}\"},\"query-input\":\"required name=search_term_string\"}],\"inLanguage\":\"es\"},{\"@type\":\"Organization\",\"@id\":\"https:\/\/cenal.gob.ve\/#organization\",\"name\":\"CENAL\",\"url\":\"https:\/\/cenal.gob.ve\/\",\"sameAs\":[],\"logo\":{\"@type\":\"ImageObject\",\"inLanguage\":\"es\",\"@id\":\"https:\/\/cenal.gob.ve\/#\/schema\/logo\/image\/\",\"url\":\"https:\/\/i0.wp.com\/cenal.gob.ve\/wp-content\/uploads\/2022\/10\/cropped-images.jpg?fit=512%2C512\",\"contentUrl\":\"https:\/\/i0.wp.com\/cenal.gob.ve\/wp-content\/uploads\/2022\/10\/cropped-images.jpg?fit=512%2C512\",\"width\":512,\"height\":512,\"caption\":\"CENAL\"},\"image\":{\"@id\":\"https:\/\/cenal.gob.ve\/#\/schema\/logo\/image\/\"}},{\"@type\":\"Person\",\"@id\":\"https:\/\/cenal.gob.ve\/#\/schema\/person\/e3ed34623f400ffab8bc7a63b2f5533f\",\"name\":\"Prensa Cenal\",\"image\":{\"@type\":\"ImageObject\",\"inLanguage\":\"es\",\"@id\":\"https:\/\/cenal.gob.ve\/#\/schema\/person\/image\/\",\"url\":\"https:\/\/secure.gravatar.com\/avatar\/594b4ed34090910c619ac3679001d491?s=96&d=mm&r=g\",\"contentUrl\":\"https:\/\/secure.gravatar.com\/avatar\/594b4ed34090910c619ac3679001d491?s=96&d=mm&r=g\",\"caption\":\"Prensa Cenal\"},\"url\":\"https:\/\/cenal.gob.ve\/?author=10\"}]}<\/script>\n<!-- \/ Yoast SEO plugin. -->","yoast_head_json":{"title":"Cultura, literatura y artesan\u00eda: as\u00ed palpita el Pabell\u00f3n Egipto en la Filven 2025","robots":{"index":"index","follow":"follow","max-snippet":"max-snippet:-1","max-image-preview":"max-image-preview:large","max-video-preview":"max-video-preview:-1"},"canonical":"https:\/\/cenal.gob.ve\/?p=26083","og_locale":"es_ES","og_type":"article","og_title":"Cultura, literatura y artesan\u00eda: as\u00ed palpita el Pabell\u00f3n Egipto en la Filven 2025","og_description":"Entre aromas a papiro, pir\u00e1mides y libros que cruzaron fronteras, el Pabell\u00f3n Egipto se ha convertido en una parada obligatoria de la 21a Feria Internacional del Libro de Venezuela (Filven) [&hellip;]","og_url":"https:\/\/cenal.gob.ve\/?p=26083","og_site_name":"Cenal","article_published_time":"2025-07-12T18:27:00+00:00","article_modified_time":"2025-07-17T18:32:10+00:00","og_image":[{"width":1024,"height":768,"url":"http:\/\/cenal.gob.ve\/wp-content\/uploads\/2025\/07\/PR-1-1024x768-1.jpg","type":"image\/jpeg"}],"author":"Prensa Cenal","twitter_card":"summary_large_image","twitter_misc":{"Written by":"Prensa Cenal","Est. reading time":"3 minutos"},"schema":{"@context":"https:\/\/schema.org","@graph":[{"@type":"Article","@id":"https:\/\/cenal.gob.ve\/?p=26083#article","isPartOf":{"@id":"https:\/\/cenal.gob.ve\/?p=26083"},"author":{"name":"Prensa Cenal","@id":"https:\/\/cenal.gob.ve\/#\/schema\/person\/e3ed34623f400ffab8bc7a63b2f5533f"},"headline":"Cultura, literatura y artesan\u00eda: as\u00ed palpita el Pabell\u00f3n Egipto en la Filven 2025","datePublished":"2025-07-12T18:27:00+00:00","dateModified":"2025-07-17T18:32:10+00:00","mainEntityOfPage":{"@id":"https:\/\/cenal.gob.ve\/?p=26083"},"wordCount":491,"commentCount":1,"publisher":{"@id":"https:\/\/cenal.gob.ve\/#organization"},"articleSection":["Filven"],"inLanguage":"es","potentialAction":[{"@type":"CommentAction","name":"Comment","target":["https:\/\/cenal.gob.ve\/?p=26083#respond"]}]},{"@type":"WebPage","@id":"https:\/\/cenal.gob.ve\/?p=26083","url":"https:\/\/cenal.gob.ve\/?p=26083","name":"Cultura, literatura y artesan\u00eda: as\u00ed palpita el Pabell\u00f3n Egipto en la Filven 2025","isPartOf":{"@id":"https:\/\/cenal.gob.ve\/#website"},"datePublished":"2025-07-12T18:27:00+00:00","dateModified":"2025-07-17T18:32:10+00:00","breadcrumb":{"@id":"https:\/\/cenal.gob.ve\/?p=26083#breadcrumb"},"inLanguage":"es","potentialAction":[{"@type":"ReadAction","target":["https:\/\/cenal.gob.ve\/?p=26083"]}]},{"@type":"BreadcrumbList","@id":"https:\/\/cenal.gob.ve\/?p=26083#breadcrumb","itemListElement":[{"@type":"ListItem","position":1,"name":"Home","item":"https:\/\/cenal.gob.ve\/"},{"@type":"ListItem","position":2,"name":"Cultura, literatura y artesan\u00eda: as\u00ed palpita el Pabell\u00f3n Egipto en la Filven 2025"}]},{"@type":"WebSite","@id":"https:\/\/cenal.gob.ve\/#website","url":"https:\/\/cenal.gob.ve\/","name":"Cenal","description":"","publisher":{"@id":"https:\/\/cenal.gob.ve\/#organization"},"potentialAction":[{"@type":"SearchAction","target":{"@type":"EntryPoint","urlTemplate":"https:\/\/cenal.gob.ve\/?s={search_term_string}"},"query-input":"required name=search_term_string"}],"inLanguage":"es"},{"@type":"Organization","@id":"https:\/\/cenal.gob.ve\/#organization","name":"CENAL","url":"https:\/\/cenal.gob.ve\/","sameAs":[],"logo":{"@type":"ImageObject","inLanguage":"es","@id":"https:\/\/cenal.gob.ve\/#\/schema\/logo\/image\/","url":"https:\/\/i0.wp.com\/cenal.gob.ve\/wp-content\/uploads\/2022\/10\/cropped-images.jpg?fit=512%2C512","contentUrl":"https:\/\/i0.wp.com\/cenal.gob.ve\/wp-content\/uploads\/2022\/10\/cropped-images.jpg?fit=512%2C512","width":512,"height":512,"caption":"CENAL"},"image":{"@id":"https:\/\/cenal.gob.ve\/#\/schema\/logo\/image\/"}},{"@type":"Person","@id":"https:\/\/cenal.gob.ve\/#\/schema\/person\/e3ed34623f400ffab8bc7a63b2f5533f","name":"Prensa Cenal","image":{"@type":"ImageObject","inLanguage":"es","@id":"https:\/\/cenal.gob.ve\/#\/schema\/person\/image\/","url":"https:\/\/secure.gravatar.com\/avatar\/594b4ed34090910c619ac3679001d491?s=96&d=mm&r=g","contentUrl":"https:\/\/secure.gravatar.com\/avatar\/594b4ed34090910c619ac3679001d491?s=96&d=mm&r=g","caption":"Prensa Cenal"},"url":"https:\/\/cenal.gob.ve\/?author=10"}]}},"jetpack_featured_media_url":"https:\/\/cenal.gob.ve\/wp-content\/uploads\/2025\/07\/PR-1-1024x768-1.jpg","jetpack_publicize_connections":[],"jetpack_shortlink":"https:\/\/wp.me\/p5FMhp-6MH","_links":{"self":[{"href":"https:\/\/cenal.gob.ve\/index.php?rest_route=\/wp\/v2\/posts\/26083"}],"collection":[{"href":"https:\/\/cenal.gob.ve\/index.php?rest_route=\/wp\/v2\/posts"}],"about":[{"href":"https:\/\/cenal.gob.ve\/index.php?rest_route=\/wp\/v2\/types\/post"}],"author":[{"embeddable":true,"href":"https:\/\/cenal.gob.ve\/index.php?rest_route=\/wp\/v2\/users\/10"}],"replies":[{"embeddable":true,"href":"https:\/\/cenal.gob.ve\/index.php?rest_route=%2Fwp%2Fv2%2Fcomments&post=26083"}],"version-history":[{"count":1,"href":"https:\/\/cenal.gob.ve\/index.php?rest_route=\/wp\/v2\/posts\/26083\/revisions"}],"predecessor-version":[{"id":26085,"href":"https:\/\/cenal.gob.ve\/index.php?rest_route=\/wp\/v2\/posts\/26083\/revisions\/26085"}],"wp:featuredmedia":[{"embeddable":true,"href":"https:\/\/cenal.gob.ve\/index.php?rest_route=\/wp\/v2\/media\/26084"}],"wp:attachment":[{"href":"https:\/\/cenal.gob.ve\/index.php?rest_route=%2Fwp%2Fv2%2Fmedia&parent=26083"}],"wp:term":[{"taxonomy":"category","embeddable":true,"href":"https:\/\/cenal.gob.ve\/index.php?rest_route=%2Fwp%2Fv2%2Fcategories&post=26083"},{"taxonomy":"post_tag","embeddable":true,"href":"https:\/\/cenal.gob.ve\/index.php?rest_route=%2Fwp%2Fv2%2Ftags&post=26083"}],"curies":[{"name":"wp","href":"https:\/\/api.w.org\/{rel}","templated":true}]}}