{"id":26086,"date":"2025-07-13T14:33:00","date_gmt":"2025-07-13T18:33:00","guid":{"rendered":"https:\/\/cenal.gob.ve\/?p=26086"},"modified":"2025-07-17T14:38:42","modified_gmt":"2025-07-17T18:38:42","slug":"un-tren-viaja-al-cielo-de-la-media-noche-de-tarek-william-saab-lidera-lista-de-libros-mas-vendidos-en-filven","status":"publish","type":"post","link":"https:\/\/cenal.gob.ve\/?p=26086","title":{"rendered":"Un tren viaja al cielo de la media noche, de Tarek William Saab, lidera lista de libros m\u00e1s vendidos en Filven"},"content":{"rendered":"\n<p>La obra&nbsp;<em>Un tren viaja al cielo de la media noche<\/em>, de Tarek William Saab y publicada por Vadell Hermanos Editores y Monte \u00c1vila Editores, fue el libro m\u00e1s vendido de la 21a Feria Internacional del Libro de Venezuela (Filven 2025), clausurada este domingo.<\/p>\n\n\n\n<p>El anunci\u00f3 lo hizo al final de la ceremonia Ra\u00fal Cazal, viceministro de Fomento para la Econom\u00eda Cultural y presidente del Centro Nacional del Libro, Cenal, que organiza la Filven, quien precis\u00f3 que tuvieron que cruzar los datos enviados por las distintas editoriales para dar un n\u00famero aproximado que \u201cpuede cambiar\u201d.<\/p>\n\n\n\n<p>Cazal coment\u00f3 bromeando que el poeta y abogado, actual fiscal general de la Rep\u00fablica, \u201ccompite consigo mismo\u201d en el ranking, \u201cporque tiene como tres libros\u201d que fueron vendidos en esta edici\u00f3n de la Filven. Los otros dos tambi\u00e9n se encuentran en la lista de los m\u00e1s vendidos.<\/p>\n\n\n\n<figure class=\"wp-block-image\"><img src=\"https:\/\/filven.com\/wp-content\/uploads\/2025\/07\/photo_2025-07-06_20-56-35-682x1024.jpg\" alt=\"\" class=\"wp-image-27763\"\/><\/figure>\n\n\n\n<p>El segundo en la lista de ranking es la&nbsp;<em>Trilog\u00eda del desamor<\/em>, de Miguel \u00c1ngel P\u00e9rez Pirela, publicado por Monte \u00c1vila Editores y La Iguana Ediciones.<\/p>\n\n\n\n<p>El tercer libro m\u00e1s vendido es&nbsp;<em>\u00c9l es la Revoluci\u00f3n<\/em>.&nbsp;<em>Biograf\u00eda pol\u00edtica de Sim\u00f3n Bol\u00edvar<\/em>, de Sergio Guerra Vilaboy, tambi\u00e9n lanzado por Monte \u00c1vila Editores.<\/p>\n\n\n\n<p>Y la cuarta obra m\u00e1s adquirida por los lectores fue&nbsp;<em>La barca de nuestros sue\u00f1os inconclusos<\/em>, de Rosin\u00e9s Ch\u00e1vez, impresa por la editorial El perro y la rana, adscrita al Ministerio del Poder Popular para la Cultura.<\/p>\n\n\n\n<figure class=\"wp-block-image\"><img src=\"https:\/\/filven.com\/wp-content\/uploads\/2025\/07\/photo_2025-07-13_08-51-00.jpg\" alt=\"\" class=\"wp-image-27582\"\/><\/figure>\n\n\n\n<p>El adelanto fue recibido con aplausos entusiasmados del p\u00fablico presente, que salud\u00f3 conocer de primera mano estos detalles.<\/p>\n\n\n\n<p>\u201cAutores que no se sientan conformes pueden adquirir sus libros y mover los n\u00fameros\u201d, brome\u00f3 entretanto el ministro del Poder Popular para la Cutura, Ernesto Villegas, presente tambi\u00e9n en la ceremonia en una abarrotada Sala Filven.<\/p>\n\n\n\n<p>\u201cDesde esta ma\u00f1ana superamos los n\u00fameros de todas las ferias anteriores\u201d, a\u00f1adi\u00f3. \u201cSe han vendido m\u00e1s n\u00fameros, m\u00e1s ejemplares y hemos tenido m\u00e1s visitas de personas que en ninguna otra feria en sus 21 ediciones\u201d.<\/p>\n\n\n\n<p>\u201cNo podemos dar n\u00fameros m\u00e1s exactos porque ma\u00f1ana haremos una rendici\u00f3n de cuentas ante las autoridades\u201d, volvi\u00f3 a expresar, visiblemente satisfecho.<\/p>\n\n\n\n<p><strong>Los otros seis libros m\u00e1s vendidos<\/strong><\/p>\n\n\n\n<p>El quinto m\u00e1s vendido en esta edici\u00f3n de la feria es&nbsp;<em>H\u00e9ctor Lavoe: La voz del barrio<\/em>, de Sergio Santana Archbold (El perro y la rana).&nbsp;<em>El sexto y el s\u00e9ptimo<\/em>, respectivamente,&nbsp;<em>Los r\u00edos de la ira<\/em>&nbsp;(Monte \u00c1vila y La Espada Rota) y&nbsp;<em>So\u00f1ando el largo viaje<\/em>&nbsp;(Editorial Acirema), ambos de Tarek William Saab.<\/p>\n\n\n\n<figure class=\"wp-block-image\"><img src=\"https:\/\/filven.com\/wp-content\/uploads\/2025\/07\/photo_2025-07-13_08-10-56-578x1024.jpg\" alt=\"\" class=\"wp-image-27542\"\/><\/figure>\n\n\n\n<p>El octavo libro m\u00e1s vendido fue&nbsp;<em>Anda nada<\/em>, de Luis Britto Garc\u00eda (Monte \u00c1vila Editores) y el noveno&nbsp;<em>Mar\u00eda Lionza. Divinidad sin fronteras<\/em>, de Daisy Barreto (Editorial El perro y la rana).<\/p>\n\n\n\n<p>Los libros de dos de los escritores homenajeados en esta 21a Filven fueron los l\u00edderes en venta, d\u00e9cimo y und\u00e9cimo respectivamente y ambos publicados por Monte \u00c1vila Editores. Se trata de&nbsp;<em>Reflexiones cr\u00edticas en torno al Caribe<\/em>, de Esteban Emilio Mosonyi, y&nbsp;<em>Watunna<\/em>.&nbsp;<em>Un ciclo de creaci\u00f3n en el Orinoco<\/em>, de Marc de Civrieux.<\/p>\n\n\n\n<p>Cazal se\u00f1al\u00f3 que las cifras \u201cno son irreversibles\u201d sino que pueden cambiar de aqu\u00ed hasta entrada la noche o, inclusive, hasta el d\u00eda lunes 14.<\/p>\n\n\n\n<figure class=\"wp-block-image\"><img src=\"https:\/\/filven.com\/wp-content\/uploads\/2025\/07\/photo_2025-07-07_18-01-29-1024x854.jpg\" alt=\"\" class=\"wp-image-27803\"\/><\/figure>\n\n\n\n<p>FILVEN\/MCV\/REP<\/p>\n","protected":false},"excerpt":{"rendered":"<p>La obra&nbsp;Un tren viaja al cielo de la media noche, de Tarek William Saab y publicada por Vadell Hermanos Editores y Monte \u00c1vila Editores, fue el libro m\u00e1s vendido de [&hellip;]<\/p>\n","protected":false},"author":10,"featured_media":26087,"comment_status":"open","ping_status":"closed","sticky":false,"template":"","format":"standard","meta":{"spay_email":"","jetpack_publicize_message":"","jetpack_is_tweetstorm":false,"jetpack_publicize_feature_enabled":true},"categories":[12],"tags":[],"yoast_head":"<!-- This site is optimized with the Yoast SEO plugin v19.8 - https:\/\/yoast.com\/wordpress\/plugins\/seo\/ -->\n<title>Un tren viaja al cielo de la media noche, de Tarek William Saab, lidera lista de libros m\u00e1s vendidos en Filven<\/title>\n<meta name=\"robots\" content=\"index, follow, max-snippet:-1, max-image-preview:large, max-video-preview:-1\" \/>\n<link rel=\"canonical\" href=\"https:\/\/cenal.gob.ve\/?p=26086\" \/>\n<meta property=\"og:locale\" content=\"es_ES\" \/>\n<meta property=\"og:type\" content=\"article\" \/>\n<meta property=\"og:title\" content=\"Un tren viaja al cielo de la media noche, de Tarek William Saab, lidera lista de libros m\u00e1s vendidos en Filven\" \/>\n<meta property=\"og:description\" content=\"La obra&nbsp;Un tren viaja al cielo de la media noche, de Tarek William Saab y publicada por Vadell Hermanos Editores y Monte \u00c1vila Editores, fue el libro m\u00e1s vendido de [&hellip;]\" \/>\n<meta property=\"og:url\" content=\"https:\/\/cenal.gob.ve\/?p=26086\" \/>\n<meta property=\"og:site_name\" content=\"Cenal\" \/>\n<meta property=\"article:published_time\" content=\"2025-07-13T18:33:00+00:00\" \/>\n<meta property=\"article:modified_time\" content=\"2025-07-17T18:38:42+00:00\" \/>\n<meta property=\"og:image\" content=\"http:\/\/cenal.gob.ve\/wp-content\/uploads\/2025\/07\/photo_2025-07-14_15-29-11-1024x682-1.jpg\" \/>\n\t<meta property=\"og:image:width\" content=\"1024\" \/>\n\t<meta property=\"og:image:height\" content=\"682\" \/>\n\t<meta property=\"og:image:type\" content=\"image\/jpeg\" \/>\n<meta name=\"author\" content=\"Prensa Cenal\" \/>\n<meta name=\"twitter:card\" content=\"summary_large_image\" \/>\n<meta name=\"twitter:label1\" content=\"Written by\" \/>\n\t<meta name=\"twitter:data1\" content=\"Prensa Cenal\" \/>\n\t<meta name=\"twitter:label2\" content=\"Est. reading time\" \/>\n\t<meta name=\"twitter:data2\" content=\"4 minutos\" \/>\n<script type=\"application\/ld+json\" class=\"yoast-schema-graph\">{\"@context\":\"https:\/\/schema.org\",\"@graph\":[{\"@type\":\"Article\",\"@id\":\"https:\/\/cenal.gob.ve\/?p=26086#article\",\"isPartOf\":{\"@id\":\"https:\/\/cenal.gob.ve\/?p=26086\"},\"author\":{\"name\":\"Prensa Cenal\",\"@id\":\"https:\/\/cenal.gob.ve\/#\/schema\/person\/e3ed34623f400ffab8bc7a63b2f5533f\"},\"headline\":\"Un tren viaja al cielo de la media noche, de Tarek William Saab, lidera lista de libros m\u00e1s vendidos en Filven\",\"datePublished\":\"2025-07-13T18:33:00+00:00\",\"dateModified\":\"2025-07-17T18:38:42+00:00\",\"mainEntityOfPage\":{\"@id\":\"https:\/\/cenal.gob.ve\/?p=26086\"},\"wordCount\":602,\"commentCount\":1,\"publisher\":{\"@id\":\"https:\/\/cenal.gob.ve\/#organization\"},\"articleSection\":[\"Filven\"],\"inLanguage\":\"es\",\"potentialAction\":[{\"@type\":\"CommentAction\",\"name\":\"Comment\",\"target\":[\"https:\/\/cenal.gob.ve\/?p=26086#respond\"]}]},{\"@type\":\"WebPage\",\"@id\":\"https:\/\/cenal.gob.ve\/?p=26086\",\"url\":\"https:\/\/cenal.gob.ve\/?p=26086\",\"name\":\"Un tren viaja al cielo de la media noche, de Tarek William Saab, lidera lista de libros m\u00e1s vendidos en Filven\",\"isPartOf\":{\"@id\":\"https:\/\/cenal.gob.ve\/#website\"},\"datePublished\":\"2025-07-13T18:33:00+00:00\",\"dateModified\":\"2025-07-17T18:38:42+00:00\",\"breadcrumb\":{\"@id\":\"https:\/\/cenal.gob.ve\/?p=26086#breadcrumb\"},\"inLanguage\":\"es\",\"potentialAction\":[{\"@type\":\"ReadAction\",\"target\":[\"https:\/\/cenal.gob.ve\/?p=26086\"]}]},{\"@type\":\"BreadcrumbList\",\"@id\":\"https:\/\/cenal.gob.ve\/?p=26086#breadcrumb\",\"itemListElement\":[{\"@type\":\"ListItem\",\"position\":1,\"name\":\"Home\",\"item\":\"https:\/\/cenal.gob.ve\/\"},{\"@type\":\"ListItem\",\"position\":2,\"name\":\"Un tren viaja al cielo de la media noche, de Tarek William Saab, lidera lista de libros m\u00e1s vendidos en Filven\"}]},{\"@type\":\"WebSite\",\"@id\":\"https:\/\/cenal.gob.ve\/#website\",\"url\":\"https:\/\/cenal.gob.ve\/\",\"name\":\"Cenal\",\"description\":\"\",\"publisher\":{\"@id\":\"https:\/\/cenal.gob.ve\/#organization\"},\"potentialAction\":[{\"@type\":\"SearchAction\",\"target\":{\"@type\":\"EntryPoint\",\"urlTemplate\":\"https:\/\/cenal.gob.ve\/?s={search_term_string}\"},\"query-input\":\"required name=search_term_string\"}],\"inLanguage\":\"es\"},{\"@type\":\"Organization\",\"@id\":\"https:\/\/cenal.gob.ve\/#organization\",\"name\":\"CENAL\",\"url\":\"https:\/\/cenal.gob.ve\/\",\"sameAs\":[],\"logo\":{\"@type\":\"ImageObject\",\"inLanguage\":\"es\",\"@id\":\"https:\/\/cenal.gob.ve\/#\/schema\/logo\/image\/\",\"url\":\"https:\/\/i0.wp.com\/cenal.gob.ve\/wp-content\/uploads\/2022\/10\/cropped-images.jpg?fit=512%2C512\",\"contentUrl\":\"https:\/\/i0.wp.com\/cenal.gob.ve\/wp-content\/uploads\/2022\/10\/cropped-images.jpg?fit=512%2C512\",\"width\":512,\"height\":512,\"caption\":\"CENAL\"},\"image\":{\"@id\":\"https:\/\/cenal.gob.ve\/#\/schema\/logo\/image\/\"}},{\"@type\":\"Person\",\"@id\":\"https:\/\/cenal.gob.ve\/#\/schema\/person\/e3ed34623f400ffab8bc7a63b2f5533f\",\"name\":\"Prensa Cenal\",\"image\":{\"@type\":\"ImageObject\",\"inLanguage\":\"es\",\"@id\":\"https:\/\/cenal.gob.ve\/#\/schema\/person\/image\/\",\"url\":\"https:\/\/secure.gravatar.com\/avatar\/594b4ed34090910c619ac3679001d491?s=96&d=mm&r=g\",\"contentUrl\":\"https:\/\/secure.gravatar.com\/avatar\/594b4ed34090910c619ac3679001d491?s=96&d=mm&r=g\",\"caption\":\"Prensa Cenal\"},\"url\":\"https:\/\/cenal.gob.ve\/?author=10\"}]}<\/script>\n<!-- \/ Yoast SEO plugin. -->","yoast_head_json":{"title":"Un tren viaja al cielo de la media noche, de Tarek William Saab, lidera lista de libros m\u00e1s vendidos en Filven","robots":{"index":"index","follow":"follow","max-snippet":"max-snippet:-1","max-image-preview":"max-image-preview:large","max-video-preview":"max-video-preview:-1"},"canonical":"https:\/\/cenal.gob.ve\/?p=26086","og_locale":"es_ES","og_type":"article","og_title":"Un tren viaja al cielo de la media noche, de Tarek William Saab, lidera lista de libros m\u00e1s vendidos en Filven","og_description":"La obra&nbsp;Un tren viaja al cielo de la media noche, de Tarek William Saab y publicada por Vadell Hermanos Editores y Monte \u00c1vila Editores, fue el libro m\u00e1s vendido de [&hellip;]","og_url":"https:\/\/cenal.gob.ve\/?p=26086","og_site_name":"Cenal","article_published_time":"2025-07-13T18:33:00+00:00","article_modified_time":"2025-07-17T18:38:42+00:00","og_image":[{"width":1024,"height":682,"url":"http:\/\/cenal.gob.ve\/wp-content\/uploads\/2025\/07\/photo_2025-07-14_15-29-11-1024x682-1.jpg","type":"image\/jpeg"}],"author":"Prensa Cenal","twitter_card":"summary_large_image","twitter_misc":{"Written by":"Prensa Cenal","Est. reading time":"4 minutos"},"schema":{"@context":"https:\/\/schema.org","@graph":[{"@type":"Article","@id":"https:\/\/cenal.gob.ve\/?p=26086#article","isPartOf":{"@id":"https:\/\/cenal.gob.ve\/?p=26086"},"author":{"name":"Prensa Cenal","@id":"https:\/\/cenal.gob.ve\/#\/schema\/person\/e3ed34623f400ffab8bc7a63b2f5533f"},"headline":"Un tren viaja al cielo de la media noche, de Tarek William Saab, lidera lista de libros m\u00e1s vendidos en Filven","datePublished":"2025-07-13T18:33:00+00:00","dateModified":"2025-07-17T18:38:42+00:00","mainEntityOfPage":{"@id":"https:\/\/cenal.gob.ve\/?p=26086"},"wordCount":602,"commentCount":1,"publisher":{"@id":"https:\/\/cenal.gob.ve\/#organization"},"articleSection":["Filven"],"inLanguage":"es","potentialAction":[{"@type":"CommentAction","name":"Comment","target":["https:\/\/cenal.gob.ve\/?p=26086#respond"]}]},{"@type":"WebPage","@id":"https:\/\/cenal.gob.ve\/?p=26086","url":"https:\/\/cenal.gob.ve\/?p=26086","name":"Un tren viaja al cielo de la media noche, de Tarek William Saab, lidera lista de libros m\u00e1s vendidos en Filven","isPartOf":{"@id":"https:\/\/cenal.gob.ve\/#website"},"datePublished":"2025-07-13T18:33:00+00:00","dateModified":"2025-07-17T18:38:42+00:00","breadcrumb":{"@id":"https:\/\/cenal.gob.ve\/?p=26086#breadcrumb"},"inLanguage":"es","potentialAction":[{"@type":"ReadAction","target":["https:\/\/cenal.gob.ve\/?p=26086"]}]},{"@type":"BreadcrumbList","@id":"https:\/\/cenal.gob.ve\/?p=26086#breadcrumb","itemListElement":[{"@type":"ListItem","position":1,"name":"Home","item":"https:\/\/cenal.gob.ve\/"},{"@type":"ListItem","position":2,"name":"Un tren viaja al cielo de la media noche, de Tarek William Saab, lidera lista de libros m\u00e1s vendidos en Filven"}]},{"@type":"WebSite","@id":"https:\/\/cenal.gob.ve\/#website","url":"https:\/\/cenal.gob.ve\/","name":"Cenal","description":"","publisher":{"@id":"https:\/\/cenal.gob.ve\/#organization"},"potentialAction":[{"@type":"SearchAction","target":{"@type":"EntryPoint","urlTemplate":"https:\/\/cenal.gob.ve\/?s={search_term_string}"},"query-input":"required name=search_term_string"}],"inLanguage":"es"},{"@type":"Organization","@id":"https:\/\/cenal.gob.ve\/#organization","name":"CENAL","url":"https:\/\/cenal.gob.ve\/","sameAs":[],"logo":{"@type":"ImageObject","inLanguage":"es","@id":"https:\/\/cenal.gob.ve\/#\/schema\/logo\/image\/","url":"https:\/\/i0.wp.com\/cenal.gob.ve\/wp-content\/uploads\/2022\/10\/cropped-images.jpg?fit=512%2C512","contentUrl":"https:\/\/i0.wp.com\/cenal.gob.ve\/wp-content\/uploads\/2022\/10\/cropped-images.jpg?fit=512%2C512","width":512,"height":512,"caption":"CENAL"},"image":{"@id":"https:\/\/cenal.gob.ve\/#\/schema\/logo\/image\/"}},{"@type":"Person","@id":"https:\/\/cenal.gob.ve\/#\/schema\/person\/e3ed34623f400ffab8bc7a63b2f5533f","name":"Prensa Cenal","image":{"@type":"ImageObject","inLanguage":"es","@id":"https:\/\/cenal.gob.ve\/#\/schema\/person\/image\/","url":"https:\/\/secure.gravatar.com\/avatar\/594b4ed34090910c619ac3679001d491?s=96&d=mm&r=g","contentUrl":"https:\/\/secure.gravatar.com\/avatar\/594b4ed34090910c619ac3679001d491?s=96&d=mm&r=g","caption":"Prensa Cenal"},"url":"https:\/\/cenal.gob.ve\/?author=10"}]}},"jetpack_featured_media_url":"https:\/\/cenal.gob.ve\/wp-content\/uploads\/2025\/07\/photo_2025-07-14_15-29-11-1024x682-1.jpg","jetpack_publicize_connections":[],"jetpack_shortlink":"https:\/\/wp.me\/p5FMhp-6MK","_links":{"self":[{"href":"https:\/\/cenal.gob.ve\/index.php?rest_route=\/wp\/v2\/posts\/26086"}],"collection":[{"href":"https:\/\/cenal.gob.ve\/index.php?rest_route=\/wp\/v2\/posts"}],"about":[{"href":"https:\/\/cenal.gob.ve\/index.php?rest_route=\/wp\/v2\/types\/post"}],"author":[{"embeddable":true,"href":"https:\/\/cenal.gob.ve\/index.php?rest_route=\/wp\/v2\/users\/10"}],"replies":[{"embeddable":true,"href":"https:\/\/cenal.gob.ve\/index.php?rest_route=%2Fwp%2Fv2%2Fcomments&post=26086"}],"version-history":[{"count":1,"href":"https:\/\/cenal.gob.ve\/index.php?rest_route=\/wp\/v2\/posts\/26086\/revisions"}],"predecessor-version":[{"id":26088,"href":"https:\/\/cenal.gob.ve\/index.php?rest_route=\/wp\/v2\/posts\/26086\/revisions\/26088"}],"wp:featuredmedia":[{"embeddable":true,"href":"https:\/\/cenal.gob.ve\/index.php?rest_route=\/wp\/v2\/media\/26087"}],"wp:attachment":[{"href":"https:\/\/cenal.gob.ve\/index.php?rest_route=%2Fwp%2Fv2%2Fmedia&parent=26086"}],"wp:term":[{"taxonomy":"category","embeddable":true,"href":"https:\/\/cenal.gob.ve\/index.php?rest_route=%2Fwp%2Fv2%2Fcategories&post=26086"},{"taxonomy":"post_tag","embeddable":true,"href":"https:\/\/cenal.gob.ve\/index.php?rest_route=%2Fwp%2Fv2%2Ftags&post=26086"}],"curies":[{"name":"wp","href":"https:\/\/api.w.org\/{rel}","templated":true}]}}