{"id":26205,"date":"2025-08-24T07:01:00","date_gmt":"2025-08-24T11:01:00","guid":{"rendered":"https:\/\/cenal.gob.ve\/?p=26205"},"modified":"2025-08-24T15:18:52","modified_gmt":"2025-08-24T19:18:52","slug":"novela-negra-con-surrealistas","status":"publish","type":"post","link":"https:\/\/cenal.gob.ve\/?p=26205","title":{"rendered":"Novela negra con surrealistas"},"content":{"rendered":"\n<p class=\"has-drop-cap\">A los surrealistas se les puede culpar de muchas cosas, quiz\u00e1s de todo, fue la conclusi\u00f3n a la que lleg\u00f3 el poeta Antonio Trujillo cuando le pregunt\u00e9 desde cu\u00e1ndo existe la percepci\u00f3n generalizada entre los escritores de que la poes\u00eda es el g\u00e9nero mayor de la literatura.<\/p>\n\n\n\n<p>La raz\u00f3n de la interrogante viene a prop\u00f3sito de que en la novela finalista del R\u00f3mulo Gallegos <em>C\u00f3mo vi a la Mujer Desnuda cuando entraba en el bosque<\/em>, del mexicano Mart\u00edn Solares, los surrealistas forman parte del entramado policial para resolver un crimen y una desaparici\u00f3n.<\/p>\n\n\n\n<p>Solares plantea algunas de las posturas de los surrealistas que asistieron a una reuni\u00f3n en un lugar al norte de Francia \u2014que en 1927 no aparec\u00eda en mapas\u2014. Se alojaron en un hotel en donde aparecen fantasmas \u2014solo en un sector\u2014 y por los alrededores merodea un perro con nombre de un cuento de Guy de Maupassant.&nbsp;<\/p>\n\n\n\n<p>Esto \u00faltimo tiene mucho sentido, cuando se habla de delirios, terror y fantas\u00eda, y es que Maupassant naci\u00f3 cerca del sitio de reuni\u00f3n convocado por Andr\u00e9 Bret\u00f3n en la novela de Solares.&nbsp;<\/p>\n\n\n\n<p>Tambi\u00e9n hay que destacar que el detective Pierre Le Noir, quien es el relator y protagonista de la novela, lee un texto del pintor Giorgio de Chirico, quien en una oportunidad le mand\u00f3 un telegrama a Breton, de acuerdo con la novela de Solares y que se explica por s\u00ed sola:<\/p>\n\n\n\n<p>\u201cAdi\u00f3s, Breton, \u00a1hasta nunca! Que el fantasma de Apollinaire, a quien dices apreciar, venga a reclamarte tu actitud hip\u00f3crita; que la poes\u00eda, que nos ha dado tanto, corte todo lazo que tiene contigo; y que los versos, que eran para ti como el aire que respirabas, se resistan a salir de ti y no puedas escribirlos de nuevo; que la prosa de la novela, que tanto detestas, se convierta en tu forma de vida. Adi\u00f3s, Breton, fue un placer conocerte mientras fuiste un poeta\u201d.<\/p>\n\n\n\n<p>Era la \u00e9poca en que la novela estaba en su momento de crisis debido al auge del cine, seg\u00fan Ricardo Piglia. Pero hay que tomar en cuenta que cada cierto tiempo los narradores revisan las formas de contar. De all\u00ed que los poetas surrealistas consideraran a la poes\u00eda como el g\u00e9nero literario por excelencia.<\/p>\n\n\n\n<p>Al final, Bret\u00f3n tiene repercusiones por los manifiestos y parad\u00f3jicamente por la novela <em>Nadja<\/em>, que tiene los elementos germinales de sus manifiestos y de su relaci\u00f3n con el personaje. Gui\u00f1o de Solares.<\/p>\n\n\n\n<figure class=\"wp-block-image size-large\"><img width=\"598\" height=\"1024\" src=\"http:\/\/cenal.gob.ve\/wp-content\/uploads\/2025\/08\/Como-vi-a-la-Mujer-Desnuda-cuando-entraba-Martin-Solares-598x1024.jpg\" alt=\"\" class=\"wp-image-26207\" srcset=\"https:\/\/cenal.gob.ve\/wp-content\/uploads\/2025\/08\/Como-vi-a-la-Mujer-Desnuda-cuando-entraba-Martin-Solares-598x1024.jpg 598w, https:\/\/cenal.gob.ve\/wp-content\/uploads\/2025\/08\/Como-vi-a-la-Mujer-Desnuda-cuando-entraba-Martin-Solares-175x300.jpg 175w, https:\/\/cenal.gob.ve\/wp-content\/uploads\/2025\/08\/Como-vi-a-la-Mujer-Desnuda-cuando-entraba-Martin-Solares-768x1315.jpg 768w, https:\/\/cenal.gob.ve\/wp-content\/uploads\/2025\/08\/Como-vi-a-la-Mujer-Desnuda-cuando-entraba-Martin-Solares-640x1096.jpg 640w, https:\/\/cenal.gob.ve\/wp-content\/uploads\/2025\/08\/Como-vi-a-la-Mujer-Desnuda-cuando-entraba-Martin-Solares.jpg 811w\" sizes=\"(max-width: 598px) 100vw, 598px\" \/><\/figure>\n\n\n\n<p>Apartemos ahora la poes\u00eda, porque cuando de surrealistas se trata, la historia de Solares tiene una originalidad dentro del canon de novelas de detectives que, apegado a la literatura latinoamericana, en espec\u00edfico, mexicana, resulta humor\u00edstica. El solo hecho de suponer que unos poetas y artistas pl\u00e1sticos podr\u00edan formar parte de un plan criminal, nos dice que todo es posible en literatura.<\/p>\n\n\n\n<p>Los surrealistas sospechosos son \u2014y se mencionan en estricto orden alfab\u00e9tico\u2014: Aragon, Breton, Bu\u00f1uel, Crevel, Dal\u00ed, Drieu, Duhamel, \u00c9luard, Ernst, James, Masson, Magritte, Naville, P\u00e9ret, Tanguy y Tzara.<\/p>\n\n\n\n<p>Tambi\u00e9n en la novela de Solares est\u00e1 presente el g\u00e9nero fant\u00e1stico, incluso el surrealista, que mediante espiritismo e hipnosis, uno de los personajes de las obras de Ren\u00e9 Magritte, \u201cLa Mujer Desnuda\u201d, pasa a ser la principal sospechosa.<\/p>\n\n\n\n<p>Los investigadores no s\u00f3lo est\u00e1n dentro de la obra de Mart\u00edn Solares. Tambi\u00e9n est\u00e1n los lectores. Uno de ellos, C\u00f3simo Mandrillo, dio con la obra de Magritte gracias a la \u201cInteligencia Artificial\u201d. Pero la obra est\u00e1 de m\u00e1s si se muestra, ya que Solares hace una viva descripci\u00f3n.&nbsp;<\/p>\n\n\n\n<p>\u201cMagritte hab\u00eda escrito dos frases en el cuadro: \u2018Yo no veo a la\u2019, luego ven\u00eda el cuerpo desnudo de la mujer, y al final a\u00f1ad\u00eda: \u2018escondida en el bosque\u2019. Es decir: \u2018Yo no veo a la mujer escondida en el bosque\u2019\u201d.<\/p>\n\n\n\n<p>Solares no solo sabe \u201cmirar\u201d, tambi\u00e9n \u201cver\u201d, de acuerdo con las teor\u00edas de John Berger, sino que adem\u00e1s sabe escribir con maestr\u00eda al no necesitar mostrar gr\u00e1ficamente lo que ve o mira. Ganancia para la escritura y para el lector.<\/p>\n\n\n\n<p>Tambi\u00e9n da otras pistas el detective Le Noir, entre ellas que un tal Martin Solares ha escrito otros dos libros sobre sus memorias\u2014<em>Catorce colmillos<\/em> y <em>Muerte en el Jard\u00edn de la Luna\u2014 y<\/em> que el lector debe consultar.<\/p>\n\n\n\n<p>Latinoam\u00e9rica renueva la novela negra constantemente, m\u00e1s cuando tiene entre sus personajes a Duhamel, autor intelectual de la colecci\u00f3n en Gallimard, y Mart\u00edn Solares le sigue las pistas.<\/p>\n","protected":false},"excerpt":{"rendered":"<p>A los surrealistas se les puede culpar de muchas cosas, quiz\u00e1s de todo, fue la conclusi\u00f3n a la que lleg\u00f3 el poeta Antonio Trujillo cuando le pregunt\u00e9 desde cu\u00e1ndo existe la percepci\u00f3n generalizada entre los escritores de que la poes\u00eda es el g\u00e9nero mayor de la literatura<\/p>\n","protected":false},"author":9,"featured_media":26206,"comment_status":"open","ping_status":"open","sticky":false,"template":"","format":"standard","meta":{"spay_email":"","jetpack_publicize_message":"","jetpack_is_tweetstorm":false,"jetpack_publicize_feature_enabled":true},"categories":[53,69],"tags":[211,243,216],"yoast_head":"<!-- This site is optimized with the Yoast SEO plugin v19.8 - https:\/\/yoast.com\/wordpress\/plugins\/seo\/ -->\n<title>Novela negra con surrealistas<\/title>\n<meta name=\"description\" content=\"A los surrealistas se les puede culpar de muchas cosas, quiz\u00e1s de todo, fue la conclusi\u00f3n a la que lleg\u00f3 el poeta Antonio Trujillo cuando le pregunt\u00e9 desde cu\u00e1ndo existe la percepci\u00f3n generalizada entre los escritores de que la poes\u00eda es el g\u00e9nero mayor de la literatura.\" \/>\n<meta name=\"robots\" content=\"index, follow, max-snippet:-1, max-image-preview:large, max-video-preview:-1\" \/>\n<link rel=\"canonical\" href=\"https:\/\/cenal.gob.ve\/?p=26205\" \/>\n<meta property=\"og:locale\" content=\"es_ES\" \/>\n<meta property=\"og:type\" content=\"article\" \/>\n<meta property=\"og:title\" content=\"Novela negra con surrealistas | por Ra\u00fal Cazal\" \/>\n<meta property=\"og:description\" content=\"A los surrealistas se les puede culpar de muchas cosas, quiz\u00e1s de todo, fue la conclusi\u00f3n a la que lleg\u00f3 el poeta Antonio Trujillo cuando le pregunt\u00e9 desde cu\u00e1ndo existe la percepci\u00f3n generalizada entre los escritores de que la poes\u00eda es el g\u00e9nero mayor de la literatura.\" \/>\n<meta property=\"og:url\" content=\"https:\/\/cenal.gob.ve\/?p=26205\" \/>\n<meta property=\"og:site_name\" content=\"Cenal\" \/>\n<meta property=\"article:published_time\" content=\"2025-08-24T11:01:00+00:00\" \/>\n<meta property=\"article:modified_time\" content=\"2025-08-24T19:18:52+00:00\" \/>\n<meta property=\"og:image\" content=\"http:\/\/cenal.gob.ve\/wp-content\/uploads\/2025\/08\/Martin-Solares-Como-vi-a-la-Mujer-Desnuda-cuando-entraba-en-el-bosque.jpeg\" \/>\n\t<meta property=\"og:image:width\" content=\"960\" \/>\n\t<meta property=\"og:image:height\" content=\"640\" \/>\n\t<meta property=\"og:image:type\" content=\"image\/jpeg\" \/>\n<meta name=\"author\" content=\"Ra\u00fal Cazal\" \/>\n<meta name=\"twitter:card\" content=\"summary_large_image\" \/>\n<meta name=\"twitter:title\" content=\"Novela negra con surrealistas | por Ra\u00fal Cazal\" \/>\n<meta name=\"twitter:description\" content=\"A los surrealistas se les puede culpar de muchas cosas, quiz\u00e1s de todo, fue la conclusi\u00f3n a la que lleg\u00f3 el poeta Antonio Trujillo cuando le pregunt\u00e9 desde cu\u00e1ndo existe la percepci\u00f3n generalizada entre los escritores de que la poes\u00eda es el g\u00e9nero mayor de la literatura.\" \/>\n<meta name=\"twitter:image\" content=\"https:\/\/cenal.gob.ve\/wp-content\/uploads\/2025\/08\/Martin-Solares-Como-vi-a-la-Mujer-Desnuda-cuando-entraba-en-el-bosque.jpeg\" \/>\n<meta name=\"twitter:label1\" content=\"Written by\" \/>\n\t<meta name=\"twitter:data1\" content=\"Ra\u00fal Cazal\" \/>\n\t<meta name=\"twitter:label2\" content=\"Est. reading time\" \/>\n\t<meta name=\"twitter:data2\" content=\"4 minutos\" \/>\n<script type=\"application\/ld+json\" class=\"yoast-schema-graph\">{\"@context\":\"https:\/\/schema.org\",\"@graph\":[{\"@type\":\"Article\",\"@id\":\"https:\/\/cenal.gob.ve\/?p=26205#article\",\"isPartOf\":{\"@id\":\"https:\/\/cenal.gob.ve\/?p=26205\"},\"author\":{\"name\":\"Ra\u00fal Cazal\",\"@id\":\"https:\/\/cenal.gob.ve\/#\/schema\/person\/a6db8b0bfca231546dc925c41aead319\"},\"headline\":\"Novela negra con surrealistas\",\"datePublished\":\"2025-08-24T11:01:00+00:00\",\"dateModified\":\"2025-08-24T19:18:52+00:00\",\"mainEntityOfPage\":{\"@id\":\"https:\/\/cenal.gob.ve\/?p=26205\"},\"wordCount\":795,\"commentCount\":0,\"publisher\":{\"@id\":\"https:\/\/cenal.gob.ve\/#organization\"},\"keywords\":[\"Literatura\",\"M\u00e9xico\",\"Novelas\"],\"articleSection\":[\"Lecturas\",\"Ojo por hoja\"],\"inLanguage\":\"es\",\"potentialAction\":[{\"@type\":\"CommentAction\",\"name\":\"Comment\",\"target\":[\"https:\/\/cenal.gob.ve\/?p=26205#respond\"]}]},{\"@type\":\"WebPage\",\"@id\":\"https:\/\/cenal.gob.ve\/?p=26205\",\"url\":\"https:\/\/cenal.gob.ve\/?p=26205\",\"name\":\"Novela negra con surrealistas\",\"isPartOf\":{\"@id\":\"https:\/\/cenal.gob.ve\/#website\"},\"datePublished\":\"2025-08-24T11:01:00+00:00\",\"dateModified\":\"2025-08-24T19:18:52+00:00\",\"description\":\"A los surrealistas se les puede culpar de muchas cosas, quiz\u00e1s de todo, fue la conclusi\u00f3n a la que lleg\u00f3 el poeta Antonio Trujillo cuando le pregunt\u00e9 desde cu\u00e1ndo existe la percepci\u00f3n generalizada entre los escritores de que la poes\u00eda es el g\u00e9nero mayor de la literatura.\",\"breadcrumb\":{\"@id\":\"https:\/\/cenal.gob.ve\/?p=26205#breadcrumb\"},\"inLanguage\":\"es\",\"potentialAction\":[{\"@type\":\"ReadAction\",\"target\":[\"https:\/\/cenal.gob.ve\/?p=26205\"]}]},{\"@type\":\"BreadcrumbList\",\"@id\":\"https:\/\/cenal.gob.ve\/?p=26205#breadcrumb\",\"itemListElement\":[{\"@type\":\"ListItem\",\"position\":1,\"name\":\"Home\",\"item\":\"https:\/\/cenal.gob.ve\/\"},{\"@type\":\"ListItem\",\"position\":2,\"name\":\"Novela negra con surrealistas\"}]},{\"@type\":\"WebSite\",\"@id\":\"https:\/\/cenal.gob.ve\/#website\",\"url\":\"https:\/\/cenal.gob.ve\/\",\"name\":\"Cenal\",\"description\":\"\",\"publisher\":{\"@id\":\"https:\/\/cenal.gob.ve\/#organization\"},\"potentialAction\":[{\"@type\":\"SearchAction\",\"target\":{\"@type\":\"EntryPoint\",\"urlTemplate\":\"https:\/\/cenal.gob.ve\/?s={search_term_string}\"},\"query-input\":\"required name=search_term_string\"}],\"inLanguage\":\"es\"},{\"@type\":\"Organization\",\"@id\":\"https:\/\/cenal.gob.ve\/#organization\",\"name\":\"CENAL\",\"url\":\"https:\/\/cenal.gob.ve\/\",\"sameAs\":[],\"logo\":{\"@type\":\"ImageObject\",\"inLanguage\":\"es\",\"@id\":\"https:\/\/cenal.gob.ve\/#\/schema\/logo\/image\/\",\"url\":\"https:\/\/i0.wp.com\/cenal.gob.ve\/wp-content\/uploads\/2022\/10\/cropped-images.jpg?fit=512%2C512\",\"contentUrl\":\"https:\/\/i0.wp.com\/cenal.gob.ve\/wp-content\/uploads\/2022\/10\/cropped-images.jpg?fit=512%2C512\",\"width\":512,\"height\":512,\"caption\":\"CENAL\"},\"image\":{\"@id\":\"https:\/\/cenal.gob.ve\/#\/schema\/logo\/image\/\"}},{\"@type\":\"Person\",\"@id\":\"https:\/\/cenal.gob.ve\/#\/schema\/person\/a6db8b0bfca231546dc925c41aead319\",\"name\":\"Ra\u00fal Cazal\",\"image\":{\"@type\":\"ImageObject\",\"inLanguage\":\"es\",\"@id\":\"https:\/\/cenal.gob.ve\/#\/schema\/person\/image\/\",\"url\":\"https:\/\/secure.gravatar.com\/avatar\/efcec262923fa6cdb1746d5c7c9fb742?s=96&d=mm&r=g\",\"contentUrl\":\"https:\/\/secure.gravatar.com\/avatar\/efcec262923fa6cdb1746d5c7c9fb742?s=96&d=mm&r=g\",\"caption\":\"Ra\u00fal Cazal\"},\"description\":\"Escritor, periodista y editor. Presidente del Centro Nacional del Libro desde noviembre de 2018. En febrero de 2019 asume la Direcci\u00f3n General de la Fundaci\u00f3n Editorial El perro y la rana y en agosto es nombrado Viceministro de Fomento para la Econom\u00eda Cultural. Es autor de los libros\u00a0de cuentos El bolero se baila pegadito (1988), Todo tiene su final (1992) y de poes\u00eda Algunas cuestiones sin importancia (1994). Es coautor con Freddy Fern\u00e1ndez del ensayo A qui\u00e9n le importa la opini\u00f3n de un ciego (2006). Gracias, medios de comunicaci\u00f3n (2018) fue merecedor del Premio Nacional de Periodismo en 2019, menci\u00f3n Libro. Actualmente dirige y conduce Las formas del libro.\",\"url\":\"https:\/\/cenal.gob.ve\/?author=9\"}]}<\/script>\n<!-- \/ Yoast SEO plugin. -->","yoast_head_json":{"title":"Novela negra con surrealistas","description":"A los surrealistas se les puede culpar de muchas cosas, quiz\u00e1s de todo, fue la conclusi\u00f3n a la que lleg\u00f3 el poeta Antonio Trujillo cuando le pregunt\u00e9 desde cu\u00e1ndo existe la percepci\u00f3n generalizada entre los escritores de que la poes\u00eda es el g\u00e9nero mayor de la literatura.","robots":{"index":"index","follow":"follow","max-snippet":"max-snippet:-1","max-image-preview":"max-image-preview:large","max-video-preview":"max-video-preview:-1"},"canonical":"https:\/\/cenal.gob.ve\/?p=26205","og_locale":"es_ES","og_type":"article","og_title":"Novela negra con surrealistas | por Ra\u00fal Cazal","og_description":"A los surrealistas se les puede culpar de muchas cosas, quiz\u00e1s de todo, fue la conclusi\u00f3n a la que lleg\u00f3 el poeta Antonio Trujillo cuando le pregunt\u00e9 desde cu\u00e1ndo existe la percepci\u00f3n generalizada entre los escritores de que la poes\u00eda es el g\u00e9nero mayor de la literatura.","og_url":"https:\/\/cenal.gob.ve\/?p=26205","og_site_name":"Cenal","article_published_time":"2025-08-24T11:01:00+00:00","article_modified_time":"2025-08-24T19:18:52+00:00","og_image":[{"width":960,"height":640,"url":"http:\/\/cenal.gob.ve\/wp-content\/uploads\/2025\/08\/Martin-Solares-Como-vi-a-la-Mujer-Desnuda-cuando-entraba-en-el-bosque.jpeg","type":"image\/jpeg"}],"author":"Ra\u00fal Cazal","twitter_card":"summary_large_image","twitter_title":"Novela negra con surrealistas | por Ra\u00fal Cazal","twitter_description":"A los surrealistas se les puede culpar de muchas cosas, quiz\u00e1s de todo, fue la conclusi\u00f3n a la que lleg\u00f3 el poeta Antonio Trujillo cuando le pregunt\u00e9 desde cu\u00e1ndo existe la percepci\u00f3n generalizada entre los escritores de que la poes\u00eda es el g\u00e9nero mayor de la literatura.","twitter_image":"https:\/\/cenal.gob.ve\/wp-content\/uploads\/2025\/08\/Martin-Solares-Como-vi-a-la-Mujer-Desnuda-cuando-entraba-en-el-bosque.jpeg","twitter_misc":{"Written by":"Ra\u00fal Cazal","Est. reading time":"4 minutos"},"schema":{"@context":"https:\/\/schema.org","@graph":[{"@type":"Article","@id":"https:\/\/cenal.gob.ve\/?p=26205#article","isPartOf":{"@id":"https:\/\/cenal.gob.ve\/?p=26205"},"author":{"name":"Ra\u00fal Cazal","@id":"https:\/\/cenal.gob.ve\/#\/schema\/person\/a6db8b0bfca231546dc925c41aead319"},"headline":"Novela negra con surrealistas","datePublished":"2025-08-24T11:01:00+00:00","dateModified":"2025-08-24T19:18:52+00:00","mainEntityOfPage":{"@id":"https:\/\/cenal.gob.ve\/?p=26205"},"wordCount":795,"commentCount":0,"publisher":{"@id":"https:\/\/cenal.gob.ve\/#organization"},"keywords":["Literatura","M\u00e9xico","Novelas"],"articleSection":["Lecturas","Ojo por hoja"],"inLanguage":"es","potentialAction":[{"@type":"CommentAction","name":"Comment","target":["https:\/\/cenal.gob.ve\/?p=26205#respond"]}]},{"@type":"WebPage","@id":"https:\/\/cenal.gob.ve\/?p=26205","url":"https:\/\/cenal.gob.ve\/?p=26205","name":"Novela negra con surrealistas","isPartOf":{"@id":"https:\/\/cenal.gob.ve\/#website"},"datePublished":"2025-08-24T11:01:00+00:00","dateModified":"2025-08-24T19:18:52+00:00","description":"A los surrealistas se les puede culpar de muchas cosas, quiz\u00e1s de todo, fue la conclusi\u00f3n a la que lleg\u00f3 el poeta Antonio Trujillo cuando le pregunt\u00e9 desde cu\u00e1ndo existe la percepci\u00f3n generalizada entre los escritores de que la poes\u00eda es el g\u00e9nero mayor de la literatura.","breadcrumb":{"@id":"https:\/\/cenal.gob.ve\/?p=26205#breadcrumb"},"inLanguage":"es","potentialAction":[{"@type":"ReadAction","target":["https:\/\/cenal.gob.ve\/?p=26205"]}]},{"@type":"BreadcrumbList","@id":"https:\/\/cenal.gob.ve\/?p=26205#breadcrumb","itemListElement":[{"@type":"ListItem","position":1,"name":"Home","item":"https:\/\/cenal.gob.ve\/"},{"@type":"ListItem","position":2,"name":"Novela negra con surrealistas"}]},{"@type":"WebSite","@id":"https:\/\/cenal.gob.ve\/#website","url":"https:\/\/cenal.gob.ve\/","name":"Cenal","description":"","publisher":{"@id":"https:\/\/cenal.gob.ve\/#organization"},"potentialAction":[{"@type":"SearchAction","target":{"@type":"EntryPoint","urlTemplate":"https:\/\/cenal.gob.ve\/?s={search_term_string}"},"query-input":"required name=search_term_string"}],"inLanguage":"es"},{"@type":"Organization","@id":"https:\/\/cenal.gob.ve\/#organization","name":"CENAL","url":"https:\/\/cenal.gob.ve\/","sameAs":[],"logo":{"@type":"ImageObject","inLanguage":"es","@id":"https:\/\/cenal.gob.ve\/#\/schema\/logo\/image\/","url":"https:\/\/i0.wp.com\/cenal.gob.ve\/wp-content\/uploads\/2022\/10\/cropped-images.jpg?fit=512%2C512","contentUrl":"https:\/\/i0.wp.com\/cenal.gob.ve\/wp-content\/uploads\/2022\/10\/cropped-images.jpg?fit=512%2C512","width":512,"height":512,"caption":"CENAL"},"image":{"@id":"https:\/\/cenal.gob.ve\/#\/schema\/logo\/image\/"}},{"@type":"Person","@id":"https:\/\/cenal.gob.ve\/#\/schema\/person\/a6db8b0bfca231546dc925c41aead319","name":"Ra\u00fal Cazal","image":{"@type":"ImageObject","inLanguage":"es","@id":"https:\/\/cenal.gob.ve\/#\/schema\/person\/image\/","url":"https:\/\/secure.gravatar.com\/avatar\/efcec262923fa6cdb1746d5c7c9fb742?s=96&d=mm&r=g","contentUrl":"https:\/\/secure.gravatar.com\/avatar\/efcec262923fa6cdb1746d5c7c9fb742?s=96&d=mm&r=g","caption":"Ra\u00fal Cazal"},"description":"Escritor, periodista y editor. Presidente del Centro Nacional del Libro desde noviembre de 2018. En febrero de 2019 asume la Direcci\u00f3n General de la Fundaci\u00f3n Editorial El perro y la rana y en agosto es nombrado Viceministro de Fomento para la Econom\u00eda Cultural. Es autor de los libros\u00a0de cuentos El bolero se baila pegadito (1988), Todo tiene su final (1992) y de poes\u00eda Algunas cuestiones sin importancia (1994). Es coautor con Freddy Fern\u00e1ndez del ensayo A qui\u00e9n le importa la opini\u00f3n de un ciego (2006). Gracias, medios de comunicaci\u00f3n (2018) fue merecedor del Premio Nacional de Periodismo en 2019, menci\u00f3n Libro. Actualmente dirige y conduce Las formas del libro.","url":"https:\/\/cenal.gob.ve\/?author=9"}]}},"jetpack_featured_media_url":"https:\/\/cenal.gob.ve\/wp-content\/uploads\/2025\/08\/Martin-Solares-Como-vi-a-la-Mujer-Desnuda-cuando-entraba-en-el-bosque.jpeg","jetpack_publicize_connections":[],"jetpack_shortlink":"https:\/\/wp.me\/p5FMhp-6OF","_links":{"self":[{"href":"https:\/\/cenal.gob.ve\/index.php?rest_route=\/wp\/v2\/posts\/26205"}],"collection":[{"href":"https:\/\/cenal.gob.ve\/index.php?rest_route=\/wp\/v2\/posts"}],"about":[{"href":"https:\/\/cenal.gob.ve\/index.php?rest_route=\/wp\/v2\/types\/post"}],"author":[{"embeddable":true,"href":"https:\/\/cenal.gob.ve\/index.php?rest_route=\/wp\/v2\/users\/9"}],"replies":[{"embeddable":true,"href":"https:\/\/cenal.gob.ve\/index.php?rest_route=%2Fwp%2Fv2%2Fcomments&post=26205"}],"version-history":[{"count":3,"href":"https:\/\/cenal.gob.ve\/index.php?rest_route=\/wp\/v2\/posts\/26205\/revisions"}],"predecessor-version":[{"id":26222,"href":"https:\/\/cenal.gob.ve\/index.php?rest_route=\/wp\/v2\/posts\/26205\/revisions\/26222"}],"wp:featuredmedia":[{"embeddable":true,"href":"https:\/\/cenal.gob.ve\/index.php?rest_route=\/wp\/v2\/media\/26206"}],"wp:attachment":[{"href":"https:\/\/cenal.gob.ve\/index.php?rest_route=%2Fwp%2Fv2%2Fmedia&parent=26205"}],"wp:term":[{"taxonomy":"category","embeddable":true,"href":"https:\/\/cenal.gob.ve\/index.php?rest_route=%2Fwp%2Fv2%2Fcategories&post=26205"},{"taxonomy":"post_tag","embeddable":true,"href":"https:\/\/cenal.gob.ve\/index.php?rest_route=%2Fwp%2Fv2%2Ftags&post=26205"}],"curies":[{"name":"wp","href":"https:\/\/api.w.org\/{rel}","templated":true}]}}