{"id":26212,"date":"2025-08-23T12:06:50","date_gmt":"2025-08-23T16:06:50","guid":{"rendered":"https:\/\/cenal.gob.ve\/?p=26212"},"modified":"2025-08-23T12:06:54","modified_gmt":"2025-08-23T16:06:54","slug":"la-21-a-filven-iniciara-recorrido-nacional-desde-guayana-esequiba","status":"publish","type":"post","link":"https:\/\/cenal.gob.ve\/?p=26212","title":{"rendered":"La 21.\u00aa Filven iniciar\u00e1 recorrido nacional desde Guayana Esequiba"},"content":{"rendered":"\n<p>En reuni\u00f3n que sostuvieron el viceministro de Fomento para la Econom\u00eda Cultural y presidente del Centro Nacional del Libro (Cenal), Ra\u00fal Cazal, y el secretario de Gobierno del estado Guayana Esequiba, Julio Rojas Vel\u00e1squez, comenzaron a definir detalles sobre la organizaci\u00f3n del cap\u00edtulo regional de la 21.\u00aa Filven en esta entidad territorial.<\/p>\n\n\n\n<p>De acuerdo con las autoridades, se prev\u00e9 que espacios de Tumeremo, capital administrativa de Guayana Esequiba, se conviertan en sede de la Filven entre el 18 y 20 de septiembre pr\u00f3ximo como una reafirmaci\u00f3n de la soberan\u00eda de la Rep\u00fablica Bolivariana Venezuela sobre la regi\u00f3n hist\u00f3ricamente en disputa con Guyana.<\/p>\n\n\n\n<figure class=\"wp-block-image size-large\"><img width=\"1024\" height=\"610\" src=\"https:\/\/cenal.gob.ve\/wp-content\/uploads\/2025\/08\/4990432143603772784-1024x610.jpg\" alt=\"\" class=\"wp-image-26214\" srcset=\"https:\/\/cenal.gob.ve\/wp-content\/uploads\/2025\/08\/4990432143603772784-1024x610.jpg 1024w, https:\/\/cenal.gob.ve\/wp-content\/uploads\/2025\/08\/4990432143603772784-300x179.jpg 300w, https:\/\/cenal.gob.ve\/wp-content\/uploads\/2025\/08\/4990432143603772784-768x457.jpg 768w, https:\/\/cenal.gob.ve\/wp-content\/uploads\/2025\/08\/4990432143603772784-640x381.jpg 640w, https:\/\/cenal.gob.ve\/wp-content\/uploads\/2025\/08\/4990432143603772784.jpg 1280w\" sizes=\"(max-width: 1024px) 100vw, 1024px\" \/><\/figure>\n\n\n\n<p>En el encuentro, efectuado en la sede del Cenal, tambi\u00e9n particip\u00f3 la directora de la Oficina de Misiones y Grandes Misiones del estado Guayana Esequiba, Jessika De Le\u00f3n, a prop\u00f3sito del trabajo que viene realiz\u00e1ndose desde la Plataforma del Libro y la Lectura del Ministerio del Poder Popular para la Cultura (MPPC) para la concepci\u00f3n de la Gran Misi\u00f3n dedicada a la promoci\u00f3n de la lectura, escritura y pensamiento cr\u00edtico, que estar\u00e1 en marcha en todo el pa\u00eds desde el inicio de octubre, como ha instruido el presidente de la Rep\u00fablica, Nicol\u00e1s Maduro.<\/p>\n\n\n\n<figure class=\"wp-block-image size-large\"><img width=\"1024\" height=\"628\" src=\"https:\/\/cenal.gob.ve\/wp-content\/uploads\/2025\/08\/4987808176283954864-1024x628.jpg\" alt=\"\" class=\"wp-image-26215\" srcset=\"https:\/\/cenal.gob.ve\/wp-content\/uploads\/2025\/08\/4987808176283954864-1024x628.jpg 1024w, https:\/\/cenal.gob.ve\/wp-content\/uploads\/2025\/08\/4987808176283954864-300x184.jpg 300w, https:\/\/cenal.gob.ve\/wp-content\/uploads\/2025\/08\/4987808176283954864-768x471.jpg 768w, https:\/\/cenal.gob.ve\/wp-content\/uploads\/2025\/08\/4987808176283954864-640x393.jpg 640w, https:\/\/cenal.gob.ve\/wp-content\/uploads\/2025\/08\/4987808176283954864.jpg 1280w\" sizes=\"(max-width: 1024px) 100vw, 1024px\" \/><\/figure>\n\n\n\n<p>Guayana Esequiba es una entidad territorial creada por mandato del pueblo venezolano expresado en el referendo consultivo de 2023. En mayo de este a\u00f1o se eligi\u00f3 su primer gobernador, Neil Villamizar, quien ha afirmado que &#8220;el objetivo es claro: recuperar nuestros derechos hist\u00f3ricos en honor a Bol\u00edvar y a nuestra Patria&#8221;.<\/p>\n\n\n\n<p>Los escritores homenajeados de la Filven 2025 son Judith Valencia, Gonzalo Fragui, Esteban Emilio Mosonyi, Marc de Civrieux y Juan Calzadilla, cuya literatura se difundir\u00e1 con el lema Leer Humaniza.<\/p>\n\n\n\n<figure class=\"wp-block-image size-large\"><img width=\"1024\" height=\"604\" src=\"https:\/\/cenal.gob.ve\/wp-content\/uploads\/2025\/08\/4990432143603772788-1024x604.jpg\" alt=\"\" class=\"wp-image-26216\" srcset=\"https:\/\/cenal.gob.ve\/wp-content\/uploads\/2025\/08\/4990432143603772788-1024x604.jpg 1024w, https:\/\/cenal.gob.ve\/wp-content\/uploads\/2025\/08\/4990432143603772788-300x177.jpg 300w, https:\/\/cenal.gob.ve\/wp-content\/uploads\/2025\/08\/4990432143603772788-768x453.jpg 768w, https:\/\/cenal.gob.ve\/wp-content\/uploads\/2025\/08\/4990432143603772788-640x378.jpg 640w, https:\/\/cenal.gob.ve\/wp-content\/uploads\/2025\/08\/4990432143603772788.jpg 1280w\" sizes=\"(max-width: 1024px) 100vw, 1024px\" \/><\/figure>\n\n\n\n<figure class=\"wp-block-image size-large\"><img width=\"1024\" height=\"674\" src=\"https:\/\/cenal.gob.ve\/wp-content\/uploads\/2025\/08\/4990432143603772790-1024x674.jpg\" alt=\"\" class=\"wp-image-26217\" srcset=\"https:\/\/cenal.gob.ve\/wp-content\/uploads\/2025\/08\/4990432143603772790-1024x674.jpg 1024w, https:\/\/cenal.gob.ve\/wp-content\/uploads\/2025\/08\/4990432143603772790-300x198.jpg 300w, https:\/\/cenal.gob.ve\/wp-content\/uploads\/2025\/08\/4990432143603772790-768x506.jpg 768w, https:\/\/cenal.gob.ve\/wp-content\/uploads\/2025\/08\/4990432143603772790-640x422.jpg 640w, https:\/\/cenal.gob.ve\/wp-content\/uploads\/2025\/08\/4990432143603772790.jpg 1280w\" sizes=\"(max-width: 1024px) 100vw, 1024px\" \/><\/figure>\n\n\n\n<figure class=\"wp-block-image size-large\"><img width=\"1024\" height=\"576\" src=\"https:\/\/cenal.gob.ve\/wp-content\/uploads\/2025\/08\/4990432143603772803-1024x576.jpg\" alt=\"\" class=\"wp-image-26218\" srcset=\"https:\/\/cenal.gob.ve\/wp-content\/uploads\/2025\/08\/4990432143603772803-1024x576.jpg 1024w, https:\/\/cenal.gob.ve\/wp-content\/uploads\/2025\/08\/4990432143603772803-300x169.jpg 300w, https:\/\/cenal.gob.ve\/wp-content\/uploads\/2025\/08\/4990432143603772803-768x432.jpg 768w, https:\/\/cenal.gob.ve\/wp-content\/uploads\/2025\/08\/4990432143603772803-640x360.jpg 640w, https:\/\/cenal.gob.ve\/wp-content\/uploads\/2025\/08\/4990432143603772803.jpg 1280w\" sizes=\"(max-width: 1024px) 100vw, 1024px\" \/><\/figure>\n","protected":false},"excerpt":{"rendered":"<p>En reuni\u00f3n que sostuvieron el viceministro de Fomento para la Econom\u00eda Cultural y presidente del Centro Nacional del Libro (Cenal), Ra\u00fal Cazal, y el secretario de Gobierno del estado Guayana [&hellip;]<\/p>\n","protected":false},"author":10,"featured_media":26213,"comment_status":"open","ping_status":"closed","sticky":false,"template":"","format":"standard","meta":{"spay_email":"","jetpack_publicize_message":"","jetpack_is_tweetstorm":false,"jetpack_publicize_feature_enabled":true},"categories":[2],"tags":[79,9],"yoast_head":"<!-- This site is optimized with the Yoast SEO plugin v19.8 - https:\/\/yoast.com\/wordpress\/plugins\/seo\/ -->\n<title>La 21.\u00aa Filven iniciar\u00e1 recorrido nacional desde Guayana Esequiba<\/title>\n<meta name=\"robots\" content=\"index, follow, max-snippet:-1, max-image-preview:large, max-video-preview:-1\" \/>\n<link rel=\"canonical\" href=\"https:\/\/cenal.gob.ve\/?p=26212\" \/>\n<meta property=\"og:locale\" content=\"es_ES\" \/>\n<meta property=\"og:type\" content=\"article\" \/>\n<meta property=\"og:title\" content=\"La 21.\u00aa Filven iniciar\u00e1 recorrido nacional desde Guayana Esequiba\" \/>\n<meta property=\"og:description\" content=\"En reuni\u00f3n que sostuvieron el viceministro de Fomento para la Econom\u00eda Cultural y presidente del Centro Nacional del Libro (Cenal), Ra\u00fal Cazal, y el secretario de Gobierno del estado Guayana [&hellip;]\" \/>\n<meta property=\"og:url\" content=\"https:\/\/cenal.gob.ve\/?p=26212\" \/>\n<meta property=\"og:site_name\" content=\"Cenal\" \/>\n<meta property=\"article:published_time\" content=\"2025-08-23T16:06:50+00:00\" \/>\n<meta property=\"article:modified_time\" content=\"2025-08-23T16:06:54+00:00\" \/>\n<meta property=\"og:image\" content=\"http:\/\/cenal.gob.ve\/wp-content\/uploads\/2025\/08\/4990432143603772798.jpg\" \/>\n\t<meta property=\"og:image:width\" content=\"1280\" \/>\n\t<meta property=\"og:image:height\" content=\"691\" \/>\n\t<meta property=\"og:image:type\" content=\"image\/jpeg\" \/>\n<meta name=\"author\" content=\"Prensa Cenal\" \/>\n<meta name=\"twitter:card\" content=\"summary_large_image\" \/>\n<meta name=\"twitter:label1\" content=\"Written by\" \/>\n\t<meta name=\"twitter:data1\" content=\"Prensa Cenal\" \/>\n\t<meta name=\"twitter:label2\" content=\"Est. reading time\" \/>\n\t<meta name=\"twitter:data2\" content=\"3 minutos\" \/>\n<script type=\"application\/ld+json\" class=\"yoast-schema-graph\">{\"@context\":\"https:\/\/schema.org\",\"@graph\":[{\"@type\":\"Article\",\"@id\":\"https:\/\/cenal.gob.ve\/?p=26212#article\",\"isPartOf\":{\"@id\":\"https:\/\/cenal.gob.ve\/?p=26212\"},\"author\":{\"name\":\"Prensa Cenal\",\"@id\":\"https:\/\/cenal.gob.ve\/#\/schema\/person\/e3ed34623f400ffab8bc7a63b2f5533f\"},\"headline\":\"La 21.\u00aa Filven iniciar\u00e1 recorrido nacional desde Guayana Esequiba\",\"datePublished\":\"2025-08-23T16:06:50+00:00\",\"dateModified\":\"2025-08-23T16:06:54+00:00\",\"mainEntityOfPage\":{\"@id\":\"https:\/\/cenal.gob.ve\/?p=26212\"},\"wordCount\":305,\"commentCount\":2,\"publisher\":{\"@id\":\"https:\/\/cenal.gob.ve\/#organization\"},\"keywords\":[\"FILVEN\",\"Noticias\"],\"articleSection\":[\"Cenal\"],\"inLanguage\":\"es\",\"potentialAction\":[{\"@type\":\"CommentAction\",\"name\":\"Comment\",\"target\":[\"https:\/\/cenal.gob.ve\/?p=26212#respond\"]}]},{\"@type\":\"WebPage\",\"@id\":\"https:\/\/cenal.gob.ve\/?p=26212\",\"url\":\"https:\/\/cenal.gob.ve\/?p=26212\",\"name\":\"La 21.\u00aa Filven iniciar\u00e1 recorrido nacional desde Guayana Esequiba\",\"isPartOf\":{\"@id\":\"https:\/\/cenal.gob.ve\/#website\"},\"datePublished\":\"2025-08-23T16:06:50+00:00\",\"dateModified\":\"2025-08-23T16:06:54+00:00\",\"breadcrumb\":{\"@id\":\"https:\/\/cenal.gob.ve\/?p=26212#breadcrumb\"},\"inLanguage\":\"es\",\"potentialAction\":[{\"@type\":\"ReadAction\",\"target\":[\"https:\/\/cenal.gob.ve\/?p=26212\"]}]},{\"@type\":\"BreadcrumbList\",\"@id\":\"https:\/\/cenal.gob.ve\/?p=26212#breadcrumb\",\"itemListElement\":[{\"@type\":\"ListItem\",\"position\":1,\"name\":\"Home\",\"item\":\"https:\/\/cenal.gob.ve\/\"},{\"@type\":\"ListItem\",\"position\":2,\"name\":\"La 21.\u00aa Filven iniciar\u00e1 recorrido nacional desde Guayana Esequiba\"}]},{\"@type\":\"WebSite\",\"@id\":\"https:\/\/cenal.gob.ve\/#website\",\"url\":\"https:\/\/cenal.gob.ve\/\",\"name\":\"Cenal\",\"description\":\"\",\"publisher\":{\"@id\":\"https:\/\/cenal.gob.ve\/#organization\"},\"potentialAction\":[{\"@type\":\"SearchAction\",\"target\":{\"@type\":\"EntryPoint\",\"urlTemplate\":\"https:\/\/cenal.gob.ve\/?s={search_term_string}\"},\"query-input\":\"required name=search_term_string\"}],\"inLanguage\":\"es\"},{\"@type\":\"Organization\",\"@id\":\"https:\/\/cenal.gob.ve\/#organization\",\"name\":\"CENAL\",\"url\":\"https:\/\/cenal.gob.ve\/\",\"sameAs\":[],\"logo\":{\"@type\":\"ImageObject\",\"inLanguage\":\"es\",\"@id\":\"https:\/\/cenal.gob.ve\/#\/schema\/logo\/image\/\",\"url\":\"https:\/\/i0.wp.com\/cenal.gob.ve\/wp-content\/uploads\/2022\/10\/cropped-images.jpg?fit=512%2C512\",\"contentUrl\":\"https:\/\/i0.wp.com\/cenal.gob.ve\/wp-content\/uploads\/2022\/10\/cropped-images.jpg?fit=512%2C512\",\"width\":512,\"height\":512,\"caption\":\"CENAL\"},\"image\":{\"@id\":\"https:\/\/cenal.gob.ve\/#\/schema\/logo\/image\/\"}},{\"@type\":\"Person\",\"@id\":\"https:\/\/cenal.gob.ve\/#\/schema\/person\/e3ed34623f400ffab8bc7a63b2f5533f\",\"name\":\"Prensa Cenal\",\"image\":{\"@type\":\"ImageObject\",\"inLanguage\":\"es\",\"@id\":\"https:\/\/cenal.gob.ve\/#\/schema\/person\/image\/\",\"url\":\"https:\/\/secure.gravatar.com\/avatar\/594b4ed34090910c619ac3679001d491?s=96&d=mm&r=g\",\"contentUrl\":\"https:\/\/secure.gravatar.com\/avatar\/594b4ed34090910c619ac3679001d491?s=96&d=mm&r=g\",\"caption\":\"Prensa Cenal\"},\"url\":\"https:\/\/cenal.gob.ve\/?author=10\"}]}<\/script>\n<!-- \/ Yoast SEO plugin. -->","yoast_head_json":{"title":"La 21.\u00aa Filven iniciar\u00e1 recorrido nacional desde Guayana Esequiba","robots":{"index":"index","follow":"follow","max-snippet":"max-snippet:-1","max-image-preview":"max-image-preview:large","max-video-preview":"max-video-preview:-1"},"canonical":"https:\/\/cenal.gob.ve\/?p=26212","og_locale":"es_ES","og_type":"article","og_title":"La 21.\u00aa Filven iniciar\u00e1 recorrido nacional desde Guayana Esequiba","og_description":"En reuni\u00f3n que sostuvieron el viceministro de Fomento para la Econom\u00eda Cultural y presidente del Centro Nacional del Libro (Cenal), Ra\u00fal Cazal, y el secretario de Gobierno del estado Guayana [&hellip;]","og_url":"https:\/\/cenal.gob.ve\/?p=26212","og_site_name":"Cenal","article_published_time":"2025-08-23T16:06:50+00:00","article_modified_time":"2025-08-23T16:06:54+00:00","og_image":[{"width":1280,"height":691,"url":"http:\/\/cenal.gob.ve\/wp-content\/uploads\/2025\/08\/4990432143603772798.jpg","type":"image\/jpeg"}],"author":"Prensa Cenal","twitter_card":"summary_large_image","twitter_misc":{"Written by":"Prensa Cenal","Est. reading time":"3 minutos"},"schema":{"@context":"https:\/\/schema.org","@graph":[{"@type":"Article","@id":"https:\/\/cenal.gob.ve\/?p=26212#article","isPartOf":{"@id":"https:\/\/cenal.gob.ve\/?p=26212"},"author":{"name":"Prensa Cenal","@id":"https:\/\/cenal.gob.ve\/#\/schema\/person\/e3ed34623f400ffab8bc7a63b2f5533f"},"headline":"La 21.\u00aa Filven iniciar\u00e1 recorrido nacional desde Guayana Esequiba","datePublished":"2025-08-23T16:06:50+00:00","dateModified":"2025-08-23T16:06:54+00:00","mainEntityOfPage":{"@id":"https:\/\/cenal.gob.ve\/?p=26212"},"wordCount":305,"commentCount":2,"publisher":{"@id":"https:\/\/cenal.gob.ve\/#organization"},"keywords":["FILVEN","Noticias"],"articleSection":["Cenal"],"inLanguage":"es","potentialAction":[{"@type":"CommentAction","name":"Comment","target":["https:\/\/cenal.gob.ve\/?p=26212#respond"]}]},{"@type":"WebPage","@id":"https:\/\/cenal.gob.ve\/?p=26212","url":"https:\/\/cenal.gob.ve\/?p=26212","name":"La 21.\u00aa Filven iniciar\u00e1 recorrido nacional desde Guayana Esequiba","isPartOf":{"@id":"https:\/\/cenal.gob.ve\/#website"},"datePublished":"2025-08-23T16:06:50+00:00","dateModified":"2025-08-23T16:06:54+00:00","breadcrumb":{"@id":"https:\/\/cenal.gob.ve\/?p=26212#breadcrumb"},"inLanguage":"es","potentialAction":[{"@type":"ReadAction","target":["https:\/\/cenal.gob.ve\/?p=26212"]}]},{"@type":"BreadcrumbList","@id":"https:\/\/cenal.gob.ve\/?p=26212#breadcrumb","itemListElement":[{"@type":"ListItem","position":1,"name":"Home","item":"https:\/\/cenal.gob.ve\/"},{"@type":"ListItem","position":2,"name":"La 21.\u00aa Filven iniciar\u00e1 recorrido nacional desde Guayana Esequiba"}]},{"@type":"WebSite","@id":"https:\/\/cenal.gob.ve\/#website","url":"https:\/\/cenal.gob.ve\/","name":"Cenal","description":"","publisher":{"@id":"https:\/\/cenal.gob.ve\/#organization"},"potentialAction":[{"@type":"SearchAction","target":{"@type":"EntryPoint","urlTemplate":"https:\/\/cenal.gob.ve\/?s={search_term_string}"},"query-input":"required name=search_term_string"}],"inLanguage":"es"},{"@type":"Organization","@id":"https:\/\/cenal.gob.ve\/#organization","name":"CENAL","url":"https:\/\/cenal.gob.ve\/","sameAs":[],"logo":{"@type":"ImageObject","inLanguage":"es","@id":"https:\/\/cenal.gob.ve\/#\/schema\/logo\/image\/","url":"https:\/\/i0.wp.com\/cenal.gob.ve\/wp-content\/uploads\/2022\/10\/cropped-images.jpg?fit=512%2C512","contentUrl":"https:\/\/i0.wp.com\/cenal.gob.ve\/wp-content\/uploads\/2022\/10\/cropped-images.jpg?fit=512%2C512","width":512,"height":512,"caption":"CENAL"},"image":{"@id":"https:\/\/cenal.gob.ve\/#\/schema\/logo\/image\/"}},{"@type":"Person","@id":"https:\/\/cenal.gob.ve\/#\/schema\/person\/e3ed34623f400ffab8bc7a63b2f5533f","name":"Prensa Cenal","image":{"@type":"ImageObject","inLanguage":"es","@id":"https:\/\/cenal.gob.ve\/#\/schema\/person\/image\/","url":"https:\/\/secure.gravatar.com\/avatar\/594b4ed34090910c619ac3679001d491?s=96&d=mm&r=g","contentUrl":"https:\/\/secure.gravatar.com\/avatar\/594b4ed34090910c619ac3679001d491?s=96&d=mm&r=g","caption":"Prensa Cenal"},"url":"https:\/\/cenal.gob.ve\/?author=10"}]}},"jetpack_featured_media_url":"https:\/\/cenal.gob.ve\/wp-content\/uploads\/2025\/08\/4990432143603772798.jpg","jetpack_publicize_connections":[],"jetpack_shortlink":"https:\/\/wp.me\/p5FMhp-6OM","_links":{"self":[{"href":"https:\/\/cenal.gob.ve\/index.php?rest_route=\/wp\/v2\/posts\/26212"}],"collection":[{"href":"https:\/\/cenal.gob.ve\/index.php?rest_route=\/wp\/v2\/posts"}],"about":[{"href":"https:\/\/cenal.gob.ve\/index.php?rest_route=\/wp\/v2\/types\/post"}],"author":[{"embeddable":true,"href":"https:\/\/cenal.gob.ve\/index.php?rest_route=\/wp\/v2\/users\/10"}],"replies":[{"embeddable":true,"href":"https:\/\/cenal.gob.ve\/index.php?rest_route=%2Fwp%2Fv2%2Fcomments&post=26212"}],"version-history":[{"count":1,"href":"https:\/\/cenal.gob.ve\/index.php?rest_route=\/wp\/v2\/posts\/26212\/revisions"}],"predecessor-version":[{"id":26219,"href":"https:\/\/cenal.gob.ve\/index.php?rest_route=\/wp\/v2\/posts\/26212\/revisions\/26219"}],"wp:featuredmedia":[{"embeddable":true,"href":"https:\/\/cenal.gob.ve\/index.php?rest_route=\/wp\/v2\/media\/26213"}],"wp:attachment":[{"href":"https:\/\/cenal.gob.ve\/index.php?rest_route=%2Fwp%2Fv2%2Fmedia&parent=26212"}],"wp:term":[{"taxonomy":"category","embeddable":true,"href":"https:\/\/cenal.gob.ve\/index.php?rest_route=%2Fwp%2Fv2%2Fcategories&post=26212"},{"taxonomy":"post_tag","embeddable":true,"href":"https:\/\/cenal.gob.ve\/index.php?rest_route=%2Fwp%2Fv2%2Ftags&post=26212"}],"curies":[{"name":"wp","href":"https:\/\/api.w.org\/{rel}","templated":true}]}}