{"id":26254,"date":"2025-09-07T07:00:00","date_gmt":"2025-09-07T11:00:00","guid":{"rendered":"https:\/\/cenal.gob.ve\/?p=26254"},"modified":"2025-09-07T06:52:21","modified_gmt":"2025-09-07T10:52:21","slug":"el-pueblo-blanco-de-olga-merino","status":"publish","type":"post","link":"https:\/\/cenal.gob.ve\/?p=26254","title":{"rendered":"El pueblo blanco de Olga Merino"},"content":{"rendered":"\n<p class=\"has-drop-cap\">Pueblo peque\u00f1o, infierno grande reza el refr\u00e1n. No es un mal punto de partida para leer <em>La forastera<\/em>, de Olga Merino.<\/p>\n\n\n\n<p>Un infierno grande que permanece en el tiempo, en un pa\u00eds del autodenominado primer mundo, Espa\u00f1a en este caso; pero esa Espa\u00f1a despoblada, de la que Joan Manuel Serrat hace un magn\u00edfico retrato en su canci\u00f3n Pueblo blanco. Una aldea en camino de desaparecer, como tantas otras que en Europa ofrecen casas a un euro, en un esfuerzo por esquivar el destino de convertirse en pueblos fantasmas.<\/p>\n\n\n\n<p>Poblados que todav\u00eda conservan buena parte de la magia propia del mundo rural y que a\u00fan sufren la eterna terrofagia del latifundio. La presencia de fantasmas y creencias ancestrales aparece en <em>La forastera<\/em> no como un simple recurso fant\u00e1stico, sino para apuntalar una cosmovisi\u00f3n que desaf\u00eda las categor\u00edas racionalistas occidentales y&nbsp; se\u00f1alar&nbsp; una realidad compleja y m\u00faltiple.<\/p>\n\n\n\n<p>Merino introduce, adem\u00e1s,\u00a0 el escabroso tema de la soledad del individuo moderno y del suicidio recurrente e intergeneracional como su resultado. Una especie de marca gen\u00e9tica de la depresi\u00f3n y el sinsentido de la vida. Lo que podr\u00eda parecer un dato anecd\u00f3tico, se transforma en un s\u00edmbolo poderoso de la desesperanza y el sufrimiento que atraviesan los personajes. La recurrencia de estos actos tr\u00e1gicos sugiere una especie de maldici\u00f3n o destino colectivo que se entrelaza con las creencias y los fantasmas que habitan el imaginario local. El suicidio, en este contexto, no es solo un acto individual, sino una manifestaci\u00f3n de las tensiones sociales, econ\u00f3micas y culturales que afectan a la comunidad, y que encuentran en la literatura un espacio para ser expresadas y comprendidas.<\/p>\n\n\n\n<figure class=\"wp-block-image size-large\"><img width=\"648\" height=\"1024\" src=\"http:\/\/cenal.gob.ve\/wp-content\/uploads\/2025\/09\/La-forastera-Olga-Merino-648x1024.jpg\" alt=\"\" class=\"wp-image-26256\" srcset=\"https:\/\/cenal.gob.ve\/wp-content\/uploads\/2025\/09\/La-forastera-Olga-Merino-648x1024.jpg 648w, https:\/\/cenal.gob.ve\/wp-content\/uploads\/2025\/09\/La-forastera-Olga-Merino-190x300.jpg 190w, https:\/\/cenal.gob.ve\/wp-content\/uploads\/2025\/09\/La-forastera-Olga-Merino-768x1213.jpg 768w, https:\/\/cenal.gob.ve\/wp-content\/uploads\/2025\/09\/La-forastera-Olga-Merino-973x1536.jpg 973w, https:\/\/cenal.gob.ve\/wp-content\/uploads\/2025\/09\/La-forastera-Olga-Merino-1297x2048.jpg 1297w, https:\/\/cenal.gob.ve\/wp-content\/uploads\/2025\/09\/La-forastera-Olga-Merino-640x1011.jpg 640w, https:\/\/cenal.gob.ve\/wp-content\/uploads\/2025\/09\/La-forastera-Olga-Merino.jpg 1621w\" sizes=\"(max-width: 648px) 100vw, 648px\" \/><\/figure>\n\n\n\n<p><em>La forastera <\/em>construyeuna an\u00e9cdota en la que resuenan viejos temas de la novel\u00edstica latinoamericana, especialmente aquellos&nbsp; que exploran la ruralidad, las creencias populares, el latifundismo y las tensiones sociales que emergen de estas realidades. Temas que en este continente es posible rastrear desde la novela de la tierra hasta los textos que cultivan lo real maravilloso. Y no es casual que, como si quisiera pagar una deuda, Olga Merino haga alusi\u00f3n expl\u00edcita a Juan Rulfo. Al fin y al cabo, escribe una novela cuya narradora regresa a su pueblo para desentra\u00f1ar la muerte de su padre. De modo que, cur\u00e1ndose en salud, se adelanta al lector y aclara ella misma la evidente relaci\u00f3n de su historia con la de narrador de Pedro P\u00e1ramo: \u201cEn la pared del desv\u00e1n, de punta a punta, he copiado con lechada de cal, letra por letra y con caligraf\u00eda de palo, el arranque del \u00faltimo libro que me prest\u00f3 el cura: \u2018Vine a Comala porque me dijeron que ac\u00e1 viv\u00eda mi padre, un tal Pedro P\u00e1ramo. Mi madre me lo dijo. Y yo le promet\u00ed que vendr\u00eda a verlo en cuanto ella muriera\u2019. Me gusta mucho. En cambio, yo no fui consciente de que hab\u00eda llegado a la aldea precisamente para saber qui\u00e9n era mi padre.\u201d<\/p>\n\n\n\n<p><em>La forastera<\/em>, en su construcci\u00f3n narrativa, dialoga de manera evidente con lo real maravilloso latinoamericano, una corriente literaria que se caracteriza por la integraci\u00f3n de lo m\u00e1gico y lo extraordinario en la realidad cotidiana, sin que ello suponga una ruptura con la l\u00f3gica o la verosimilitud. Como suele suceder,&nbsp; la naturaleza, la historia y la cultura se entrelazan para dar forma a una realidad&nbsp; multifac\u00e9tica.<\/p>\n\n\n\n<p>Este despliegue de tensiones an\u00edmicas, presencias que permanecen en el claroscuro entre lo racional y lo m\u00e1gico, y la aparici\u00f3n de una naturaleza cuya funci\u00f3n excede con creces el rol de mero paisaje, son todos elementos que exigen no poca poes\u00eda en su entramado verbal.<\/p>\n\n\n\n<p><em>La forastera<\/em> es una novela cuyo lenguaje se complace en la morosidad. Todo en ella avanza lentamente, puesto que sin descuidar los acontecimientos externos, a la narradora le interesa de manera primordial pasearse por el \u00e1nima y el \u00e1nimo de sus personajes.<\/p>\n\n\n\n<p>Una novela, en fin, que&nbsp; borda con lentitud un lienzo en el que convergen solo personajes dolientes. Un concentrarse en detalles que son a la vez extra\u00f1os y po\u00e9ticos: la rareza de un paisaje rural que resuena a \u00e9xodo; el abandono de los lugares donde hasta no hace mucho se originaba la vida y hoy sirven apenas de escenario a unas cuantas figuras fantasmales.<\/p>\n\n\n\n<p>Un retrato de la ruralidad europea de hoy, contempor\u00e1nea y triste.<\/p>\n","protected":false},"excerpt":{"rendered":"<p>Pueblo peque\u00f1o, infierno grande reza el refr\u00e1n. No es un mal punto de partida para leer La forastera, de Olga Merino.<\/p>\n","protected":false},"author":28,"featured_media":26255,"comment_status":"open","ping_status":"open","sticky":false,"template":"","format":"standard","meta":{"spay_email":"","jetpack_publicize_message":"","jetpack_is_tweetstorm":false,"jetpack_publicize_feature_enabled":true},"categories":[215,53],"tags":[216],"yoast_head":"<!-- This site is optimized with the Yoast SEO plugin v19.8 - https:\/\/yoast.com\/wordpress\/plugins\/seo\/ -->\n<title>El pueblo blanco de Olga Merino<\/title>\n<meta name=\"description\" content=\"Pueblo peque\u00f1o, infierno grande reza el refr\u00e1n. No es un mal punto de partida para leer La forastera, de Olga Merino.\" \/>\n<meta name=\"robots\" content=\"index, follow, max-snippet:-1, max-image-preview:large, max-video-preview:-1\" \/>\n<link rel=\"canonical\" href=\"https:\/\/cenal.gob.ve\/?p=26254\" \/>\n<meta property=\"og:locale\" content=\"es_ES\" \/>\n<meta property=\"og:type\" content=\"article\" \/>\n<meta property=\"og:title\" content=\"El pueblo blanco de Olga Merino | C\u00f3simo Mandrillo\" \/>\n<meta property=\"og:description\" content=\"Pueblo peque\u00f1o, infierno grande reza el refr\u00e1n. No es un mal punto de partida para leer La forastera, de Olga Merino.\" \/>\n<meta property=\"og:url\" content=\"https:\/\/cenal.gob.ve\/?p=26254\" \/>\n<meta property=\"og:site_name\" content=\"Cenal\" \/>\n<meta property=\"article:published_time\" content=\"2025-09-07T11:00:00+00:00\" \/>\n<meta property=\"article:modified_time\" content=\"2025-09-07T10:52:21+00:00\" \/>\n<meta property=\"og:image\" content=\"https:\/\/i0.wp.com\/cenal.gob.ve\/wp-content\/uploads\/2025\/09\/Olga-Merino-La-forastera.jpg?fit=1280%2C821&ssl=1\" \/>\n\t<meta property=\"og:image:width\" content=\"1280\" \/>\n\t<meta property=\"og:image:height\" content=\"821\" \/>\n\t<meta property=\"og:image:type\" content=\"image\/jpeg\" \/>\n<meta name=\"author\" content=\"C\u00f3simo Mandrillo\" \/>\n<meta name=\"twitter:card\" content=\"summary_large_image\" \/>\n<meta name=\"twitter:title\" content=\"El pueblo blanco de Olga Merino | C\u00f3simo Mandrillo\" \/>\n<meta name=\"twitter:description\" content=\"Pueblo peque\u00f1o, infierno grande reza el refr\u00e1n. No es un mal punto de partida para leer La forastera, de Olga Merino.\" \/>\n<meta name=\"twitter:image\" content=\"https:\/\/cenal.gob.ve\/wp-content\/uploads\/2025\/09\/Olga-Merino-La-forastera.jpg\" \/>\n<meta name=\"twitter:label1\" content=\"Written by\" \/>\n\t<meta name=\"twitter:data1\" content=\"C\u00f3simo Mandrillo\" \/>\n\t<meta name=\"twitter:label2\" content=\"Est. reading time\" \/>\n\t<meta name=\"twitter:data2\" content=\"4 minutos\" \/>\n<script type=\"application\/ld+json\" class=\"yoast-schema-graph\">{\"@context\":\"https:\/\/schema.org\",\"@graph\":[{\"@type\":\"Article\",\"@id\":\"https:\/\/cenal.gob.ve\/?p=26254#article\",\"isPartOf\":{\"@id\":\"https:\/\/cenal.gob.ve\/?p=26254\"},\"author\":{\"name\":\"C\u00f3simo Mandrillo\",\"@id\":\"https:\/\/cenal.gob.ve\/#\/schema\/person\/03f2ed4aa0ac06c17c6f979c5d7db558\"},\"headline\":\"El pueblo blanco de Olga Merino\",\"datePublished\":\"2025-09-07T11:00:00+00:00\",\"dateModified\":\"2025-09-07T10:52:21+00:00\",\"mainEntityOfPage\":{\"@id\":\"https:\/\/cenal.gob.ve\/?p=26254\"},\"wordCount\":773,\"commentCount\":0,\"publisher\":{\"@id\":\"https:\/\/cenal.gob.ve\/#organization\"},\"keywords\":[\"Novelas\"],\"articleSection\":[\"Lectura m\u00ednima\",\"Lecturas\"],\"inLanguage\":\"es\",\"potentialAction\":[{\"@type\":\"CommentAction\",\"name\":\"Comment\",\"target\":[\"https:\/\/cenal.gob.ve\/?p=26254#respond\"]}]},{\"@type\":\"WebPage\",\"@id\":\"https:\/\/cenal.gob.ve\/?p=26254\",\"url\":\"https:\/\/cenal.gob.ve\/?p=26254\",\"name\":\"El pueblo blanco de Olga Merino\",\"isPartOf\":{\"@id\":\"https:\/\/cenal.gob.ve\/#website\"},\"datePublished\":\"2025-09-07T11:00:00+00:00\",\"dateModified\":\"2025-09-07T10:52:21+00:00\",\"description\":\"Pueblo peque\u00f1o, infierno grande reza el refr\u00e1n. No es un mal punto de partida para leer La forastera, de Olga Merino.\",\"breadcrumb\":{\"@id\":\"https:\/\/cenal.gob.ve\/?p=26254#breadcrumb\"},\"inLanguage\":\"es\",\"potentialAction\":[{\"@type\":\"ReadAction\",\"target\":[\"https:\/\/cenal.gob.ve\/?p=26254\"]}]},{\"@type\":\"BreadcrumbList\",\"@id\":\"https:\/\/cenal.gob.ve\/?p=26254#breadcrumb\",\"itemListElement\":[{\"@type\":\"ListItem\",\"position\":1,\"name\":\"Home\",\"item\":\"https:\/\/cenal.gob.ve\/\"},{\"@type\":\"ListItem\",\"position\":2,\"name\":\"El pueblo blanco de Olga Merino\"}]},{\"@type\":\"WebSite\",\"@id\":\"https:\/\/cenal.gob.ve\/#website\",\"url\":\"https:\/\/cenal.gob.ve\/\",\"name\":\"Cenal\",\"description\":\"\",\"publisher\":{\"@id\":\"https:\/\/cenal.gob.ve\/#organization\"},\"potentialAction\":[{\"@type\":\"SearchAction\",\"target\":{\"@type\":\"EntryPoint\",\"urlTemplate\":\"https:\/\/cenal.gob.ve\/?s={search_term_string}\"},\"query-input\":\"required name=search_term_string\"}],\"inLanguage\":\"es\"},{\"@type\":\"Organization\",\"@id\":\"https:\/\/cenal.gob.ve\/#organization\",\"name\":\"CENAL\",\"url\":\"https:\/\/cenal.gob.ve\/\",\"sameAs\":[],\"logo\":{\"@type\":\"ImageObject\",\"inLanguage\":\"es\",\"@id\":\"https:\/\/cenal.gob.ve\/#\/schema\/logo\/image\/\",\"url\":\"https:\/\/i0.wp.com\/cenal.gob.ve\/wp-content\/uploads\/2022\/10\/cropped-images.jpg?fit=512%2C512\",\"contentUrl\":\"https:\/\/i0.wp.com\/cenal.gob.ve\/wp-content\/uploads\/2022\/10\/cropped-images.jpg?fit=512%2C512\",\"width\":512,\"height\":512,\"caption\":\"CENAL\"},\"image\":{\"@id\":\"https:\/\/cenal.gob.ve\/#\/schema\/logo\/image\/\"}},{\"@type\":\"Person\",\"@id\":\"https:\/\/cenal.gob.ve\/#\/schema\/person\/03f2ed4aa0ac06c17c6f979c5d7db558\",\"name\":\"C\u00f3simo Mandrillo\",\"image\":{\"@type\":\"ImageObject\",\"inLanguage\":\"es\",\"@id\":\"https:\/\/cenal.gob.ve\/#\/schema\/person\/image\/\",\"url\":\"https:\/\/secure.gravatar.com\/avatar\/4bf48f2ee4391517938cc9a456a58c4f?s=96&d=mm&r=g\",\"contentUrl\":\"https:\/\/secure.gravatar.com\/avatar\/4bf48f2ee4391517938cc9a456a58c4f?s=96&d=mm&r=g\",\"caption\":\"C\u00f3simo Mandrillo\"},\"description\":\"Escritor, doctor en Literatura Hispanoamericana por la Universidad de Iowa, mag\u00edster en Literatura Latinoamericana y profesor jubilado de la Universidad del Zulia. Fue galardonado con el Premio Regional de Literatura Jes\u00fas Enrique Losada (2000). Asimismo, se hizo acreedor del segundo lugar del concurso Los ni\u00f1os del Mercosur, de la editorial Comunicarte (Argentina, 2007).\",\"url\":\"https:\/\/cenal.gob.ve\/?author=28\"}]}<\/script>\n<!-- \/ Yoast SEO plugin. -->","yoast_head_json":{"title":"El pueblo blanco de Olga Merino","description":"Pueblo peque\u00f1o, infierno grande reza el refr\u00e1n. No es un mal punto de partida para leer La forastera, de Olga Merino.","robots":{"index":"index","follow":"follow","max-snippet":"max-snippet:-1","max-image-preview":"max-image-preview:large","max-video-preview":"max-video-preview:-1"},"canonical":"https:\/\/cenal.gob.ve\/?p=26254","og_locale":"es_ES","og_type":"article","og_title":"El pueblo blanco de Olga Merino | C\u00f3simo Mandrillo","og_description":"Pueblo peque\u00f1o, infierno grande reza el refr\u00e1n. No es un mal punto de partida para leer La forastera, de Olga Merino.","og_url":"https:\/\/cenal.gob.ve\/?p=26254","og_site_name":"Cenal","article_published_time":"2025-09-07T11:00:00+00:00","article_modified_time":"2025-09-07T10:52:21+00:00","og_image":[{"width":1280,"height":821,"url":"https:\/\/i0.wp.com\/cenal.gob.ve\/wp-content\/uploads\/2025\/09\/Olga-Merino-La-forastera.jpg?fit=1280%2C821&ssl=1","type":"image\/jpeg"}],"author":"C\u00f3simo Mandrillo","twitter_card":"summary_large_image","twitter_title":"El pueblo blanco de Olga Merino | C\u00f3simo Mandrillo","twitter_description":"Pueblo peque\u00f1o, infierno grande reza el refr\u00e1n. No es un mal punto de partida para leer La forastera, de Olga Merino.","twitter_image":"https:\/\/cenal.gob.ve\/wp-content\/uploads\/2025\/09\/Olga-Merino-La-forastera.jpg","twitter_misc":{"Written by":"C\u00f3simo Mandrillo","Est. reading time":"4 minutos"},"schema":{"@context":"https:\/\/schema.org","@graph":[{"@type":"Article","@id":"https:\/\/cenal.gob.ve\/?p=26254#article","isPartOf":{"@id":"https:\/\/cenal.gob.ve\/?p=26254"},"author":{"name":"C\u00f3simo Mandrillo","@id":"https:\/\/cenal.gob.ve\/#\/schema\/person\/03f2ed4aa0ac06c17c6f979c5d7db558"},"headline":"El pueblo blanco de Olga Merino","datePublished":"2025-09-07T11:00:00+00:00","dateModified":"2025-09-07T10:52:21+00:00","mainEntityOfPage":{"@id":"https:\/\/cenal.gob.ve\/?p=26254"},"wordCount":773,"commentCount":0,"publisher":{"@id":"https:\/\/cenal.gob.ve\/#organization"},"keywords":["Novelas"],"articleSection":["Lectura m\u00ednima","Lecturas"],"inLanguage":"es","potentialAction":[{"@type":"CommentAction","name":"Comment","target":["https:\/\/cenal.gob.ve\/?p=26254#respond"]}]},{"@type":"WebPage","@id":"https:\/\/cenal.gob.ve\/?p=26254","url":"https:\/\/cenal.gob.ve\/?p=26254","name":"El pueblo blanco de Olga Merino","isPartOf":{"@id":"https:\/\/cenal.gob.ve\/#website"},"datePublished":"2025-09-07T11:00:00+00:00","dateModified":"2025-09-07T10:52:21+00:00","description":"Pueblo peque\u00f1o, infierno grande reza el refr\u00e1n. No es un mal punto de partida para leer La forastera, de Olga Merino.","breadcrumb":{"@id":"https:\/\/cenal.gob.ve\/?p=26254#breadcrumb"},"inLanguage":"es","potentialAction":[{"@type":"ReadAction","target":["https:\/\/cenal.gob.ve\/?p=26254"]}]},{"@type":"BreadcrumbList","@id":"https:\/\/cenal.gob.ve\/?p=26254#breadcrumb","itemListElement":[{"@type":"ListItem","position":1,"name":"Home","item":"https:\/\/cenal.gob.ve\/"},{"@type":"ListItem","position":2,"name":"El pueblo blanco de Olga Merino"}]},{"@type":"WebSite","@id":"https:\/\/cenal.gob.ve\/#website","url":"https:\/\/cenal.gob.ve\/","name":"Cenal","description":"","publisher":{"@id":"https:\/\/cenal.gob.ve\/#organization"},"potentialAction":[{"@type":"SearchAction","target":{"@type":"EntryPoint","urlTemplate":"https:\/\/cenal.gob.ve\/?s={search_term_string}"},"query-input":"required name=search_term_string"}],"inLanguage":"es"},{"@type":"Organization","@id":"https:\/\/cenal.gob.ve\/#organization","name":"CENAL","url":"https:\/\/cenal.gob.ve\/","sameAs":[],"logo":{"@type":"ImageObject","inLanguage":"es","@id":"https:\/\/cenal.gob.ve\/#\/schema\/logo\/image\/","url":"https:\/\/i0.wp.com\/cenal.gob.ve\/wp-content\/uploads\/2022\/10\/cropped-images.jpg?fit=512%2C512","contentUrl":"https:\/\/i0.wp.com\/cenal.gob.ve\/wp-content\/uploads\/2022\/10\/cropped-images.jpg?fit=512%2C512","width":512,"height":512,"caption":"CENAL"},"image":{"@id":"https:\/\/cenal.gob.ve\/#\/schema\/logo\/image\/"}},{"@type":"Person","@id":"https:\/\/cenal.gob.ve\/#\/schema\/person\/03f2ed4aa0ac06c17c6f979c5d7db558","name":"C\u00f3simo Mandrillo","image":{"@type":"ImageObject","inLanguage":"es","@id":"https:\/\/cenal.gob.ve\/#\/schema\/person\/image\/","url":"https:\/\/secure.gravatar.com\/avatar\/4bf48f2ee4391517938cc9a456a58c4f?s=96&d=mm&r=g","contentUrl":"https:\/\/secure.gravatar.com\/avatar\/4bf48f2ee4391517938cc9a456a58c4f?s=96&d=mm&r=g","caption":"C\u00f3simo Mandrillo"},"description":"Escritor, doctor en Literatura Hispanoamericana por la Universidad de Iowa, mag\u00edster en Literatura Latinoamericana y profesor jubilado de la Universidad del Zulia. Fue galardonado con el Premio Regional de Literatura Jes\u00fas Enrique Losada (2000). Asimismo, se hizo acreedor del segundo lugar del concurso Los ni\u00f1os del Mercosur, de la editorial Comunicarte (Argentina, 2007).","url":"https:\/\/cenal.gob.ve\/?author=28"}]}},"jetpack_featured_media_url":"https:\/\/cenal.gob.ve\/wp-content\/uploads\/2025\/09\/Olga-Merino-La-forastera.jpg","jetpack_publicize_connections":[],"jetpack_shortlink":"https:\/\/wp.me\/p5FMhp-6Ps","_links":{"self":[{"href":"https:\/\/cenal.gob.ve\/index.php?rest_route=\/wp\/v2\/posts\/26254"}],"collection":[{"href":"https:\/\/cenal.gob.ve\/index.php?rest_route=\/wp\/v2\/posts"}],"about":[{"href":"https:\/\/cenal.gob.ve\/index.php?rest_route=\/wp\/v2\/types\/post"}],"author":[{"embeddable":true,"href":"https:\/\/cenal.gob.ve\/index.php?rest_route=\/wp\/v2\/users\/28"}],"replies":[{"embeddable":true,"href":"https:\/\/cenal.gob.ve\/index.php?rest_route=%2Fwp%2Fv2%2Fcomments&post=26254"}],"version-history":[{"count":1,"href":"https:\/\/cenal.gob.ve\/index.php?rest_route=\/wp\/v2\/posts\/26254\/revisions"}],"predecessor-version":[{"id":26257,"href":"https:\/\/cenal.gob.ve\/index.php?rest_route=\/wp\/v2\/posts\/26254\/revisions\/26257"}],"wp:featuredmedia":[{"embeddable":true,"href":"https:\/\/cenal.gob.ve\/index.php?rest_route=\/wp\/v2\/media\/26255"}],"wp:attachment":[{"href":"https:\/\/cenal.gob.ve\/index.php?rest_route=%2Fwp%2Fv2%2Fmedia&parent=26254"}],"wp:term":[{"taxonomy":"category","embeddable":true,"href":"https:\/\/cenal.gob.ve\/index.php?rest_route=%2Fwp%2Fv2%2Fcategories&post=26254"},{"taxonomy":"post_tag","embeddable":true,"href":"https:\/\/cenal.gob.ve\/index.php?rest_route=%2Fwp%2Fv2%2Ftags&post=26254"}],"curies":[{"name":"wp","href":"https:\/\/api.w.org\/{rel}","templated":true}]}}