{"id":26258,"date":"2025-09-07T07:01:00","date_gmt":"2025-09-07T11:01:00","guid":{"rendered":"https:\/\/cenal.gob.ve\/?p=26258"},"modified":"2025-09-07T06:59:12","modified_gmt":"2025-09-07T10:59:12","slug":"las-canciones-de-la-muerte","status":"publish","type":"post","link":"https:\/\/cenal.gob.ve\/?p=26258","title":{"rendered":"Las canciones de la muerte"},"content":{"rendered":"\n<p class=\"has-drop-cap\">La dimensi\u00f3n del significado de la muerte la comprend\u00ed a muy corta edad con poemas y canciones que proven\u00edan de poetas y cantautores espa\u00f1oles. Fue as\u00ed como qued\u00f3 en mi recuerdo la canci\u00f3n \u201cSi la muerte pisa mi huerto\u201d, de Joan Manuel Serrat.<\/p>\n\n\n\n<p>La canci\u00f3n est\u00e1 en el disco <em>Mi ni\u00f1ez<\/em> (1970), parad\u00f3jicamente lo escuch\u00e9 cuando no llegaba a los 10 a\u00f1os y trat\u00e9 de imaginar la muerte y sus complejidades, pero sobre todo comprender qu\u00e9 es un huerto y c\u00f3mo ser\u00edan esas pisadas de la muerte.<\/p>\n\n\n\n<p>Una pandereta y el arpegio de una guitarra inician la canci\u00f3n. La voz de Serrat se acopla con \u201cSi la muerte pisa mi huerto, \u00bfqui\u00e9n firmar\u00e1 que he muerto de muerte natural?\u201d. A partir de all\u00ed se despliega un rosario de incertidumbres.<\/p>\n\n\n\n<p>Despu\u00e9s supe de la tristeza y amargura de Le\u00f3n Felipe. El poema \u201cVencidos\u201d, tambi\u00e9n interpretado por Serrat en el disco <em>Mediterr\u00e1neo<\/em> (1971) no habla directamente de la muerte, pero la derrota se equipara a ella.<\/p>\n\n\n\n<p>Culmino esta retah\u00edla de poemas hechos canciones con Miguel Hern\u00e1ndez y el poema 29 de <em>El rayo que no cesa<\/em> (1936), que el cantautor catal\u00e1n titul\u00f3 lac\u00f3nicamente \u201cEleg\u00eda\u201d al disco con nombre ep\u00f3nimo del poeta.<\/p>\n\n\n\n<p>\u201cEn Orihuela, su pueblo y el m\u00edo, se me ha muerto como el rayo Ram\u00f3n Sij\u00e9, a quien tanto quer\u00eda\u201d.<\/p>\n\n\n\n<p>Tanta tristeza puede remover el libro de Olga Merino, <em>La forastera<\/em>, finalista de XXI Premio Internacional de Novela R\u00f3mulo Gallegos con esta obra, que en 2022 fue Premio RAE de Creaci\u00f3n Literaria.<\/p>\n\n\n\n<p>Celebrada por la revista <em>Forbes<\/em> y <em>Babelia<\/em> de <em>El Pa\u00eds <\/em>en 2020 que fue acompa\u00f1ada por una fiesta de elogios que llegaron a catalogar la novela <em>La forastera<\/em> como \u201cwestern rural en una Andaluc\u00eda atemporal\u201d\u00a0(Ignacio Mart\u00ednez de Pis\u00f3n), \u201cvigoroso drama contempor\u00e1neo\u201d\u00a0(Santos Sanz Villanueva), \u201cliterariamente exuberante\u201d (Berna G. Harbour), comentarios que dicen mucho o poco, pero la que realmente se acerca con una mirada de lectora es Eva Baltasar<strong>:<\/strong> \u201cLeer\u00a0<em>La forastera<\/em>, de Olga Merino, es adentrarte en territorio hostil y descubrir que la belleza del lenguaje es capaz de arrancar un personaje duro, noble y solitario de las fauces de una tierra harta de muerte y sedienta de comprensi\u00f3n\u201d.<\/p>\n\n\n\n<figure class=\"wp-block-image size-large\"><img width=\"648\" height=\"1024\" src=\"http:\/\/cenal.gob.ve\/wp-content\/uploads\/2025\/09\/La-forastera-Olga-Merino-648x1024.jpg\" alt=\"\" class=\"wp-image-26256\" srcset=\"https:\/\/cenal.gob.ve\/wp-content\/uploads\/2025\/09\/La-forastera-Olga-Merino-648x1024.jpg 648w, https:\/\/cenal.gob.ve\/wp-content\/uploads\/2025\/09\/La-forastera-Olga-Merino-190x300.jpg 190w, https:\/\/cenal.gob.ve\/wp-content\/uploads\/2025\/09\/La-forastera-Olga-Merino-768x1213.jpg 768w, https:\/\/cenal.gob.ve\/wp-content\/uploads\/2025\/09\/La-forastera-Olga-Merino-973x1536.jpg 973w, https:\/\/cenal.gob.ve\/wp-content\/uploads\/2025\/09\/La-forastera-Olga-Merino-1297x2048.jpg 1297w, https:\/\/cenal.gob.ve\/wp-content\/uploads\/2025\/09\/La-forastera-Olga-Merino-640x1011.jpg 640w, https:\/\/cenal.gob.ve\/wp-content\/uploads\/2025\/09\/La-forastera-Olga-Merino.jpg 1621w\" sizes=\"(max-width: 648px) 100vw, 648px\" \/><\/figure>\n\n\n\n<p>El asunto es que en la novela los personajes van tras la muerte y se la consiguen, para su desgracia. As\u00ed como un pasado de suicidios. Uno tras otro.<\/p>\n\n\n\n<p>Las pistas del pasado le hacen malas jugadas para la imaginaci\u00f3n. Incluso para quienes pueden ver su propia muerte y pensar que su sangre est\u00e1 maldita, como la tierra y el viento, los que van trasegando una historia que parece tener un mal sabor, un mal presagio.<\/p>\n\n\n\n<p>Y es as\u00ed como va contado muerte tras muerte, suicidio tras suicidio. No hay esperanza, sino lenguaje que explica hasta en las sagradas escrituras: \u201cLa Biblia no condena expresamente el suicidio, dijo\u201d.<\/p>\n\n\n\n<p>Todo tiene una explicaci\u00f3n en <em>La forastera<\/em>. Los personajes son el medio para exponer lo que se piensa: \u201cPara \u00e9l es falsa la idea del suicidio como m\u00e1xima expresi\u00f3n del libre albedr\u00edo, porque no existe sujeto m\u00e1s acorralado que quien decide quitarse la vida\u201d.<\/p>\n\n\n\n<p>Merino logra articular historias en donde el crimen es lo de menos. La Guerra Civil Espa\u00f1ola siempre est\u00e1 merodeando aunque no sea esta vez el eje principal. Sin embargo los personajes la nombran como tampoco pueden dejar de nombrar quienes se han suicidado.<\/p>\n\n\n\n<p>Pero el lenguaje siempre oculta algo y tras esta l\u00f3gica Merino coloca las causas de muerte de cada uno de los suicidas, pero hace \u00e9nfasis en el padre de la narradora: \u201cinterrupci\u00f3n circulatoria que ocasion\u00f3 una isquemia encef\u00e1lica\u201d.<\/p>\n\n\n\n<p>Hay maneras de expresar un ahorcamiento, pero mejor dejemos a <em>La forastera<\/em>:<\/p>\n\n\n\n<p>\u201cHabr\u00eda sido m\u00e1s honesto escribir \u00abahorcamiento\u00bb, pero los m\u00e9dicos, jueces y curas se parapetan tras la palabrer\u00eda de alquitr\u00e1n, apabullan con sus conocimientos para blindar sus dominios: los m\u00e9dicos, el cuerpo; los jueces, la inteligencia y sus posibilidades; los curas, el esp\u00edritu, aunque estos prefieren usar un lenguaje para tontos\u201d.<\/p>\n\n\n\n<p>No es un <em>western<\/em>. Quiz\u00e1s un thriller. Merino hace que el lector se encuentre con la tristeza o la rabia.<em> La forastera<\/em>, como \u201cAngie\u201d, la canci\u00f3n de The Rolling Stones, lo intent\u00f3, aunque tuvo miedo. Y es lo menos.<\/p>\n","protected":false},"excerpt":{"rendered":"<p>La dimensi\u00f3n del significado de la muerte la comprend\u00ed a muy corta edad con poemas y canciones que proven\u00edan de poetas y cantautores espa\u00f1oles. Fue as\u00ed como qued\u00f3 en mi recuerdo la canci\u00f3n \u201cSi la muerte pisa mi huerto\u201d, de Joan Manuel Serrat.<\/p>\n","protected":false},"author":9,"featured_media":26255,"comment_status":"open","ping_status":"open","sticky":false,"template":"","format":"standard","meta":{"spay_email":"","jetpack_publicize_message":"","jetpack_is_tweetstorm":false,"jetpack_publicize_feature_enabled":true},"categories":[53,69],"tags":[216],"yoast_head":"<!-- This site is optimized with the Yoast SEO plugin v19.8 - https:\/\/yoast.com\/wordpress\/plugins\/seo\/ -->\n<title>Las canciones de la muerte<\/title>\n<meta name=\"description\" content=\"La dimensi\u00f3n del significado de la muerte la comprend\u00ed a muy corta edad con poemas y canciones que proven\u00edan de poetas y cantautores espa\u00f1oles. Fue as\u00ed como qued\u00f3 en mi recuerdo la canci\u00f3n \u201cSi la muerte pisa mi huerto\u201d, de Joan Manuel Serrat.\" \/>\n<meta name=\"robots\" content=\"index, follow, max-snippet:-1, max-image-preview:large, max-video-preview:-1\" \/>\n<link rel=\"canonical\" href=\"https:\/\/cenal.gob.ve\/?p=26258\" \/>\n<meta property=\"og:locale\" content=\"es_ES\" \/>\n<meta property=\"og:type\" content=\"article\" \/>\n<meta property=\"og:title\" content=\"Las canciones de la muerte | Ra\u00fal Cazal\" \/>\n<meta property=\"og:description\" content=\"La dimensi\u00f3n del significado de la muerte la comprend\u00ed a muy corta edad con poemas y canciones que proven\u00edan de poetas y cantautores espa\u00f1oles. Fue as\u00ed como qued\u00f3 en mi recuerdo la canci\u00f3n \u201cSi la muerte pisa mi huerto\u201d, de Joan Manuel Serrat.\" \/>\n<meta property=\"og:url\" content=\"https:\/\/cenal.gob.ve\/?p=26258\" \/>\n<meta property=\"og:site_name\" content=\"Cenal\" \/>\n<meta property=\"article:published_time\" content=\"2025-09-07T11:01:00+00:00\" \/>\n<meta property=\"article:modified_time\" content=\"2025-09-07T10:59:12+00:00\" \/>\n<meta property=\"og:image\" content=\"https:\/\/i0.wp.com\/cenal.gob.ve\/wp-content\/uploads\/2025\/09\/Olga-Merino-La-forastera.jpg?fit=1280%2C821&ssl=1\" \/>\n\t<meta property=\"og:image:width\" content=\"1280\" \/>\n\t<meta property=\"og:image:height\" content=\"821\" \/>\n\t<meta property=\"og:image:type\" content=\"image\/jpeg\" \/>\n<meta name=\"author\" content=\"Ra\u00fal Cazal\" \/>\n<meta name=\"twitter:card\" content=\"summary_large_image\" \/>\n<meta name=\"twitter:title\" content=\"Las canciones de la muerte | Ra\u00fal Cazal\" \/>\n<meta name=\"twitter:description\" content=\"La dimensi\u00f3n del significado de la muerte la comprend\u00ed a muy corta edad con poemas y canciones que proven\u00edan de poetas y cantautores espa\u00f1oles. Fue as\u00ed como qued\u00f3 en mi recuerdo la canci\u00f3n \u201cSi la muerte pisa mi huerto\u201d, de Joan Manuel Serrat.\" \/>\n<meta name=\"twitter:image\" content=\"https:\/\/cenal.gob.ve\/wp-content\/uploads\/2025\/09\/Olga-Merino-La-forastera.jpg\" \/>\n<meta name=\"twitter:label1\" content=\"Written by\" \/>\n\t<meta name=\"twitter:data1\" content=\"Ra\u00fal Cazal\" \/>\n\t<meta name=\"twitter:label2\" content=\"Est. reading time\" \/>\n\t<meta name=\"twitter:data2\" content=\"4 minutos\" \/>\n<script type=\"application\/ld+json\" class=\"yoast-schema-graph\">{\"@context\":\"https:\/\/schema.org\",\"@graph\":[{\"@type\":\"Article\",\"@id\":\"https:\/\/cenal.gob.ve\/?p=26258#article\",\"isPartOf\":{\"@id\":\"https:\/\/cenal.gob.ve\/?p=26258\"},\"author\":{\"name\":\"Ra\u00fal Cazal\",\"@id\":\"https:\/\/cenal.gob.ve\/#\/schema\/person\/a6db8b0bfca231546dc925c41aead319\"},\"headline\":\"Las canciones de la muerte\",\"datePublished\":\"2025-09-07T11:01:00+00:00\",\"dateModified\":\"2025-09-07T10:59:12+00:00\",\"mainEntityOfPage\":{\"@id\":\"https:\/\/cenal.gob.ve\/?p=26258\"},\"wordCount\":747,\"commentCount\":0,\"publisher\":{\"@id\":\"https:\/\/cenal.gob.ve\/#organization\"},\"keywords\":[\"Novelas\"],\"articleSection\":[\"Lecturas\",\"Ojo por hoja\"],\"inLanguage\":\"es\",\"potentialAction\":[{\"@type\":\"CommentAction\",\"name\":\"Comment\",\"target\":[\"https:\/\/cenal.gob.ve\/?p=26258#respond\"]}]},{\"@type\":\"WebPage\",\"@id\":\"https:\/\/cenal.gob.ve\/?p=26258\",\"url\":\"https:\/\/cenal.gob.ve\/?p=26258\",\"name\":\"Las canciones de la muerte\",\"isPartOf\":{\"@id\":\"https:\/\/cenal.gob.ve\/#website\"},\"datePublished\":\"2025-09-07T11:01:00+00:00\",\"dateModified\":\"2025-09-07T10:59:12+00:00\",\"description\":\"La dimensi\u00f3n del significado de la muerte la comprend\u00ed a muy corta edad con poemas y canciones que proven\u00edan de poetas y cantautores espa\u00f1oles. Fue as\u00ed como qued\u00f3 en mi recuerdo la canci\u00f3n \u201cSi la muerte pisa mi huerto\u201d, de Joan Manuel Serrat.\",\"breadcrumb\":{\"@id\":\"https:\/\/cenal.gob.ve\/?p=26258#breadcrumb\"},\"inLanguage\":\"es\",\"potentialAction\":[{\"@type\":\"ReadAction\",\"target\":[\"https:\/\/cenal.gob.ve\/?p=26258\"]}]},{\"@type\":\"BreadcrumbList\",\"@id\":\"https:\/\/cenal.gob.ve\/?p=26258#breadcrumb\",\"itemListElement\":[{\"@type\":\"ListItem\",\"position\":1,\"name\":\"Home\",\"item\":\"https:\/\/cenal.gob.ve\/\"},{\"@type\":\"ListItem\",\"position\":2,\"name\":\"Las canciones de la muerte\"}]},{\"@type\":\"WebSite\",\"@id\":\"https:\/\/cenal.gob.ve\/#website\",\"url\":\"https:\/\/cenal.gob.ve\/\",\"name\":\"Cenal\",\"description\":\"\",\"publisher\":{\"@id\":\"https:\/\/cenal.gob.ve\/#organization\"},\"potentialAction\":[{\"@type\":\"SearchAction\",\"target\":{\"@type\":\"EntryPoint\",\"urlTemplate\":\"https:\/\/cenal.gob.ve\/?s={search_term_string}\"},\"query-input\":\"required name=search_term_string\"}],\"inLanguage\":\"es\"},{\"@type\":\"Organization\",\"@id\":\"https:\/\/cenal.gob.ve\/#organization\",\"name\":\"CENAL\",\"url\":\"https:\/\/cenal.gob.ve\/\",\"sameAs\":[],\"logo\":{\"@type\":\"ImageObject\",\"inLanguage\":\"es\",\"@id\":\"https:\/\/cenal.gob.ve\/#\/schema\/logo\/image\/\",\"url\":\"https:\/\/i0.wp.com\/cenal.gob.ve\/wp-content\/uploads\/2022\/10\/cropped-images.jpg?fit=512%2C512\",\"contentUrl\":\"https:\/\/i0.wp.com\/cenal.gob.ve\/wp-content\/uploads\/2022\/10\/cropped-images.jpg?fit=512%2C512\",\"width\":512,\"height\":512,\"caption\":\"CENAL\"},\"image\":{\"@id\":\"https:\/\/cenal.gob.ve\/#\/schema\/logo\/image\/\"}},{\"@type\":\"Person\",\"@id\":\"https:\/\/cenal.gob.ve\/#\/schema\/person\/a6db8b0bfca231546dc925c41aead319\",\"name\":\"Ra\u00fal Cazal\",\"image\":{\"@type\":\"ImageObject\",\"inLanguage\":\"es\",\"@id\":\"https:\/\/cenal.gob.ve\/#\/schema\/person\/image\/\",\"url\":\"https:\/\/secure.gravatar.com\/avatar\/efcec262923fa6cdb1746d5c7c9fb742?s=96&d=mm&r=g\",\"contentUrl\":\"https:\/\/secure.gravatar.com\/avatar\/efcec262923fa6cdb1746d5c7c9fb742?s=96&d=mm&r=g\",\"caption\":\"Ra\u00fal Cazal\"},\"description\":\"Escritor, periodista y editor. Presidente del Centro Nacional del Libro desde noviembre de 2018. En febrero de 2019 asume la Direcci\u00f3n General de la Fundaci\u00f3n Editorial El perro y la rana y en agosto es nombrado Viceministro de Fomento para la Econom\u00eda Cultural. Es autor de los libros\u00a0de cuentos El bolero se baila pegadito (1988), Todo tiene su final (1992) y de poes\u00eda Algunas cuestiones sin importancia (1994). Es coautor con Freddy Fern\u00e1ndez del ensayo A qui\u00e9n le importa la opini\u00f3n de un ciego (2006). Gracias, medios de comunicaci\u00f3n (2018) fue merecedor del Premio Nacional de Periodismo en 2019, menci\u00f3n Libro. Actualmente dirige y conduce Las formas del libro.\",\"url\":\"https:\/\/cenal.gob.ve\/?author=9\"}]}<\/script>\n<!-- \/ Yoast SEO plugin. -->","yoast_head_json":{"title":"Las canciones de la muerte","description":"La dimensi\u00f3n del significado de la muerte la comprend\u00ed a muy corta edad con poemas y canciones que proven\u00edan de poetas y cantautores espa\u00f1oles. Fue as\u00ed como qued\u00f3 en mi recuerdo la canci\u00f3n \u201cSi la muerte pisa mi huerto\u201d, de Joan Manuel Serrat.","robots":{"index":"index","follow":"follow","max-snippet":"max-snippet:-1","max-image-preview":"max-image-preview:large","max-video-preview":"max-video-preview:-1"},"canonical":"https:\/\/cenal.gob.ve\/?p=26258","og_locale":"es_ES","og_type":"article","og_title":"Las canciones de la muerte | Ra\u00fal Cazal","og_description":"La dimensi\u00f3n del significado de la muerte la comprend\u00ed a muy corta edad con poemas y canciones que proven\u00edan de poetas y cantautores espa\u00f1oles. Fue as\u00ed como qued\u00f3 en mi recuerdo la canci\u00f3n \u201cSi la muerte pisa mi huerto\u201d, de Joan Manuel Serrat.","og_url":"https:\/\/cenal.gob.ve\/?p=26258","og_site_name":"Cenal","article_published_time":"2025-09-07T11:01:00+00:00","article_modified_time":"2025-09-07T10:59:12+00:00","og_image":[{"width":1280,"height":821,"url":"https:\/\/i0.wp.com\/cenal.gob.ve\/wp-content\/uploads\/2025\/09\/Olga-Merino-La-forastera.jpg?fit=1280%2C821&ssl=1","type":"image\/jpeg"}],"author":"Ra\u00fal Cazal","twitter_card":"summary_large_image","twitter_title":"Las canciones de la muerte | Ra\u00fal Cazal","twitter_description":"La dimensi\u00f3n del significado de la muerte la comprend\u00ed a muy corta edad con poemas y canciones que proven\u00edan de poetas y cantautores espa\u00f1oles. Fue as\u00ed como qued\u00f3 en mi recuerdo la canci\u00f3n \u201cSi la muerte pisa mi huerto\u201d, de Joan Manuel Serrat.","twitter_image":"https:\/\/cenal.gob.ve\/wp-content\/uploads\/2025\/09\/Olga-Merino-La-forastera.jpg","twitter_misc":{"Written by":"Ra\u00fal Cazal","Est. reading time":"4 minutos"},"schema":{"@context":"https:\/\/schema.org","@graph":[{"@type":"Article","@id":"https:\/\/cenal.gob.ve\/?p=26258#article","isPartOf":{"@id":"https:\/\/cenal.gob.ve\/?p=26258"},"author":{"name":"Ra\u00fal Cazal","@id":"https:\/\/cenal.gob.ve\/#\/schema\/person\/a6db8b0bfca231546dc925c41aead319"},"headline":"Las canciones de la muerte","datePublished":"2025-09-07T11:01:00+00:00","dateModified":"2025-09-07T10:59:12+00:00","mainEntityOfPage":{"@id":"https:\/\/cenal.gob.ve\/?p=26258"},"wordCount":747,"commentCount":0,"publisher":{"@id":"https:\/\/cenal.gob.ve\/#organization"},"keywords":["Novelas"],"articleSection":["Lecturas","Ojo por hoja"],"inLanguage":"es","potentialAction":[{"@type":"CommentAction","name":"Comment","target":["https:\/\/cenal.gob.ve\/?p=26258#respond"]}]},{"@type":"WebPage","@id":"https:\/\/cenal.gob.ve\/?p=26258","url":"https:\/\/cenal.gob.ve\/?p=26258","name":"Las canciones de la muerte","isPartOf":{"@id":"https:\/\/cenal.gob.ve\/#website"},"datePublished":"2025-09-07T11:01:00+00:00","dateModified":"2025-09-07T10:59:12+00:00","description":"La dimensi\u00f3n del significado de la muerte la comprend\u00ed a muy corta edad con poemas y canciones que proven\u00edan de poetas y cantautores espa\u00f1oles. Fue as\u00ed como qued\u00f3 en mi recuerdo la canci\u00f3n \u201cSi la muerte pisa mi huerto\u201d, de Joan Manuel Serrat.","breadcrumb":{"@id":"https:\/\/cenal.gob.ve\/?p=26258#breadcrumb"},"inLanguage":"es","potentialAction":[{"@type":"ReadAction","target":["https:\/\/cenal.gob.ve\/?p=26258"]}]},{"@type":"BreadcrumbList","@id":"https:\/\/cenal.gob.ve\/?p=26258#breadcrumb","itemListElement":[{"@type":"ListItem","position":1,"name":"Home","item":"https:\/\/cenal.gob.ve\/"},{"@type":"ListItem","position":2,"name":"Las canciones de la muerte"}]},{"@type":"WebSite","@id":"https:\/\/cenal.gob.ve\/#website","url":"https:\/\/cenal.gob.ve\/","name":"Cenal","description":"","publisher":{"@id":"https:\/\/cenal.gob.ve\/#organization"},"potentialAction":[{"@type":"SearchAction","target":{"@type":"EntryPoint","urlTemplate":"https:\/\/cenal.gob.ve\/?s={search_term_string}"},"query-input":"required name=search_term_string"}],"inLanguage":"es"},{"@type":"Organization","@id":"https:\/\/cenal.gob.ve\/#organization","name":"CENAL","url":"https:\/\/cenal.gob.ve\/","sameAs":[],"logo":{"@type":"ImageObject","inLanguage":"es","@id":"https:\/\/cenal.gob.ve\/#\/schema\/logo\/image\/","url":"https:\/\/i0.wp.com\/cenal.gob.ve\/wp-content\/uploads\/2022\/10\/cropped-images.jpg?fit=512%2C512","contentUrl":"https:\/\/i0.wp.com\/cenal.gob.ve\/wp-content\/uploads\/2022\/10\/cropped-images.jpg?fit=512%2C512","width":512,"height":512,"caption":"CENAL"},"image":{"@id":"https:\/\/cenal.gob.ve\/#\/schema\/logo\/image\/"}},{"@type":"Person","@id":"https:\/\/cenal.gob.ve\/#\/schema\/person\/a6db8b0bfca231546dc925c41aead319","name":"Ra\u00fal Cazal","image":{"@type":"ImageObject","inLanguage":"es","@id":"https:\/\/cenal.gob.ve\/#\/schema\/person\/image\/","url":"https:\/\/secure.gravatar.com\/avatar\/efcec262923fa6cdb1746d5c7c9fb742?s=96&d=mm&r=g","contentUrl":"https:\/\/secure.gravatar.com\/avatar\/efcec262923fa6cdb1746d5c7c9fb742?s=96&d=mm&r=g","caption":"Ra\u00fal Cazal"},"description":"Escritor, periodista y editor. Presidente del Centro Nacional del Libro desde noviembre de 2018. En febrero de 2019 asume la Direcci\u00f3n General de la Fundaci\u00f3n Editorial El perro y la rana y en agosto es nombrado Viceministro de Fomento para la Econom\u00eda Cultural. Es autor de los libros\u00a0de cuentos El bolero se baila pegadito (1988), Todo tiene su final (1992) y de poes\u00eda Algunas cuestiones sin importancia (1994). Es coautor con Freddy Fern\u00e1ndez del ensayo A qui\u00e9n le importa la opini\u00f3n de un ciego (2006). Gracias, medios de comunicaci\u00f3n (2018) fue merecedor del Premio Nacional de Periodismo en 2019, menci\u00f3n Libro. Actualmente dirige y conduce Las formas del libro.","url":"https:\/\/cenal.gob.ve\/?author=9"}]}},"jetpack_featured_media_url":"https:\/\/cenal.gob.ve\/wp-content\/uploads\/2025\/09\/Olga-Merino-La-forastera.jpg","jetpack_publicize_connections":[],"jetpack_shortlink":"https:\/\/wp.me\/p5FMhp-6Pw","_links":{"self":[{"href":"https:\/\/cenal.gob.ve\/index.php?rest_route=\/wp\/v2\/posts\/26258"}],"collection":[{"href":"https:\/\/cenal.gob.ve\/index.php?rest_route=\/wp\/v2\/posts"}],"about":[{"href":"https:\/\/cenal.gob.ve\/index.php?rest_route=\/wp\/v2\/types\/post"}],"author":[{"embeddable":true,"href":"https:\/\/cenal.gob.ve\/index.php?rest_route=\/wp\/v2\/users\/9"}],"replies":[{"embeddable":true,"href":"https:\/\/cenal.gob.ve\/index.php?rest_route=%2Fwp%2Fv2%2Fcomments&post=26258"}],"version-history":[{"count":2,"href":"https:\/\/cenal.gob.ve\/index.php?rest_route=\/wp\/v2\/posts\/26258\/revisions"}],"predecessor-version":[{"id":26303,"href":"https:\/\/cenal.gob.ve\/index.php?rest_route=\/wp\/v2\/posts\/26258\/revisions\/26303"}],"wp:featuredmedia":[{"embeddable":true,"href":"https:\/\/cenal.gob.ve\/index.php?rest_route=\/wp\/v2\/media\/26255"}],"wp:attachment":[{"href":"https:\/\/cenal.gob.ve\/index.php?rest_route=%2Fwp%2Fv2%2Fmedia&parent=26258"}],"wp:term":[{"taxonomy":"category","embeddable":true,"href":"https:\/\/cenal.gob.ve\/index.php?rest_route=%2Fwp%2Fv2%2Fcategories&post=26258"},{"taxonomy":"post_tag","embeddable":true,"href":"https:\/\/cenal.gob.ve\/index.php?rest_route=%2Fwp%2Fv2%2Ftags&post=26258"}],"curies":[{"name":"wp","href":"https:\/\/api.w.org\/{rel}","templated":true}]}}