{"id":26337,"date":"2025-09-23T17:28:19","date_gmt":"2025-09-23T21:28:19","guid":{"rendered":"https:\/\/cenal.gob.ve\/?p=26337"},"modified":"2025-09-23T17:44:01","modified_gmt":"2025-09-23T21:44:01","slug":"alexander-torres-iriarte-gano-la-ix-bienal-nacional-de-literatura-felix-armando-nunez","status":"publish","type":"post","link":"https:\/\/cenal.gob.ve\/?p=26337","title":{"rendered":"Alexander Torres Iriarte gan\u00f3 la IX Bienal Nacional de Literatura F\u00e9lix Armando N\u00fa\u00f1ez"},"content":{"rendered":"\n<p><br>El escritor Alexander Torres Iriarte gan\u00f3 la IX Bienal Nacional de Literatura F\u00e9lix Armando N\u00fa\u00f1ez, menci\u00f3n Ensayo, con su obra &#8220;La pregunta perenne. Identidad en el ensayo mexicano de mediados del siglo XX&#8221;.<br><\/p>\n\n\n\n<p>El jurado, compuesto por Pablo Nigal Palmar Paz, Alejandro Bruzual y Dionys Cecilia Rivas Armas, eligi\u00f3 por unanimidad la obra presentada bajo el seud\u00f3nimo Desiderio Mar\u00eda y constat\u00f3, una vez abierta la plica correspondiente, que pertenece a Alexander Torres Iriarte.<\/p>\n\n\n\n<p><br>En el veredicto el jurado destaca el notable abordaje en t\u00e9rminos te\u00f3ricos y metodol\u00f3gicos, su importante exploraci\u00f3n de la identidad americana enfocada en autores mexicanos, su estilo de escritura correcto y fluido y su excelente manejo bibliogr\u00e1fico.&nbsp;<\/p>\n\n\n\n<p><br>Adem\u00e1s, indica que el ensayo proporciona importantes referencias sobre el tema a trav\u00e9s del di\u00e1logo entretejido de cinco ensayistas: Antonio Caso, Samuel Ramos, Octavio Paz, Emilio Uranga y Leopoldo Zea.&nbsp;<\/p>\n\n\n\n<p><br>Igualmente el jurado resalta la reivindicaci\u00f3n a trav\u00e9s de este ensayo del patrimonio cultural de Nuestra Am\u00e9rica y la descolonizaci\u00f3n de su pensamiento y memoria hist\u00f3rica a trav\u00e9s de la autoafirmaci\u00f3n de la identidad mexicana en el siglo XX.<\/p>\n\n\n\n<p><br>El ganador recibir\u00e1 un premio en met\u00e1lico otorgado por el Centro Nacional del Libro (Cenal) y la publicaci\u00f3n del libro por parte de Monte \u00c1vila Editores.&nbsp;<\/p>\n\n\n\n<p><br>La convocatoria para participar en la Bienal F\u00e9lix Armando N\u00fa\u00f1ez, a cargo del Ministerio del Poder Popular para la Cultura, por intermedio del Centro Nacional del Libro (Cenal), cerr\u00f3 el 31 de julio con la recepci\u00f3n de 33 manuscritos.<\/p>\n\n\n\n<p><br>Alexander Torres Iriarte es un reconocido investigador y profesor de Historia con m\u00faltiples t\u00edtulos y premios, incluyendo el Premio Nacional de Literatura &#8220;Stefania Mosca&#8221;.<\/p>\n\n\n\n<p>Es autor de libros como Claves de Clio y La amenaza inusual. Fue presidente del Centro Nacional de Estudios Hist\u00f3ricos y actualmente es agregado cultural de Venezuela en M\u00e9xico.<\/p>\n\n\n\n<figure class=\"wp-block-image size-large\"><img width=\"1024\" height=\"683\" src=\"https:\/\/cenal.gob.ve\/wp-content\/uploads\/2025\/09\/IMG_4333-1024x683.jpg\" alt=\"\" class=\"wp-image-26339\" srcset=\"https:\/\/cenal.gob.ve\/wp-content\/uploads\/2025\/09\/IMG_4333-1024x683.jpg 1024w, https:\/\/cenal.gob.ve\/wp-content\/uploads\/2025\/09\/IMG_4333-300x200.jpg 300w, https:\/\/cenal.gob.ve\/wp-content\/uploads\/2025\/09\/IMG_4333-768x512.jpg 768w, https:\/\/cenal.gob.ve\/wp-content\/uploads\/2025\/09\/IMG_4333-1536x1024.jpg 1536w, https:\/\/cenal.gob.ve\/wp-content\/uploads\/2025\/09\/IMG_4333-2048x1365.jpg 2048w, https:\/\/cenal.gob.ve\/wp-content\/uploads\/2025\/09\/IMG_4333-640x427.jpg 640w\" sizes=\"(max-width: 1024px) 100vw, 1024px\" \/><\/figure>\n","protected":false},"excerpt":{"rendered":"<p>El escritor Alexander Torres Iriarte gan\u00f3 la IX Bienal Nacional de Literatura F\u00e9lix Armando N\u00fa\u00f1ez, menci\u00f3n Ensayo, con su obra &#8220;La pregunta perenne. Identidad en el ensayo mexicano de mediados [&hellip;]<\/p>\n","protected":false},"author":10,"featured_media":26338,"comment_status":"open","ping_status":"closed","sticky":false,"template":"","format":"standard","meta":{"spay_email":"","jetpack_publicize_message":"","jetpack_is_tweetstorm":false,"jetpack_publicize_feature_enabled":true},"categories":[19,2],"tags":[],"yoast_head":"<!-- This site is optimized with the Yoast SEO plugin v19.8 - https:\/\/yoast.com\/wordpress\/plugins\/seo\/ -->\n<title>Alexander Torres Iriarte gan\u00f3 la IX Bienal Nacional de Literatura F\u00e9lix Armando N\u00fa\u00f1ez<\/title>\n<meta name=\"robots\" content=\"index, follow, max-snippet:-1, max-image-preview:large, max-video-preview:-1\" \/>\n<link rel=\"canonical\" href=\"https:\/\/cenal.gob.ve\/?p=26337\" \/>\n<meta property=\"og:locale\" content=\"es_ES\" \/>\n<meta property=\"og:type\" content=\"article\" \/>\n<meta property=\"og:title\" content=\"Alexander Torres Iriarte gan\u00f3 la IX Bienal Nacional de Literatura F\u00e9lix Armando N\u00fa\u00f1ez\" \/>\n<meta property=\"og:description\" content=\"El escritor Alexander Torres Iriarte gan\u00f3 la IX Bienal Nacional de Literatura F\u00e9lix Armando N\u00fa\u00f1ez, menci\u00f3n Ensayo, con su obra &#8220;La pregunta perenne. Identidad en el ensayo mexicano de mediados [&hellip;]\" \/>\n<meta property=\"og:url\" content=\"https:\/\/cenal.gob.ve\/?p=26337\" \/>\n<meta property=\"og:site_name\" content=\"Cenal\" \/>\n<meta property=\"article:published_time\" content=\"2025-09-23T21:28:19+00:00\" \/>\n<meta property=\"article:modified_time\" content=\"2025-09-23T21:44:01+00:00\" \/>\n<meta property=\"og:image\" content=\"http:\/\/cenal.gob.ve\/wp-content\/uploads\/2025\/09\/IMG_4332-scaled.jpg\" \/>\n\t<meta property=\"og:image:width\" content=\"2560\" \/>\n\t<meta property=\"og:image:height\" content=\"1706\" \/>\n\t<meta property=\"og:image:type\" content=\"image\/jpeg\" \/>\n<meta name=\"author\" content=\"Prensa Cenal\" \/>\n<meta name=\"twitter:card\" content=\"summary_large_image\" \/>\n<meta name=\"twitter:label1\" content=\"Written by\" \/>\n\t<meta name=\"twitter:data1\" content=\"Prensa Cenal\" \/>\n\t<meta name=\"twitter:label2\" content=\"Est. reading time\" \/>\n\t<meta name=\"twitter:data2\" content=\"2 minutos\" \/>\n<script type=\"application\/ld+json\" class=\"yoast-schema-graph\">{\"@context\":\"https:\/\/schema.org\",\"@graph\":[{\"@type\":\"Article\",\"@id\":\"https:\/\/cenal.gob.ve\/?p=26337#article\",\"isPartOf\":{\"@id\":\"https:\/\/cenal.gob.ve\/?p=26337\"},\"author\":{\"name\":\"Prensa Cenal\",\"@id\":\"https:\/\/cenal.gob.ve\/#\/schema\/person\/e3ed34623f400ffab8bc7a63b2f5533f\"},\"headline\":\"Alexander Torres Iriarte gan\u00f3 la IX Bienal Nacional de Literatura F\u00e9lix Armando N\u00fa\u00f1ez\",\"datePublished\":\"2025-09-23T21:28:19+00:00\",\"dateModified\":\"2025-09-23T21:44:01+00:00\",\"mainEntityOfPage\":{\"@id\":\"https:\/\/cenal.gob.ve\/?p=26337\"},\"wordCount\":342,\"commentCount\":4,\"publisher\":{\"@id\":\"https:\/\/cenal.gob.ve\/#organization\"},\"articleSection\":[\"Bienales\",\"Cenal\"],\"inLanguage\":\"es\",\"potentialAction\":[{\"@type\":\"CommentAction\",\"name\":\"Comment\",\"target\":[\"https:\/\/cenal.gob.ve\/?p=26337#respond\"]}]},{\"@type\":\"WebPage\",\"@id\":\"https:\/\/cenal.gob.ve\/?p=26337\",\"url\":\"https:\/\/cenal.gob.ve\/?p=26337\",\"name\":\"Alexander Torres Iriarte gan\u00f3 la IX Bienal Nacional de Literatura F\u00e9lix Armando N\u00fa\u00f1ez\",\"isPartOf\":{\"@id\":\"https:\/\/cenal.gob.ve\/#website\"},\"datePublished\":\"2025-09-23T21:28:19+00:00\",\"dateModified\":\"2025-09-23T21:44:01+00:00\",\"breadcrumb\":{\"@id\":\"https:\/\/cenal.gob.ve\/?p=26337#breadcrumb\"},\"inLanguage\":\"es\",\"potentialAction\":[{\"@type\":\"ReadAction\",\"target\":[\"https:\/\/cenal.gob.ve\/?p=26337\"]}]},{\"@type\":\"BreadcrumbList\",\"@id\":\"https:\/\/cenal.gob.ve\/?p=26337#breadcrumb\",\"itemListElement\":[{\"@type\":\"ListItem\",\"position\":1,\"name\":\"Home\",\"item\":\"https:\/\/cenal.gob.ve\/\"},{\"@type\":\"ListItem\",\"position\":2,\"name\":\"Alexander Torres Iriarte gan\u00f3 la IX Bienal Nacional de Literatura F\u00e9lix Armando N\u00fa\u00f1ez\"}]},{\"@type\":\"WebSite\",\"@id\":\"https:\/\/cenal.gob.ve\/#website\",\"url\":\"https:\/\/cenal.gob.ve\/\",\"name\":\"Cenal\",\"description\":\"\",\"publisher\":{\"@id\":\"https:\/\/cenal.gob.ve\/#organization\"},\"potentialAction\":[{\"@type\":\"SearchAction\",\"target\":{\"@type\":\"EntryPoint\",\"urlTemplate\":\"https:\/\/cenal.gob.ve\/?s={search_term_string}\"},\"query-input\":\"required name=search_term_string\"}],\"inLanguage\":\"es\"},{\"@type\":\"Organization\",\"@id\":\"https:\/\/cenal.gob.ve\/#organization\",\"name\":\"CENAL\",\"url\":\"https:\/\/cenal.gob.ve\/\",\"sameAs\":[],\"logo\":{\"@type\":\"ImageObject\",\"inLanguage\":\"es\",\"@id\":\"https:\/\/cenal.gob.ve\/#\/schema\/logo\/image\/\",\"url\":\"https:\/\/i0.wp.com\/cenal.gob.ve\/wp-content\/uploads\/2022\/10\/cropped-images.jpg?fit=512%2C512\",\"contentUrl\":\"https:\/\/i0.wp.com\/cenal.gob.ve\/wp-content\/uploads\/2022\/10\/cropped-images.jpg?fit=512%2C512\",\"width\":512,\"height\":512,\"caption\":\"CENAL\"},\"image\":{\"@id\":\"https:\/\/cenal.gob.ve\/#\/schema\/logo\/image\/\"}},{\"@type\":\"Person\",\"@id\":\"https:\/\/cenal.gob.ve\/#\/schema\/person\/e3ed34623f400ffab8bc7a63b2f5533f\",\"name\":\"Prensa Cenal\",\"image\":{\"@type\":\"ImageObject\",\"inLanguage\":\"es\",\"@id\":\"https:\/\/cenal.gob.ve\/#\/schema\/person\/image\/\",\"url\":\"https:\/\/secure.gravatar.com\/avatar\/594b4ed34090910c619ac3679001d491?s=96&d=mm&r=g\",\"contentUrl\":\"https:\/\/secure.gravatar.com\/avatar\/594b4ed34090910c619ac3679001d491?s=96&d=mm&r=g\",\"caption\":\"Prensa Cenal\"},\"url\":\"https:\/\/cenal.gob.ve\/?author=10\"}]}<\/script>\n<!-- \/ Yoast SEO plugin. -->","yoast_head_json":{"title":"Alexander Torres Iriarte gan\u00f3 la IX Bienal Nacional de Literatura F\u00e9lix Armando N\u00fa\u00f1ez","robots":{"index":"index","follow":"follow","max-snippet":"max-snippet:-1","max-image-preview":"max-image-preview:large","max-video-preview":"max-video-preview:-1"},"canonical":"https:\/\/cenal.gob.ve\/?p=26337","og_locale":"es_ES","og_type":"article","og_title":"Alexander Torres Iriarte gan\u00f3 la IX Bienal Nacional de Literatura F\u00e9lix Armando N\u00fa\u00f1ez","og_description":"El escritor Alexander Torres Iriarte gan\u00f3 la IX Bienal Nacional de Literatura F\u00e9lix Armando N\u00fa\u00f1ez, menci\u00f3n Ensayo, con su obra &#8220;La pregunta perenne. Identidad en el ensayo mexicano de mediados [&hellip;]","og_url":"https:\/\/cenal.gob.ve\/?p=26337","og_site_name":"Cenal","article_published_time":"2025-09-23T21:28:19+00:00","article_modified_time":"2025-09-23T21:44:01+00:00","og_image":[{"width":2560,"height":1706,"url":"http:\/\/cenal.gob.ve\/wp-content\/uploads\/2025\/09\/IMG_4332-scaled.jpg","type":"image\/jpeg"}],"author":"Prensa Cenal","twitter_card":"summary_large_image","twitter_misc":{"Written by":"Prensa Cenal","Est. reading time":"2 minutos"},"schema":{"@context":"https:\/\/schema.org","@graph":[{"@type":"Article","@id":"https:\/\/cenal.gob.ve\/?p=26337#article","isPartOf":{"@id":"https:\/\/cenal.gob.ve\/?p=26337"},"author":{"name":"Prensa Cenal","@id":"https:\/\/cenal.gob.ve\/#\/schema\/person\/e3ed34623f400ffab8bc7a63b2f5533f"},"headline":"Alexander Torres Iriarte gan\u00f3 la IX Bienal Nacional de Literatura F\u00e9lix Armando N\u00fa\u00f1ez","datePublished":"2025-09-23T21:28:19+00:00","dateModified":"2025-09-23T21:44:01+00:00","mainEntityOfPage":{"@id":"https:\/\/cenal.gob.ve\/?p=26337"},"wordCount":342,"commentCount":4,"publisher":{"@id":"https:\/\/cenal.gob.ve\/#organization"},"articleSection":["Bienales","Cenal"],"inLanguage":"es","potentialAction":[{"@type":"CommentAction","name":"Comment","target":["https:\/\/cenal.gob.ve\/?p=26337#respond"]}]},{"@type":"WebPage","@id":"https:\/\/cenal.gob.ve\/?p=26337","url":"https:\/\/cenal.gob.ve\/?p=26337","name":"Alexander Torres Iriarte gan\u00f3 la IX Bienal Nacional de Literatura F\u00e9lix Armando N\u00fa\u00f1ez","isPartOf":{"@id":"https:\/\/cenal.gob.ve\/#website"},"datePublished":"2025-09-23T21:28:19+00:00","dateModified":"2025-09-23T21:44:01+00:00","breadcrumb":{"@id":"https:\/\/cenal.gob.ve\/?p=26337#breadcrumb"},"inLanguage":"es","potentialAction":[{"@type":"ReadAction","target":["https:\/\/cenal.gob.ve\/?p=26337"]}]},{"@type":"BreadcrumbList","@id":"https:\/\/cenal.gob.ve\/?p=26337#breadcrumb","itemListElement":[{"@type":"ListItem","position":1,"name":"Home","item":"https:\/\/cenal.gob.ve\/"},{"@type":"ListItem","position":2,"name":"Alexander Torres Iriarte gan\u00f3 la IX Bienal Nacional de Literatura F\u00e9lix Armando N\u00fa\u00f1ez"}]},{"@type":"WebSite","@id":"https:\/\/cenal.gob.ve\/#website","url":"https:\/\/cenal.gob.ve\/","name":"Cenal","description":"","publisher":{"@id":"https:\/\/cenal.gob.ve\/#organization"},"potentialAction":[{"@type":"SearchAction","target":{"@type":"EntryPoint","urlTemplate":"https:\/\/cenal.gob.ve\/?s={search_term_string}"},"query-input":"required name=search_term_string"}],"inLanguage":"es"},{"@type":"Organization","@id":"https:\/\/cenal.gob.ve\/#organization","name":"CENAL","url":"https:\/\/cenal.gob.ve\/","sameAs":[],"logo":{"@type":"ImageObject","inLanguage":"es","@id":"https:\/\/cenal.gob.ve\/#\/schema\/logo\/image\/","url":"https:\/\/i0.wp.com\/cenal.gob.ve\/wp-content\/uploads\/2022\/10\/cropped-images.jpg?fit=512%2C512","contentUrl":"https:\/\/i0.wp.com\/cenal.gob.ve\/wp-content\/uploads\/2022\/10\/cropped-images.jpg?fit=512%2C512","width":512,"height":512,"caption":"CENAL"},"image":{"@id":"https:\/\/cenal.gob.ve\/#\/schema\/logo\/image\/"}},{"@type":"Person","@id":"https:\/\/cenal.gob.ve\/#\/schema\/person\/e3ed34623f400ffab8bc7a63b2f5533f","name":"Prensa Cenal","image":{"@type":"ImageObject","inLanguage":"es","@id":"https:\/\/cenal.gob.ve\/#\/schema\/person\/image\/","url":"https:\/\/secure.gravatar.com\/avatar\/594b4ed34090910c619ac3679001d491?s=96&d=mm&r=g","contentUrl":"https:\/\/secure.gravatar.com\/avatar\/594b4ed34090910c619ac3679001d491?s=96&d=mm&r=g","caption":"Prensa Cenal"},"url":"https:\/\/cenal.gob.ve\/?author=10"}]}},"jetpack_featured_media_url":"https:\/\/cenal.gob.ve\/wp-content\/uploads\/2025\/09\/IMG_4332-scaled.jpg","jetpack_publicize_connections":[],"jetpack_shortlink":"https:\/\/wp.me\/p5FMhp-6QN","_links":{"self":[{"href":"https:\/\/cenal.gob.ve\/index.php?rest_route=\/wp\/v2\/posts\/26337"}],"collection":[{"href":"https:\/\/cenal.gob.ve\/index.php?rest_route=\/wp\/v2\/posts"}],"about":[{"href":"https:\/\/cenal.gob.ve\/index.php?rest_route=\/wp\/v2\/types\/post"}],"author":[{"embeddable":true,"href":"https:\/\/cenal.gob.ve\/index.php?rest_route=\/wp\/v2\/users\/10"}],"replies":[{"embeddable":true,"href":"https:\/\/cenal.gob.ve\/index.php?rest_route=%2Fwp%2Fv2%2Fcomments&post=26337"}],"version-history":[{"count":2,"href":"https:\/\/cenal.gob.ve\/index.php?rest_route=\/wp\/v2\/posts\/26337\/revisions"}],"predecessor-version":[{"id":26341,"href":"https:\/\/cenal.gob.ve\/index.php?rest_route=\/wp\/v2\/posts\/26337\/revisions\/26341"}],"wp:featuredmedia":[{"embeddable":true,"href":"https:\/\/cenal.gob.ve\/index.php?rest_route=\/wp\/v2\/media\/26338"}],"wp:attachment":[{"href":"https:\/\/cenal.gob.ve\/index.php?rest_route=%2Fwp%2Fv2%2Fmedia&parent=26337"}],"wp:term":[{"taxonomy":"category","embeddable":true,"href":"https:\/\/cenal.gob.ve\/index.php?rest_route=%2Fwp%2Fv2%2Fcategories&post=26337"},{"taxonomy":"post_tag","embeddable":true,"href":"https:\/\/cenal.gob.ve\/index.php?rest_route=%2Fwp%2Fv2%2Ftags&post=26337"}],"curies":[{"name":"wp","href":"https:\/\/api.w.org\/{rel}","templated":true}]}}