{"id":26465,"date":"2025-10-14T17:54:06","date_gmt":"2025-10-14T21:54:06","guid":{"rendered":"https:\/\/cenal.gob.ve\/?p=26465"},"modified":"2025-10-14T17:54:09","modified_gmt":"2025-10-14T21:54:09","slug":"aleannys-arguello-gano-la-vii-bienal-nacional-de-literatura-antonio-crespo-melendez","status":"publish","type":"post","link":"https:\/\/cenal.gob.ve\/?p=26465","title":{"rendered":"Aleannys Arg\u00fcello gan\u00f3 la VII Bienal Nacional de Literatura Antonio Crespo Mel\u00e9ndez"},"content":{"rendered":"\n<p>La joven escritora Aleannys  Arg\u00fcello gan\u00f3 la VII Bienal Nacional de Literatura Antonio Crespo Mel\u00e9ndez, menci\u00f3n Cr\u00f3nica, con su obra &#8220;El ritual&#8221;.<\/p>\n\n\n\n<p>Luis Alberto Crespo, Audio Cepeda y Lil Rodr\u00edguez, quienes integraron el jurado, decidieron por unanimidad declarar ganadora la obra postulada con el seud\u00f3nimo \u201cAlma de Lumbre\u201d y que result\u00f3 pertenecer a Aleannys Mar\u00eda Arg\u00fcello L\u00f3pez, seg\u00fan se constat\u00f3 una vez abierta la plica.<\/p>\n\n\n\n<p>De acuerdo con el veredicto, &#8220;El Ritual&#8221; es una cr\u00f3nica en su exacta dimensi\u00f3n que &#8220;se introduce magistralmente en un tema que toca tangencialmente lo cat\u00f3lico, el imaginario colectivo popular venezolano, y lo africano, algo que pareciera dar pena a m\u00e1s de uno en nuestro pa\u00eds en el que reconocemos a \u00c1frica como Madre, pero solo de palabras\u201d.<\/p>\n\n\n\n<p>Adem\u00e1s, el jurado destaca que \u201cel tratamiento en este texto involucra no solo la parte literaria, perfecta en su narrativa, sino a una parte social usualmente soslayada, tratada como &#8216;algo ah\u00ed&#8217; sin tomar en consideraciones no solo a la parte africana que compete, y c\u00f3mo, a nuestro pa\u00eds, sino a la diversidad cultural consagrada en nuestra Constituci\u00f3n y que no admite m\u00e1s invisibilizaciones&#8221;.<\/p>\n\n\n\n<p>El veredicto indica: &#8220;El Negro Felipe al que se alude en la cr\u00f3nica, hace parte del imaginario espiritual popular venezolano y est\u00e1 estrechamente vinculado a lo que signific\u00f3 el esclavismo y la lucha de los esclavizados por liberarse. El Negro Miguel y Jos\u00e9 Leonardo Chirino hacen parte de un imaginario que no pareciera tan imaginario, sino una realidad no reflejada con exactitud por la historiograf\u00eda oficial\u201d.<\/p>\n\n\n\n<p>Crespo, Cepeda y Rodr\u00edguez concluyen que la autora de la cr\u00f3nica ganadora \u201cratifica la m\u00e1xima de Garc\u00eda M\u00e1rquez: una cr\u00f3nica es un cuento que es verdad y seg\u00fan el relato, \u00e9sto le aconteci\u00f3. Es un excelente reflejo de una diversidad cultural en Venezuela construida con dolor, mucho dolor e intensidad\u201d.<\/p>\n\n\n\n<p>La ganadora recibir\u00e1 un premio en met\u00e1lico otorgado por el Centro Nacional del Libro (Cenal) y la publicaci\u00f3n del libro por parte de Monte \u00c1vila Editores.La bienal fue convocada por el Ministerio del Poder Popular para la Cultura a trav\u00e9s del Cenal y cerr\u00f3 el pasado 15 de agosto tras la recepci\u00f3n de 31 manuscritos.<\/p>\n\n\n\n<p><strong>Sobre la ganadora<\/strong><\/p>\n\n\n\n<p>Aleannys Arguello, del estado Zulia, es una joven escritora de 26 a\u00f1os quien busca con su voz narrativa no dejar indiferente a quien la lea. Es autora de diversos textos a\u00fan sin publicar y el premio de la VII Bienal Nacional de Literatura Antonio Crespo Mel\u00e9ndez se convierte en el primer reconocimiento a su talento narrativo.<\/p>\n\n\n\n<p>Graduada como trabajadora social encuentra en su profesi\u00f3n una fuente constante de inspiraci\u00f3n. Est\u00e1 convencida de que cada palabra en sus textos puede ser un aporte para los lectores.<\/p>\n\n\n\n<p>Sobre su estilo, lo describe como una combinaci\u00f3n de terror psicol\u00f3gico, romance juvenil y caos utilizando experiencias reales con un toque personal.<\/p>\n\n\n\n<p> Explica que su objetivo como autora es &#8220;crear un refugio para quienes se adentran en sus p\u00e1ginas, un lugar donde puedan verse reflejados y, al mismo tiempo, enfrentarse a los secretos que habitan en cada historia&#8221;.<\/p>\n\n\n\n<figure class=\"wp-block-image size-full\"><img width=\"810\" height=\"794\" src=\"https:\/\/cenal.gob.ve\/wp-content\/uploads\/2025\/10\/1000310552.jpg\" alt=\"\" class=\"wp-image-26467\" srcset=\"https:\/\/cenal.gob.ve\/wp-content\/uploads\/2025\/10\/1000310552.jpg 810w, https:\/\/cenal.gob.ve\/wp-content\/uploads\/2025\/10\/1000310552-300x294.jpg 300w, https:\/\/cenal.gob.ve\/wp-content\/uploads\/2025\/10\/1000310552-768x753.jpg 768w, https:\/\/cenal.gob.ve\/wp-content\/uploads\/2025\/10\/1000310552-640x627.jpg 640w\" sizes=\"(max-width: 810px) 100vw, 810px\" \/><\/figure>\n","protected":false},"excerpt":{"rendered":"<p>La joven escritora Aleannys Arg\u00fcello gan\u00f3 la VII Bienal Nacional de Literatura Antonio Crespo Mel\u00e9ndez, menci\u00f3n Cr\u00f3nica, con su obra &#8220;El ritual&#8221;. Luis Alberto Crespo, Audio Cepeda y Lil Rodr\u00edguez, [&hellip;]<\/p>\n","protected":false},"author":10,"featured_media":26466,"comment_status":"open","ping_status":"closed","sticky":false,"template":"","format":"standard","meta":{"spay_email":"","jetpack_publicize_message":"","jetpack_is_tweetstorm":false,"jetpack_publicize_feature_enabled":true},"categories":[19,2],"tags":[],"yoast_head":"<!-- This site is optimized with the Yoast SEO plugin v19.8 - https:\/\/yoast.com\/wordpress\/plugins\/seo\/ -->\n<title>Aleannys Arg\u00fcello gan\u00f3 la VII Bienal Nacional de Literatura Antonio Crespo Mel\u00e9ndez<\/title>\n<meta name=\"robots\" content=\"index, follow, max-snippet:-1, max-image-preview:large, max-video-preview:-1\" \/>\n<link rel=\"canonical\" href=\"https:\/\/cenal.gob.ve\/?p=26465\" \/>\n<meta property=\"og:locale\" content=\"es_ES\" \/>\n<meta property=\"og:type\" content=\"article\" \/>\n<meta property=\"og:title\" content=\"Aleannys Arg\u00fcello gan\u00f3 la VII Bienal Nacional de Literatura Antonio Crespo Mel\u00e9ndez\" \/>\n<meta property=\"og:description\" content=\"La joven escritora Aleannys Arg\u00fcello gan\u00f3 la VII Bienal Nacional de Literatura Antonio Crespo Mel\u00e9ndez, menci\u00f3n Cr\u00f3nica, con su obra &#8220;El ritual&#8221;. Luis Alberto Crespo, Audio Cepeda y Lil Rodr\u00edguez, [&hellip;]\" \/>\n<meta property=\"og:url\" content=\"https:\/\/cenal.gob.ve\/?p=26465\" \/>\n<meta property=\"og:site_name\" content=\"Cenal\" \/>\n<meta property=\"article:published_time\" content=\"2025-10-14T21:54:06+00:00\" \/>\n<meta property=\"article:modified_time\" content=\"2025-10-14T21:54:09+00:00\" \/>\n<meta property=\"og:image\" content=\"http:\/\/cenal.gob.ve\/wp-content\/uploads\/2025\/10\/IMG-20251014-WA0031.jpg\" \/>\n\t<meta property=\"og:image:width\" content=\"1146\" \/>\n\t<meta property=\"og:image:height\" content=\"1161\" \/>\n\t<meta property=\"og:image:type\" content=\"image\/jpeg\" \/>\n<meta name=\"author\" content=\"Prensa Cenal\" \/>\n<meta name=\"twitter:card\" content=\"summary_large_image\" \/>\n<meta name=\"twitter:label1\" content=\"Written by\" \/>\n\t<meta name=\"twitter:data1\" content=\"Prensa Cenal\" \/>\n\t<meta name=\"twitter:label2\" content=\"Est. reading time\" \/>\n\t<meta name=\"twitter:data2\" content=\"3 minutos\" \/>\n<script type=\"application\/ld+json\" class=\"yoast-schema-graph\">{\"@context\":\"https:\/\/schema.org\",\"@graph\":[{\"@type\":\"Article\",\"@id\":\"https:\/\/cenal.gob.ve\/?p=26465#article\",\"isPartOf\":{\"@id\":\"https:\/\/cenal.gob.ve\/?p=26465\"},\"author\":{\"name\":\"Prensa Cenal\",\"@id\":\"https:\/\/cenal.gob.ve\/#\/schema\/person\/e3ed34623f400ffab8bc7a63b2f5533f\"},\"headline\":\"Aleannys Arg\u00fcello gan\u00f3 la VII Bienal Nacional de Literatura Antonio Crespo Mel\u00e9ndez\",\"datePublished\":\"2025-10-14T21:54:06+00:00\",\"dateModified\":\"2025-10-14T21:54:09+00:00\",\"mainEntityOfPage\":{\"@id\":\"https:\/\/cenal.gob.ve\/?p=26465\"},\"wordCount\":557,\"commentCount\":1,\"publisher\":{\"@id\":\"https:\/\/cenal.gob.ve\/#organization\"},\"articleSection\":[\"Bienales\",\"Cenal\"],\"inLanguage\":\"es\",\"potentialAction\":[{\"@type\":\"CommentAction\",\"name\":\"Comment\",\"target\":[\"https:\/\/cenal.gob.ve\/?p=26465#respond\"]}]},{\"@type\":\"WebPage\",\"@id\":\"https:\/\/cenal.gob.ve\/?p=26465\",\"url\":\"https:\/\/cenal.gob.ve\/?p=26465\",\"name\":\"Aleannys Arg\u00fcello gan\u00f3 la VII Bienal Nacional de Literatura Antonio Crespo Mel\u00e9ndez\",\"isPartOf\":{\"@id\":\"https:\/\/cenal.gob.ve\/#website\"},\"datePublished\":\"2025-10-14T21:54:06+00:00\",\"dateModified\":\"2025-10-14T21:54:09+00:00\",\"breadcrumb\":{\"@id\":\"https:\/\/cenal.gob.ve\/?p=26465#breadcrumb\"},\"inLanguage\":\"es\",\"potentialAction\":[{\"@type\":\"ReadAction\",\"target\":[\"https:\/\/cenal.gob.ve\/?p=26465\"]}]},{\"@type\":\"BreadcrumbList\",\"@id\":\"https:\/\/cenal.gob.ve\/?p=26465#breadcrumb\",\"itemListElement\":[{\"@type\":\"ListItem\",\"position\":1,\"name\":\"Home\",\"item\":\"https:\/\/cenal.gob.ve\/\"},{\"@type\":\"ListItem\",\"position\":2,\"name\":\"Aleannys Arg\u00fcello gan\u00f3 la VII Bienal Nacional de Literatura Antonio Crespo Mel\u00e9ndez\"}]},{\"@type\":\"WebSite\",\"@id\":\"https:\/\/cenal.gob.ve\/#website\",\"url\":\"https:\/\/cenal.gob.ve\/\",\"name\":\"Cenal\",\"description\":\"\",\"publisher\":{\"@id\":\"https:\/\/cenal.gob.ve\/#organization\"},\"potentialAction\":[{\"@type\":\"SearchAction\",\"target\":{\"@type\":\"EntryPoint\",\"urlTemplate\":\"https:\/\/cenal.gob.ve\/?s={search_term_string}\"},\"query-input\":\"required name=search_term_string\"}],\"inLanguage\":\"es\"},{\"@type\":\"Organization\",\"@id\":\"https:\/\/cenal.gob.ve\/#organization\",\"name\":\"CENAL\",\"url\":\"https:\/\/cenal.gob.ve\/\",\"sameAs\":[],\"logo\":{\"@type\":\"ImageObject\",\"inLanguage\":\"es\",\"@id\":\"https:\/\/cenal.gob.ve\/#\/schema\/logo\/image\/\",\"url\":\"https:\/\/i0.wp.com\/cenal.gob.ve\/wp-content\/uploads\/2022\/10\/cropped-images.jpg?fit=512%2C512\",\"contentUrl\":\"https:\/\/i0.wp.com\/cenal.gob.ve\/wp-content\/uploads\/2022\/10\/cropped-images.jpg?fit=512%2C512\",\"width\":512,\"height\":512,\"caption\":\"CENAL\"},\"image\":{\"@id\":\"https:\/\/cenal.gob.ve\/#\/schema\/logo\/image\/\"}},{\"@type\":\"Person\",\"@id\":\"https:\/\/cenal.gob.ve\/#\/schema\/person\/e3ed34623f400ffab8bc7a63b2f5533f\",\"name\":\"Prensa Cenal\",\"image\":{\"@type\":\"ImageObject\",\"inLanguage\":\"es\",\"@id\":\"https:\/\/cenal.gob.ve\/#\/schema\/person\/image\/\",\"url\":\"https:\/\/secure.gravatar.com\/avatar\/594b4ed34090910c619ac3679001d491?s=96&d=mm&r=g\",\"contentUrl\":\"https:\/\/secure.gravatar.com\/avatar\/594b4ed34090910c619ac3679001d491?s=96&d=mm&r=g\",\"caption\":\"Prensa Cenal\"},\"url\":\"https:\/\/cenal.gob.ve\/?author=10\"}]}<\/script>\n<!-- \/ Yoast SEO plugin. -->","yoast_head_json":{"title":"Aleannys Arg\u00fcello gan\u00f3 la VII Bienal Nacional de Literatura Antonio Crespo Mel\u00e9ndez","robots":{"index":"index","follow":"follow","max-snippet":"max-snippet:-1","max-image-preview":"max-image-preview:large","max-video-preview":"max-video-preview:-1"},"canonical":"https:\/\/cenal.gob.ve\/?p=26465","og_locale":"es_ES","og_type":"article","og_title":"Aleannys Arg\u00fcello gan\u00f3 la VII Bienal Nacional de Literatura Antonio Crespo Mel\u00e9ndez","og_description":"La joven escritora Aleannys Arg\u00fcello gan\u00f3 la VII Bienal Nacional de Literatura Antonio Crespo Mel\u00e9ndez, menci\u00f3n Cr\u00f3nica, con su obra &#8220;El ritual&#8221;. Luis Alberto Crespo, Audio Cepeda y Lil Rodr\u00edguez, [&hellip;]","og_url":"https:\/\/cenal.gob.ve\/?p=26465","og_site_name":"Cenal","article_published_time":"2025-10-14T21:54:06+00:00","article_modified_time":"2025-10-14T21:54:09+00:00","og_image":[{"width":1146,"height":1161,"url":"http:\/\/cenal.gob.ve\/wp-content\/uploads\/2025\/10\/IMG-20251014-WA0031.jpg","type":"image\/jpeg"}],"author":"Prensa Cenal","twitter_card":"summary_large_image","twitter_misc":{"Written by":"Prensa Cenal","Est. reading time":"3 minutos"},"schema":{"@context":"https:\/\/schema.org","@graph":[{"@type":"Article","@id":"https:\/\/cenal.gob.ve\/?p=26465#article","isPartOf":{"@id":"https:\/\/cenal.gob.ve\/?p=26465"},"author":{"name":"Prensa Cenal","@id":"https:\/\/cenal.gob.ve\/#\/schema\/person\/e3ed34623f400ffab8bc7a63b2f5533f"},"headline":"Aleannys Arg\u00fcello gan\u00f3 la VII Bienal Nacional de Literatura Antonio Crespo Mel\u00e9ndez","datePublished":"2025-10-14T21:54:06+00:00","dateModified":"2025-10-14T21:54:09+00:00","mainEntityOfPage":{"@id":"https:\/\/cenal.gob.ve\/?p=26465"},"wordCount":557,"commentCount":1,"publisher":{"@id":"https:\/\/cenal.gob.ve\/#organization"},"articleSection":["Bienales","Cenal"],"inLanguage":"es","potentialAction":[{"@type":"CommentAction","name":"Comment","target":["https:\/\/cenal.gob.ve\/?p=26465#respond"]}]},{"@type":"WebPage","@id":"https:\/\/cenal.gob.ve\/?p=26465","url":"https:\/\/cenal.gob.ve\/?p=26465","name":"Aleannys Arg\u00fcello gan\u00f3 la VII Bienal Nacional de Literatura Antonio Crespo Mel\u00e9ndez","isPartOf":{"@id":"https:\/\/cenal.gob.ve\/#website"},"datePublished":"2025-10-14T21:54:06+00:00","dateModified":"2025-10-14T21:54:09+00:00","breadcrumb":{"@id":"https:\/\/cenal.gob.ve\/?p=26465#breadcrumb"},"inLanguage":"es","potentialAction":[{"@type":"ReadAction","target":["https:\/\/cenal.gob.ve\/?p=26465"]}]},{"@type":"BreadcrumbList","@id":"https:\/\/cenal.gob.ve\/?p=26465#breadcrumb","itemListElement":[{"@type":"ListItem","position":1,"name":"Home","item":"https:\/\/cenal.gob.ve\/"},{"@type":"ListItem","position":2,"name":"Aleannys Arg\u00fcello gan\u00f3 la VII Bienal Nacional de Literatura Antonio Crespo Mel\u00e9ndez"}]},{"@type":"WebSite","@id":"https:\/\/cenal.gob.ve\/#website","url":"https:\/\/cenal.gob.ve\/","name":"Cenal","description":"","publisher":{"@id":"https:\/\/cenal.gob.ve\/#organization"},"potentialAction":[{"@type":"SearchAction","target":{"@type":"EntryPoint","urlTemplate":"https:\/\/cenal.gob.ve\/?s={search_term_string}"},"query-input":"required name=search_term_string"}],"inLanguage":"es"},{"@type":"Organization","@id":"https:\/\/cenal.gob.ve\/#organization","name":"CENAL","url":"https:\/\/cenal.gob.ve\/","sameAs":[],"logo":{"@type":"ImageObject","inLanguage":"es","@id":"https:\/\/cenal.gob.ve\/#\/schema\/logo\/image\/","url":"https:\/\/i0.wp.com\/cenal.gob.ve\/wp-content\/uploads\/2022\/10\/cropped-images.jpg?fit=512%2C512","contentUrl":"https:\/\/i0.wp.com\/cenal.gob.ve\/wp-content\/uploads\/2022\/10\/cropped-images.jpg?fit=512%2C512","width":512,"height":512,"caption":"CENAL"},"image":{"@id":"https:\/\/cenal.gob.ve\/#\/schema\/logo\/image\/"}},{"@type":"Person","@id":"https:\/\/cenal.gob.ve\/#\/schema\/person\/e3ed34623f400ffab8bc7a63b2f5533f","name":"Prensa Cenal","image":{"@type":"ImageObject","inLanguage":"es","@id":"https:\/\/cenal.gob.ve\/#\/schema\/person\/image\/","url":"https:\/\/secure.gravatar.com\/avatar\/594b4ed34090910c619ac3679001d491?s=96&d=mm&r=g","contentUrl":"https:\/\/secure.gravatar.com\/avatar\/594b4ed34090910c619ac3679001d491?s=96&d=mm&r=g","caption":"Prensa Cenal"},"url":"https:\/\/cenal.gob.ve\/?author=10"}]}},"jetpack_featured_media_url":"https:\/\/cenal.gob.ve\/wp-content\/uploads\/2025\/10\/IMG-20251014-WA0031.jpg","jetpack_publicize_connections":[],"jetpack_shortlink":"https:\/\/wp.me\/p5FMhp-6SR","_links":{"self":[{"href":"https:\/\/cenal.gob.ve\/index.php?rest_route=\/wp\/v2\/posts\/26465"}],"collection":[{"href":"https:\/\/cenal.gob.ve\/index.php?rest_route=\/wp\/v2\/posts"}],"about":[{"href":"https:\/\/cenal.gob.ve\/index.php?rest_route=\/wp\/v2\/types\/post"}],"author":[{"embeddable":true,"href":"https:\/\/cenal.gob.ve\/index.php?rest_route=\/wp\/v2\/users\/10"}],"replies":[{"embeddable":true,"href":"https:\/\/cenal.gob.ve\/index.php?rest_route=%2Fwp%2Fv2%2Fcomments&post=26465"}],"version-history":[{"count":1,"href":"https:\/\/cenal.gob.ve\/index.php?rest_route=\/wp\/v2\/posts\/26465\/revisions"}],"predecessor-version":[{"id":26468,"href":"https:\/\/cenal.gob.ve\/index.php?rest_route=\/wp\/v2\/posts\/26465\/revisions\/26468"}],"wp:featuredmedia":[{"embeddable":true,"href":"https:\/\/cenal.gob.ve\/index.php?rest_route=\/wp\/v2\/media\/26466"}],"wp:attachment":[{"href":"https:\/\/cenal.gob.ve\/index.php?rest_route=%2Fwp%2Fv2%2Fmedia&parent=26465"}],"wp:term":[{"taxonomy":"category","embeddable":true,"href":"https:\/\/cenal.gob.ve\/index.php?rest_route=%2Fwp%2Fv2%2Fcategories&post=26465"},{"taxonomy":"post_tag","embeddable":true,"href":"https:\/\/cenal.gob.ve\/index.php?rest_route=%2Fwp%2Fv2%2Ftags&post=26465"}],"curies":[{"name":"wp","href":"https:\/\/api.w.org\/{rel}","templated":true}]}}