{"id":26486,"date":"2025-10-19T07:00:12","date_gmt":"2025-10-19T11:00:12","guid":{"rendered":"https:\/\/cenal.gob.ve\/?p=26486"},"modified":"2025-10-19T12:58:37","modified_gmt":"2025-10-19T16:58:37","slug":"poliamor-y-otras-trampas-de-la-vida","status":"publish","type":"post","link":"https:\/\/cenal.gob.ve\/?p=26486","title":{"rendered":"Poliamor y otras trampas de la vida\u00a0"},"content":{"rendered":"\n<p class=\"has-drop-cap\">No&nbsp;es&nbsp;f\u00e1cil escribir eso que llaman autoficci\u00f3n. Al&nbsp;convertirse a s\u00ed mismo en personaje de sus&nbsp;relatos, el autor&nbsp;ha de&nbsp;ser capaz decontar unas experiencias que se&nbsp;asemejen poco&nbsp;al&nbsp;existir&nbsp;cotidianodel resto de la humanidad;&nbsp;de no ser as\u00ed, entonces deber\u00eda podercrear, &nbsp;a punta de lenguaje, una atm\u00f3sfera tan seductora&nbsp;que, al contarnos su rutina, parezca&nbsp;como si nos estuviese contando la m\u00e1s extraordinaria&nbsp;de las&nbsp;aventuras.<\/p>\n\n\n\n<p>En la obra de&nbsp;Gabriela Wiener no&nbsp;todo&nbsp;es puro recurso narrativo.&nbsp;Lo que&nbsp;cuenta&nbsp;de su vida&nbsp;se compone&nbsp;de&nbsp;tantos elementos &nbsp;alejados&nbsp;de la aburrida cotidianidad del resto de los mortales, que terminan por convertirla en una verdadera \u00e9pica&nbsp;del vivir.&nbsp;La&nbsp;escritora&nbsp;peruana&nbsp;domina, adem\u00e1s,&nbsp;un lenguaje incisivo que, sin&nbsp;dejar&nbsp;de hablar de ella misma,&nbsp;desaf\u00eda&nbsp;continuamente al lector&nbsp;porel desparpajo con el que narra eventos&nbsp;que rara vez asociamos con lo&nbsp;normal.<\/p>\n\n\n\n<p>Desde \u00a0que empez\u00f3 a usarse el t\u00e9rmino autoficci\u00f3n, qued\u00f3 establecido que se trata de un texto a mitad de camino entre la ficci\u00f3n y la autobiograf\u00eda.\u00a0La trampa consiste en que no sepamos nunca d\u00f3nde termina\u00a0lo autobiogr\u00e1fico\u00a0y d\u00f3nde comienza\u00a0lo ficticio. Y si es cierto que las\u00a0actuales\u00a0tecnolog\u00edas de la informaci\u00f3n\u00a0\u00a0permiten\u00a0constatar en segundos si lo que se narra en el texto tiene poca o mucha relaci\u00f3n con la vida del autor,\u00a0no es menos cierto que\u00a0solo\u00a0estaremos\u00a0seguros \u00a0de la coincidencia del hecho en bruto,\u00a0jam\u00e1s\u00a0de los detalles\u00a0que\u00a0integran\u00a0sureconstrucci\u00f3n narrativa.<\/p>\n\n\n\n<figure class=\"wp-block-image size-large\"><img width=\"599\" height=\"1024\" src=\"http:\/\/cenal.gob.ve\/wp-content\/uploads\/2025\/10\/IMG_4819-599x1024.jpeg\" alt=\"\" class=\"wp-image-26492\" srcset=\"https:\/\/cenal.gob.ve\/wp-content\/uploads\/2025\/10\/IMG_4819-599x1024.jpeg 599w, https:\/\/cenal.gob.ve\/wp-content\/uploads\/2025\/10\/IMG_4819-176x300.jpeg 176w, https:\/\/cenal.gob.ve\/wp-content\/uploads\/2025\/10\/IMG_4819.jpeg 632w\" sizes=\"(max-width: 599px) 100vw, 599px\" \/><\/figure>\n\n\n\n<p>As\u00ed, pues,&nbsp;Gabriela Wiener ha hecho de la escritura un inacabado proceso de reconstrucci\u00f3n de s\u00ed misma. En&nbsp;<em>Huaco retrato,<\/em>&nbsp;sin perder continuidad con su obra anterior, despliega tres puntos de inter\u00e9s&nbsp;que&nbsp;afianzan&nbsp;la novela: clarificar su relaci\u00f3n con un ancestro que le ha legado el apellido; discutir su concepci\u00f3n del amor, el sexo y la familia; y&nbsp;exponer&nbsp;el racismo en su Per\u00fa natal yel al parecer inmortal racismo de la sociedad espa\u00f1ola&nbsp;hacia&nbsp;los latinoamericanos.&nbsp;Aqu\u00ed racismo no es un&nbsp;vestigio&nbsp;del pasado, sino una fuerza viva que encarna&nbsp;en la figura de&nbsp;Charles Wiener.<\/p>\n\n\n\n<p>Como narradora y protagonista,&nbsp;Gabriela Wiener&nbsp;emprende un viaje introspectivo que la lleva a confrontar su herencia mestiza, entre ra\u00edces ind\u00edgenas peruanas y europeas. Esta exploraci\u00f3n no es lineal; es un proceso tumultuoso que refleja la fragmentaci\u00f3n de la identidad en un mundo postcolonial.<\/p>\n\n\n\n<p>Aqu\u00ed entra en juego Charles Wiener,&nbsp;el tatarabuelo&nbsp;austr\u00edaco&nbsp;de quien lleva el apellido&nbsp;y con quien a lo largo del relato establece una relaci\u00f3n conflictiva que se mueve entre la denuncia y la identificaci\u00f3n.&nbsp;Un arque\u00f3logo&nbsp;responsable, en buena parte, del t\u00edtulo de la novela.&nbsp;En ese estilo que se balancea entre la ficci\u00f3n, la autobiograf\u00eda y no pocas veces el ensayo, Gabriela Wiener explica que \u201cUn huaco retrato es la foto carnet prehisp\u00e1nica. La imagen de un rostro ind\u00edgena tan realista que asomarnos a verlo es para muchos como mirarnos en el espejo roto de los siglos.\u201d Esos huacos son tambi\u00e9n la causa de que a Charles Wiener se le evoque&nbsp;como un s\u00edmbolo del colonialismo: un hombre blanco que &#8220;descubri\u00f3&#8221; y&nbsp;se&nbsp;apropi\u00f3&nbsp;de piezas de&nbsp;cer\u00e1micas precolombinas para llevarlos a Europa.&nbsp;<\/p>\n\n\n\n<p>Al citar profusamente la obra de Charles Wiener, la novelista descubre,&nbsp;de un lado,&nbsp;que su alarde cient\u00edfico &nbsp;est\u00e1 te\u00f1ido de racismo,&nbsp;pero&nbsp;paralelamente se acerca al ser humano desde una perspectiva \u00edntima&nbsp;al&nbsp;desentra\u00f1ar la manera como aqu\u00e9l se involucraba personalmente en sus escritos&nbsp;supuestamente dotados de objetividad&nbsp;cient\u00edfica.&nbsp;\u201cSi hubiera vivido en el siglo XXI lo habr\u00edan acusado de lo peor de lo que puede acusarse hoy a un escritor: de hacer autoficci\u00f3n.&nbsp;(\u2026)&nbsp;No puedo evitar sentirme identificada con su forma atroz de intervenir en la realidad cuando la realidad falla y de hacer de su experiencia la medida de todo.\u201d&nbsp;<\/p>\n\n\n\n<p>De este modo la novelista &nbsp;desvela&nbsp;su concepci\u00f3n de la literatura e inicia un proceso de fusi\u00f3n de personajes y eventos que hasta ese momento parec\u00edan ser compartimientos estancos en el universo del relato.<\/p>\n\n\n\n<p>Esa fusi\u00f3n se consolida&nbsp;en la descripci\u00f3n de la vida \u00edntima de la voz que narra y especialmente en la discusi\u00f3n acerca del&nbsp;poliamor, otro pilar tem\u00e1tico&nbsp;que&nbsp;se presenta en&nbsp;<em>Huaco Retrato,&nbsp;<\/em>al parecer,como una forma de liberaci\u00f3n que contrasta con las opresiones del racismo y el colonialismo.&nbsp;Solo que esa supuesta liberaci\u00f3n no escapa del furor de la voz narradora,&nbsp;esencialmente insatisfecha como el acto mismo de vivir.<\/p>\n","protected":false},"excerpt":{"rendered":"<p>No\u00a0es\u00a0f\u00e1cil escribir eso que llaman autoficci\u00f3n. Al\u00a0convertirse a s\u00ed mismo en personaje de sus\u00a0relatos, el autor\u00a0ha de\u00a0ser capaz decontar unas experiencias que se\u00a0asemejen poco\u00a0al\u00a0existir\u00a0cotidianodel resto de la humanidad<\/p>\n","protected":false},"author":28,"featured_media":26487,"comment_status":"open","ping_status":"open","sticky":false,"template":"","format":"standard","meta":{"spay_email":"","jetpack_publicize_message":"","jetpack_is_tweetstorm":false,"jetpack_publicize_feature_enabled":true},"categories":[215,53],"tags":[211,216],"yoast_head":"<!-- This site is optimized with the Yoast SEO plugin v19.8 - https:\/\/yoast.com\/wordpress\/plugins\/seo\/ -->\n<title>Poliamor y otras trampas de la vida\u00a0<\/title>\n<meta name=\"description\" content=\"autor\u00a0ha de\u00a0ser capaz decontar unas experiencias que se\u00a0asemejen poco\u00a0al\u00a0existir\u00a0cotidianodel resto de la humanidad\" \/>\n<meta name=\"robots\" content=\"index, follow, max-snippet:-1, max-image-preview:large, max-video-preview:-1\" \/>\n<link rel=\"canonical\" href=\"https:\/\/cenal.gob.ve\/?p=26486\" \/>\n<meta property=\"og:locale\" content=\"es_ES\" \/>\n<meta property=\"og:type\" content=\"article\" \/>\n<meta property=\"og:title\" content=\"Poliamor y otras trampas de la vida, por C\u00f3simo Mandrillo\" \/>\n<meta property=\"og:description\" content=\"autor\u00a0ha de\u00a0ser capaz decontar unas experiencias que se\u00a0asemejen poco\u00a0al\u00a0existir\u00a0cotidianodel resto de la humanidad\" \/>\n<meta property=\"og:url\" content=\"https:\/\/cenal.gob.ve\/?p=26486\" \/>\n<meta property=\"og:site_name\" content=\"Cenal\" \/>\n<meta property=\"article:published_time\" content=\"2025-10-19T11:00:12+00:00\" \/>\n<meta property=\"article:modified_time\" content=\"2025-10-19T16:58:37+00:00\" \/>\n<meta property=\"og:image\" content=\"http:\/\/cenal.gob.ve\/wp-content\/uploads\/2025\/10\/IMG_4813.jpeg\" \/>\n\t<meta property=\"og:image:width\" content=\"1280\" \/>\n\t<meta property=\"og:image:height\" content=\"849\" \/>\n\t<meta property=\"og:image:type\" content=\"image\/jpeg\" \/>\n<meta name=\"author\" content=\"C\u00f3simo Mandrillo\" \/>\n<meta name=\"twitter:card\" content=\"summary_large_image\" \/>\n<meta name=\"twitter:title\" content=\"Poliamor y otras trampas de la vida, por C\u00f3simo Mandrillo\" \/>\n<meta name=\"twitter:description\" content=\"autor\u00a0ha de\u00a0ser capaz decontar unas experiencias que se\u00a0asemejen poco\u00a0al\u00a0existir\u00a0cotidianodel resto de la humanidad\" \/>\n<meta name=\"twitter:image\" content=\"https:\/\/cenal.gob.ve\/wp-content\/uploads\/2025\/10\/IMG_4813.jpeg\" \/>\n<meta name=\"twitter:label1\" content=\"Written by\" \/>\n\t<meta name=\"twitter:data1\" content=\"C\u00f3simo Mandrillo\" \/>\n\t<meta name=\"twitter:label2\" content=\"Est. reading time\" \/>\n\t<meta name=\"twitter:data2\" content=\"4 minutos\" \/>\n<script type=\"application\/ld+json\" class=\"yoast-schema-graph\">{\"@context\":\"https:\/\/schema.org\",\"@graph\":[{\"@type\":\"Article\",\"@id\":\"https:\/\/cenal.gob.ve\/?p=26486#article\",\"isPartOf\":{\"@id\":\"https:\/\/cenal.gob.ve\/?p=26486\"},\"author\":{\"name\":\"C\u00f3simo Mandrillo\",\"@id\":\"https:\/\/cenal.gob.ve\/#\/schema\/person\/03f2ed4aa0ac06c17c6f979c5d7db558\"},\"headline\":\"Poliamor y otras trampas de la vida\u00a0\",\"datePublished\":\"2025-10-19T11:00:12+00:00\",\"dateModified\":\"2025-10-19T16:58:37+00:00\",\"mainEntityOfPage\":{\"@id\":\"https:\/\/cenal.gob.ve\/?p=26486\"},\"wordCount\":887,\"commentCount\":0,\"publisher\":{\"@id\":\"https:\/\/cenal.gob.ve\/#organization\"},\"keywords\":[\"Literatura\",\"Novelas\"],\"articleSection\":[\"Lectura m\u00ednima\",\"Lecturas\"],\"inLanguage\":\"es\",\"potentialAction\":[{\"@type\":\"CommentAction\",\"name\":\"Comment\",\"target\":[\"https:\/\/cenal.gob.ve\/?p=26486#respond\"]}]},{\"@type\":\"WebPage\",\"@id\":\"https:\/\/cenal.gob.ve\/?p=26486\",\"url\":\"https:\/\/cenal.gob.ve\/?p=26486\",\"name\":\"Poliamor y otras trampas de la vida\u00a0\",\"isPartOf\":{\"@id\":\"https:\/\/cenal.gob.ve\/#website\"},\"datePublished\":\"2025-10-19T11:00:12+00:00\",\"dateModified\":\"2025-10-19T16:58:37+00:00\",\"description\":\"autor\u00a0ha de\u00a0ser capaz decontar unas experiencias que se\u00a0asemejen poco\u00a0al\u00a0existir\u00a0cotidianodel resto de la humanidad\",\"breadcrumb\":{\"@id\":\"https:\/\/cenal.gob.ve\/?p=26486#breadcrumb\"},\"inLanguage\":\"es\",\"potentialAction\":[{\"@type\":\"ReadAction\",\"target\":[\"https:\/\/cenal.gob.ve\/?p=26486\"]}]},{\"@type\":\"BreadcrumbList\",\"@id\":\"https:\/\/cenal.gob.ve\/?p=26486#breadcrumb\",\"itemListElement\":[{\"@type\":\"ListItem\",\"position\":1,\"name\":\"Home\",\"item\":\"https:\/\/cenal.gob.ve\/\"},{\"@type\":\"ListItem\",\"position\":2,\"name\":\"Poliamor y otras trampas de la vida\u00a0\"}]},{\"@type\":\"WebSite\",\"@id\":\"https:\/\/cenal.gob.ve\/#website\",\"url\":\"https:\/\/cenal.gob.ve\/\",\"name\":\"Cenal\",\"description\":\"\",\"publisher\":{\"@id\":\"https:\/\/cenal.gob.ve\/#organization\"},\"potentialAction\":[{\"@type\":\"SearchAction\",\"target\":{\"@type\":\"EntryPoint\",\"urlTemplate\":\"https:\/\/cenal.gob.ve\/?s={search_term_string}\"},\"query-input\":\"required name=search_term_string\"}],\"inLanguage\":\"es\"},{\"@type\":\"Organization\",\"@id\":\"https:\/\/cenal.gob.ve\/#organization\",\"name\":\"CENAL\",\"url\":\"https:\/\/cenal.gob.ve\/\",\"sameAs\":[],\"logo\":{\"@type\":\"ImageObject\",\"inLanguage\":\"es\",\"@id\":\"https:\/\/cenal.gob.ve\/#\/schema\/logo\/image\/\",\"url\":\"https:\/\/i0.wp.com\/cenal.gob.ve\/wp-content\/uploads\/2022\/10\/cropped-images.jpg?fit=512%2C512\",\"contentUrl\":\"https:\/\/i0.wp.com\/cenal.gob.ve\/wp-content\/uploads\/2022\/10\/cropped-images.jpg?fit=512%2C512\",\"width\":512,\"height\":512,\"caption\":\"CENAL\"},\"image\":{\"@id\":\"https:\/\/cenal.gob.ve\/#\/schema\/logo\/image\/\"}},{\"@type\":\"Person\",\"@id\":\"https:\/\/cenal.gob.ve\/#\/schema\/person\/03f2ed4aa0ac06c17c6f979c5d7db558\",\"name\":\"C\u00f3simo Mandrillo\",\"image\":{\"@type\":\"ImageObject\",\"inLanguage\":\"es\",\"@id\":\"https:\/\/cenal.gob.ve\/#\/schema\/person\/image\/\",\"url\":\"https:\/\/secure.gravatar.com\/avatar\/4bf48f2ee4391517938cc9a456a58c4f?s=96&d=mm&r=g\",\"contentUrl\":\"https:\/\/secure.gravatar.com\/avatar\/4bf48f2ee4391517938cc9a456a58c4f?s=96&d=mm&r=g\",\"caption\":\"C\u00f3simo Mandrillo\"},\"description\":\"Escritor, doctor en Literatura Hispanoamericana por la Universidad de Iowa, mag\u00edster en Literatura Latinoamericana y profesor jubilado de la Universidad del Zulia. Fue galardonado con el Premio Regional de Literatura Jes\u00fas Enrique Losada (2000). Asimismo, se hizo acreedor del segundo lugar del concurso Los ni\u00f1os del Mercosur, de la editorial Comunicarte (Argentina, 2007).\",\"url\":\"https:\/\/cenal.gob.ve\/?author=28\"}]}<\/script>\n<!-- \/ Yoast SEO plugin. -->","yoast_head_json":{"title":"Poliamor y otras trampas de la vida\u00a0","description":"autor\u00a0ha de\u00a0ser capaz decontar unas experiencias que se\u00a0asemejen poco\u00a0al\u00a0existir\u00a0cotidianodel resto de la humanidad","robots":{"index":"index","follow":"follow","max-snippet":"max-snippet:-1","max-image-preview":"max-image-preview:large","max-video-preview":"max-video-preview:-1"},"canonical":"https:\/\/cenal.gob.ve\/?p=26486","og_locale":"es_ES","og_type":"article","og_title":"Poliamor y otras trampas de la vida, por C\u00f3simo Mandrillo","og_description":"autor\u00a0ha de\u00a0ser capaz decontar unas experiencias que se\u00a0asemejen poco\u00a0al\u00a0existir\u00a0cotidianodel resto de la humanidad","og_url":"https:\/\/cenal.gob.ve\/?p=26486","og_site_name":"Cenal","article_published_time":"2025-10-19T11:00:12+00:00","article_modified_time":"2025-10-19T16:58:37+00:00","og_image":[{"width":1280,"height":849,"url":"http:\/\/cenal.gob.ve\/wp-content\/uploads\/2025\/10\/IMG_4813.jpeg","type":"image\/jpeg"}],"author":"C\u00f3simo Mandrillo","twitter_card":"summary_large_image","twitter_title":"Poliamor y otras trampas de la vida, por C\u00f3simo Mandrillo","twitter_description":"autor\u00a0ha de\u00a0ser capaz decontar unas experiencias que se\u00a0asemejen poco\u00a0al\u00a0existir\u00a0cotidianodel resto de la humanidad","twitter_image":"https:\/\/cenal.gob.ve\/wp-content\/uploads\/2025\/10\/IMG_4813.jpeg","twitter_misc":{"Written by":"C\u00f3simo Mandrillo","Est. reading time":"4 minutos"},"schema":{"@context":"https:\/\/schema.org","@graph":[{"@type":"Article","@id":"https:\/\/cenal.gob.ve\/?p=26486#article","isPartOf":{"@id":"https:\/\/cenal.gob.ve\/?p=26486"},"author":{"name":"C\u00f3simo Mandrillo","@id":"https:\/\/cenal.gob.ve\/#\/schema\/person\/03f2ed4aa0ac06c17c6f979c5d7db558"},"headline":"Poliamor y otras trampas de la vida\u00a0","datePublished":"2025-10-19T11:00:12+00:00","dateModified":"2025-10-19T16:58:37+00:00","mainEntityOfPage":{"@id":"https:\/\/cenal.gob.ve\/?p=26486"},"wordCount":887,"commentCount":0,"publisher":{"@id":"https:\/\/cenal.gob.ve\/#organization"},"keywords":["Literatura","Novelas"],"articleSection":["Lectura m\u00ednima","Lecturas"],"inLanguage":"es","potentialAction":[{"@type":"CommentAction","name":"Comment","target":["https:\/\/cenal.gob.ve\/?p=26486#respond"]}]},{"@type":"WebPage","@id":"https:\/\/cenal.gob.ve\/?p=26486","url":"https:\/\/cenal.gob.ve\/?p=26486","name":"Poliamor y otras trampas de la vida\u00a0","isPartOf":{"@id":"https:\/\/cenal.gob.ve\/#website"},"datePublished":"2025-10-19T11:00:12+00:00","dateModified":"2025-10-19T16:58:37+00:00","description":"autor\u00a0ha de\u00a0ser capaz decontar unas experiencias que se\u00a0asemejen poco\u00a0al\u00a0existir\u00a0cotidianodel resto de la humanidad","breadcrumb":{"@id":"https:\/\/cenal.gob.ve\/?p=26486#breadcrumb"},"inLanguage":"es","potentialAction":[{"@type":"ReadAction","target":["https:\/\/cenal.gob.ve\/?p=26486"]}]},{"@type":"BreadcrumbList","@id":"https:\/\/cenal.gob.ve\/?p=26486#breadcrumb","itemListElement":[{"@type":"ListItem","position":1,"name":"Home","item":"https:\/\/cenal.gob.ve\/"},{"@type":"ListItem","position":2,"name":"Poliamor y otras trampas de la vida\u00a0"}]},{"@type":"WebSite","@id":"https:\/\/cenal.gob.ve\/#website","url":"https:\/\/cenal.gob.ve\/","name":"Cenal","description":"","publisher":{"@id":"https:\/\/cenal.gob.ve\/#organization"},"potentialAction":[{"@type":"SearchAction","target":{"@type":"EntryPoint","urlTemplate":"https:\/\/cenal.gob.ve\/?s={search_term_string}"},"query-input":"required name=search_term_string"}],"inLanguage":"es"},{"@type":"Organization","@id":"https:\/\/cenal.gob.ve\/#organization","name":"CENAL","url":"https:\/\/cenal.gob.ve\/","sameAs":[],"logo":{"@type":"ImageObject","inLanguage":"es","@id":"https:\/\/cenal.gob.ve\/#\/schema\/logo\/image\/","url":"https:\/\/i0.wp.com\/cenal.gob.ve\/wp-content\/uploads\/2022\/10\/cropped-images.jpg?fit=512%2C512","contentUrl":"https:\/\/i0.wp.com\/cenal.gob.ve\/wp-content\/uploads\/2022\/10\/cropped-images.jpg?fit=512%2C512","width":512,"height":512,"caption":"CENAL"},"image":{"@id":"https:\/\/cenal.gob.ve\/#\/schema\/logo\/image\/"}},{"@type":"Person","@id":"https:\/\/cenal.gob.ve\/#\/schema\/person\/03f2ed4aa0ac06c17c6f979c5d7db558","name":"C\u00f3simo Mandrillo","image":{"@type":"ImageObject","inLanguage":"es","@id":"https:\/\/cenal.gob.ve\/#\/schema\/person\/image\/","url":"https:\/\/secure.gravatar.com\/avatar\/4bf48f2ee4391517938cc9a456a58c4f?s=96&d=mm&r=g","contentUrl":"https:\/\/secure.gravatar.com\/avatar\/4bf48f2ee4391517938cc9a456a58c4f?s=96&d=mm&r=g","caption":"C\u00f3simo Mandrillo"},"description":"Escritor, doctor en Literatura Hispanoamericana por la Universidad de Iowa, mag\u00edster en Literatura Latinoamericana y profesor jubilado de la Universidad del Zulia. Fue galardonado con el Premio Regional de Literatura Jes\u00fas Enrique Losada (2000). Asimismo, se hizo acreedor del segundo lugar del concurso Los ni\u00f1os del Mercosur, de la editorial Comunicarte (Argentina, 2007).","url":"https:\/\/cenal.gob.ve\/?author=28"}]}},"jetpack_featured_media_url":"https:\/\/cenal.gob.ve\/wp-content\/uploads\/2025\/10\/IMG_4813.jpeg","jetpack_publicize_connections":[],"jetpack_shortlink":"https:\/\/wp.me\/p5FMhp-6Tc","_links":{"self":[{"href":"https:\/\/cenal.gob.ve\/index.php?rest_route=\/wp\/v2\/posts\/26486"}],"collection":[{"href":"https:\/\/cenal.gob.ve\/index.php?rest_route=\/wp\/v2\/posts"}],"about":[{"href":"https:\/\/cenal.gob.ve\/index.php?rest_route=\/wp\/v2\/types\/post"}],"author":[{"embeddable":true,"href":"https:\/\/cenal.gob.ve\/index.php?rest_route=\/wp\/v2\/users\/28"}],"replies":[{"embeddable":true,"href":"https:\/\/cenal.gob.ve\/index.php?rest_route=%2Fwp%2Fv2%2Fcomments&post=26486"}],"version-history":[{"count":3,"href":"https:\/\/cenal.gob.ve\/index.php?rest_route=\/wp\/v2\/posts\/26486\/revisions"}],"predecessor-version":[{"id":26495,"href":"https:\/\/cenal.gob.ve\/index.php?rest_route=\/wp\/v2\/posts\/26486\/revisions\/26495"}],"wp:featuredmedia":[{"embeddable":true,"href":"https:\/\/cenal.gob.ve\/index.php?rest_route=\/wp\/v2\/media\/26487"}],"wp:attachment":[{"href":"https:\/\/cenal.gob.ve\/index.php?rest_route=%2Fwp%2Fv2%2Fmedia&parent=26486"}],"wp:term":[{"taxonomy":"category","embeddable":true,"href":"https:\/\/cenal.gob.ve\/index.php?rest_route=%2Fwp%2Fv2%2Fcategories&post=26486"},{"taxonomy":"post_tag","embeddable":true,"href":"https:\/\/cenal.gob.ve\/index.php?rest_route=%2Fwp%2Fv2%2Ftags&post=26486"}],"curies":[{"name":"wp","href":"https:\/\/api.w.org\/{rel}","templated":true}]}}